{"id":7673,"date":"2022-10-24T01:00:00","date_gmt":"2022-10-23T22:00:00","guid":{"rendered":"https:\/\/www.ufukonen.com\/tr\/?p=7673"},"modified":"2023-01-30T01:07:59","modified_gmt":"2023-01-29T22:07:59","slug":"de-esser-mini-rehber","status":"publish","type":"post","link":"https:\/\/www.ufukonen.com\/tr\/de-esser-mini-rehber.html","title":{"rendered":"De-Esser: Mini Rehber"},"content":{"rendered":"\n<p>De-esser \u00fczerine daha \u00f6nce yazd\u0131\u011f\u0131m yaz\u0131lar\u0131 tek bir \u00e7at\u0131 alt\u0131nda toplay\u0131p bir mini rehber olu\u015fturdum. Linkleri ve a\u00e7\u0131klamalar\u0131 a\u015fa\u011f\u0131ya ekliyorum.<\/p>\n\n\n\n<p>De-esser&#8217;\u0131n \u00e7al\u0131\u015fma prensibi, \u00fczerindeki parametrelerin i\u015flevleri gibi temel bilgileri <strong><a href=\"https:\/\/www.ufukonen.com\/tr\/ufuk-onen-ses-muzik-teknolojisi-miks-kitaplar.html\" data-type=\"post\" data-id=\"5725\" target=\"_blank\" rel=\"noreferrer noopener\">Ses Kay\u0131t ve M\u00fczik Teknolojileri <\/a><\/strong>adl\u0131 kitab\u0131mda bulabilirsiniz.<\/p>\n\n\n\n<p>\u0130yi okumalar!<\/p>\n\n\n\n<hr class=\"wp-block-separator is-style-wide\"\/>\n\n\n\n<h3>De-esser Nedir ve Nas\u0131l Kullan\u0131l\u0131r?<\/h3>\n\n\n\n<figure class=\"wp-block-image size-large\"><a href=\"https:\/\/www.ufukonen.com\/tr\/de-esser-nedir-nasil-kullanilir.html\" target=\"_blank\" rel=\"noopener\"><img loading=\"lazy\" width=\"1024\" height=\"576\" src=\"https:\/\/www.ufukonen.com\/tr\/wp-content\/uploads\/De-esser_Header-1024x576.jpg\" alt=\"\" class=\"wp-image-5999\" srcset=\"https:\/\/www.ufukonen.com\/tr\/wp-content\/uploads\/De-esser_Header-1024x576.jpg 1024w, https:\/\/www.ufukonen.com\/tr\/wp-content\/uploads\/De-esser_Header-300x169.jpg 300w, https:\/\/www.ufukonen.com\/tr\/wp-content\/uploads\/De-esser_Header-768x432.jpg 768w, https:\/\/www.ufukonen.com\/tr\/wp-content\/uploads\/De-esser_Header-1536x864.jpg 1536w, https:\/\/www.ufukonen.com\/tr\/wp-content\/uploads\/De-esser_Header-1140x641.jpg 1140w, https:\/\/www.ufukonen.com\/tr\/wp-content\/uploads\/De-esser_Header-552x311.jpg 552w, https:\/\/www.ufukonen.com\/tr\/wp-content\/uploads\/De-esser_Header.jpg 1920w\" sizes=\"(max-width: 1024px) 100vw, 1024px\" \/><\/a><\/figure>\n\n\n\n<p>S, \u015f, c, \u00e7, j, z gibi \u00fcns\u00fczlerin a\u015f\u0131r\u0131 vurgulanmas\u0131yla ortaya \u00e7\u0131kan ve genelde istenmeyen ve \u201ckulak t\u0131rmalay\u0131c\u0131\u201d olarak nitelendirelen sesler sibilans olarak adland\u0131r\u0131l\u0131r.<\/p>\n\n\n\n<p>Sibilans probleminin miktar\u0131 di\u015f yap\u0131s\u0131 ve benzeri sebeplerden dolay\u0131 ki\u015fiden ki\u015fiye de\u011fi\u015febilmektedir, ancak bu problem \u00fczerinde etkili olan di\u011fer fakt\u00f6rler de vard\u0131r. Bunlardan biri ve belki de g\u00fcn\u00fcm\u00fczde sibilans\u0131n en s\u0131k g\u00f6r\u00fclen sebeplerinden olan\u0131, vokal kanallar\u0131nda kay\u0131t veya miks s\u0131ras\u0131nda \u00fcst frekanslar\u0131n art\u0131r\u0131lmas\u0131d\u0131r. \u00dcst frekanslar\u0131n art\u0131r\u0131lmas\u0131 vokalin mikste \u00f6ne \u00e7\u0131kmas\u0131n\u0131 ve dinleyiciye yak\u0131n gelmesini sa\u011flar, ancak ayn\u0131 zamanda istenmeyen sibilant sesleri de belirginle\u015ftirir.<\/p>\n\n\n\n<p>Sibilans sorununu azaltmak i\u00e7in de-esser kullanarak problemli b\u00f6lgeye m\u00fcdahale edebiliriz.<\/p>\n\n\n\n<p><a rel=\"noreferrer noopener\" href=\"https:\/\/www.ufukonen.com\/tr\/de-esser-nedir-nasil-kullanilir.html\" data-type=\"post\" data-id=\"5997\" target=\"_blank\">Yaz\u0131n\u0131n tamam\u0131n\u0131 okumak i\u00e7in t\u0131klay\u0131n\u0131z.<\/a><\/p>\n\n\n\n<hr class=\"wp-block-separator is-style-wide\"\/>\n\n\n\n<h3>De-Esser: Wide-Band ve Split-Band Aras\u0131ndaki Fark<\/h3>\n\n\n\n<figure class=\"wp-block-image size-large\"><a href=\"https:\/\/www.ufukonen.com\/tr\/deesser-wideband-splitband.html\" target=\"_blank\" rel=\"noopener\"><img loading=\"lazy\" width=\"1024\" height=\"576\" src=\"https:\/\/www.ufukonen.com\/tr\/wp-content\/uploads\/Deesser_Wideband_Splitband_00_Header-1024x576.jpg\" alt=\"\" class=\"wp-image-7292\" srcset=\"https:\/\/www.ufukonen.com\/tr\/wp-content\/uploads\/Deesser_Wideband_Splitband_00_Header-1024x576.jpg 1024w, https:\/\/www.ufukonen.com\/tr\/wp-content\/uploads\/Deesser_Wideband_Splitband_00_Header-300x169.jpg 300w, https:\/\/www.ufukonen.com\/tr\/wp-content\/uploads\/Deesser_Wideband_Splitband_00_Header-768x432.jpg 768w, https:\/\/www.ufukonen.com\/tr\/wp-content\/uploads\/Deesser_Wideband_Splitband_00_Header-1536x864.jpg 1536w, https:\/\/www.ufukonen.com\/tr\/wp-content\/uploads\/Deesser_Wideband_Splitband_00_Header-1140x641.jpg 1140w, https:\/\/www.ufukonen.com\/tr\/wp-content\/uploads\/Deesser_Wideband_Splitband_00_Header-552x311.jpg 552w, https:\/\/www.ufukonen.com\/tr\/wp-content\/uploads\/Deesser_Wideband_Splitband_00_Header.jpg 1920w\" sizes=\"(max-width: 1024px) 100vw, 1024px\" \/><\/a><\/figure>\n\n\n\n<p>De-esser \u00fczerinde iki farkl\u0131 \u00e7al\u0131\u015fma se\u00e7ene\u011fi bulunur: Wide-band ve split-band. Bu se\u00e7ene\u011fe bazen dikkat edilmez ama asl\u0131nda g\u00f6z ard\u0131 edilmeyecek kadar \u00f6nemlidir.<\/p>\n\n\n\n<p>Bu iki se\u00e7enek aras\u0131ndaki fark nedir? Hangisini kullanmak laz\u0131m?<\/p>\n\n\n\n<p><a href=\"https:\/\/www.ufukonen.com\/tr\/deesser-wideband-splitband.html\" data-type=\"post\" data-id=\"7279\" target=\"_blank\" rel=\"noreferrer noopener\">Yaz\u0131n\u0131n tamam\u0131n\u0131 okumak i\u00e7in t\u0131klay\u0131n\u0131z.<\/a><\/p>\n\n\n\n<hr class=\"wp-block-separator is-style-wide\"\/>\n\n\n\n<h3>De-Esser Sadece Vokal Kanal\u0131nda m\u0131 Kullan\u0131l\u0131r?<\/h3>\n\n\n\n<figure class=\"wp-block-image size-large\"><a href=\"https:\/\/www.ufukonen.com\/tr\/deesser-sadece-vokal-kanalinda-mi-kullanilir.html\" target=\"_blank\" rel=\"noopener\"><img loading=\"lazy\" width=\"1024\" height=\"576\" src=\"https:\/\/www.ufukonen.com\/tr\/wp-content\/uploads\/Deesser_Sadece_Vokal_Kanalinda_mi_00_Header-1024x576.jpg\" alt=\"\" class=\"wp-image-7296\" srcset=\"https:\/\/www.ufukonen.com\/tr\/wp-content\/uploads\/Deesser_Sadece_Vokal_Kanalinda_mi_00_Header-1024x576.jpg 1024w, https:\/\/www.ufukonen.com\/tr\/wp-content\/uploads\/Deesser_Sadece_Vokal_Kanalinda_mi_00_Header-300x169.jpg 300w, https:\/\/www.ufukonen.com\/tr\/wp-content\/uploads\/Deesser_Sadece_Vokal_Kanalinda_mi_00_Header-768x432.jpg 768w, https:\/\/www.ufukonen.com\/tr\/wp-content\/uploads\/Deesser_Sadece_Vokal_Kanalinda_mi_00_Header-1536x864.jpg 1536w, https:\/\/www.ufukonen.com\/tr\/wp-content\/uploads\/Deesser_Sadece_Vokal_Kanalinda_mi_00_Header-1140x641.jpg 1140w, https:\/\/www.ufukonen.com\/tr\/wp-content\/uploads\/Deesser_Sadece_Vokal_Kanalinda_mi_00_Header-552x311.jpg 552w, https:\/\/www.ufukonen.com\/tr\/wp-content\/uploads\/Deesser_Sadece_Vokal_Kanalinda_mi_00_Header.jpg 1920w\" sizes=\"(max-width: 1024px) 100vw, 1024px\" \/><\/a><\/figure>\n\n\n\n<p>Bir\u00e7ok insan de-esser\u2019\u0131n sadece vokal kanallar\u0131nda kullan\u0131ld\u0131\u011f\u0131n\u0131 d\u00fc\u015f\u00fcn\u00fcyor. De-esser dedi\u011fimizde ilk akla gelenin vokal olmas\u0131 normal ancak de-esser kullan\u0131m\u0131 sadece vokal ile s\u0131n\u0131rl\u0131 de\u011fil. De-esser\u2019\u0131 farkl\u0131 ama\u00e7larla kullanmak m\u00fcmk\u00fcn.<\/p>\n\n\n\n<p><a href=\"https:\/\/www.ufukonen.com\/tr\/deesser-sadece-vokal-kanalinda-mi-kullanilir.html\" data-type=\"post\" data-id=\"7280\" target=\"_blank\" rel=\"noreferrer noopener\">Yaz\u0131n\u0131n tamam\u0131n\u0131 okumak i\u00e7in t\u0131klay\u0131n\u0131z.<\/a><\/p>\n\n\n\n<hr class=\"wp-block-separator is-style-wide\"\/>\n\n\n\n<p>Teknik terimler i\u00e7in <a href=\"http:\/\/www.ufukonen.com\/tr\/ses-kayit-muzik-teknolojisi-terimler-sozluk.html\">m\u00fczik teknolojisi, m\u00fczik prod\u00fcksiyonu ve ses kay\u0131t terimleri s\u00f6zl\u00fc\u011f\u00fcne<\/a> g\u00f6z atabilirsiniz.<\/p>\n\n\n\n<p>Benzer payla\u015f\u0131mlar i\u00e7in beni <a rel=\"noreferrer noopener\" href=\"https:\/\/www.facebook.com\/ufukonen.skmt\/\" target=\"_blank\">Facebook<\/a>, <a rel=\"noreferrer noopener\" aria-label=\"Instagram (opens in a new tab)\" href=\"https:\/\/www.instagram.com\/ufukonen\/\" target=\"_blank\">Instagram<\/a> ve <a rel=\"noreferrer noopener\" href=\"https:\/\/twitter.com\/UfukOnen\" target=\"_blank\">Twitter<\/a>&#8216;da takip edebilir, haberler i\u00e7in <a rel=\"noreferrer noopener\" href=\"http:\/\/ufukonen.com\/tr\/ses-kayit-muzik-teknolojisi-terimler-sozluk.html\" target=\"_blank\">mesaj listeme \u00fcye olabilirsiniz<\/a>. Te\u015fekk\u00fcrler.<\/p>\n\n\n\n<p>Ba\u015fl\u0131k foto\u011fraf\u0131: <a href=\"https:\/\/unsplash.com\/@jhvisuals_de?utm_source=unsplash&amp;utm_medium=referral&amp;utm_content=creditCopyText\" target=\"_blank\" rel=\"noreferrer noopener\">Joshua Humpfer<\/a>\u00a0|\u00a0<a href=\"https:\/\/unsplash.com\/s\/photos\/vocal-recording?utm_source=unsplash&amp;utm_medium=referral&amp;utm_content=creditCopyText\" target=\"_blank\" rel=\"noreferrer noopener\">Unsplash<\/a><\/p>\n\n\n\n<p>\u00a9 2022 Ufuk \u00d6nen. Her hakk\u0131 sakl\u0131d\u0131r. \u0130zinsiz kullan\u0131lamaz.<\/p>\n","protected":false},"excerpt":{"rendered":"<p class=\"post-excerpt\">De-esser \u00fczerine daha \u00f6nce yazd\u0131\u011f\u0131m yaz\u0131lar\u0131 tek bir \u00e7at\u0131 alt\u0131nda toplay\u0131p bir mini rehber olu\u015fturdum. Linkleri ve a\u00e7\u0131klamalar\u0131 a\u015fa\u011f\u0131ya ekliyorum&#8230;.<\/p>\n","protected":false},"author":2,"featured_media":7683,"comment_status":"closed","ping_status":"open","sticky":false,"template":"","format":"standard","meta":{"_mi_skip_tracking":false,"spay_email":"","jetpack_publicize_message":"","jetpack_is_tweetstorm":false,"jetpack_publicize_feature_enabled":true},"categories":[18],"tags":[],"jetpack_featured_media_url":"https:\/\/www.ufukonen.com\/tr\/wp-content\/uploads\/De_Esser_Mini_Rehber_00_Header.jpg","jetpack_publicize_connections":[],"jetpack_shortlink":"https:\/\/wp.me\/p3rjsG-1ZL","jetpack_sharing_enabled":true,"jetpack-related-posts":[{"id":6447,"url":"https:\/\/www.ufukonen.com\/tr\/vokal-miksi-rehber-2.html","url_meta":{"origin":7673,"position":0},"title":"Vokal Miksi i\u00e7in Mini Rehber (2. B\u00f6l\u00fcm)","date":"March 22, 2021","format":false,"excerpt":"Bu yaz\u0131mda vokal miksi i\u00e7in kullanabilece\u011finiz sekiz ba\u015fl\u0131ktan olu\u015fan bir mini rehber haz\u0131rlad\u0131m. Her ba\u015fl\u0131\u011f\u0131n alt\u0131nda ilgili yaz\u0131lar\u0131n linklerini ekledim. \u0130lk olarak 22 Mart 2021'de yay\u0131nlanm\u0131\u015f olan bu mini rehber, 8 A\u011fustos 2022, 28 Kas\u0131m 2022, 20 Mart 2023 ve 7 A\u011fustos 2025 tarihlerinde g\u00fcncellenmi\u015ftir. Filtre ve EQKompres\u00f6rEQDe-esserSidechain Kompres\u00f6r Kullan\u0131m\u0131Saturation,\u2026","rel":"","context":"In &quot;M\u00fczik Prod\u00fcksiyonu&quot;","img":{"alt_text":"","src":"https:\/\/i0.wp.com\/www.ufukonen.com\/tr\/wp-content\/uploads\/Vokal_Miksi_Mini_Rehber_00_Header.jpg?resize=350%2C200&ssl=1","width":350,"height":200},"classes":[]},{"id":7824,"url":"https:\/\/www.ufukonen.com\/tr\/2022-en-cok-okunan-2.html","url_meta":{"origin":7673,"position":1},"title":"2022 \u0130\u00e7inde En \u00c7ok Okunan Blog Yaz\u0131lar\u0131m (2. B\u00f6l\u00fcm)","date":"December 19, 2022","format":false,"excerpt":"2022\u2019yi kapat\u0131rken y\u0131l i\u00e7inde en \u00e7ok okunan blog yaz\u0131lar\u0131m\u0131 sizlerle payla\u015fmak istedim. \u0130ki liste haz\u0131rlad\u0131m: 1- \u00d6nceki y\u0131llarda (2012-2021) yay\u0131nlanm\u0131\u015f olan yaz\u0131lardan 2022 i\u00e7inde en \u00e7ok okunanlar (buraya t\u0131klayarak g\u00f6r\u00fcnt\u00fcleyebilirsiniz). 2- En \u00e7ok okunan 2022 tarihli yaz\u0131lar\u0131m (a\u015fa\u011f\u0131daki liste). Yaz\u0131lar\u0131, ba\u015fl\u0131klar\u0131n\u0131n ya da g\u00f6rsellerinin \u00fczerine t\u0131klayarak okuyabilirsiniz. G\u00f6stermi\u015f oldu\u011funuz ilgi\u2026","rel":"","context":"In &quot;Konferans&quot;","img":{"alt_text":"","src":"https:\/\/i0.wp.com\/www.ufukonen.com\/tr\/wp-content\/uploads\/2022_En_Cok_Okunan_2_00_Header.jpg?resize=350%2C200&ssl=1","width":350,"height":200},"classes":[]},{"id":7279,"url":"https:\/\/www.ufukonen.com\/tr\/deesser-wideband-splitband.html","url_meta":{"origin":7673,"position":2},"title":"De-Esser: Wide-Band ve Split-Band Aras\u0131ndaki Fark","date":"March 21, 2022","format":false,"excerpt":"De-esser \u00fczerinde iki farkl\u0131 \u00e7al\u0131\u015fma se\u00e7ene\u011fi bulunur: Wide-band ve split-band. Bu se\u00e7ene\u011fe bazen dikkat edilmez ama asl\u0131nda g\u00f6z ard\u0131 edilmeyecek kadar \u00f6nemlidir. Wide-Band Wide-band \u00e7al\u0131\u015fma modunda de-esser, sibilans yakalad\u0131\u011f\u0131 zaman t\u00fcm sinyalin seviyesini azalt\u0131r. \u00d6rnek olarak, vokal kanal\u0131nda bir de-esser kullan\u0131yorsan\u0131z ve de-esser vokalde 7 kHz civar\u0131nda bir sibilans tespit\u2026","rel":"","context":"In &quot;Ses ve M\u00fczik Teknolojileri&quot;","img":{"alt_text":"","src":"https:\/\/i0.wp.com\/www.ufukonen.com\/tr\/wp-content\/uploads\/Deesser_Wideband_Splitband_00_Header.jpg?resize=350%2C200&ssl=1","width":350,"height":200},"classes":[]},{"id":7811,"url":"https:\/\/www.ufukonen.com\/tr\/2022-en-cok-okunan-1.html","url_meta":{"origin":7673,"position":3},"title":"2022 \u0130\u00e7inde En \u00c7ok Okunan Blog Yaz\u0131lar\u0131m (1. B\u00f6l\u00fcm)","date":"December 12, 2022","format":false,"excerpt":"2022\u2019yi kapat\u0131rken y\u0131l i\u00e7inde en \u00e7ok okunan blog yaz\u0131lar\u0131m\u0131 sizlerle payla\u015fmak istedim. \u0130ki liste haz\u0131rlad\u0131m: 1- \u00d6nceki y\u0131llarda (2012-2021) yay\u0131nlanm\u0131\u015f olan yaz\u0131lardan 2022 i\u00e7inde en \u00e7ok okunanlar (a\u015fa\u011f\u0131daki liste). 2- En \u00e7ok okunan 2022 tarihli yaz\u0131lar\u0131m (19 Aral\u0131k 2022 tarihinde yay\u0131na girecek). Yaz\u0131lar\u0131, ba\u015fl\u0131klar\u0131n\u0131n ya da g\u00f6rsellerinin \u00fczerine t\u0131klayarak okuyabilirsiniz.\u2026","rel":"","context":"In &quot;Konferans&quot;","img":{"alt_text":"","src":"https:\/\/i0.wp.com\/www.ufukonen.com\/tr\/wp-content\/uploads\/2022_En_Cok_Okunan_1_00_Header.jpg?resize=350%2C200&ssl=1","width":350,"height":200},"classes":[]},{"id":5997,"url":"https:\/\/www.ufukonen.com\/tr\/de-esser-nedir-nasil-kullanilir.html","url_meta":{"origin":7673,"position":4},"title":"De-esser Nedir ve Nas\u0131l Kullan\u0131l\u0131r?","date":"August 17, 2020","format":false,"excerpt":"De-esser nedir ve nas\u0131l kullan\u0131l\u0131r sorular\u0131n\u0131n cevaplar\u0131na ge\u00e7meden \u00f6nce 'sibilance' (sibilans) \u00fczerine birka\u00e7 sat\u0131r yazmak istiyorum. Sibilans S, \u015f, c, \u00e7, j, z gibi \u00fcns\u00fczlerin a\u015f\u0131r\u0131 vurgulanmas\u0131yla ortaya \u00e7\u0131kan ve genelde istenmeyen ve \"kulak t\u0131rmalay\u0131c\u0131\" olarak nitelendirelen sesler sibilans olarak adland\u0131r\u0131l\u0131r. Sibilans probleminin miktar\u0131 di\u015f yap\u0131s\u0131 ve benzeri sebeplerden dolay\u0131\u2026","rel":"","context":"In &quot;Ses ve M\u00fczik Teknolojileri&quot;","img":{"alt_text":"","src":"https:\/\/i0.wp.com\/www.ufukonen.com\/tr\/wp-content\/uploads\/De-esser_Header.jpg?resize=350%2C200&ssl=1","width":350,"height":200},"classes":[]},{"id":8191,"url":"https:\/\/www.ufukonen.com\/tr\/2023-en-cok-okunan.html","url_meta":{"origin":7673,"position":5},"title":"2023 Y\u0131l\u0131nda En \u00c7ok Okunan Blog Yaz\u0131lar\u0131m","date":"December 27, 2023","format":false,"excerpt":"Blog yaz\u0131lar\u0131m\u0131 takip edenler bilirler, her senenin sonunda o y\u0131l en \u00e7ok okunan blog yaz\u0131lar\u0131m\u0131 liste haline getirip okuyucular\u0131mla payla\u015f\u0131r\u0131m. 2023 i\u00e7in de farkl\u0131 bir durum yok. Liste haz\u0131r ancak listeden \u00f6nce bu y\u0131l beni mesleki a\u00e7\u0131dan en \u00e7ok heyecanland\u0131ran geli\u015fmeyi payla\u015fmak istiyorum. 2023 y\u0131l\u0131nda beni en \u00e7ok heyecanland\u0131ran geli\u015fme,\u2026","rel":"","context":"In &quot;M\u00fczik End\u00fcstrisi&quot;","img":{"alt_text":"","src":"https:\/\/i0.wp.com\/www.ufukonen.com\/tr\/wp-content\/uploads\/2023_En_Cok_Okunan_00_Header.jpg?resize=350%2C200&ssl=1","width":350,"height":200},"classes":[]}],"_links":{"self":[{"href":"https:\/\/www.ufukonen.com\/tr\/wp-json\/wp\/v2\/posts\/7673"}],"collection":[{"href":"https:\/\/www.ufukonen.com\/tr\/wp-json\/wp\/v2\/posts"}],"about":[{"href":"https:\/\/www.ufukonen.com\/tr\/wp-json\/wp\/v2\/types\/post"}],"author":[{"embeddable":true,"href":"https:\/\/www.ufukonen.com\/tr\/wp-json\/wp\/v2\/users\/2"}],"replies":[{"embeddable":true,"href":"https:\/\/www.ufukonen.com\/tr\/wp-json\/wp\/v2\/comments?post=7673"}],"version-history":[{"count":10,"href":"https:\/\/www.ufukonen.com\/tr\/wp-json\/wp\/v2\/posts\/7673\/revisions"}],"predecessor-version":[{"id":7684,"href":"https:\/\/www.ufukonen.com\/tr\/wp-json\/wp\/v2\/posts\/7673\/revisions\/7684"}],"wp:featuredmedia":[{"embeddable":true,"href":"https:\/\/www.ufukonen.com\/tr\/wp-json\/wp\/v2\/media\/7683"}],"wp:attachment":[{"href":"https:\/\/www.ufukonen.com\/tr\/wp-json\/wp\/v2\/media?parent=7673"}],"wp:term":[{"taxonomy":"category","embeddable":true,"href":"https:\/\/www.ufukonen.com\/tr\/wp-json\/wp\/v2\/categories?post=7673"},{"taxonomy":"post_tag","embeddable":true,"href":"https:\/\/www.ufukonen.com\/tr\/wp-json\/wp\/v2\/tags?post=7673"}],"curies":[{"name":"wp","href":"https:\/\/api.w.org\/{rel}","templated":true}]}}