{"id":7685,"date":"2022-11-07T01:00:00","date_gmt":"2022-11-06T22:00:00","guid":{"rendered":"https:\/\/www.ufukonen.com\/tr\/?p=7685"},"modified":"2023-01-30T01:07:21","modified_gmt":"2023-01-29T22:07:21","slug":"2022-daw-anketi","status":"publish","type":"post","link":"https:\/\/www.ufukonen.com\/tr\/2022-daw-anketi.html","title":{"rendered":"2022 DAW Anketi"},"content":{"rendered":"\n<blockquote class=\"wp-block-quote\"><p><strong>&#x26a0;&#xfe0f; Anket formu bu sayfan\u0131n alt k\u0131sm\u0131nda yer almaktad\u0131r, siteden ayr\u0131lmadan kat\u0131labilirsiniz.<\/strong><\/p><\/blockquote>\n\n\n\n<p>2016 y\u0131l\u0131nda, T\u00fcrkiye&#8217;deki DAW kullan\u0131c\u0131lar\u0131n\u0131n tercihlerini tespit edebilmek amac\u0131yla bir anket d\u00fczenledim. \u0130ki sorudan olu\u015fan bu anket olduk\u00e7a b\u00fcy\u00fck ilgi g\u00f6rd\u00fc. Sonu\u00e7lar\u0131 sizlerle payla\u015ft\u0131m, sosyal medya platformlar\u0131nda birlikte yorumlad\u0131k.<\/p>\n\n\n\n<p>2016 sonras\u0131nda anketi d\u00fczenlemeye devam ettim. Soru say\u0131s\u0131n\u0131 artt\u0131rd\u0131m. Bu sayede daha detayl\u0131 sonu\u00e7lar alabilme ve daha sa\u011fl\u0131kl\u0131 analizler yapabilme \u015fans\u0131m\u0131z oldu.<\/p>\n\n\n\n<p>6 y\u0131l boyunca bu anket sayesinde T\u00fcrkiye&#8217;deki kullan\u0131c\u0131lar\u0131n tercihleri hakk\u0131nda hep birlikte fikirler edindik. Ayn\u0131 zamanda baz\u0131 de\u011fi\u015fimlere de tan\u0131kl\u0131k ettik.<\/p>\n\n\n\n<p>E\u011fer bu ankete ilk defa denk geliyorsan\u0131z ge\u00e7mi\u015f y\u0131llar\u0131n sonu\u00e7lar\u0131na a\u015fa\u011f\u0131daki linklerden ula\u015fabilirsiniz:<\/p>\n\n\n\n<ul><li><a rel=\"noreferrer noopener\" href=\"https:\/\/www.ufukonen.com\/tr\/2021-daw-anketi-sonuclari.html\" target=\"_blank\" data-type=\"post\" data-id=\"7109\">2021 DAW Anketi Sonu\u00e7lar\u0131<\/a><\/li><li><a href=\"https:\/\/www.ufukonen.com\/tr\/2020-daw-anketi-sonuclari.html\" data-type=\"URL\" data-id=\"https:\/\/www.ufukonen.com\/tr\/2020-daw-anketi-sonuclari.html\" target=\"_blank\" rel=\"noreferrer noopener\">2020 DAW Anketi Sonu\u00e7lar\u0131<\/a><\/li><li><a href=\"https:\/\/www.ufukonen.com\/tr\/2019-daw-anketi-sonuclari.html\" data-type=\"post\" data-id=\"5363\" target=\"_blank\" rel=\"noreferrer noopener\">2019 DAW Anketi Sonu\u00e7lar\u0131<\/a><\/li><li><a href=\"https:\/\/www.ufukonen.com\/tr\/2018-daw-anketi-sonuclari.html\" data-type=\"post\" data-id=\"4480\" target=\"_blank\" rel=\"noreferrer noopener\">2018 DAW Anketi Sonu\u00e7lar\u0131<\/a><\/li><li><a href=\"https:\/\/www.ufukonen.com\/tr\/2017-daw-anketi-sonuclari.html\" data-type=\"post\" data-id=\"3575\" target=\"_blank\" rel=\"noreferrer noopener\">2017 DAW Anketi Sonu\u00e7lar\u0131<\/a><\/li><li><a href=\"https:\/\/www.ufukonen.com\/tr\/2016-daw-tercihiniz-anket.html\" data-type=\"post\" data-id=\"2825\" target=\"_blank\" rel=\"noreferrer noopener\">2016 DAW Anketi Sonu\u00e7lar\u0131<\/a><\/li><\/ul>\n\n\n\n<p>Geldik bug\u00fcnlere\u2026<\/p>\n\n\n\n<p><strong>T\u00dcRK\u0130YE&#8217;N\u0130N DAW ANKET\u0130 7 YA\u015eINDA!<\/strong> &#x1f389;<\/p>\n\n\n\n<div style=\"height:25px\" aria-hidden=\"true\" class=\"wp-block-spacer\"><\/div>\n\n\n\n<h3>Yeni Kategori<\/h3>\n\n\n\n<p>Ge\u00e7ti\u011fimiz y\u0131llarda anketimiz \u015fu soruyla a\u00e7\u0131l\u0131yordu: &#8220;M\u00fczik ve ses teknolojileri ile ilginiz&#8221;. Bu sene o soruyu &#8220;\u00c7al\u0131\u015fma alan\u0131n\u0131z&#8221; olarak de\u011fi\u015ftirdim ve yeni bir se\u00e7enek ekledim: <strong>POST-PROD\u00dcKS\u0130YON<\/strong>.<\/p>\n\n\n\n<p>E\u011fer g\u00f6rsel medya i\u00e7in ses ve m\u00fczik \u00fczerine \u00e7al\u0131\u015f\u0131yorsan\u0131z bu se\u00e7ene\u011fi i\u015faretleyebilirsiniz.<\/p>\n\n\n\n<p>Bu alanda faaliyet g\u00f6sterenlerin neredeyse tamam\u0131 profesyonel olarak \u00e7al\u0131\u015ft\u0131klar\u0131 i\u00e7in &#8220;profesyonel&#8221; ve &#8220;hobi&#8221; ayr\u0131m\u0131 yapmad\u0131m.<\/p>\n\n\n\n<p>M\u00fczik prod\u00fcksiyonu \u00fczerine \u00e7al\u0131\u015f\u0131yorsan\u0131z, e\u011fer gelirinizin b\u00fcy\u00fck bir b\u00f6l\u00fcm\u00fc ya da bir k\u0131sm\u0131 bu sekt\u00f6rden ise &#8220;profesyonel&#8221;; m\u00fczik prod\u00fcksiyonundan para kazanm\u0131yorsan\u0131z &#8220;hobi&#8221; se\u00e7ene\u011fini i\u015faretleyebilirsiniz.<\/p>\n\n\n\n<div style=\"height:25px\" aria-hidden=\"true\" class=\"wp-block-spacer\"><\/div>\n\n\n\n<h3>&#8220;En \u0130yi DAW Anketi&#8221; De\u011fil!<\/h3>\n\n\n\n<p>\u00d6zellikle alt\u0131n\u0131 \u00e7izmek isterim: Bu anket, \u201cen iyi DAW\u201d anketi de\u011fil. Hi\u00e7bir zaman \u00f6yle olmad\u0131.<\/p>\n\n\n\n<p>\u0130lk g\u00fcnden bu yana anketin amac\u0131 T\u00fcrkiye&#8217;de en \u00e7ok tercih edilen DAW&#8217;\u0131 tespit edebilmek ya da bu konuda en az\u0131ndan bir fikir edinebilmekti. Bu y\u0131l da farkl\u0131 de\u011fil.<\/p>\n\n\n\n<div style=\"height:25px\" aria-hidden=\"true\" class=\"wp-block-spacer\"><\/div>\n\n\n\n<h3>2022 DAW Anketi: Hemen Kat\u0131l\u0131n!<\/h3>\n\n\n\n<p>2022 DAW anketine sayfan\u0131n alt\u0131ndaki kutucuk i\u00e7inde bulunan sorular\u0131 cevaplayarak hemen kat\u0131labilirsiniz. <\/p>\n\n\n\n<p>Ankete kat\u0131lmak i\u00e7in isim ve\/veya e-posta adresi verme zorunlulu\u011fu bulunmamaktad\u0131r.<\/p>\n\n\n\n<p>Pro Tools, Cubase, Logic Pro, Studio One, Reaper, Ableton Live, FL Studio veya bir ba\u015fkas\u0131\u2026 Sizin tercihiniz hangisi?<\/p>\n\n\n\n<p>Sesinizi duyurun!<\/p>\n\n\n\n<div style=\"height:25px\" aria-hidden=\"true\" class=\"wp-block-spacer\"><\/div>\n\n\n\n<h3>Tarihler<\/h3>\n\n\n\n<p>Anket 7 Kas\u0131m 2022 ile 4 Ocak 2023 tarihleri aras\u0131nda a\u00e7\u0131k kalacakt\u0131r. <\/p>\n\n\n\n<p>Sonu\u00e7lar\u0131 9 Ocak 2023 tarihinde a\u00e7\u0131klayaca\u011f\u0131m.<\/p>\n\n\n\n<div style=\"height:25px\" aria-hidden=\"true\" class=\"wp-block-spacer\"><\/div>\n\n\n\n<h3>Anket Formu<\/h3>\n\n\n\n<p>Anket formunu a\u015fa\u011f\u0131daki kutucuk i\u00e7inde g\u00f6r\u00fcnt\u00fcleyemiyorsan\u0131z yeni bir pencerede a\u00e7mak i\u00e7in <a href=\"https:\/\/ufukonen.survey.fm\/2022-daw-digital-audio-workstation-anketi\" target=\"_blank\" rel=\"noreferrer noopener\">buraya t\u0131klayabilirsiniz<\/a>.<\/p>\n\n\n\n<p>Payla\u015farak anketin daha fazla ki\u015fiye ula\u015fmas\u0131n\u0131 sa\u011flayabilirsiniz. Te\u015fekk\u00fcrler!<\/p>\n\n\n\n<figure class=\"wp-block-embed is-type-rich is-provider-crowdsignal wp-block-embed-crowdsignal\"><div class=\"wp-block-embed__wrapper\"><div class=\"cs-embed pd-embed\" data-settings=\"{&quot;type&quot;:&quot;iframe&quot;,&quot;auto&quot;:true,&quot;domain&quot;:&quot;ufukonen.survey.fm\\\/&quot;,&quot;id&quot;:&quot;2022-daw-digital-audio-workstation-anketi&quot;,&quot;site&quot;:&quot;crowdsignal.com&quot;}\"><\/div><noscript><a href=\"https:\/\/ufukonen.survey.fm\/2022-daw-digital-audio-workstation-anketi\" target=\"_blank\" rel=\"noopener noreferrer\">Take Our Survey<\/a><\/noscript><\/div><\/figure>\n\n\n\n<div style=\"height:50px\" aria-hidden=\"true\" class=\"wp-block-spacer\"><\/div>\n\n\n\n<figure class=\"wp-block-image size-large\"><a href=\"https:\/\/www.ufukonen.com\/tr\/ufuk-onen-ses-muzik-teknolojisi-miks-kitaplar.html\" target=\"_blank\" rel=\"noopener noreferrer\"><img loading=\"lazy\" width=\"1024\" height=\"576\" src=\"https:\/\/www.ufukonen.com\/tr\/wp-content\/uploads\/UfukOnen_Books_Promo_2020_1280x720_-1024x576.jpg\" alt=\"\" class=\"wp-image-5735\" srcset=\"https:\/\/www.ufukonen.com\/tr\/wp-content\/uploads\/UfukOnen_Books_Promo_2020_1280x720_-1024x576.jpg 1024w, https:\/\/www.ufukonen.com\/tr\/wp-content\/uploads\/UfukOnen_Books_Promo_2020_1280x720_-300x169.jpg 300w, https:\/\/www.ufukonen.com\/tr\/wp-content\/uploads\/UfukOnen_Books_Promo_2020_1280x720_-768x432.jpg 768w, https:\/\/www.ufukonen.com\/tr\/wp-content\/uploads\/UfukOnen_Books_Promo_2020_1280x720_.jpg 1280w\" sizes=\"(max-width: 1024px) 100vw, 1024px\" \/><\/a><figcaption>Ufuk \u00d6nen\u2019in ses ve m\u00fczik teknolojileri, m\u00fczik prod\u00fcksiyonu, m\u00fczik miksi ve synthesizer \u00fczerine yazm\u0131\u015f oldu\u011fu kitaplar\u0131n tan\u0131t\u0131m metinleri ve online sat\u0131\u015f linkleri i\u00e7in g\u00f6rsele t\u0131klay\u0131n.<\/figcaption><\/figure>\n\n\n\n<div style=\"height:50px\" aria-hidden=\"true\" class=\"wp-block-spacer\"><\/div>\n\n\n\n<p>Teknik terimler i\u00e7in <a href=\"http:\/\/www.ufukonen.com\/tr\/ses-kayit-muzik-teknolojisi-terimler-sozluk.html\">m\u00fczik teknolojisi, m\u00fczik prod\u00fcksiyonu ve ses kay\u0131t terimleri s\u00f6zl\u00fc\u011f\u00fcne<\/a> g\u00f6z atabilirsiniz.<\/p>\n\n\n\n<p>Benzer payla\u015f\u0131mlar i\u00e7in beni <a rel=\"noreferrer noopener\" href=\"https:\/\/www.facebook.com\/ufukonen.skmt\/\" target=\"_blank\">Facebook<\/a>, <a rel=\"noreferrer noopener\" aria-label=\"Instagram (opens in a new tab)\" href=\"https:\/\/www.instagram.com\/ufukonen\/\" target=\"_blank\">Instagram<\/a> ve <a rel=\"noreferrer noopener\" href=\"https:\/\/twitter.com\/UfukOnen\" target=\"_blank\">Twitter<\/a>&#8216;da takip edebilir, haberler i\u00e7in <a rel=\"noreferrer noopener\" href=\"http:\/\/ufukonen.com\/tr\/ses-kayit-muzik-teknolojisi-terimler-sozluk.html\" target=\"_blank\">mesaj listeme \u00fcye olabilirsiniz<\/a>. Te\u015fekk\u00fcrler.<\/p>\n\n\n\n<p>Ba\u015fl\u0131k foto\u011fraf\u0131: <a rel=\"noreferrer noopener\" href=\"https:\/\/www.pexels.com\/@cottonbro?utm_content=attributionCopyText&amp;utm_medium=referral&amp;utm_source=pexels\" target=\"_blank\">cottonbro<\/a>&nbsp;|&nbsp;<a rel=\"noreferrer noopener\" href=\"https:\/\/www.pexels.com\/photo\/man-people-woman-desk-5657727\/?utm_content=attributionCopyText&amp;utm_medium=referral&amp;utm_source=pexels\" target=\"_blank\">Pexels<\/a><\/p>\n\n\n\n<p>\u00a9 2022 Ufuk \u00d6nen. Her hakk\u0131 sakl\u0131d\u0131r. \u0130zinsiz kullan\u0131lamaz.<\/p>\n","protected":false},"excerpt":{"rendered":"<p class=\"post-excerpt\">&#x26a0;&#xfe0f; Anket formu bu sayfan\u0131n alt k\u0131sm\u0131nda yer almaktad\u0131r, siteden ayr\u0131lmadan kat\u0131labilirsiniz. 2016 y\u0131l\u0131nda, T\u00fcrkiye&#8217;deki DAW kullan\u0131c\u0131lar\u0131n\u0131n tercihlerini tespit edebilmek&#8230;<\/p>\n","protected":false},"author":2,"featured_media":7694,"comment_status":"closed","ping_status":"open","sticky":false,"template":"","format":"standard","meta":{"_mi_skip_tracking":false,"spay_email":"","jetpack_publicize_message":"","jetpack_is_tweetstorm":false,"jetpack_publicize_feature_enabled":true},"categories":[18],"tags":[],"jetpack_featured_media_url":"https:\/\/www.ufukonen.com\/tr\/wp-content\/uploads\/2022_DAW_Anketi.jpg","jetpack_publicize_connections":[],"jetpack_shortlink":"https:\/\/wp.me\/p3rjsG-1ZX","jetpack_sharing_enabled":true,"jetpack-related-posts":[{"id":6993,"url":"https:\/\/www.ufukonen.com\/tr\/2021-daw-anketi.html","url_meta":{"origin":7685,"position":0},"title":"2021 DAW Anketi","date":"November 15, 2021","format":false,"excerpt":"2016 y\u0131l\u0131nda, T\u00fcrkiye'deki DAW kullan\u0131c\u0131lar\u0131n\u0131n tercihlerini tespit edebilmek amac\u0131yla bir anket d\u00fczenledim. \u0130ki sorudan olu\u015fan bu anket olduk\u00e7a b\u00fcy\u00fck ilgi g\u00f6rd\u00fc. Takip eden y\u0131llarda da devam ettim. Sonu\u00e7lar\u0131 sizlerle payla\u015ft\u0131m. Bu anket sayesinde kullan\u0131c\u0131lar\u0131n tercihleri hakk\u0131nda hep birlikte fikirler edindik. Her ne kadar be\u015f y\u0131l \u00e7ok uzun bir s\u00fcre olmasa\u2026","rel":"","context":"In &quot;Ses ve M\u00fczik Teknolojileri&quot;","img":{"alt_text":"","src":"https:\/\/i0.wp.com\/www.ufukonen.com\/tr\/wp-content\/uploads\/2021_DAW_Anketi.jpg?resize=350%2C200&ssl=1","width":350,"height":200},"classes":[]},{"id":8402,"url":"https:\/\/www.ufukonen.com\/tr\/2024-daw-anketi.html","url_meta":{"origin":7685,"position":1},"title":"2024 DAW Anketi","date":"November 18, 2024","format":false,"excerpt":"Anket formu a\u015fa\u011f\u0131dad\u0131r, bu sayfadan ayr\u0131lmadan ankete kat\u0131labilirsiniz. DAW Anketi, sekiz y\u0131l boyunca T\u00fcrkiye'deki DAW (Digital Audio Workstation) kullan\u0131c\u0131lar\u0131n\u0131n tercihlerini mercek alt\u0131nda ald\u0131. 2016 y\u0131l\u0131nda yapt\u0131\u011f\u0131m ilk anketle ba\u015flayan bu yolculuk, sizlerin ilgisi ve deste\u011fiyle devam etti. Bu y\u0131l da gelenek bozulmuyor: 2024 DAW Anketi sizlerle! Ge\u00e7mi\u015fe K\u0131sa Bir Bak\u0131\u015f\u2026","rel":"","context":"In &quot;M\u00fczik Prod\u00fcksiyonu&quot;","img":{"alt_text":"","src":"https:\/\/i0.wp.com\/www.ufukonen.com\/tr\/wp-content\/uploads\/2024_DAW_Anketi-1.jpg?resize=350%2C200&ssl=1","width":350,"height":200},"classes":[]},{"id":8174,"url":"https:\/\/www.ufukonen.com\/tr\/2023-daw-anketi.html","url_meta":{"origin":7685,"position":2},"title":"2023 DAW Anketi","date":"December 11, 2023","format":false,"excerpt":"\u26a0\ufe0f Anket formu bu sayfan\u0131n alt k\u0131sm\u0131nda yer almaktad\u0131r, siteden ayr\u0131lmadan kat\u0131labilirsiniz. 2016 y\u0131l\u0131nda T\u00fcrkiye'de m\u00fczik teknolojisi alan\u0131nda \u00e7al\u0131\u015fanlar\u0131n ve bu alana ilgisi olanlar\u0131n DAW (Digital Audio Workstation) tercihlerini tespit edebilmek amac\u0131yla bir anket d\u00fczenledim. \u0130ki sorudan olu\u015fan bu anket olduk\u00e7a b\u00fcy\u00fck ilgi g\u00f6rd\u00fc. Sonu\u00e7lar\u0131 sizlerle payla\u015ft\u0131m, sosyal medya platformlar\u0131nda\u2026","rel":"","context":"In &quot;Ses ve M\u00fczik Teknolojileri&quot;","img":{"alt_text":"","src":"https:\/\/i0.wp.com\/www.ufukonen.com\/tr\/wp-content\/uploads\/2023_DAW_Anketi.jpg?resize=350%2C200&ssl=1","width":350,"height":200},"classes":[]},{"id":8608,"url":"https:\/\/www.ufukonen.com\/tr\/2025-daw-anketi.html","url_meta":{"origin":7685,"position":3},"title":"2025 DAW Anketi","date":"November 23, 2025","format":false,"excerpt":"T\u00fcrkiye'nin DAW Anketi 10 ya\u015f\u0131nda! Anket formu a\u015fa\u011f\u0131dad\u0131r, bu sayfadan ayr\u0131lmadan ankete kat\u0131labilirsiniz. 2016 y\u0131l\u0131nda ba\u015flayan DAW Anketi yolculu\u011fu sizlerin ilgisi ve deste\u011fi ile devam etti. Gelenek bu y\u0131l da bozulmuyor: 2025 DAW Anketi sizlerle. Ge\u00e7mi\u015fe K\u0131sa Bir Bak\u0131\u015f 2016 y\u0131l\u0131nda sadece iki sorudan olu\u015fan basit bir anketle yola \u00e7\u0131kt\u0131m.\u2026","rel":"","context":"In &quot;M\u00fczik Prod\u00fcksiyonu&quot;","img":{"alt_text":"","src":"https:\/\/i0.wp.com\/www.ufukonen.com\/tr\/wp-content\/uploads\/2025_DAW_Anketi.jpg?resize=350%2C200&ssl=1","width":350,"height":200},"classes":[]},{"id":6168,"url":"https:\/\/www.ufukonen.com\/tr\/2020-daw-anketi.html","url_meta":{"origin":7685,"position":4},"title":"2020 DAW Anketi","date":"November 9, 2020","format":false,"excerpt":"2016 y\u0131l\u0131n\u0131n Aral\u0131k ay\u0131nda \u201cyabanc\u0131 dergiler ve web siteleri her y\u0131l anketler yap\u0131yorlar, bir tane de bizden olsun\u201d diyerek DAW (Digital Audio Workstation) tercihi \u00fczerine iki sorudan olu\u015fan \u00e7oktan se\u00e7meli bir anket haz\u0131rlam\u0131\u015ft\u0131m. Anket olduk\u00e7a ilgi g\u00f6rd\u00fc. Takip eden y\u0131llarda da devam ettim. \u0130lgi her ge\u00e7en sene artt\u0131. Anket, T\u00fcrkiye'deki\u2026","rel":"","context":"In &quot;Ses ve M\u00fczik Teknolojileri&quot;","img":{"alt_text":"","src":"https:\/\/i0.wp.com\/www.ufukonen.com\/tr\/wp-content\/uploads\/2019_DAW_Anketi_1280x853_rfs.jpg?resize=350%2C200&ssl=1","width":350,"height":200},"classes":[]},{"id":4380,"url":"https:\/\/www.ufukonen.com\/tr\/2018-daw-anketi.html","url_meta":{"origin":7685,"position":5},"title":"2018 DAW Anketi","date":"December 3, 2018","format":false,"excerpt":"2016 y\u0131l\u0131n\u0131n Aral\u0131k ay\u0131nda \"yabanc\u0131 dergiler ve web siteleri her y\u0131l anketler yap\u0131yorlar, bir tane de bizden olsun\" diyerek DAW (Digital Audio Workstation) tercihi \u00fczerine iki sorudan olu\u015fan \u00e7oktan se\u00e7meli bir anket haz\u0131rlam\u0131\u015ft\u0131m. Anket olduk\u00e7a ilgi g\u00f6rd\u00fc. Ayn\u0131 anketi 2017 y\u0131l\u0131nda da tekrarlad\u0131m. 206 ve 2017 anket sonu\u00e7lar\u0131na \u015fu linklerden\u2026","rel":"","context":"In &quot;Ses ve M\u00fczik Teknolojileri&quot;","img":{"alt_text":"","src":"https:\/\/i0.wp.com\/www.ufukonen.com\/tr\/wp-content\/uploads\/2018_DAW_Anketi_1280x720_rfs.jpg?resize=350%2C200&ssl=1","width":350,"height":200},"classes":[]}],"_links":{"self":[{"href":"https:\/\/www.ufukonen.com\/tr\/wp-json\/wp\/v2\/posts\/7685"}],"collection":[{"href":"https:\/\/www.ufukonen.com\/tr\/wp-json\/wp\/v2\/posts"}],"about":[{"href":"https:\/\/www.ufukonen.com\/tr\/wp-json\/wp\/v2\/types\/post"}],"author":[{"embeddable":true,"href":"https:\/\/www.ufukonen.com\/tr\/wp-json\/wp\/v2\/users\/2"}],"replies":[{"embeddable":true,"href":"https:\/\/www.ufukonen.com\/tr\/wp-json\/wp\/v2\/comments?post=7685"}],"version-history":[{"count":12,"href":"https:\/\/www.ufukonen.com\/tr\/wp-json\/wp\/v2\/posts\/7685\/revisions"}],"predecessor-version":[{"id":7853,"href":"https:\/\/www.ufukonen.com\/tr\/wp-json\/wp\/v2\/posts\/7685\/revisions\/7853"}],"wp:featuredmedia":[{"embeddable":true,"href":"https:\/\/www.ufukonen.com\/tr\/wp-json\/wp\/v2\/media\/7694"}],"wp:attachment":[{"href":"https:\/\/www.ufukonen.com\/tr\/wp-json\/wp\/v2\/media?parent=7685"}],"wp:term":[{"taxonomy":"category","embeddable":true,"href":"https:\/\/www.ufukonen.com\/tr\/wp-json\/wp\/v2\/categories?post=7685"},{"taxonomy":"post_tag","embeddable":true,"href":"https:\/\/www.ufukonen.com\/tr\/wp-json\/wp\/v2\/tags?post=7685"}],"curies":[{"name":"wp","href":"https:\/\/api.w.org\/{rel}","templated":true}]}}