{"id":7735,"date":"2022-11-21T01:00:00","date_gmt":"2022-11-20T22:00:00","guid":{"rendered":"https:\/\/www.ufukonen.com\/tr\/?p=7735"},"modified":"2022-11-19T15:07:11","modified_gmt":"2022-11-19T12:07:11","slug":"vokali-miksin-icine-nasil-oturtabiliriz","status":"publish","type":"post","link":"https:\/\/www.ufukonen.com\/tr\/vokali-miksin-icine-nasil-oturtabiliriz.html","title":{"rendered":"Vokali Miksin \u0130\u00e7ine Nas\u0131l Oturtabiliriz?"},"content":{"rendered":"\n<p>Mikste vokalin seviyesini ayarl\u0131yoruz, genel olarak kula\u011fa iyi geliyor ama yer yer d\u00fc\u015f\u00fck kal\u0131yor veya zaman zaman y\u00fcksek geliyor ve miksin d\u0131\u015f\u0131na \u00e7\u0131k\u0131yormu\u015f gibi duyuluyor&#8230; \u00dcstelik bu durum kompres\u00f6r kulland\u0131\u011f\u0131m\u0131z halde oluyor&#8230; Kompres\u00f6r\u00fcn amac\u0131 zaten bu seviye farklar\u0131n\u0131 ortadan kald\u0131rmak de\u011fil miydi?<\/p>\n\n\n\n<p>B\u00f6yle bir durumda ne yapmam\u0131z gerekiyor? Vokali miksin i\u00e7ine nas\u0131l oturtabiliriz?<\/p>\n\n\n\n<p>Bunun i\u00e7in \u00fc\u00e7 farkl\u0131 y\u00f6ntem var. Bu y\u00f6ntemleri payla\u015faca\u011f\u0131m ama ondan \u00f6nce sorunun ne oldu\u011funu anlatmak istiyorum. Sorunun ne oldu\u011funu anlarsak \u00e7\u00f6z\u00fcm i\u00e7in neyi neden yapt\u0131\u011f\u0131m\u0131z\u0131 da \u00e7ok daha net bir \u015fekilde anlayabiliriz.<\/p>\n\n\n\n<div style=\"height:25px\" aria-hidden=\"true\" class=\"wp-block-spacer\"><\/div>\n\n\n\n<h3><strong>Sorun<\/strong><\/h3>\n\n\n\n<p>Kompres\u00f6r kullanman\u0131za ra\u011fmen vokalin miksin i\u00e7ine oturmamas\u0131n\u0131n sebebi vokalin seviyesindeki ini\u015f \u00e7\u0131k\u0131\u015flar. Kompres\u00f6r k\u00fc\u00e7\u00fck art\u0131\u015flar\u0131 veya azalmalar\u0131 sorunsuz bir \u015fekilde dengeleyebiliyor. Di\u011fer yandan, bu art\u0131\u015f veya azalmalar vokalin genel seviyesine g\u00f6re b\u00fcy\u00fck farkl\u0131l\u0131klar g\u00f6steriyorsa, bu durumda kompres\u00f6r bu farklar\u0131 kapatam\u0131yor, sinyali dengeleyemiyor. <\/p>\n\n\n\n<p>&#8220;Dengeleyemiyor&#8221; diyorum, ama asl\u0131nda teknik olarak \u00e7ok daha &#8220;a\u011f\u0131r&#8221; ayarlar kullanarak bunu yapmak m\u00fcmk\u00fcn. Ancak, vokaldeki t\u00fcm enerjiyi s\u00f6k\u00fcp alaca\u011f\u0131, vokali adeta k\u00f6t\u00fc kompres\u00f6r ayarlar\u0131yla yay\u0131n ya\u011fan bir radyo istasyonuna \u00e7evirece\u011fi i\u00e7in, biz bunu (kompres\u00f6r\u00fc a\u015f\u0131r\u0131 \u015fekilde kullanmay\u0131) asla istemiyoruz.<\/p>\n\n\n\n<p>\u00c7\u00f6z\u00fcm, vokalin sinyal seviyesine kompres\u00f6rden \u00f6nce m\u00fcdahale etmek. Sinyali kompres\u00f6rden \u00f6nce seviye a\u00e7\u0131s\u0131ndan dengeli bir hale getirmek. <\/p>\n\n\n\n<p>B\u00f6ylece kompres\u00f6r sinyaldeki b\u00fcy\u00fck seviye art\u0131\u015flar\u0131 ve azalmalar\u0131 ile m\u00fccadele etmek zorunda kalmayacak. Seviyesi stabil olan bir sinyal \u00fczerinde i\u015flem yapacak, sadece k\u00fc\u00e7\u00fck seviye farklar\u0131na m\u00fcdahale edecek ve vokali bir b\u00fct\u00fcn haline getirecek.<\/p>\n\n\n\n<p>Son ad\u0131m olarak, par\u00e7an\u0131n durumuna g\u00f6re, gerekirse dengelenmi\u015f ve kompres\u00f6r ile i\u015flenmi\u015f sinyale tekrar ufak m\u00fcdahalelerde bulunabiliriz. \u00d6rnek olarak, enstr\u00fcmanlar\u0131n daha yo\u011fun oldu\u011fu nakarat k\u0131s\u0131mlar\u0131nda vokalin seviyesini biraz daha y\u00fckseltebiliriz.<\/p>\n\n\n\n<p>\u015eimdi gelelim yukar\u0131da bahsetti\u011fim \u00fc\u00e7 y\u00f6nteme&#8230;&nbsp;<\/p>\n\n\n\n<p>Bu y\u00f6ntemleri okurken hem \u201cger\u00e7ek\u201d hem de DAW i\u00e7inde bulunan \u201csanal\u201d mikserlerin bir\u00e7o\u011funda insert noktas\u0131n\u0131n fader&#8217;dan \u00f6nce geldi\u011fini akl\u0131m\u0131zda tutal\u0131m. Di\u011fer bir deyi\u015fle, sinyal ilk \u00f6nce insert noktas\u0131ndan ge\u00e7iyor (\u00f6rnek olarak insert noktas\u0131ndaki kompres\u00f6r taraf\u0131ndan i\u015fleniyor), sonra kanal\u0131n fader&#8217;\u0131na geliyor.&nbsp;<\/p>\n\n\n\n<p>Bu s\u0131ralamay\u0131 bilmek \u00e7ok \u00f6nemli!<\/p>\n\n\n\n<div style=\"height:25px\" aria-hidden=\"true\" class=\"wp-block-spacer\"><\/div>\n\n\n\n<h3><strong>1- Clip Gain&nbsp;<\/strong><\/h3>\n\n\n\n<figure class=\"wp-block-image size-large\"><img loading=\"lazy\" width=\"1024\" height=\"362\" src=\"https:\/\/www.ufukonen.com\/tr\/wp-content\/uploads\/ClipGain_VolumeAutomation_08-1024x362.jpg\" alt=\"\" class=\"wp-image-5196\" srcset=\"https:\/\/www.ufukonen.com\/tr\/wp-content\/uploads\/ClipGain_VolumeAutomation_08-1024x362.jpg 1024w, https:\/\/www.ufukonen.com\/tr\/wp-content\/uploads\/ClipGain_VolumeAutomation_08-300x106.jpg 300w, https:\/\/www.ufukonen.com\/tr\/wp-content\/uploads\/ClipGain_VolumeAutomation_08-768x272.jpg 768w, https:\/\/www.ufukonen.com\/tr\/wp-content\/uploads\/ClipGain_VolumeAutomation_08.jpg 1920w\" sizes=\"(max-width: 1024px) 100vw, 1024px\" \/><\/figure>\n\n\n\n<p>Birinci y\u00f6ntem, clip gain kullanmak. Bu y\u00f6ntemde izleyece\u011fimiz ad\u0131mlar \u015fu \u015fekilde oluyor:<\/p>\n\n\n\n<ul><li>Clip gain ile sinyalin seviyesini stabil bir hale getiriyoruz (k\u0131saca, gain staging yapm\u0131\u015f oluyoruz).<\/li><li>Insert noktas\u0131 arac\u0131l\u0131\u011f\u0131 ile kanala kompres\u00f6r ekliyoruz ve sinyali istedi\u011fimiz ve gerekli oldu\u011fu kadar s\u0131k\u0131\u015ft\u0131r\u0131yoruz (kompres ediyoruz).&nbsp;Gain staging yap\u0131lm\u0131\u015f bir kanala insert edilen kompres\u00f6r t\u00fcm par\u00e7a boyunca o kanaldaki sinyale hemen hemen ayn\u0131 \u015fekilde tepki verece\u011fi i\u00e7in kompres\u00f6r\u00fcn dengeli bir \u015fekilde \u00e7al\u0131\u015fmas\u0131n\u0131 sa\u011flam\u0131\u015f oluyoruz.<\/li><li>Son olarak, kanal\u0131n fader&#8217;\u0131 arac\u0131l\u0131\u011f\u0131 ile k\u00fc\u00e7\u00fck dokunu\u015flar yap\u0131p vokalin, miksin i\u00e7ine tam olarak oturmas\u0131n\u0131 sa\u011fl\u0131yoruz (asl\u0131nda bu da &#8216;riding the fader&#8217; olarak adland\u0131r\u0131labilir, a\u015fa\u011f\u0131da a\u00e7\u0131kl\u0131yorum). \u00d6rnek olarak par\u00e7an\u0131n d\u00fc\u015ft\u00fc\u011f\u00fc k\u0131s\u0131mlarda vokalin seviyesini biraz azalt\u0131yoruz, nakarat gibi daha dolu k\u0131s\u0131mlarda biraz a\u00e7\u0131yoruz ya da \u015fark\u0131 s\u00f6zlerinde vurgulamak istedi\u011fimiz kelimeler varsa o kelimeler s\u0131ras\u0131nda vokali 1-3 dB y\u00fckseltiyoruz.<\/li><\/ul>\n\n\n\n<figure class=\"wp-block-image size-large\"><a href=\"https:\/\/www.ufukonen.com\/tr\/clip-gain-ve-gain-staging.html\" target=\"_blank\" rel=\"noopener\"><img loading=\"lazy\" width=\"1024\" height=\"576\" src=\"https:\/\/www.ufukonen.com\/tr\/wp-content\/uploads\/Clip_Gain_Volum_Otomasyon_Gain_Staging_720-1024x576.jpg\" alt=\"\" class=\"wp-image-5206\" srcset=\"https:\/\/www.ufukonen.com\/tr\/wp-content\/uploads\/Clip_Gain_Volum_Otomasyon_Gain_Staging_720-1024x576.jpg 1024w, https:\/\/www.ufukonen.com\/tr\/wp-content\/uploads\/Clip_Gain_Volum_Otomasyon_Gain_Staging_720-300x169.jpg 300w, https:\/\/www.ufukonen.com\/tr\/wp-content\/uploads\/Clip_Gain_Volum_Otomasyon_Gain_Staging_720-768x432.jpg 768w, https:\/\/www.ufukonen.com\/tr\/wp-content\/uploads\/Clip_Gain_Volum_Otomasyon_Gain_Staging_720.jpg 1280w\" sizes=\"(max-width: 1024px) 100vw, 1024px\" \/><\/a><figcaption><a href=\"https:\/\/www.ufukonen.com\/tr\/clip-gain-ve-gain-staging.html\" data-type=\"post\" data-id=\"5187\" target=\"_blank\" rel=\"noreferrer noopener\">Clip Gain ile Vol\u00fcm Otomasyonu Aras\u0131ndaki Fark ve Gain Staging<\/a> (okumak i\u00e7in t\u0131klay\u0131n)<\/figcaption><\/figure>\n\n\n\n<div style=\"height:25px\" aria-hidden=\"true\" class=\"wp-block-spacer\"><\/div>\n\n\n\n<h3>2- Riding The Fader<\/h3>\n\n\n\n<p>Riding the fader, miks s\u0131ras\u0131nda sinyal seviyelerini fader ile ayarlama (seviye olarak d\u00fc\u015f\u00fck yerleri a\u00e7\u0131p, y\u00fcksek yerleri k\u0131sma) i\u015flemi i\u00e7in kullan\u0131lan, analog mikserler zaman\u0131nda ortaya \u00e7\u0131km\u0131\u015f bir terimdir. O zamanlar miks s\u0131ras\u0131nda miks m\u00fchendisleri par\u00e7adaki t\u00fcm fader hareketlerini ezberleyip, miks stereo banta bas\u0131l\u0131rken bunlar\u0131 ger\u00e7ek zamanl\u0131 olarak tekrar ediyordu. Bazen bir m\u00fchendisin yeti\u015femedi\u011fi durumlarda iki, hatta \u00fc\u00e7 ki\u015fi fader hareketlerini ger\u00e7ekle\u015ftiriyordu. En ufak bir hatada ba\u015fa d\u00f6nmek gerekiyordu.<\/p>\n\n\n\n<p>B\u00fcy\u00fck st\u00fcdyolardaki kay\u0131t konsollar\u0131n\u0131n baz\u0131lar\u0131nda otomasyon \u00f6zelli\u011fi vard\u0131. Bu, i\u015fleri kolayla\u015ft\u0131ran bir \u015feydi \u00e7\u00fcnk\u00fc b\u00fct\u00fcn fader hareketlerini tek tek haf\u0131zaya almak m\u00fcmk\u00fcn oluyordu.&nbsp;<\/p>\n\n\n\n<p>Bug\u00fcn art\u0131k bir\u00e7ok miks \u2018in-the-box\u2019 yap\u0131l\u0131yor. Asl\u0131nda de\u011fi\u015fen bir \u015fey yok \u00e7\u00fcnk\u00fc riding the fader y\u00f6ntemini bilgisayar i\u00e7inde yap\u0131lan miksler i\u00e7in de ge\u00e7erli. Mouse ile kanal\u0131n vol\u00fcm seviyelerini \u00e7izgiler \u00e7izerek ayarlad\u0131\u011f\u0131n\u0131zda asl\u0131nda riding the fader y\u00f6ntemini uygulam\u0131\u015f oluyorsunuz. Tabii bunu mouse yerine bir kontrol \u00fcnitesi ile yapmak da m\u00fcmk\u00fcn.<\/p>\n\n\n\n<figure class=\"wp-block-image size-large\"><img loading=\"lazy\" width=\"955\" height=\"1024\" src=\"https:\/\/www.ufukonen.com\/tr\/wp-content\/uploads\/Riding_the_Fader_PostFaderSend-955x1024.jpg\" alt=\"\" class=\"wp-image-5244\" srcset=\"https:\/\/www.ufukonen.com\/tr\/wp-content\/uploads\/Riding_the_Fader_PostFaderSend-955x1024.jpg 955w, https:\/\/www.ufukonen.com\/tr\/wp-content\/uploads\/Riding_the_Fader_PostFaderSend-280x300.jpg 280w, https:\/\/www.ufukonen.com\/tr\/wp-content\/uploads\/Riding_the_Fader_PostFaderSend-768x823.jpg 768w, https:\/\/www.ufukonen.com\/tr\/wp-content\/uploads\/Riding_the_Fader_PostFaderSend.jpg 1665w\" sizes=\"(max-width: 955px) 100vw, 955px\" \/><\/figure>\n\n\n\n<p>\u0130kinci y\u00f6ntemimizde izleyece\u011fimiz ad\u0131mlar \u015fu \u015fekilde oluyor:<\/p>\n\n\n\n<ul><li>\u0130lk \u00f6nce vokal kanal\u0131na kanal\u0131n fader&#8217;\u0131 arac\u0131l\u0131\u011f\u0131 ile &#8216;riding the fader&#8217; tekni\u011fini uyguluyoruz ve vokali seviye a\u00e7\u0131s\u0131ndan stabil bir hale getiriyoruz.<\/li><li>Vokal kanal\u0131n \u00e7\u0131k\u0131\u015f\u0131n\u0131 mikse dahil etmiyoruz, \u00e7\u0131k\u0131\u015f\u0131 bir grup\/aux kanal\u0131na y\u00f6nlendiriyoruz.<\/li><li>Aux kanal\u0131na bir kompres\u00f6r insert edip, sinyali istedi\u011fimiz ve gerekli oldu\u011fu kadar s\u0131k\u0131\u015ft\u0131r\u0131yoruz (kompres ediyoruz).<\/li><li>Son olarak, aux kanal\u0131n\u0131n fader&#8217;\u0131 arac\u0131l\u0131\u011f\u0131 ile k\u00fc\u00e7\u00fck dokunu\u015flar yap\u0131p vokalin, miksin i\u00e7ine tam olarak oturmas\u0131n\u0131 sa\u011fl\u0131yoruz.&nbsp;<\/li><\/ul>\n\n\n\n<p>\u00d6nce riding the fader y\u00f6ntemini uygulay\u0131p, sinyali sonra kompres\u00f6re g\u00f6ndermeyi gain staging ya da \u201criding the gain\u201d gibi d\u00fc\u015f\u00fcnebilirsiniz ancak mutlaka \u00f6yle olmak zorunda de\u011fil.&nbsp;<\/p>\n\n\n\n<p>\u00d6rnek olarak, yukar\u0131daki \u00e7izimde oldu\u011fu gibi sinyalin ilk \u00f6nce kanal\u0131n insert noktas\u0131ndaki EQ ya da noise gate gibi di\u011fer sinyal i\u015flemcilere girip, sonras\u0131nda fader\u2019a gelip, ard\u0131ndan da bir bus arac\u0131l\u0131\u011f\u0131 ile \u00fczerinde bir kompres\u00f6r bulunan bir grup veya aux kanal\u0131na geldi\u011fini varsayal\u0131m. Bu durumda riding the fader i\u015flemi gain staging gibi olmaz \u00e7\u00fcnk\u00fc sinyal, fader \u00f6ncesinde insert noktas\u0131nda bulunan EQ ya da bir dinamik sinyal i\u015flemciden ge\u00e7mi\u015f olur. Dolay\u0131s\u0131yla insert noktas\u0131ndaki bu sinyal i\u015flemciler fader hareketleri ile yapt\u0131\u011f\u0131n\u0131z seviye de\u011fi\u015fikliklerinden etkilenmemi\u015f olur.<\/p>\n\n\n\n<div style=\"height:25px\" aria-hidden=\"true\" class=\"wp-block-spacer\"><\/div>\n\n\n\n<h3>3- Plug-in Kullanmak<\/h3>\n\n\n\n<p>Clip gain ve riding the fader \u00e7ok detayl\u0131 ve \u00e7ok temiz sonu\u00e7lar alabilece\u011fimiz y\u00f6ntemler ancak \u00e7ok zaman ve emek istiyor. Alternatif olarak, bu i\u015fi bilgisayara yapt\u0131rabiliriz. Bunun i\u00e7in \u00f6zel olarak \u00fcretilmi\u015f plug-in\u2019leri kullanabiliriz.<\/p>\n\n\n\n<p>\u00d6rnek olarak, <a href=\"https:\/\/www.waves.com\/plugins\/vocal-rider#how-to-level-vocals-perfectly-in-3-clicks\" target=\"_blank\" rel=\"noreferrer noopener\">Waves Vocal Rider<\/a>, insert etti\u011fimiz kanaldaki vokallerin seviyesini otomatik olarak ayarl\u0131yor.&nbsp;<\/p>\n\n\n\n<div class=\"wp-block-image\"><figure class=\"aligncenter size-large\"><img loading=\"lazy\" width=\"550\" height=\"1024\" src=\"https:\/\/www.ufukonen.com\/tr\/wp-content\/uploads\/Riding_the_Fader_Waves_VocalRider-550x1024.jpg\" alt=\"\" class=\"wp-image-5252\" srcset=\"https:\/\/www.ufukonen.com\/tr\/wp-content\/uploads\/Riding_the_Fader_Waves_VocalRider-550x1024.jpg 550w, https:\/\/www.ufukonen.com\/tr\/wp-content\/uploads\/Riding_the_Fader_Waves_VocalRider-161x300.jpg 161w, https:\/\/www.ufukonen.com\/tr\/wp-content\/uploads\/Riding_the_Fader_Waves_VocalRider.jpg 642w\" sizes=\"(max-width: 550px) 100vw, 550px\" \/><\/figure><\/div>\n\n\n\n<p>Bu y\u00f6ntemde izleyece\u011fimiz ad\u0131mlar \u015fu \u015fekilde oluyor:<\/p>\n\n\n\n<ul><li>\u0130lk olarak vokal kanal\u0131na Waves Vocal Rider ya da benzeri bir plug-in insert ediyoruz. Plug-in vokalin seviyesini otomatik olarak stabil hale getiriyor.<\/li><li>Insert noktas\u0131 arac\u0131l\u0131\u011f\u0131 ile kanala kompres\u00f6r ekliyoruz ve sinyali istedi\u011fimiz ve gerekli oldu\u011fu kadar s\u0131k\u0131\u015ft\u0131r\u0131yoruz (kompres ediyoruz).&nbsp;<\/li><li>Son olarak, kanal\u0131n fader&#8217;\u0131 arac\u0131l\u0131\u011f\u0131 ile k\u00fc\u00e7\u00fck dokunu\u015flar yap\u0131p vokalin, miksin i\u00e7ine tam olarak oturmas\u0131n\u0131 sa\u011fl\u0131yoruz.<\/li><\/ul>\n\n\n\n<p>Waves Vocal Rider&#8217;\u0131n&nbsp;yan\u0131 s\u0131ra ba\u015fka firmalar\u0131n da benzer i\u015fler yapan plug-in\u2019leri mevcut.<\/p>\n\n\n\n<div style=\"height:25px\" aria-hidden=\"true\" class=\"wp-block-spacer\"><\/div>\n\n\n\n<h3><strong>Sonu\u00e7<\/strong><\/h3>\n\n\n\n<p>Sonu\u00e7 olarak, vokali miksin i\u00e7ine oturtmak i\u00e7in vokalin sinyal seviyesini stabil hale getirmemiz ve bunu da (kompres\u00f6r\u00fcn a\u015f\u0131r\u0131 tepkiler vermesini \u00f6nlemek ve sinyali gere\u011finden fazla s\u0131k\u0131\u015ft\u0131rmas\u0131n\u0131 engellemek amac\u0131yla) kompres\u00f6rden \u00f6nce yapmam\u0131z gerekiyor.&nbsp;<\/p>\n\n\n\n<p>Bunu yapmak i\u00e7in \u00fc\u00e7 y\u00f6ntem bulunuyor: (1) clip gain, (2) riding the fader + aux kanal\u0131 ve (3) bu i\u015f i\u00e7in \u00f6zel olarak tasarlanm\u0131\u015f bir plug-in kullanmak.&nbsp;<\/p>\n\n\n\n<p>\u0130lk \u00f6nce bu y\u00f6ntemlerden birini kullanarak vokalin seviyesini kompres\u00f6rden \u00f6nce stabil bir hale getiriyoruz, son olarak da (kulland\u0131\u011f\u0131m\u0131z y\u00f6nteme g\u00f6re) kanal\u0131n veya aux kanal\u0131n\u0131n fader&#8217;\u0131 ile k\u00fc\u00e7\u00fck dokunu\u015flar yaparak vokali miksin i\u00e7in tam olarak oturtuyoruz.&nbsp;<\/p>\n\n\n\n<div style=\"height:50px\" aria-hidden=\"true\" class=\"wp-block-spacer\"><\/div>\n\n\n\n<p>Teknik terimler i\u00e7in <a href=\"http:\/\/www.ufukonen.com\/tr\/ses-kayit-muzik-teknolojisi-terimler-sozluk.html\">m\u00fczik teknolojisi, m\u00fczik prod\u00fcksiyonu ve ses kay\u0131t terimleri s\u00f6zl\u00fc\u011f\u00fcne<\/a> g\u00f6z atabilirsiniz.<\/p>\n\n\n\n<p>Benzer payla\u015f\u0131mlar i\u00e7in beni <a rel=\"noreferrer noopener\" href=\"https:\/\/www.facebook.com\/ufukonen.skmt\/\" target=\"_blank\">Facebook<\/a>, <a href=\"https:\/\/www.instagram.com\/ufukonen\/\" target=\"_blank\" rel=\"noreferrer noopener\" aria-label=\"Instagram (opens in a new tab)\">Instagram<\/a> ve <a rel=\"noreferrer noopener\" href=\"https:\/\/twitter.com\/UfukOnen\" target=\"_blank\">Twitter<\/a>&#8216;da takip edebilir, haberler i\u00e7in <a rel=\"noreferrer noopener\" href=\"http:\/\/ufukonen.com\/tr\/ses-kayit-muzik-teknolojisi-terimler-sozluk.html\" target=\"_blank\">mesaj listeme \u00fcye olabilirsiniz<\/a>. Te\u015fekk\u00fcrler.<\/p>\n\n\n\n<p>\u00a9 2022 Ufuk \u00d6nen. Her hakk\u0131 sakl\u0131d\u0131r. \u0130zinsiz kullan\u0131lamaz.<\/p>\n","protected":false},"excerpt":{"rendered":"<p class=\"post-excerpt\">Mikste vokalin seviyesini ayarl\u0131yoruz, genel olarak kula\u011fa iyi geliyor ama yer yer d\u00fc\u015f\u00fck kal\u0131yor veya zaman zaman y\u00fcksek geliyor ve&#8230;<\/p>\n","protected":false},"author":2,"featured_media":7746,"comment_status":"closed","ping_status":"open","sticky":true,"template":"","format":"standard","meta":{"_mi_skip_tracking":false,"spay_email":"","jetpack_publicize_message":"","jetpack_is_tweetstorm":false,"jetpack_publicize_feature_enabled":true},"categories":[1],"tags":[],"jetpack_featured_media_url":"https:\/\/www.ufukonen.com\/tr\/wp-content\/uploads\/Vokali_Miksin_Icine_Nasil_Oturtabiliriz_00_Header-2.jpg","jetpack_publicize_connections":[],"jetpack_shortlink":"https:\/\/wp.me\/p3rjsG-20L","jetpack_sharing_enabled":true,"jetpack-related-posts":[{"id":6345,"url":"https:\/\/www.ufukonen.com\/tr\/mikste-vokali-one-cikartmak.html","url_meta":{"origin":7735,"position":0},"title":"Mikste Vokali \u00d6ne \u00c7\u0131kartmak \u0130\u00e7in Bir Teknik","date":"January 18, 2021","format":false,"excerpt":"Vokalin par\u00e7an\u0131n i\u00e7inde baz\u0131 yerlerde miksin i\u00e7ine g\u00f6m\u00fcld\u00fc\u011f\u00fcn\u00fc ya da miks i\u00e7inde sahip oldu\u011fu alan\u0131 kaybetti\u011fini hissedebilirsiniz. Bu, daha \u00e7ok nakarat gibi enstr\u00fcman ve kanal say\u0131s\u0131n\u0131n artt\u0131\u011f\u0131 yerlerde kar\u015f\u0131m\u0131za \u00e7\u0131kan bir durumdur. B\u00f6yle bir durumda genel olarak ilk yap\u0131lan hareket otomasyon ile vokalin seviyesini birka\u00e7 dB y\u00fckseltmek oluyor. \u00c7o\u011fu zaman\u2026","rel":"","context":"In &quot;M\u00fczik Prod\u00fcksiyonu&quot;","img":{"alt_text":"","src":"https:\/\/i0.wp.com\/www.ufukonen.com\/tr\/wp-content\/uploads\/Mikste_Vokali_One_Cikartmak_00_Header.jpg?resize=350%2C200&ssl=1","width":350,"height":200},"classes":[]},{"id":6445,"url":"https:\/\/www.ufukonen.com\/tr\/vokal-miksi-rehber-1.html","url_meta":{"origin":7735,"position":1},"title":"Vokal Miksi i\u00e7in Mini Rehber (1. B\u00f6l\u00fcm)","date":"March 15, 2021","format":false,"excerpt":"Bu yaz\u0131mda vokal miksi i\u00e7in kullanabilece\u011finiz sekiz ba\u015fl\u0131ktan olu\u015fan bir mini rehber haz\u0131rlad\u0131m. Her ba\u015fl\u0131\u011f\u0131n alt\u0131nda ilgili yaz\u0131lar\u0131n linklerini ekledim. \u0130lk olarak 22 Mart 2021'de yay\u0131nlanm\u0131\u015f olan bu mini rehber, 8 A\u011fustos 2022, 28 Kas\u0131m 2022, 20 Mart 2023 ve 7 A\u011fustos 2025 tarihlerinde g\u00fcncellenmi\u015ftir. Filtre ve EQKompres\u00f6rEQDe-esserSidechain Kompres\u00f6r Kullan\u0131m\u0131Saturation,\u2026","rel":"","context":"In &quot;M\u00fczik Prod\u00fcksiyonu&quot;","img":{"alt_text":"","src":"https:\/\/i0.wp.com\/www.ufukonen.com\/tr\/wp-content\/uploads\/Vokal_Miksi_Mini_Rehber_00_Header.jpg?resize=350%2C200&ssl=1","width":350,"height":200},"classes":[]},{"id":8191,"url":"https:\/\/www.ufukonen.com\/tr\/2023-en-cok-okunan.html","url_meta":{"origin":7735,"position":2},"title":"2023 Y\u0131l\u0131nda En \u00c7ok Okunan Blog Yaz\u0131lar\u0131m","date":"December 27, 2023","format":false,"excerpt":"Blog yaz\u0131lar\u0131m\u0131 takip edenler bilirler, her senenin sonunda o y\u0131l en \u00e7ok okunan blog yaz\u0131lar\u0131m\u0131 liste haline getirip okuyucular\u0131mla payla\u015f\u0131r\u0131m. 2023 i\u00e7in de farkl\u0131 bir durum yok. Liste haz\u0131r ancak listeden \u00f6nce bu y\u0131l beni mesleki a\u00e7\u0131dan en \u00e7ok heyecanland\u0131ran geli\u015fmeyi payla\u015fmak istiyorum. 2023 y\u0131l\u0131nda beni en \u00e7ok heyecanland\u0131ran geli\u015fme,\u2026","rel":"","context":"In &quot;M\u00fczik End\u00fcstrisi&quot;","img":{"alt_text":"","src":"https:\/\/i0.wp.com\/www.ufukonen.com\/tr\/wp-content\/uploads\/2023_En_Cok_Okunan_00_Header.jpg?resize=350%2C200&ssl=1","width":350,"height":200},"classes":[]},{"id":6447,"url":"https:\/\/www.ufukonen.com\/tr\/vokal-miksi-rehber-2.html","url_meta":{"origin":7735,"position":3},"title":"Vokal Miksi i\u00e7in Mini Rehber (2. B\u00f6l\u00fcm)","date":"March 22, 2021","format":false,"excerpt":"Bu yaz\u0131mda vokal miksi i\u00e7in kullanabilece\u011finiz sekiz ba\u015fl\u0131ktan olu\u015fan bir mini rehber haz\u0131rlad\u0131m. Her ba\u015fl\u0131\u011f\u0131n alt\u0131nda ilgili yaz\u0131lar\u0131n linklerini ekledim. \u0130lk olarak 22 Mart 2021'de yay\u0131nlanm\u0131\u015f olan bu mini rehber, 8 A\u011fustos 2022, 28 Kas\u0131m 2022, 20 Mart 2023 ve 7 A\u011fustos 2025 tarihlerinde g\u00fcncellenmi\u015ftir. Filtre ve EQKompres\u00f6rEQDe-esserSidechain Kompres\u00f6r Kullan\u0131m\u0131Saturation,\u2026","rel":"","context":"In &quot;M\u00fczik Prod\u00fcksiyonu&quot;","img":{"alt_text":"","src":"https:\/\/i0.wp.com\/www.ufukonen.com\/tr\/wp-content\/uploads\/Vokal_Miksi_Mini_Rehber_00_Header.jpg?resize=350%2C200&ssl=1","width":350,"height":200},"classes":[]},{"id":8272,"url":"https:\/\/www.ufukonen.com\/tr\/miks-referans-parca-karsilastirirken.html","url_meta":{"origin":7735,"position":4},"title":"Miksinizi Referans Par\u00e7a \u0130le Kar\u015f\u0131la\u015ft\u0131r\u0131rken Dikkat Etmeniz Gereken 4 Nokta","date":"February 5, 2024","format":false,"excerpt":"Yapt\u0131\u011f\u0131m\u0131z miksi referans ald\u0131\u011f\u0131m\u0131z bir par\u00e7a ile kar\u015f\u0131la\u015ft\u0131rmak hepimizin s\u0131kl\u0131kla uygulad\u0131\u011f\u0131 bir y\u00f6ntem. Peki, bunu yaparken nelere dikkat etmeliyiz? Bu yaz\u0131mda miksinizi referans par\u00e7a ile kar\u015f\u0131la\u015ft\u0131r\u0131rken dikkat etmeniz gereken d\u00f6rt noktay\u0131 sizlerle payla\u015fmak istiyorum. 1- Vokal Amat\u00f6r ve profesyonel miksleri birbirlerinden ay\u0131ran en belirgin farklardan biri vokalin miksteki yeridir. Amat\u00f6r\u2026","rel":"","context":"In &quot;M\u00fczik Prod\u00fcksiyonu&quot;","img":{"alt_text":"","src":"https:\/\/i0.wp.com\/www.ufukonen.com\/tr\/wp-content\/uploads\/Miks_Referans_Parca_Karsilastirirken_00_Header.jpg?resize=350%2C200&ssl=1","width":350,"height":200},"classes":[]},{"id":8522,"url":"https:\/\/www.ufukonen.com\/tr\/vokalde-eq-kullanimi.html","url_meta":{"origin":7735,"position":5},"title":"Vokalde EQ Kullan\u0131m\u0131: Modern, Profesyonel ve Temiz Bir Ses \u0130\u00e7in \u0130pu\u00e7lar\u0131","date":"April 23, 2025","format":false,"excerpt":"Bana en \u00e7ok sorulan sorulardan biri \u015fu: \"Vokal i\u00e7in EQ ayarlar\u0131n\u0131 nas\u0131l yapmal\u0131y\u0131m?\" Hangi frekanslar\u0131 se\u00e7meli, ne kadar a\u00e7mal\u0131, ne kadar azaltmal\u0131... A\u00e7\u0131k\u00e7as\u0131 m\u00fczik prod\u00fcksiyonuna ilk ba\u015flad\u0131\u011f\u0131mda benim de en \u00e7ok merak etti\u011fim konulardan biri buydu...\u00a0 Benim m\u00fczik prod\u00fcksiyonuna ba\u015flad\u0131\u011f\u0131m zaman internet yoktu. Evet, baya\u011f\u0131 uzun bir zaman \u00f6ncesinden bahsediyoruz!\u2026","rel":"","context":"In &quot;M\u00fczik Prod\u00fcksiyonu&quot;","img":{"alt_text":"","src":"https:\/\/i0.wp.com\/www.ufukonen.com\/tr\/wp-content\/uploads\/Vokalde_EQ_Kullanimi_00_Header.jpg?resize=350%2C200&ssl=1","width":350,"height":200},"classes":[]}],"_links":{"self":[{"href":"https:\/\/www.ufukonen.com\/tr\/wp-json\/wp\/v2\/posts\/7735"}],"collection":[{"href":"https:\/\/www.ufukonen.com\/tr\/wp-json\/wp\/v2\/posts"}],"about":[{"href":"https:\/\/www.ufukonen.com\/tr\/wp-json\/wp\/v2\/types\/post"}],"author":[{"embeddable":true,"href":"https:\/\/www.ufukonen.com\/tr\/wp-json\/wp\/v2\/users\/2"}],"replies":[{"embeddable":true,"href":"https:\/\/www.ufukonen.com\/tr\/wp-json\/wp\/v2\/comments?post=7735"}],"version-history":[{"count":9,"href":"https:\/\/www.ufukonen.com\/tr\/wp-json\/wp\/v2\/posts\/7735\/revisions"}],"predecessor-version":[{"id":7744,"href":"https:\/\/www.ufukonen.com\/tr\/wp-json\/wp\/v2\/posts\/7735\/revisions\/7744"}],"wp:featuredmedia":[{"embeddable":true,"href":"https:\/\/www.ufukonen.com\/tr\/wp-json\/wp\/v2\/media\/7746"}],"wp:attachment":[{"href":"https:\/\/www.ufukonen.com\/tr\/wp-json\/wp\/v2\/media?parent=7735"}],"wp:term":[{"taxonomy":"category","embeddable":true,"href":"https:\/\/www.ufukonen.com\/tr\/wp-json\/wp\/v2\/categories?post=7735"},{"taxonomy":"post_tag","embeddable":true,"href":"https:\/\/www.ufukonen.com\/tr\/wp-json\/wp\/v2\/tags?post=7735"}],"curies":[{"name":"wp","href":"https:\/\/api.w.org\/{rel}","templated":true}]}}