{"id":774,"date":"2012-11-09T22:01:11","date_gmt":"2012-11-09T20:01:11","guid":{"rendered":"http:\/\/ufukonen.com\/tr\/?p=774"},"modified":"2014-06-03T19:02:26","modified_gmt":"2014-06-03T16:02:26","slug":"light-2011","status":"publish","type":"post","link":"https:\/\/www.ufukonen.com\/tr\/light-2011.html","title":{"rendered":"Light (2011)"},"content":{"rendered":"<p style=\"text-align: center;\">[\u0130ngilizce. T\u00fcrk\u00e7e i\u00e7erik haz\u0131rlanmaktad\u0131r]<\/p>\n<p style=\"text-align: center;\"><img loading=\"lazy\" class=\"alignnone size-full wp-image-779\" alt=\"Light-Poster-ENG-300_444_px\" src=\"http:\/\/ufukonen.com\/tr\/wp-content\/uploads\/Light-Poster-ENG-300_444_px.jpg\" width=\"300\" height=\"444\" srcset=\"https:\/\/www.ufukonen.com\/tr\/wp-content\/uploads\/Light-Poster-ENG-300_444_px.jpg 300w, https:\/\/www.ufukonen.com\/tr\/wp-content\/uploads\/Light-Poster-ENG-300_444_px-202x300.jpg 202w\" sizes=\"(max-width: 300px) 100vw, 300px\" \/><\/p>\n<p style=\"text-align: center;\">Directed by Ufuk \u00d6nen<\/p>\n<p style=\"text-align: center;\">Written and Produced by Neslihan Atcan Altan<\/p>\n<p style=\"text-align: center;\">Full cast and crew: <a href=\"http:\/\/www.imdb.com\/title\/tt1906415\/\" target=\"_blank\">IMDB<\/a><\/p>\n<p>&nbsp;<\/p>\n<p style=\"text-align: center;\">Amidst the sterile coldness of a suburb, a lonely lamp post residing in the front yard of a vacant house finds a connection that warms her heart: a sad looking guy who cares about her.<\/p>\n<p style=\"text-align: center;\">Screened at the 4th Annual Columbia Gorge International Film Festival, WA, USA (11 August 2011), and the 7th SoCal International Film Festival, Huntington Beach, CA, USA (30 September 2011).<\/p>\n<p style=\"text-align: center;\"><img loading=\"lazy\" class=\"wp-image-581 alignnone\" alt=\"CGIFF_Laurels_SUBMIT2_small\" src=\"http:\/\/ufukonen.com\/tr\/wp-content\/uploads\/CGIFF_Laurels_SUBMIT2_small.jpg\" width=\"162\" height=\"100\" \/>\u00a0 \u00a0<img loading=\"lazy\" class=\"wp-image-582 alignnone\" alt=\"SoCal\" src=\"http:\/\/ufukonen.com\/tr\/wp-content\/uploads\/SoCal.jpg\" width=\"160\" height=\"100\" \/><\/p>\n<p>&nbsp;<\/p>\n<p style=\"text-align: center;\">Executive Producers: Hakan Altan &amp; Ufuk \u00d6nen<br \/>\nDirector of Photography: Murat Ayg\u00fcney<br \/>\nFilm Editor: Andreas Treske<br \/>\nOriginal Music by Ufuk \u00d6nen<br \/>\nProduction Manager: Asl\u0131han Acar<br \/>\nProduction Assistants: Ay\u00e7a Tercio\u011flu &amp; P\u0131nar Mecit<br \/>\nCamera Assistant: Buket Akp\u0131nar<br \/>\nSpecial Effects: Burak \u00c7ald\u0131r<br \/>\nSound Editor and Designer: Ufuk \u00d6nen<br \/>\nGraphic Designer: Serda Ceren Sa\u011fba\u015f<br \/>\nStills Photographer: Ahmet Necati Uzer<br \/>\nCast: Hakan Altan<\/p>\n","protected":false},"excerpt":{"rendered":"<p class=\"post-excerpt\">[\u0130ngilizce. T\u00fcrk\u00e7e i\u00e7erik haz\u0131rlanmaktad\u0131r] Directed by Ufuk \u00d6nen Written and Produced by Neslihan Atcan Altan Full cast and crew: IMDB&#8230;<\/p>\n","protected":false},"author":2,"featured_media":779,"comment_status":"closed","ping_status":"open","sticky":false,"template":"","format":"standard","meta":{"_mi_skip_tracking":false,"spay_email":"","jetpack_publicize_message":"","jetpack_is_tweetstorm":false,"jetpack_publicize_feature_enabled":true},"categories":[14],"tags":[],"jetpack_featured_media_url":"https:\/\/www.ufukonen.com\/tr\/wp-content\/uploads\/Light-Poster-ENG-300_444_px.jpg","jetpack_publicize_connections":[],"jetpack_shortlink":"https:\/\/wp.me\/p3rjsG-cu","jetpack_sharing_enabled":true,"jetpack-related-posts":[{"id":600,"url":"https:\/\/www.ufukonen.com\/tr\/ufuk-onen.html","url_meta":{"origin":774,"position":0},"title":"Ufuk \u00d6nen","date":"January 2, 2019","format":false,"excerpt":"Ufuk \u00d6nen, T\u00fcrkiye, Avrupa ve Kuzey Amerika tabanl\u0131 200\u2019den fazla g\u00f6rsel-i\u015fitsel projede besteci, ses tasar\u0131mc\u0131s\u0131 ve ses kay\u0131t m\u00fchendisi olarak \u00e7al\u0131\u015fm\u0131\u015f; konser\/sinema ses sistemleri ve elektroakustik alanlar\u0131nda 300'den fazla proje\/salon\/sistem i\u00e7in dan\u0131\u015fmanl\u0131k yapm\u0131\u015ft\u0131r. \u00d6nen, alan\u0131nda ilk T\u00fcrk\u00e7e kaynak olan\u00a0Ses Kay\u0131t ve M\u00fczik Teknolojileri\u00a0adl\u0131 kitab\u0131n yazar\u0131d\u0131r ve yine bu alanda 50'den\u2026","rel":"","context":"With 2 comments","img":{"alt_text":"","src":"https:\/\/i0.wp.com\/www.ufukonen.com\/tr\/wp-content\/uploads\/UfukOnen_2022_16x9_c_rfs.jpg?resize=350%2C200&ssl=1","width":350,"height":200},"classes":[]},{"id":924,"url":"https:\/\/www.ufukonen.com\/tr\/gri-degil-siyah-ankara-rocks.html","url_meta":{"origin":774,"position":1},"title":"Gri De\u011fil, Siyah: Ankara Rocks!","date":"April 14, 2019","format":false,"excerpt":"IMDb sayfas\u0131 i\u00e7in t\u0131klay\u0131n\u0131z Ge\u00e7mi\u015f tarihli g\u00f6sterimler: 14 Nisan 2019 | Bilkent \u00dcniversitesi, Ankara 17 Nisan 2018 | 37. \u0130stanbul Film Festivali, Kad\u0131k\u00f6y, \u0130stanbul 12 Nisan 2018 | 37. \u0130stanbul Film Festivali, Beyo\u011flu, \u0130stanbul 15 Mart 2018 | T\u00fcrk Amerikan Derne\u011fi, Ankara 26 Ekim 2017 | Ortado\u011fu Teknik \u00dcniversitesi, Ankara\u2026","rel":"","context":"In &quot;Film&quot;","img":{"alt_text":"","src":"https:\/\/i0.wp.com\/www.ufukonen.com\/tr\/wp-content\/uploads\/Ankara_Rocks_Afis_Ingilizce-1.jpg?resize=350%2C200&ssl=1","width":350,"height":200},"classes":[]},{"id":616,"url":"https:\/\/www.ufukonen.com\/tr\/film-ve-medya-icin-muzik.html","url_meta":{"origin":774,"position":2},"title":"Film ve Medya i\u00e7in M\u00fczik","date":"November 10, 2012","format":false,"excerpt":"[\u0130ngilizce. T\u00fcrk\u00e7e i\u00e7erik haz\u0131rlanmaktad\u0131r]","rel":"","context":"Similar post","img":{"alt_text":"composer_150dpi_676w_130126","src":"https:\/\/i0.wp.com\/ufukonen.com\/tr\/wp-content\/uploads\/composer_150dpi_676w_130126.png?resize=350%2C200","width":350,"height":200},"classes":[]},{"id":624,"url":"https:\/\/www.ufukonen.com\/tr\/film-ve-medya-icin-ses-tasarimi.html","url_meta":{"origin":774,"position":3},"title":"Film ve Medya i\u00e7in Ses Tasar\u0131m\u0131","date":"November 10, 2012","format":false,"excerpt":"[\u0130ngilizce. T\u00fcrk\u00e7e i\u00e7erik haz\u0131rlanmaktad\u0131r]","rel":"","context":"Similar post","img":{"alt_text":"sound_designer_150dpi_678w_130126","src":"https:\/\/i0.wp.com\/ufukonen.com\/tr\/wp-content\/uploads\/sound_designer_150dpi_678w_130126.png?resize=350%2C200","width":350,"height":200},"classes":[]},{"id":829,"url":"https:\/\/www.ufukonen.com\/tr\/one-minute-lunch-film-competition-2013.html","url_meta":{"origin":774,"position":4},"title":"One Minute Lunch Film Competition 2013","date":"March 22, 2013","format":false,"excerpt":"\u00dc\u00e7 seneden beri\u00a0B\u00f6l\u00fcm\u00fcm\u00fcz \u0130leti\u015fim ve Tasar\u0131m'da (Bilkent COMD) \u00f6\u011frencilerimizin \u00e7ekti\u011fi bir dakikal\u0131k filmlerin yar\u0131\u015ft\u0131\u011f\u0131 \"One Minute Lunch Film Competition\" ad\u0131nda bir yar\u0131\u015fma d\u00fczenliyoruz. Oylama internet \u00fczerinden herkese a\u00e7\u0131k oluyor. On g\u00fcn devam eden oylamaya bu y\u0131l yakla\u015f\u0131k 3200 ki\u015fi kat\u0131ld\u0131. Bu say\u0131, ge\u00e7en senenin hemen hemen iki kat\u0131. A\u015fa\u011f\u0131ya ilk\u2026","rel":"","context":"In &quot;Ders &amp; Workshop&quot;","img":{"alt_text":"One_Minute_Lunch_2013","src":"https:\/\/i0.wp.com\/ufukonen.com\/tr\/wp-content\/uploads\/One_Minute_Lunch_2013.jpeg?resize=350%2C200","width":350,"height":200},"classes":[]},{"id":4086,"url":"https:\/\/www.ufukonen.com\/tr\/film-sesleri-1.html","url_meta":{"origin":774,"position":5},"title":"Film Sesleri (1. B\u00f6l\u00fcm)","date":"August 20, 2018","format":false,"excerpt":"Son y\u0131llarda t\u00fcm d\u00fcnyada oldu\u011fu gibi T\u00fcrkiye\u2019de de m\u00fczisyen ve besteciler taraf\u0131ndan film, video ve dizi m\u00fcziklerine g\u00f6sterilen ilgi olduk\u00e7a artt\u0131. G\u00fcn\u00fcm\u00fcz\u00fcn dijital teknolojisi sayesinde bir bestecinin bir film, video veya dizi m\u00fczi\u011finin b\u00fcy\u00fck bir b\u00f6l\u00fcm\u00fcn\u00fc, hatta baz\u0131 durumlarda tamam\u0131n\u0131, evde kurdu\u011fu st\u00fcdyosunda \u00e7al\u0131\u015farak bitirmesi m\u00fcmk\u00fcn h\u00e2le geldi. K\u00fc\u00e7\u00fck b\u00fct\u00e7eli\u2026","rel":"","context":"In &quot;Ses Tasar\u0131m\u0131&quot;","img":{"alt_text":"","src":"https:\/\/i0.wp.com\/www.ufukonen.com\/tr\/wp-content\/uploads\/film_sesleri_1.jpg?resize=350%2C200&ssl=1","width":350,"height":200},"classes":[]}],"_links":{"self":[{"href":"https:\/\/www.ufukonen.com\/tr\/wp-json\/wp\/v2\/posts\/774"}],"collection":[{"href":"https:\/\/www.ufukonen.com\/tr\/wp-json\/wp\/v2\/posts"}],"about":[{"href":"https:\/\/www.ufukonen.com\/tr\/wp-json\/wp\/v2\/types\/post"}],"author":[{"embeddable":true,"href":"https:\/\/www.ufukonen.com\/tr\/wp-json\/wp\/v2\/users\/2"}],"replies":[{"embeddable":true,"href":"https:\/\/www.ufukonen.com\/tr\/wp-json\/wp\/v2\/comments?post=774"}],"version-history":[{"count":11,"href":"https:\/\/www.ufukonen.com\/tr\/wp-json\/wp\/v2\/posts\/774\/revisions"}],"predecessor-version":[{"id":776,"href":"https:\/\/www.ufukonen.com\/tr\/wp-json\/wp\/v2\/posts\/774\/revisions\/776"}],"wp:featuredmedia":[{"embeddable":true,"href":"https:\/\/www.ufukonen.com\/tr\/wp-json\/wp\/v2\/media\/779"}],"wp:attachment":[{"href":"https:\/\/www.ufukonen.com\/tr\/wp-json\/wp\/v2\/media?parent=774"}],"wp:term":[{"taxonomy":"category","embeddable":true,"href":"https:\/\/www.ufukonen.com\/tr\/wp-json\/wp\/v2\/categories?post=774"},{"taxonomy":"post_tag","embeddable":true,"href":"https:\/\/www.ufukonen.com\/tr\/wp-json\/wp\/v2\/tags?post=774"}],"curies":[{"name":"wp","href":"https:\/\/api.w.org\/{rel}","templated":true}]}}