{"id":7811,"date":"2022-12-12T01:00:00","date_gmt":"2022-12-11T22:00:00","guid":{"rendered":"https:\/\/www.ufukonen.com\/tr\/?p=7811"},"modified":"2023-01-30T01:06:38","modified_gmt":"2023-01-29T22:06:38","slug":"2022-en-cok-okunan-1","status":"publish","type":"post","link":"https:\/\/www.ufukonen.com\/tr\/2022-en-cok-okunan-1.html","title":{"rendered":"2022 \u0130\u00e7inde En \u00c7ok Okunan Blog Yaz\u0131lar\u0131m (1. B\u00f6l\u00fcm)"},"content":{"rendered":"\n<p>2022\u2019yi kapat\u0131rken y\u0131l i\u00e7inde en \u00e7ok okunan blog yaz\u0131lar\u0131m\u0131 sizlerle payla\u015fmak istedim.<\/p>\n\n\n\n<p>\u0130ki liste haz\u0131rlad\u0131m:<\/p>\n\n\n\n<p>1- \u00d6nceki y\u0131llarda (2012-2021) yay\u0131nlanm\u0131\u015f olan yaz\u0131lardan 2022 i\u00e7inde en \u00e7ok okunanlar (a\u015fa\u011f\u0131daki liste).<\/p>\n\n\n\n<p>2- En \u00e7ok okunan 2022 tarihli yaz\u0131lar\u0131m (19 Aral\u0131k 2022 tarihinde yay\u0131na girecek).<\/p>\n\n\n\n<p>Yaz\u0131lar\u0131, ba\u015fl\u0131klar\u0131n\u0131n ya da g\u00f6rsellerinin \u00fczerine t\u0131klayarak okuyabilirsiniz.<\/p>\n\n\n\n<p>G\u00f6stermi\u015f oldu\u011funuz ilgi i\u00e7in \u00e7ok te\u015fekk\u00fcr ederim! 2023\u2019te de yine her hafta yeni bir blog yaz\u0131s\u0131 ile devam etmeyi planl\u0131yorum!<\/p>\n\n\n\n<div style=\"height:20px\" aria-hidden=\"true\" class=\"wp-block-spacer\"><\/div>\n\n\n\n<hr class=\"wp-block-separator is-style-wide\"\/>\n\n\n\n<div style=\"height:20px\" aria-hidden=\"true\" class=\"wp-block-spacer\"><\/div>\n\n\n\n<h2>2022 \u0130\u00e7inde En \u00c7ok Okunan \u00d6nceki Y\u0131llara Ait Yaz\u0131lar\u0131m (2012-2021)<\/h2>\n\n\n\n<div style=\"height:50px\" aria-hidden=\"true\" class=\"wp-block-spacer\"><\/div>\n\n\n\n<h3><a href=\"https:\/\/www.ufukonen.com\/tr\/frekans-araliklari.html\" target=\"_blank\" rel=\"noreferrer noopener\">01- Frekans Aral\u0131klar\u0131<\/a><\/h3>\n\n\n\n<figure class=\"wp-block-image size-large\"><a href=\"https:\/\/www.ufukonen.com\/tr\/frekans-araliklari.html\" target=\"_blank\" rel=\"noopener noreferrer\"><img loading=\"lazy\" width=\"1024\" height=\"576\" src=\"https:\/\/www.ufukonen.com\/tr\/wp-content\/uploads\/Frekans_Araliklari_2019_1280x720-1024x576.jpg\" alt=\"\" class=\"wp-image-5314\" srcset=\"https:\/\/www.ufukonen.com\/tr\/wp-content\/uploads\/Frekans_Araliklari_2019_1280x720-1024x576.jpg 1024w, https:\/\/www.ufukonen.com\/tr\/wp-content\/uploads\/Frekans_Araliklari_2019_1280x720-300x169.jpg 300w, https:\/\/www.ufukonen.com\/tr\/wp-content\/uploads\/Frekans_Araliklari_2019_1280x720-768x432.jpg 768w, https:\/\/www.ufukonen.com\/tr\/wp-content\/uploads\/Frekans_Araliklari_2019_1280x720.jpg 1280w\" sizes=\"(max-width: 1024px) 100vw, 1024px\" \/><\/a><\/figure>\n\n\n\n<div style=\"height:50px\" aria-hidden=\"true\" class=\"wp-block-spacer\"><\/div>\n\n\n\n<h3><a href=\"https:\/\/www.ufukonen.com\/tr\/iphone-icin-ucretsiz-ses-uygulamasi.html\" target=\"_blank\" rel=\"noreferrer noopener\">02- iPhone ve iPad i\u00e7in 10 \u00dccretsiz Ses Uygulamas\u0131<\/a><\/h3>\n\n\n\n<figure class=\"wp-block-image size-large\"><a href=\"https:\/\/www.ufukonen.com\/tr\/iphone-icin-ucretsiz-ses-uygulamasi.html\" target=\"_blank\" rel=\"noopener noreferrer\"><img loading=\"lazy\" width=\"1024\" height=\"576\" src=\"https:\/\/www.ufukonen.com\/tr\/wp-content\/uploads\/iPhone_iPad_00_Header-1024x576.jpg\" alt=\"\" class=\"wp-image-6215\" srcset=\"https:\/\/www.ufukonen.com\/tr\/wp-content\/uploads\/iPhone_iPad_00_Header-1024x576.jpg 1024w, https:\/\/www.ufukonen.com\/tr\/wp-content\/uploads\/iPhone_iPad_00_Header-300x169.jpg 300w, https:\/\/www.ufukonen.com\/tr\/wp-content\/uploads\/iPhone_iPad_00_Header-768x432.jpg 768w, https:\/\/www.ufukonen.com\/tr\/wp-content\/uploads\/iPhone_iPad_00_Header-1536x864.jpg 1536w, https:\/\/www.ufukonen.com\/tr\/wp-content\/uploads\/iPhone_iPad_00_Header-1140x641.jpg 1140w, https:\/\/www.ufukonen.com\/tr\/wp-content\/uploads\/iPhone_iPad_00_Header-552x311.jpg 552w, https:\/\/www.ufukonen.com\/tr\/wp-content\/uploads\/iPhone_iPad_00_Header.jpg 1920w\" sizes=\"(max-width: 1024px) 100vw, 1024px\" \/><\/a><\/figure>\n\n\n\n<div style=\"height:50px\" aria-hidden=\"true\" class=\"wp-block-spacer\"><\/div>\n\n\n\n<h3 id=\"block-5cc321c8-17a1-4557-946a-e3f1b589d0a9\"><a rel=\"noreferrer noopener\" href=\"https:\/\/www.ufukonen.com\/tr\/gain-volume-arasindaki-fark.html\" target=\"_blank\">03- Gain ile Volume Aras\u0131ndaki Fark<\/a><\/h3>\n\n\n\n<figure class=\"wp-block-image\" id=\"block-5804e641-90d3-41d2-b394-de8e5e789435\"><a href=\"https:\/\/www.ufukonen.com\/tr\/gain-volume-arasindaki-fark.html\" target=\"_blank\" rel=\"noopener\"><img src=\"https:\/\/www.ufukonen.com\/tr\/wp-content\/uploads\/Gain_Volume_Arasindaki_Fark_00_Header-1024x576.jpg\" alt=\"This image has an empty alt attribute; its file name is Gain_Volume_Arasindaki_Fark_00_Header-1024x576.jpg\"\/><\/a><\/figure>\n\n\n\n<div style=\"height:50px\" aria-hidden=\"true\" class=\"wp-block-spacer\"><\/div>\n\n\n\n<h3><a href=\"https:\/\/www.ufukonen.com\/tr\/vokal-miksi-rehber-1.html\" data-type=\"post\" data-id=\"6445\" target=\"_blank\" rel=\"noreferrer noopener\">04- Vokal Miksi \u0130\u00e7in Mini Rehber<\/a><\/h3>\n\n\n\n<figure class=\"wp-block-image size-large\"><a href=\"https:\/\/www.ufukonen.com\/tr\/vokal-miksi-rehber-1.html\" target=\"_blank\" rel=\"noopener\"><img loading=\"lazy\" width=\"1024\" height=\"576\" src=\"https:\/\/www.ufukonen.com\/tr\/wp-content\/uploads\/Vokal_Miksi_Mini_Rehber_00_Header-1024x576.jpg\" alt=\"\" class=\"wp-image-6449\" srcset=\"https:\/\/www.ufukonen.com\/tr\/wp-content\/uploads\/Vokal_Miksi_Mini_Rehber_00_Header-1024x576.jpg 1024w, https:\/\/www.ufukonen.com\/tr\/wp-content\/uploads\/Vokal_Miksi_Mini_Rehber_00_Header-300x169.jpg 300w, https:\/\/www.ufukonen.com\/tr\/wp-content\/uploads\/Vokal_Miksi_Mini_Rehber_00_Header-768x432.jpg 768w, https:\/\/www.ufukonen.com\/tr\/wp-content\/uploads\/Vokal_Miksi_Mini_Rehber_00_Header-1536x864.jpg 1536w, https:\/\/www.ufukonen.com\/tr\/wp-content\/uploads\/Vokal_Miksi_Mini_Rehber_00_Header-1140x641.jpg 1140w, https:\/\/www.ufukonen.com\/tr\/wp-content\/uploads\/Vokal_Miksi_Mini_Rehber_00_Header-552x311.jpg 552w, https:\/\/www.ufukonen.com\/tr\/wp-content\/uploads\/Vokal_Miksi_Mini_Rehber_00_Header.jpg 1920w\" sizes=\"(max-width: 1024px) 100vw, 1024px\" \/><\/a><\/figure>\n\n\n\n<div style=\"height:50px\" aria-hidden=\"true\" class=\"wp-block-spacer\"><\/div>\n\n\n\n<h3 id=\"block-9627bc56-4660-43aa-b148-f7cfa8408472\"><a rel=\"noreferrer noopener\" href=\"https:\/\/www.ufukonen.com\/tr\/usbc-thunderbolt3-fark.html\" target=\"_blank\">05- USB-C ile Thunderbolt 3 Aras\u0131ndaki Fark<\/a><\/h3>\n\n\n\n<figure class=\"wp-block-image\" id=\"block-28e540e5-c8bf-4cd5-8852-6de18242094e\"><a href=\"https:\/\/www.ufukonen.com\/tr\/usbc-thunderbolt3-fark.html\" target=\"_blank\" rel=\"noopener\"><img src=\"https:\/\/www.ufukonen.com\/tr\/wp-content\/uploads\/USBC-Thunderbolt3_00_Header-1024x576.jpg\" alt=\"This image has an empty alt attribute; its file name is USBC-Thunderbolt3_00_Header-1024x576.jpg\"\/><\/a><\/figure>\n\n\n\n<div style=\"height:50px\" aria-hidden=\"true\" class=\"wp-block-spacer\"><\/div>\n\n\n\n<h3><a rel=\"noreferrer noopener\" href=\"https:\/\/www.ufukonen.com\/tr\/kulak-cinlamasi-tinnitus.html\" data-type=\"post\" data-id=\"6814\" target=\"_blank\">06- Kulak \u00c7\u0131nlamas\u0131 (Tinnitus) ve Korunma Y\u00f6ntemleri<\/a><\/h3>\n\n\n\n<figure class=\"wp-block-image size-large\"><a href=\"https:\/\/www.ufukonen.com\/tr\/kulak-cinlamasi-tinnitus.html\" target=\"_blank\" rel=\"noopener noreferrer\"><img loading=\"lazy\" width=\"1024\" height=\"576\" src=\"https:\/\/www.ufukonen.com\/tr\/wp-content\/uploads\/Kulak_Cinlamasi_Tinnitus_00_Header-1024x576.jpg\" alt=\"\" class=\"wp-image-6818\" srcset=\"https:\/\/www.ufukonen.com\/tr\/wp-content\/uploads\/Kulak_Cinlamasi_Tinnitus_00_Header-1024x576.jpg 1024w, https:\/\/www.ufukonen.com\/tr\/wp-content\/uploads\/Kulak_Cinlamasi_Tinnitus_00_Header-300x169.jpg 300w, https:\/\/www.ufukonen.com\/tr\/wp-content\/uploads\/Kulak_Cinlamasi_Tinnitus_00_Header-768x432.jpg 768w, https:\/\/www.ufukonen.com\/tr\/wp-content\/uploads\/Kulak_Cinlamasi_Tinnitus_00_Header-1536x864.jpg 1536w, https:\/\/www.ufukonen.com\/tr\/wp-content\/uploads\/Kulak_Cinlamasi_Tinnitus_00_Header-1140x641.jpg 1140w, https:\/\/www.ufukonen.com\/tr\/wp-content\/uploads\/Kulak_Cinlamasi_Tinnitus_00_Header-552x311.jpg 552w, https:\/\/www.ufukonen.com\/tr\/wp-content\/uploads\/Kulak_Cinlamasi_Tinnitus_00_Header.jpg 1920w\" sizes=\"(max-width: 1024px) 100vw, 1024px\" \/><\/a><\/figure>\n\n\n\n<div style=\"height:50px\" aria-hidden=\"true\" class=\"wp-block-spacer\"><\/div>\n\n\n\n<h3 id=\"block-a6840065-5b2c-4998-ba8c-fb7837da2b3e\"><a rel=\"noreferrer noopener\" href=\"https:\/\/www.ufukonen.com\/tr\/kulaklik-miks-plugin-tavsiyeleri.html\" target=\"_blank\">07- Kulakl\u0131kla Miks Yapanlara Plug-in Tavsiyeleri<\/a><\/h3>\n\n\n\n<figure class=\"wp-block-image size-large\" id=\"block-50842051-6f14-4e1f-bea8-c0a0e474832b\"><a href=\"https:\/\/www.ufukonen.com\/tr\/kulaklik-miks-plugin-tavsiyeleri.html\" target=\"_blank\" rel=\"noopener\"><img loading=\"lazy\" width=\"1024\" height=\"683\" src=\"https:\/\/www.ufukonen.com\/tr\/wp-content\/uploads\/Kulaklik_Miks_Plugin_Header_v2-1024x683.jpg\" alt=\"\" class=\"wp-image-6575\" srcset=\"https:\/\/www.ufukonen.com\/tr\/wp-content\/uploads\/Kulaklik_Miks_Plugin_Header_v2-1024x683.jpg 1024w, https:\/\/www.ufukonen.com\/tr\/wp-content\/uploads\/Kulaklik_Miks_Plugin_Header_v2-300x200.jpg 300w, https:\/\/www.ufukonen.com\/tr\/wp-content\/uploads\/Kulaklik_Miks_Plugin_Header_v2-768x512.jpg 768w, https:\/\/www.ufukonen.com\/tr\/wp-content\/uploads\/Kulaklik_Miks_Plugin_Header_v2-1536x1024.jpg 1536w, https:\/\/www.ufukonen.com\/tr\/wp-content\/uploads\/Kulaklik_Miks_Plugin_Header_v2-1140x760.jpg 1140w, https:\/\/www.ufukonen.com\/tr\/wp-content\/uploads\/Kulaklik_Miks_Plugin_Header_v2-552x368.jpg 552w, https:\/\/www.ufukonen.com\/tr\/wp-content\/uploads\/Kulaklik_Miks_Plugin_Header_v2.jpg 1920w\" sizes=\"(max-width: 1024px) 100vw, 1024px\" \/><\/a><\/figure>\n\n\n\n<div style=\"height:50px\" aria-hidden=\"true\" class=\"wp-block-spacer\"><\/div>\n\n\n\n<h3><a rel=\"noreferrer noopener\" href=\"https:\/\/www.ufukonen.com\/tr\/mikrofon-line-seviye-fark.html\" target=\"_blank\">08- Mikrofon ve Line Seviyeleri Aras\u0131ndaki Fark<\/a><\/h3>\n\n\n\n<figure class=\"wp-block-image size-large\"><a href=\"https:\/\/www.ufukonen.com\/tr\/mikrofon-line-seviye-fark.html\" target=\"_blank\" rel=\"noopener noreferrer\"><img loading=\"lazy\" width=\"1024\" height=\"576\" src=\"https:\/\/www.ufukonen.com\/tr\/wp-content\/uploads\/Mikrofon_Line_Seviyeleri_Arasindaki_Fark-1024x576.jpg\" alt=\"\" class=\"wp-image-4283\" srcset=\"https:\/\/www.ufukonen.com\/tr\/wp-content\/uploads\/Mikrofon_Line_Seviyeleri_Arasindaki_Fark-1024x576.jpg 1024w, https:\/\/www.ufukonen.com\/tr\/wp-content\/uploads\/Mikrofon_Line_Seviyeleri_Arasindaki_Fark-300x169.jpg 300w, https:\/\/www.ufukonen.com\/tr\/wp-content\/uploads\/Mikrofon_Line_Seviyeleri_Arasindaki_Fark-768x432.jpg 768w, https:\/\/www.ufukonen.com\/tr\/wp-content\/uploads\/Mikrofon_Line_Seviyeleri_Arasindaki_Fark.jpg 1920w\" sizes=\"(max-width: 1024px) 100vw, 1024px\" \/><\/a><\/figure>\n\n\n\n<div style=\"height:50px\" aria-hidden=\"true\" class=\"wp-block-spacer\"><\/div>\n\n\n\n<h3><a rel=\"noreferrer noopener\" href=\"https:\/\/www.ufukonen.com\/tr\/miks-alt-frekans-dengesi-tavsiyeler.html\" data-type=\"post\" data-id=\"6869\" target=\"_blank\">09- Mikste Sa\u011flam Bir Alt Frekans Dengesi Yakalamak \u0130\u00e7in Tavsiyeler<\/a><\/h3>\n\n\n\n<figure class=\"wp-block-image size-large\"><a href=\"https:\/\/www.ufukonen.com\/tr\/miks-alt-frekans-dengesi-tavsiyeler.html\" target=\"_blank\" rel=\"noopener noreferrer\"><img loading=\"lazy\" width=\"1024\" height=\"576\" src=\"https:\/\/www.ufukonen.com\/tr\/wp-content\/uploads\/Miks_Alt_Frekans_Dengesi_Tavsiyeler_00_Header-1024x576.jpg\" alt=\"\" class=\"wp-image-6880\" srcset=\"https:\/\/www.ufukonen.com\/tr\/wp-content\/uploads\/Miks_Alt_Frekans_Dengesi_Tavsiyeler_00_Header-1024x576.jpg 1024w, https:\/\/www.ufukonen.com\/tr\/wp-content\/uploads\/Miks_Alt_Frekans_Dengesi_Tavsiyeler_00_Header-300x169.jpg 300w, https:\/\/www.ufukonen.com\/tr\/wp-content\/uploads\/Miks_Alt_Frekans_Dengesi_Tavsiyeler_00_Header-768x432.jpg 768w, https:\/\/www.ufukonen.com\/tr\/wp-content\/uploads\/Miks_Alt_Frekans_Dengesi_Tavsiyeler_00_Header-1536x864.jpg 1536w, https:\/\/www.ufukonen.com\/tr\/wp-content\/uploads\/Miks_Alt_Frekans_Dengesi_Tavsiyeler_00_Header-1140x641.jpg 1140w, https:\/\/www.ufukonen.com\/tr\/wp-content\/uploads\/Miks_Alt_Frekans_Dengesi_Tavsiyeler_00_Header-552x311.jpg 552w, https:\/\/www.ufukonen.com\/tr\/wp-content\/uploads\/Miks_Alt_Frekans_Dengesi_Tavsiyeler_00_Header.jpg 1920w\" sizes=\"(max-width: 1024px) 100vw, 1024px\" \/><\/a><\/figure>\n\n\n\n<div style=\"height:50px\" aria-hidden=\"true\" class=\"wp-block-spacer\"><\/div>\n\n\n\n<h3><a rel=\"noreferrer noopener\" href=\"https:\/\/www.ufukonen.com\/tr\/faz-kaymasi-cakismasi-nedir.html\" target=\"_blank\">10- Faz Kaymas\u0131 \/ \u00c7ak\u0131\u015fmas\u0131 Nedir ve Nas\u0131l Duyulur?<\/a><\/h3>\n\n\n\n<figure class=\"wp-block-image size-large\"><a href=\"https:\/\/www.ufukonen.com\/tr\/faz-kaymasi-cakismasi-nedir.html\" target=\"_blank\" rel=\"noopener noreferrer\"><img loading=\"lazy\" width=\"1024\" height=\"576\" src=\"https:\/\/www.ufukonen.com\/tr\/wp-content\/uploads\/Faz_Kaymasi_720-1024x576.jpg\" alt=\"\" class=\"wp-image-5122\" srcset=\"https:\/\/www.ufukonen.com\/tr\/wp-content\/uploads\/Faz_Kaymasi_720-1024x576.jpg 1024w, https:\/\/www.ufukonen.com\/tr\/wp-content\/uploads\/Faz_Kaymasi_720-300x169.jpg 300w, https:\/\/www.ufukonen.com\/tr\/wp-content\/uploads\/Faz_Kaymasi_720-768x432.jpg 768w, https:\/\/www.ufukonen.com\/tr\/wp-content\/uploads\/Faz_Kaymasi_720.jpg 1280w\" sizes=\"(max-width: 1024px) 100vw, 1024px\" \/><\/a><\/figure>\n\n\n\n<div style=\"height:50px\" aria-hidden=\"true\" class=\"wp-block-spacer\"><\/div>\n\n\n\n<h3><a rel=\"noreferrer noopener\" href=\"https:\/\/www.ufukonen.com\/tr\/lkfs-lufs-nedir.html\" target=\"_blank\">11- LKFS \/ LUFS Nedir ve Neden \u00d6nemlidir?<\/a><\/h3>\n\n\n\n<figure class=\"wp-block-image size-large\"><a href=\"https:\/\/www.ufukonen.com\/tr\/lkfs-lufs-nedir.html\" target=\"_blank\" rel=\"noopener noreferrer\"><img loading=\"lazy\" width=\"1024\" height=\"576\" src=\"https:\/\/www.ufukonen.com\/tr\/wp-content\/uploads\/LKFS_LUFS-1024x576.jpg\" alt=\"\" class=\"wp-image-4497\" srcset=\"https:\/\/www.ufukonen.com\/tr\/wp-content\/uploads\/LKFS_LUFS-1024x576.jpg 1024w, https:\/\/www.ufukonen.com\/tr\/wp-content\/uploads\/LKFS_LUFS-300x169.jpg 300w, https:\/\/www.ufukonen.com\/tr\/wp-content\/uploads\/LKFS_LUFS-768x432.jpg 768w, https:\/\/www.ufukonen.com\/tr\/wp-content\/uploads\/LKFS_LUFS.jpg 1280w\" sizes=\"(max-width: 1024px) 100vw, 1024px\" \/><\/a><\/figure>\n\n\n\n<div style=\"height:50px\" aria-hidden=\"true\" class=\"wp-block-spacer\"><\/div>\n\n\n\n<h3><a rel=\"noreferrer noopener\" href=\"https:\/\/www.ufukonen.com\/tr\/ucretsiz-pluginler.html\" data-type=\"post\" data-id=\"6598\" target=\"_blank\">12- \u00dccretsiz Plug-in&#8217;ler<\/a><\/h3>\n\n\n\n<figure class=\"wp-block-image size-large\"><a href=\"https:\/\/www.ufukonen.com\/tr\/ucretsiz-pluginler.html\" target=\"_blank\" rel=\"noopener noreferrer\"><img loading=\"lazy\" width=\"1024\" height=\"1024\" src=\"https:\/\/www.ufukonen.com\/tr\/wp-content\/uploads\/Ucretsiz_Pluginler_Serisi_2021-05-16-1024x1024.jpg\" alt=\"\" class=\"wp-image-6639\" srcset=\"https:\/\/www.ufukonen.com\/tr\/wp-content\/uploads\/Ucretsiz_Pluginler_Serisi_2021-05-16-1024x1024.jpg 1024w, https:\/\/www.ufukonen.com\/tr\/wp-content\/uploads\/Ucretsiz_Pluginler_Serisi_2021-05-16-300x300.jpg 300w, https:\/\/www.ufukonen.com\/tr\/wp-content\/uploads\/Ucretsiz_Pluginler_Serisi_2021-05-16-150x150.jpg 150w, https:\/\/www.ufukonen.com\/tr\/wp-content\/uploads\/Ucretsiz_Pluginler_Serisi_2021-05-16-768x768.jpg 768w, https:\/\/www.ufukonen.com\/tr\/wp-content\/uploads\/Ucretsiz_Pluginler_Serisi_2021-05-16-1140x1140.jpg 1140w, https:\/\/www.ufukonen.com\/tr\/wp-content\/uploads\/Ucretsiz_Pluginler_Serisi_2021-05-16-552x552.jpg 552w, https:\/\/www.ufukonen.com\/tr\/wp-content\/uploads\/Ucretsiz_Pluginler_Serisi_2021-05-16.jpg 1280w\" sizes=\"(max-width: 1024px) 100vw, 1024px\" \/><\/a><\/figure>\n\n\n\n<div style=\"height:50px\" aria-hidden=\"true\" class=\"wp-block-spacer\"><\/div>\n\n\n\n<h3><a rel=\"noreferrer noopener\" href=\"https:\/\/www.ufukonen.com\/tr\/1_4-ve-xlr-konnektorler-hangisi-ne-icin-kullanilir.html\" target=\"_blank\">13- 1\/4&#8243; ve XLR Konnekt\u00f6rler: Hangisi Ne \u0130\u00e7in Kullan\u0131l\u0131r?<\/a><\/h3>\n\n\n\n<figure class=\"wp-block-image size-large\"><a href=\"https:\/\/www.ufukonen.com\/tr\/1_4-ve-xlr-konnektorler-hangisi-ne-icin-kullanilir.html\" target=\"_blank\" rel=\"noopener noreferrer\"><img loading=\"lazy\" width=\"1024\" height=\"576\" src=\"https:\/\/www.ufukonen.com\/tr\/wp-content\/uploads\/Konnektor_feat_1920_nonemetalhasel_devine-1024x576.jpg\" alt=\"\" class=\"wp-image-2950\" srcset=\"https:\/\/www.ufukonen.com\/tr\/wp-content\/uploads\/Konnektor_feat_1920_nonemetalhasel_devine-1024x576.jpg 1024w, https:\/\/www.ufukonen.com\/tr\/wp-content\/uploads\/Konnektor_feat_1920_nonemetalhasel_devine-300x169.jpg 300w, https:\/\/www.ufukonen.com\/tr\/wp-content\/uploads\/Konnektor_feat_1920_nonemetalhasel_devine-768x432.jpg 768w, https:\/\/www.ufukonen.com\/tr\/wp-content\/uploads\/Konnektor_feat_1920_nonemetalhasel_devine.jpg 1920w\" sizes=\"(max-width: 1024px) 100vw, 1024px\" \/><\/a><\/figure>\n\n\n\n<div style=\"height:50px\" aria-hidden=\"true\" class=\"wp-block-spacer\"><\/div>\n\n\n\n<h3 id=\"block-c71a5449-6d2a-4ea6-a064-d20197ae806d\"><a rel=\"noreferrer noopener\" href=\"https:\/\/www.ufukonen.com\/tr\/telif-kazanclari-dijital-muzik-gelirleri-vergi.html\" target=\"_blank\">14- Telif Kazan\u00e7lar\u0131, Dijital M\u00fczik Gelirleri ve Vergi<\/a><\/h3>\n\n\n\n<figure class=\"wp-block-image\" id=\"block-58a6cc07-52ba-438c-9ee5-a3bf8405b4af\"><a href=\"https:\/\/www.ufukonen.com\/tr\/telif-kazanclari-dijital-muzik-gelirleri-vergi.html\" target=\"_blank\" rel=\"noopener\"><img src=\"https:\/\/www.ufukonen.com\/tr\/wp-content\/uploads\/Telif_Haklari_Vergi_00_Header-1024x576.jpg\" alt=\"This image has an empty alt attribute; its file name is Telif_Haklari_Vergi_00_Header-1024x576.jpg\"\/><\/a><\/figure>\n\n\n\n<div style=\"height:50px\" aria-hidden=\"true\" class=\"wp-block-spacer\"><\/div>\n\n\n\n<h3><a rel=\"noreferrer noopener\" href=\"https:\/\/www.ufukonen.com\/tr\/formant-frekanslar-ve-pitch-shifting.html\" target=\"_blank\">15- Formant Frekanslar ve Pitch Shifting<\/a><\/h3>\n\n\n\n<figure class=\"wp-block-image size-large\"><a href=\"https:\/\/www.ufukonen.com\/tr\/formant-frekanslar-ve-pitch-shifting.html\" target=\"_blank\" rel=\"noopener noreferrer\"><img loading=\"lazy\" width=\"1024\" height=\"409\" src=\"https:\/\/www.ufukonen.com\/tr\/wp-content\/uploads\/Formant_Frekanslar_Spektogram_ile_Goruntulenebilir-1024x409.jpg\" alt=\"\" class=\"wp-image-736\" srcset=\"https:\/\/www.ufukonen.com\/tr\/wp-content\/uploads\/Formant_Frekanslar_Spektogram_ile_Goruntulenebilir-1024x409.jpg 1024w, https:\/\/www.ufukonen.com\/tr\/wp-content\/uploads\/Formant_Frekanslar_Spektogram_ile_Goruntulenebilir-300x119.jpg 300w, https:\/\/www.ufukonen.com\/tr\/wp-content\/uploads\/Formant_Frekanslar_Spektogram_ile_Goruntulenebilir.jpg 1334w\" sizes=\"(max-width: 1024px) 100vw, 1024px\" \/><\/a><\/figure>\n\n\n\n<div style=\"height:50px\" aria-hidden=\"true\" class=\"wp-block-spacer\"><\/div>\n\n\n\n<h3><a rel=\"noreferrer noopener\" href=\"https:\/\/www.ufukonen.com\/tr\/muziginizi-itunes-apple-music-spotify-dijital-platformlara-nasil-dagitabilirsiniz.html\" target=\"_blank\">16- M\u00fczi\u011finizi iTunes, Apple Music, Spotify ve Benzeri Dijital Platformlara Nas\u0131l Da\u011f\u0131tabilirsiniz?<\/a><\/h3>\n\n\n\n<figure class=\"wp-block-image size-large\"><a href=\"https:\/\/www.ufukonen.com\/tr\/muziginizi-itunes-apple-music-spotify-dijital-platformlara-nasil-dagitabilirsiniz.html\" target=\"_blank\" rel=\"noopener noreferrer\"><img loading=\"lazy\" width=\"1024\" height=\"576\" src=\"https:\/\/www.ufukonen.com\/tr\/wp-content\/uploads\/Muziginizi_Dijital_Platformlara_Nasil_Dagitirsiniz-1024x576.jpg\" alt=\"\" class=\"wp-image-3891\" srcset=\"https:\/\/www.ufukonen.com\/tr\/wp-content\/uploads\/Muziginizi_Dijital_Platformlara_Nasil_Dagitirsiniz-1024x576.jpg 1024w, https:\/\/www.ufukonen.com\/tr\/wp-content\/uploads\/Muziginizi_Dijital_Platformlara_Nasil_Dagitirsiniz-300x169.jpg 300w, https:\/\/www.ufukonen.com\/tr\/wp-content\/uploads\/Muziginizi_Dijital_Platformlara_Nasil_Dagitirsiniz-768x432.jpg 768w, https:\/\/www.ufukonen.com\/tr\/wp-content\/uploads\/Muziginizi_Dijital_Platformlara_Nasil_Dagitirsiniz.jpg 1280w\" sizes=\"(max-width: 1024px) 100vw, 1024px\" \/><\/a><\/figure>\n\n\n\n<div style=\"height:50px\" aria-hidden=\"true\" class=\"wp-block-spacer\"><\/div>\n\n\n\n<h3><a rel=\"noreferrer noopener\" href=\"https:\/\/www.ufukonen.com\/tr\/dengeli-sinyal.html\" target=\"_blank\">17- Dengeli Sinyal<\/a><\/h3>\n\n\n\n<figure class=\"wp-block-image size-large\"><a href=\"https:\/\/www.ufukonen.com\/tr\/dengeli-sinyal.html\" target=\"_blank\" rel=\"noopener noreferrer\"><img loading=\"lazy\" width=\"1024\" height=\"757\" src=\"https:\/\/www.ufukonen.com\/tr\/wp-content\/uploads\/Dengeli_Sinyal_Feat_Img-1024x757.jpg\" alt=\"\" class=\"wp-image-2953\" srcset=\"https:\/\/www.ufukonen.com\/tr\/wp-content\/uploads\/Dengeli_Sinyal_Feat_Img-1024x757.jpg 1024w, https:\/\/www.ufukonen.com\/tr\/wp-content\/uploads\/Dengeli_Sinyal_Feat_Img-300x222.jpg 300w, https:\/\/www.ufukonen.com\/tr\/wp-content\/uploads\/Dengeli_Sinyal_Feat_Img-768x568.jpg 768w, https:\/\/www.ufukonen.com\/tr\/wp-content\/uploads\/Dengeli_Sinyal_Feat_Img.jpg 1234w\" sizes=\"(max-width: 1024px) 100vw, 1024px\" \/><\/a><\/figure>\n\n\n\n<div style=\"height:50px\" aria-hidden=\"true\" class=\"wp-block-spacer\"><\/div>\n\n\n\n<h3><a href=\"https:\/\/www.ufukonen.com\/tr\/kompresor-attack-suresi-gorsel.html\" data-type=\"post\" data-id=\"4787\" target=\"_blank\" rel=\"noreferrer noopener\">18- Kompres\u00f6r Attack S\u00fcresinin Sese Etkisini G\u00f6rselle\u015ftirecek Olursak\u2026<\/a><\/h3>\n\n\n\n<figure class=\"wp-block-image size-large\"><a href=\"https:\/\/www.ufukonen.com\/tr\/kompresor-attack-suresi-gorsel.html\" target=\"_blank\" rel=\"noopener\"><img loading=\"lazy\" width=\"1024\" height=\"576\" src=\"https:\/\/www.ufukonen.com\/tr\/wp-content\/uploads\/Attack_Header_b_1280x720_rfs-1024x576.jpg\" alt=\"\" class=\"wp-image-4800\" srcset=\"https:\/\/www.ufukonen.com\/tr\/wp-content\/uploads\/Attack_Header_b_1280x720_rfs-1024x576.jpg 1024w, https:\/\/www.ufukonen.com\/tr\/wp-content\/uploads\/Attack_Header_b_1280x720_rfs-300x169.jpg 300w, https:\/\/www.ufukonen.com\/tr\/wp-content\/uploads\/Attack_Header_b_1280x720_rfs-768x432.jpg 768w, https:\/\/www.ufukonen.com\/tr\/wp-content\/uploads\/Attack_Header_b_1280x720_rfs.jpg 1280w\" sizes=\"(max-width: 1024px) 100vw, 1024px\" \/><\/a><\/figure>\n\n\n\n<div style=\"height:50px\" aria-hidden=\"true\" class=\"wp-block-spacer\"><\/div>\n\n\n\n<h3><a rel=\"noreferrer noopener\" href=\"https:\/\/www.ufukonen.com\/tr\/davul-miksi-kompresor-tuyo.html\" data-type=\"post\" data-id=\"6732\" target=\"_blank\">19- Davul Miksi ve Kompres\u00f6r: Bir T\u00fcyo<\/a><\/h3>\n\n\n\n<figure class=\"wp-block-image size-large\"><a href=\"https:\/\/www.ufukonen.com\/tr\/davul-miksi-kompresor-tuyo.html\" target=\"_blank\" rel=\"noopener noreferrer\"><img loading=\"lazy\" width=\"1024\" height=\"576\" src=\"https:\/\/www.ufukonen.com\/tr\/wp-content\/uploads\/Davul_Alt_Miksi_Kompresor_00_Header-1024x576.jpg\" alt=\"\" class=\"wp-image-6739\" srcset=\"https:\/\/www.ufukonen.com\/tr\/wp-content\/uploads\/Davul_Alt_Miksi_Kompresor_00_Header-1024x576.jpg 1024w, https:\/\/www.ufukonen.com\/tr\/wp-content\/uploads\/Davul_Alt_Miksi_Kompresor_00_Header-300x169.jpg 300w, https:\/\/www.ufukonen.com\/tr\/wp-content\/uploads\/Davul_Alt_Miksi_Kompresor_00_Header-768x432.jpg 768w, https:\/\/www.ufukonen.com\/tr\/wp-content\/uploads\/Davul_Alt_Miksi_Kompresor_00_Header-1536x864.jpg 1536w, https:\/\/www.ufukonen.com\/tr\/wp-content\/uploads\/Davul_Alt_Miksi_Kompresor_00_Header-1140x641.jpg 1140w, https:\/\/www.ufukonen.com\/tr\/wp-content\/uploads\/Davul_Alt_Miksi_Kompresor_00_Header-552x311.jpg 552w, https:\/\/www.ufukonen.com\/tr\/wp-content\/uploads\/Davul_Alt_Miksi_Kompresor_00_Header.jpg 1920w\" sizes=\"(max-width: 1024px) 100vw, 1024px\" \/><\/a><\/figure>\n\n\n\n<div style=\"height:50px\" aria-hidden=\"true\" class=\"wp-block-spacer\"><\/div>\n\n\n\n<h3><a href=\"https:\/\/www.ufukonen.com\/tr\/de-esser-nedir-nasil-kullanilir.html\" data-type=\"post\" data-id=\"5997\" target=\"_blank\" rel=\"noreferrer noopener\">20- De-esser Nedir ve Nas\u0131l Kullan\u0131l\u0131r?<\/a><\/h3>\n\n\n\n<figure class=\"wp-block-image size-large\"><a href=\"https:\/\/www.ufukonen.com\/tr\/de-esser-nedir-nasil-kullanilir.html\" target=\"_blank\" rel=\"noopener noreferrer\"><img loading=\"lazy\" width=\"1024\" height=\"576\" src=\"https:\/\/www.ufukonen.com\/tr\/wp-content\/uploads\/De-esser_Header-1024x576.jpg\" alt=\"\" class=\"wp-image-5999\" srcset=\"https:\/\/www.ufukonen.com\/tr\/wp-content\/uploads\/De-esser_Header-1024x576.jpg 1024w, https:\/\/www.ufukonen.com\/tr\/wp-content\/uploads\/De-esser_Header-300x169.jpg 300w, https:\/\/www.ufukonen.com\/tr\/wp-content\/uploads\/De-esser_Header-768x432.jpg 768w, https:\/\/www.ufukonen.com\/tr\/wp-content\/uploads\/De-esser_Header-1536x864.jpg 1536w, https:\/\/www.ufukonen.com\/tr\/wp-content\/uploads\/De-esser_Header-1140x641.jpg 1140w, https:\/\/www.ufukonen.com\/tr\/wp-content\/uploads\/De-esser_Header-552x311.jpg 552w, https:\/\/www.ufukonen.com\/tr\/wp-content\/uploads\/De-esser_Header.jpg 1920w\" sizes=\"(max-width: 1024px) 100vw, 1024px\" \/><\/a><\/figure>\n\n\n\n<div style=\"height:50px\" aria-hidden=\"true\" class=\"wp-block-spacer\"><\/div>\n\n\n\n<hr class=\"wp-block-separator is-style-wide\"\/>\n\n\n\n<p>Teknik terimler i\u00e7in <a href=\"http:\/\/www.ufukonen.com\/tr\/ses-kayit-muzik-teknolojisi-terimler-sozluk.html\">m\u00fczik teknolojisi, m\u00fczik prod\u00fcksiyonu ve ses kay\u0131t terimleri s\u00f6zl\u00fc\u011f\u00fcne<\/a> g\u00f6z atabilirsiniz.<\/p>\n\n\n\n<p>Benzer payla\u015f\u0131mlar i\u00e7in beni <a rel=\"noreferrer noopener\" href=\"https:\/\/www.facebook.com\/ufukonen.skmt\/\" target=\"_blank\">Facebook<\/a>, <a href=\"https:\/\/www.instagram.com\/ufukonen\/\" target=\"_blank\" rel=\"noreferrer noopener\" aria-label=\"Instagram (opens in a new tab)\">Instagram<\/a> ve <a rel=\"noreferrer noopener\" href=\"https:\/\/twitter.com\/UfukOnen\" target=\"_blank\">Twitter<\/a>&#8216;da takip edebilir, haberler i\u00e7in <a rel=\"noreferrer noopener\" href=\"http:\/\/ufukonen.com\/tr\/ses-kayit-muzik-teknolojisi-terimler-sozluk.html\" target=\"_blank\">mesaj listeme \u00fcye olabilirsiniz<\/a>. Te\u015fekk\u00fcrler.<\/p>\n\n\n\n<p>\u00a9 2022 Ufuk \u00d6nen. Her hakk\u0131 sakl\u0131d\u0131r. \u0130zinsiz kullan\u0131lamaz.<\/p>\n","protected":false},"excerpt":{"rendered":"<p class=\"post-excerpt\">2022\u2019yi kapat\u0131rken y\u0131l i\u00e7inde en \u00e7ok okunan blog yaz\u0131lar\u0131m\u0131 sizlerle payla\u015fmak istedim. \u0130ki liste haz\u0131rlad\u0131m: 1- \u00d6nceki y\u0131llarda (2012-2021) yay\u0131nlanm\u0131\u015f&#8230;<\/p>\n","protected":false},"author":2,"featured_media":7850,"comment_status":"closed","ping_status":"open","sticky":false,"template":"","format":"standard","meta":{"_mi_skip_tracking":false,"spay_email":"","jetpack_publicize_message":"","jetpack_is_tweetstorm":false,"jetpack_publicize_feature_enabled":true},"categories":[21,20,17,16,19,18],"tags":[],"jetpack_featured_media_url":"https:\/\/www.ufukonen.com\/tr\/wp-content\/uploads\/2022_En_Cok_Okunan_1_00_Header.jpg","jetpack_publicize_connections":[],"jetpack_shortlink":"https:\/\/wp.me\/p3rjsG-21Z","jetpack_sharing_enabled":true,"jetpack-related-posts":[{"id":7824,"url":"https:\/\/www.ufukonen.com\/tr\/2022-en-cok-okunan-2.html","url_meta":{"origin":7811,"position":0},"title":"2022 \u0130\u00e7inde En \u00c7ok Okunan Blog Yaz\u0131lar\u0131m (2. B\u00f6l\u00fcm)","date":"December 19, 2022","format":false,"excerpt":"2022\u2019yi kapat\u0131rken y\u0131l i\u00e7inde en \u00e7ok okunan blog yaz\u0131lar\u0131m\u0131 sizlerle payla\u015fmak istedim. \u0130ki liste haz\u0131rlad\u0131m: 1- \u00d6nceki y\u0131llarda (2012-2021) yay\u0131nlanm\u0131\u015f olan yaz\u0131lardan 2022 i\u00e7inde en \u00e7ok okunanlar (buraya t\u0131klayarak g\u00f6r\u00fcnt\u00fcleyebilirsiniz). 2- En \u00e7ok okunan 2022 tarihli yaz\u0131lar\u0131m (a\u015fa\u011f\u0131daki liste). Yaz\u0131lar\u0131, ba\u015fl\u0131klar\u0131n\u0131n ya da g\u00f6rsellerinin \u00fczerine t\u0131klayarak okuyabilirsiniz. G\u00f6stermi\u015f oldu\u011funuz ilgi\u2026","rel":"","context":"In &quot;Konferans&quot;","img":{"alt_text":"","src":"https:\/\/i0.wp.com\/www.ufukonen.com\/tr\/wp-content\/uploads\/2022_En_Cok_Okunan_2_00_Header.jpg?resize=350%2C200&ssl=1","width":350,"height":200},"classes":[]},{"id":5320,"url":"https:\/\/www.ufukonen.com\/tr\/2019-en-cok-okunan.html","url_meta":{"origin":7811,"position":1},"title":"2019 \u0130\u00e7inde En \u00c7ok Okunan Blog Yaz\u0131lar\u0131m","date":"December 23, 2019","format":false,"excerpt":"2019'u kapat\u0131rken y\u0131l i\u00e7inde en \u00e7ok okunan blog yaz\u0131lar\u0131m\u0131 sizlerle payla\u015fmak istedim. \u0130ki liste haz\u0131rlad\u0131m: Birincisi, en \u00e7ok okunan 2019 tarihli yaz\u0131lar\u0131m; ikincisi ise \u00f6nceki y\u0131llarda (2012-2018) yay\u0131nlanm\u0131\u015f olan yaz\u0131lardan 2019 i\u00e7inde en \u00e7ok okunanlar.\u00a0Yaz\u0131lar\u0131, ba\u015fl\u0131klar\u0131n\u0131n ya da g\u00f6rsellerinin \u00fczerine t\u0131klayarak okuyabilirsiniz. En \u00c7ok Okunan 2019 Tarihli Yaz\u0131lar\u0131m 1- LKFS\u2026","rel":"","context":"In &quot;M\u00fczik Prod\u00fcksiyonu&quot;","img":{"alt_text":"","src":"https:\/\/i0.wp.com\/www.ufukonen.com\/tr\/wp-content\/uploads\/2019_En_Cok_Okunan_Yazilar_720_.jpg?resize=350%2C200&ssl=1","width":350,"height":200},"classes":[]},{"id":7050,"url":"https:\/\/www.ufukonen.com\/tr\/2021-en-cok-okunan.html","url_meta":{"origin":7811,"position":2},"title":"2021 \u0130\u00e7inde En \u00c7ok Okunan Blog Yaz\u0131lar\u0131m","date":"December 20, 2021","format":false,"excerpt":"2021'i kapat\u0131rken y\u0131l i\u00e7inde en \u00e7ok okunan blog yaz\u0131lar\u0131m\u0131 sizlerle payla\u015fmak istedim. \u0130ki liste haz\u0131rlad\u0131m: 1- En \u00e7ok okunan 2021 tarihli yaz\u0131lar\u0131m. 2- \u00d6nceki y\u0131llarda (2012-2020) yay\u0131nlanm\u0131\u015f olan yaz\u0131lardan 2021 i\u00e7inde en \u00e7ok okunanlar. Yaz\u0131lar\u0131, ba\u015fl\u0131klar\u0131n\u0131n ya da g\u00f6rsellerinin \u00fczerine t\u0131klayarak okuyabilirsiniz. G\u00f6stermi\u015f oldu\u011funuz ilgi i\u00e7in \u00e7ok te\u015fekk\u00fcr ederim! 2022'de\u2026","rel":"","context":"In &quot;M\u00fczik&quot;","img":{"alt_text":"","src":"https:\/\/i0.wp.com\/www.ufukonen.com\/tr\/wp-content\/uploads\/2020-en-cok-okunan_720.jpg?resize=350%2C200&ssl=1","width":350,"height":200},"classes":[]},{"id":6267,"url":"https:\/\/www.ufukonen.com\/tr\/2020-en-cok-okunan.html","url_meta":{"origin":7811,"position":3},"title":"2020 \u0130\u00e7inde En \u00c7ok Okunan Blog Yaz\u0131lar\u0131m","date":"December 21, 2020","format":false,"excerpt":"2020'yi kapat\u0131rken y\u0131l i\u00e7inde en \u00e7ok okunan blog yaz\u0131lar\u0131m\u0131 sizlerle payla\u015fmak istedim. \u0130ki liste haz\u0131rlad\u0131m: Birincisi, en \u00e7ok okunan 2020 tarihli yaz\u0131lar\u0131m; ikincisi ise \u00f6nceki y\u0131llarda (2012-2019) yay\u0131nlanm\u0131\u015f olan yaz\u0131lardan 2020 i\u00e7inde en \u00e7ok okunanlar. Yaz\u0131lar\u0131, ba\u015fl\u0131klar\u0131n\u0131n ya da g\u00f6rsellerinin \u00fczerine t\u0131klayarak okuyabilirsiniz. G\u00f6stermi\u015f oldu\u011funuz ilgi i\u00e7in \u00e7ok te\u015fekk\u00fcr ederim!\u2026","rel":"","context":"In &quot;M\u00fczik End\u00fcstrisi&quot;","img":{"alt_text":"","src":"https:\/\/i0.wp.com\/www.ufukonen.com\/tr\/wp-content\/uploads\/2020-en-cok-okunan_720.jpg?resize=350%2C200&ssl=1","width":350,"height":200},"classes":[]},{"id":8191,"url":"https:\/\/www.ufukonen.com\/tr\/2023-en-cok-okunan.html","url_meta":{"origin":7811,"position":4},"title":"2023 Y\u0131l\u0131nda En \u00c7ok Okunan Blog Yaz\u0131lar\u0131m","date":"December 27, 2023","format":false,"excerpt":"Blog yaz\u0131lar\u0131m\u0131 takip edenler bilirler, her senenin sonunda o y\u0131l en \u00e7ok okunan blog yaz\u0131lar\u0131m\u0131 liste haline getirip okuyucular\u0131mla payla\u015f\u0131r\u0131m. 2023 i\u00e7in de farkl\u0131 bir durum yok. Liste haz\u0131r ancak listeden \u00f6nce bu y\u0131l beni mesleki a\u00e7\u0131dan en \u00e7ok heyecanland\u0131ran geli\u015fmeyi payla\u015fmak istiyorum. 2023 y\u0131l\u0131nda beni en \u00e7ok heyecanland\u0131ran geli\u015fme,\u2026","rel":"","context":"In &quot;M\u00fczik End\u00fcstrisi&quot;","img":{"alt_text":"","src":"https:\/\/i0.wp.com\/www.ufukonen.com\/tr\/wp-content\/uploads\/2023_En_Cok_Okunan_00_Header.jpg?resize=350%2C200&ssl=1","width":350,"height":200},"classes":[]},{"id":4452,"url":"https:\/\/www.ufukonen.com\/tr\/2018i-kapatirken.html","url_meta":{"origin":7811,"position":5},"title":"2018&#8217;i Kapat\u0131rken&#8230;","date":"December 31, 2018","format":false,"excerpt":"2018'i kapat\u0131rken bir yandan y\u0131l i\u00e7indeki projelerin ve geli\u015fmelerin bir \u00f6zetini sizlerle payla\u015fmak, di\u011fer yandan da yeni y\u0131l\u0131n\u0131z\u0131 kutlamak istedim. \u00d6ncelikle, blog yaz\u0131lar\u0131ma g\u00f6sterdi\u011finiz ilgiden dolay\u0131 \u00e7ok te\u015fekk\u00fcr ederim! 2012 y\u0131l\u0131nda bu adreste ara s\u0131ra yaz\u0131lar payla\u015fmaya ba\u015flam\u0131\u015ft\u0131m. 2017 Temmuz ay\u0131ndan bu yana ise her Pazartesi ses ve m\u00fczik teknolojileri\u2026","rel":"","context":"In &quot;Ders &amp; Workshop&quot;","img":{"alt_text":"","src":"https:\/\/i0.wp.com\/www.ufukonen.com\/tr\/wp-content\/uploads\/2018_Kapatirken_1280x720.jpg?resize=350%2C200&ssl=1","width":350,"height":200},"classes":[]}],"_links":{"self":[{"href":"https:\/\/www.ufukonen.com\/tr\/wp-json\/wp\/v2\/posts\/7811"}],"collection":[{"href":"https:\/\/www.ufukonen.com\/tr\/wp-json\/wp\/v2\/posts"}],"about":[{"href":"https:\/\/www.ufukonen.com\/tr\/wp-json\/wp\/v2\/types\/post"}],"author":[{"embeddable":true,"href":"https:\/\/www.ufukonen.com\/tr\/wp-json\/wp\/v2\/users\/2"}],"replies":[{"embeddable":true,"href":"https:\/\/www.ufukonen.com\/tr\/wp-json\/wp\/v2\/comments?post=7811"}],"version-history":[{"count":15,"href":"https:\/\/www.ufukonen.com\/tr\/wp-json\/wp\/v2\/posts\/7811\/revisions"}],"predecessor-version":[{"id":7855,"href":"https:\/\/www.ufukonen.com\/tr\/wp-json\/wp\/v2\/posts\/7811\/revisions\/7855"}],"wp:featuredmedia":[{"embeddable":true,"href":"https:\/\/www.ufukonen.com\/tr\/wp-json\/wp\/v2\/media\/7850"}],"wp:attachment":[{"href":"https:\/\/www.ufukonen.com\/tr\/wp-json\/wp\/v2\/media?parent=7811"}],"wp:term":[{"taxonomy":"category","embeddable":true,"href":"https:\/\/www.ufukonen.com\/tr\/wp-json\/wp\/v2\/categories?post=7811"},{"taxonomy":"post_tag","embeddable":true,"href":"https:\/\/www.ufukonen.com\/tr\/wp-json\/wp\/v2\/tags?post=7811"}],"curies":[{"name":"wp","href":"https:\/\/api.w.org\/{rel}","templated":true}]}}