{"id":7866,"date":"2023-01-02T01:00:00","date_gmt":"2023-01-01T22:00:00","guid":{"rendered":"https:\/\/www.ufukonen.com\/tr\/?p=7866"},"modified":"2023-01-02T01:13:42","modified_gmt":"2023-01-01T22:13:42","slug":"mikste-frekans-cakismasi","status":"publish","type":"post","link":"https:\/\/www.ufukonen.com\/tr\/mikste-frekans-cakismasi.html","title":{"rendered":"Mikste Frekans \u00c7ak\u0131\u015fmalar\u0131n\u0131 \u00d6nlemenin 8 Yolu"},"content":{"rendered":"\n<p>Bu yaz\u0131mda sizlerle mikste frekans \u00e7ak\u0131\u015fmalar\u0131n\u0131 \u00f6nlemek i\u00e7in sekiz y\u00f6ntem payla\u015fmak istiyorum. Y\u00f6ntemlere ge\u00e7meden \u00f6nce frekans \u00e7ak\u0131\u015fmas\u0131n\u0131n k\u0131sa bir tan\u0131m\u0131 ile ba\u015flayal\u0131m.<\/p>\n\n\n\n<div style=\"height:20px\" aria-hidden=\"true\" class=\"wp-block-spacer\"><\/div>\n\n\n\n<h3>Frekans Maskelemesi \/ \u00c7ak\u0131\u015fmas\u0131<\/h3>\n\n\n\n<p>Miks yapan herkesin ba\u015f\u0131na gelmi\u015ftir\u2026 Bazen iki enstr\u00fcman miksin i\u00e7inde kendilerine yer bulmak i\u00e7in birbirleriyle adeta sava\u015fa tutu\u015furlar. Bu sava\u015f\u0131n arkas\u0131ndaki sebep, \u0130ngilizcedeki terimiyle &#8216;auditory masking&#8217; yani i\u015fitsel maskelemedir. Spesifik bir \u015fekilde ifade edecek olursak, asl\u0131nda ger\u00e7ekle\u015fen olay baz\u0131 frekanslar\u0131n birbirlerini maskelemesi ya da birbirleriyle \u00e7ak\u0131\u015fmas\u0131d\u0131r. Tahmin edebilece\u011finiz gibi bu maskeleme ya da \u00e7ak\u0131\u015fma olay\u0131, a\u011f\u0131rl\u0131\u011f\u0131 ayn\u0131 veya benzer frekans aral\u0131\u011f\u0131nda bulunan enstr\u00fcmanlar aras\u0131nda ger\u00e7ekle\u015fmektedir.<\/p>\n\n\n\n<p>Frekans maskelemesi veya \u00e7ak\u0131\u015fmas\u0131, profesyonel bir kula\u011f\u0131n kolayca duyabildi\u011fi bir \u015feydir. Dolay\u0131s\u0131yla, frekans \u00e7ak\u0131\u015fmas\u0131 bulunan bir miks, an\u0131nda &#8220;amat\u00f6r&#8221; damgas\u0131 yer! Bunu unutmamak laz\u0131m. Bu arada hemen bir not d\u00fc\u015feyim, frekans \u00e7ak\u0131\u015fmas\u0131 bazen estetik kararlar do\u011frultusunda bilin\u00e7li olarak yap\u0131lan bir \u015feydir. Profesyonel bir kulak yine bunu da (yani frekans \u00e7ak\u0131\u015fmas\u0131n\u0131n bilin\u00e7li olarak yap\u0131ld\u0131\u011f\u0131n\u0131) kolayca duyabilir.<\/p>\n\n\n\n<div style=\"height:20px\" aria-hidden=\"true\" class=\"wp-block-spacer\"><\/div>\n\n\n\n<figure class=\"wp-block-image size-large\"><img loading=\"lazy\" width=\"1024\" height=\"576\" src=\"https:\/\/www.ufukonen.com\/tr\/wp-content\/uploads\/Mikste_Frekans_Cakismasi_01-1024x576.jpg\" alt=\"\" class=\"wp-image-7875\" srcset=\"https:\/\/www.ufukonen.com\/tr\/wp-content\/uploads\/Mikste_Frekans_Cakismasi_01-1024x576.jpg 1024w, https:\/\/www.ufukonen.com\/tr\/wp-content\/uploads\/Mikste_Frekans_Cakismasi_01-300x169.jpg 300w, https:\/\/www.ufukonen.com\/tr\/wp-content\/uploads\/Mikste_Frekans_Cakismasi_01-768x432.jpg 768w, https:\/\/www.ufukonen.com\/tr\/wp-content\/uploads\/Mikste_Frekans_Cakismasi_01-1536x864.jpg 1536w, https:\/\/www.ufukonen.com\/tr\/wp-content\/uploads\/Mikste_Frekans_Cakismasi_01-1140x641.jpg 1140w, https:\/\/www.ufukonen.com\/tr\/wp-content\/uploads\/Mikste_Frekans_Cakismasi_01-552x311.jpg 552w, https:\/\/www.ufukonen.com\/tr\/wp-content\/uploads\/Mikste_Frekans_Cakismasi_01.jpg 1920w\" sizes=\"(max-width: 1024px) 100vw, 1024px\" \/><\/figure>\n\n\n\n<h3>Frekans \u00c7ak\u0131\u015fmas\u0131n\u0131n S\u0131kl\u0131kla Olu\u015ftu\u011fu Enstr\u00fcmanlar<\/h3>\n\n\n\n<p>\u015eimdi de frekans \u00e7ak\u0131\u015fmalar\u0131n\u0131n s\u0131kl\u0131kla ortaya \u00e7\u0131kt\u0131\u011f\u0131 enstr\u00fcmanlar bir g\u00f6z atal\u0131m\u2026<\/p>\n\n\n\n<ul><li>Kick ve bas: Klasik ikili!<\/li><li>Vokal ve piyano: Vokaller solistlere ba\u011fl\u0131 olarak farkl\u0131 frekans b\u00f6lgelerinde yo\u011funla\u015ft\u0131\u011f\u0131ndan dolay\u0131, vokalin, \u00e7ok geni\u015f frekans aral\u0131\u011f\u0131na sahip bir enstr\u00fcman olan piyano ile aras\u0131nda frekans \u00e7ak\u0131\u015fmas\u0131 olup olmad\u0131\u011f\u0131n\u0131 iyi kontrol etmek gerekiyor.<\/li><li>Vokal ve gitar: Yukar\u0131da yazd\u0131\u011f\u0131m gibi, vokaller solistlere ba\u011fl\u0131 olarak farkl\u0131 frekans b\u00f6lgelerinde yo\u011funla\u015fabiliyor. Gitarlar da t\u00fcrlerine ve g\u00f6vdelerine g\u00f6re farkl\u0131 rezonans noktalar\u0131 olu\u015fturuyor. \u00c7o\u011fu par\u00e7ada gitar t\u0131pk\u0131 vokal gibi \u00e7ok \u00f6nemli bir yere sahip oluyor. Bu sebepten dolay\u0131 aralar\u0131nda frekans \u00e7ak\u0131\u015fmas\u0131 olup olmad\u0131\u011f\u0131n\u0131 dikkatlice kontrol etmek gerekiyor.<\/li><li>Bas gitar ve elektro gitar: Her ne kadar bas gitar alt oktavlardan \u00e7alsa da notalar\u0131n \u00fcst harmonikleri gitarlar\u0131n harmonikleri ile \u00e7ak\u0131\u015fabiliyor.<\/li><li>Elektro gitar ve elektro piyano (Rhodes, Wurlitzer vb.).<\/li><li>Elektro gitar ve trampet.<\/li><li>Akustik gitar ve hi-hat: \u00d6zellikle pena ile \u00e7al\u0131nan akustik gitarlarda hi-hat ile frekans \u00e7ak\u0131\u015fmas\u0131 olabiliyor.<\/li><li>Benzer synth sesleri: Birbirlerine benzeyen synth sesleri aras\u0131da frekans \u00e7ak\u0131\u015fmalar\u0131na, maskelemelerine s\u0131kl\u0131kla denk geliyoruz.<\/li><\/ul>\n\n\n\n<div style=\"height:20px\" aria-hidden=\"true\" class=\"wp-block-spacer\"><\/div>\n\n\n\n<figure class=\"wp-block-image size-large\"><img loading=\"lazy\" width=\"1024\" height=\"576\" src=\"https:\/\/www.ufukonen.com\/tr\/wp-content\/uploads\/Mikste_Frekans_Cakismasi_02-1024x576.jpg\" alt=\"\" class=\"wp-image-7876\" srcset=\"https:\/\/www.ufukonen.com\/tr\/wp-content\/uploads\/Mikste_Frekans_Cakismasi_02-1024x576.jpg 1024w, https:\/\/www.ufukonen.com\/tr\/wp-content\/uploads\/Mikste_Frekans_Cakismasi_02-300x169.jpg 300w, https:\/\/www.ufukonen.com\/tr\/wp-content\/uploads\/Mikste_Frekans_Cakismasi_02-768x432.jpg 768w, https:\/\/www.ufukonen.com\/tr\/wp-content\/uploads\/Mikste_Frekans_Cakismasi_02-1536x864.jpg 1536w, https:\/\/www.ufukonen.com\/tr\/wp-content\/uploads\/Mikste_Frekans_Cakismasi_02-1140x641.jpg 1140w, https:\/\/www.ufukonen.com\/tr\/wp-content\/uploads\/Mikste_Frekans_Cakismasi_02-552x311.jpg 552w, https:\/\/www.ufukonen.com\/tr\/wp-content\/uploads\/Mikste_Frekans_Cakismasi_02.jpg 1920w\" sizes=\"(max-width: 1024px) 100vw, 1024px\" \/><\/figure>\n\n\n\n<div style=\"height:20px\" aria-hidden=\"true\" class=\"wp-block-spacer\"><\/div>\n\n\n\n<h3>Mikste Frekans \u00c7ak\u0131\u015fmas\u0131n\u0131 \u00d6nlemek \u0130\u00e7in Y\u00f6ntemler<\/h3>\n\n\n\n<p>\u015eimdi gelelim mikste frekans \u00e7ak\u0131\u015fmas\u0131n\u0131 \u00f6nlemek i\u00e7in yapaca\u011f\u0131m tavsiyelere&#8230;<\/p>\n\n\n\n<h4>1- D\u00fczenleme<\/h4>\n\n\n\n<p>Yaz\u0131n\u0131n ba\u015fl\u0131\u011f\u0131 &#8220;Mikste Frekans \u00c7ak\u0131\u015fmalar\u0131n\u0131 \u00d6nlemenin 8 Yolu&#8221; ama bahsetmeden hatta ilk madde olarak yazmadan ge\u00e7emeyece\u011fim: Her \u015fey d\u00fczenleme ile ba\u015fl\u0131yor! Par\u00e7an\u0131n aranjesinde problemler varsa \u00e7ok ba\u015far\u0131l\u0131 bir miks \u00e7\u0131kartmak ger\u00e7ekten \u00e7ok zor. \u0130yi ili\u015fkileri olan aranj\u00f6r ve miks m\u00fchendisleri, miks a\u015famas\u0131nda zaman zaman par\u00e7an\u0131n d\u00fczenlemesi \u00fczerinde k\u00fc\u00e7\u00fck de\u011fi\u015fiklikler yapabiliyorlar. Miks m\u00fchendisi frekans maskelemesi, enstr\u00fcmanlar\u0131n birbirlerini \u00f6rtmesi gibi sorunlarla kar\u015f\u0131la\u015ft\u0131\u011f\u0131 zaman \u00f6nerilerde bulunuyor, aranj\u00f6r de bu \u00f6nerilere g\u00f6re aranjede de\u011fi\u015fiklikler yapabiliyor. Unutmay\u0131n, iyi miks par\u00e7an\u0131n d\u00fczenleme a\u015famas\u0131nda ba\u015flar!<\/p>\n\n\n\n<div style=\"height:20px\" aria-hidden=\"true\" class=\"wp-block-spacer\"><\/div>\n\n\n\n<h4>2- High-Pass ve Low-Pass Filtre Kullan\u0131m\u0131<\/h4>\n\n\n\n<p>Harrmonikleri de hesaba katarsak, bir\u00e7ok enstr\u00fcman\u0131n sesi \u00e7ok geni\u015f bir frekans aral\u0131\u011f\u0131na yay\u0131l\u0131yor. Di\u011fer yandan, mikste her zaman bu kadar geni\u015f aral\u0131\u011fa ihtiyac\u0131m\u0131z olmuyor. Enstr\u00fcman\u0131n ihtiyac\u0131m\u0131z olmayan alt veya \u00fcst frekanslar\u0131n\u0131 low-cut ya da high-cut filtre ile kesti\u011finizde di\u011fer bir enstr\u00fcman ile olu\u015fabilecek olas\u0131 frekans \u00e7ak\u0131\u015fmalar\u0131n\u0131 \u00f6nlemek m\u00fcmk\u00fcn olabiliyor.<\/p>\n\n\n\n<div style=\"height:20px\" aria-hidden=\"true\" class=\"wp-block-spacer\"><\/div>\n\n\n\n<h4>3- EQ \u0130le Frekans Pasla\u015fmas\u0131<\/h4>\n\n\n\n<p>Frekans \u00e7ak\u0131\u015fmas\u0131n\u0131 veya maskelemesini \u00f6nlemek i\u00e7in parametrik EQ ile &#8220;frekans pasla\u015fmas\u0131&#8221; y\u00f6ntemini kullanabiliriz.<\/p>\n\n\n\n<p>\u00d6rnek olarak hem kick hem de bas gitar\u0131n a\u011f\u0131rl\u0131\u011f\u0131n\u0131n 70 Hz\u2019de olmas\u0131 bu iki enstr\u00fcman\u0131n birbirlerimi maskelemesine yol a\u00e7acakt\u0131r. Bunu \u00f6nlemek i\u00e7in \u015f\u00f6yle bir y\u00f6ntem izleyebiliriz: Kick\u2019te 70 Hz\u2019i, bas gitarda ise 100 Hz\u2019i a\u00e7\u0131p, bu iki enstr\u00fcman\u0131n a\u011f\u0131rl\u0131klar\u0131n\u0131 farkl\u0131 frekanslara verebiliriz. Buna ek olarak, a\u011f\u0131rl\u0131k frekanslar\u0131n\u0131n maskelenmemesi i\u00e7in di\u011fer enstr\u00fcmanlarda o frekanslar\u0131 azaltabiliriz. Kick\u2019te 70 Hz\u2019i, bas gitar ise 100 Hz\u2019i a\u00e7\u0131yorsak, kick\u2019te 100 Hz, bas gitarda ise 70 Hz\u2019i azaltabiliriz.<\/p>\n\n\n\n<div style=\"height:20px\" aria-hidden=\"true\" class=\"wp-block-spacer\"><\/div>\n\n\n\n<h4>4- Sidechain Kompres\u00f6r Tekni\u011fi<\/h4>\n\n\n\n<p>Enstr\u00fcmanlar\u0131n birbirlerini maskelemelerinin \u00f6n\u00fcne ge\u00e7mek i\u00e7in izlenecek di\u011fer bir yol da sidechain kompres\u00f6r tekni\u011fini kullanmakt\u0131r.<\/p>\n\n\n\n<p>\u00d6rnek olarak, gitarlar\u0131n \u00e7ok yo\u011fun oldu\u011fu bir par\u00e7ada trampete yer a\u00e7mak i\u00e7in gitarlar\u0131 gruplay\u0131p, gitar grubunu trampetin vurdu\u011fu yerlerde sidechain tekni\u011fi ile biraz a\u015fa\u011f\u0131ya \u00e7ekmek m\u00fcmk\u00fcn.<\/p>\n\n\n\n<p>Sidechain kompres\u00f6r kullan\u0131m\u0131 ve uygulama yollar\u0131 i\u00e7in &#8220;<a href=\"https:\/\/www.ufukonen.com\/tr\/kompresor-teknikleri-3-sidechain.html\" data-type=\"post\" data-id=\"5419\" target=\"_blank\" rel=\"noreferrer noopener\">Kompres\u00f6r Teknikleri \u2013 3. B\u00f6l\u00fcm: Sidechain Kompres\u00f6r Kullan\u0131m\u0131<\/a>&#8221; ba\u015fl\u0131kl\u0131 yaz\u0131m\u0131 okuyabilirsiniz.<\/p>\n\n\n\n<figure class=\"wp-block-image size-large\"><a href=\"https:\/\/www.ufukonen.com\/tr\/kompresor-teknikleri-3-sidechain.html\" target=\"_blank\" rel=\"noopener\"><img loading=\"lazy\" width=\"1024\" height=\"576\" src=\"https:\/\/www.ufukonen.com\/tr\/wp-content\/uploads\/Kompresor_Teknikleri_00_Header-1024x576.jpg\" alt=\"\" class=\"wp-image-5423\" srcset=\"https:\/\/www.ufukonen.com\/tr\/wp-content\/uploads\/Kompresor_Teknikleri_00_Header-1024x576.jpg 1024w, https:\/\/www.ufukonen.com\/tr\/wp-content\/uploads\/Kompresor_Teknikleri_00_Header-300x169.jpg 300w, https:\/\/www.ufukonen.com\/tr\/wp-content\/uploads\/Kompresor_Teknikleri_00_Header-768x432.jpg 768w, https:\/\/www.ufukonen.com\/tr\/wp-content\/uploads\/Kompresor_Teknikleri_00_Header-1536x864.jpg 1536w, https:\/\/www.ufukonen.com\/tr\/wp-content\/uploads\/Kompresor_Teknikleri_00_Header.jpg 1920w\" sizes=\"(max-width: 1024px) 100vw, 1024px\" \/><\/a><figcaption><a rel=\"noreferrer noopener\" href=\"https:\/\/www.ufukonen.com\/tr\/kompresor-teknikleri-3-sidechain.html\" data-type=\"post\" data-id=\"5419\" target=\"_blank\">Kompres\u00f6r Teknikleri \u2013 3. B\u00f6l\u00fcm: Sidechain Kompres\u00f6r Kullan\u0131m\u0131<\/a><\/figcaption><\/figure>\n\n\n\n<div style=\"height:20px\" aria-hidden=\"true\" class=\"wp-block-spacer\"><\/div>\n\n\n\n<h4>5- Dinamik EQ<\/h4>\n\n\n\n<p>Yeri geliyor, bazen EQ, kompres\u00f6r, sidechain kompres\u00f6r ya da multiband kompres\u00f6rden biraz daha farkl\u0131 bir prensiple \u00e7al\u0131\u015fan bir i\u015flemciye ihtiya\u00e7 duyuyoruz. \u0130\u015fte o i\u015flemci, dinamik EQ. E\u011fer bu i\u015flemciye a\u015fina de\u011filseniz &#8220;<a href=\"https:\/\/www.ufukonen.com\/tr\/dinamik-eq.html\" data-type=\"post\" data-id=\"3065\" target=\"_blank\" rel=\"noreferrer noopener\">Dinamik EQ<\/a>&#8221; ba\u015fl\u0131kl\u0131 yaz\u0131m\u0131 okuman\u0131z\u0131 tavsiye ederim.<\/p>\n\n\n\n<figure class=\"wp-block-image size-large\"><a href=\"https:\/\/www.ufukonen.com\/tr\/dinamik-eq.html\" target=\"_blank\" rel=\"noopener\"><img loading=\"lazy\" width=\"1024\" height=\"768\" src=\"https:\/\/www.ufukonen.com\/tr\/wp-content\/uploads\/DynamicEQ_Onen_1280px-1024x768.jpg\" alt=\"\" class=\"wp-image-3068\" srcset=\"https:\/\/www.ufukonen.com\/tr\/wp-content\/uploads\/DynamicEQ_Onen_1280px-1024x768.jpg 1024w, https:\/\/www.ufukonen.com\/tr\/wp-content\/uploads\/DynamicEQ_Onen_1280px-300x225.jpg 300w, https:\/\/www.ufukonen.com\/tr\/wp-content\/uploads\/DynamicEQ_Onen_1280px-768x576.jpg 768w, https:\/\/www.ufukonen.com\/tr\/wp-content\/uploads\/DynamicEQ_Onen_1280px.jpg 1280w\" sizes=\"(max-width: 1024px) 100vw, 1024px\" \/><\/a><figcaption><a rel=\"noreferrer noopener\" href=\"https:\/\/www.ufukonen.com\/tr\/dinamik-eq.html\" data-type=\"post\" data-id=\"3065\" target=\"_blank\">Dinamik EQ<\/a><\/figcaption><\/figure>\n\n\n\n<p>Yine kick ve bas \u00fczerinden \u00f6rneklendireyim\u2026<\/p>\n\n\n\n<p>Elimizde birbirlerini maskeleyen bas gitar ve kick kanallar\u0131 oldu\u011funu varsayal\u0131m. Kick\u2019in \u00f6ne \u00e7\u0131kmas\u0131 i\u00e7in bas gitar kanal\u0131na EQ uygulad\u0131\u011f\u0131m\u0131zda bas gitar\u0131n tonu istemedi\u011fimiz bir \u015fekilde de\u011fi\u015fiyor olabilir. B\u00f6yle bir durumda bas gitar kanal\u0131na bir kompres\u00f6r insert edip, bu kompres\u00f6r\u00fcn sidechain giri\u015fine kick\u2019in sinyalini ba\u011flamak, bu sayede kick her vurdu\u011funda bas gitar\u0131n sesini azaltarak (ducking) iki enstr\u00fcman\u0131n birbirlerini maskelemesini engellemek \u00e7ok kullan\u0131lan bir tekniktir.<\/p>\n\n\n\n<p>Bu teknikteki problem, kick her vurdu\u011funda bas gitar\u0131n seviyesinin tamam\u0131n\u0131n azalt\u0131l\u0131yor olmas\u0131. Bu tekni\u011fi kullanmak yerine bas gitara dinamik EQ uygularsak ve dinamik EQ\u2019yu sidechain \u00fczerinden kick ile tetiklersek, bu durumda kick her vurdu\u011funda bas gitar\u0131n sadece kick ile \u00e7ak\u0131\u015fan frekans\u0131n\u0131n seviyesi azaltabiliriz. Bu sayede kick devreden \u00e7\u0131kt\u0131\u011f\u0131nda ise bas gitar\u0131n tonuna hi\u00e7 dokunmam\u0131\u015f oluruz.<\/p>\n\n\n\n<div style=\"height:20px\" aria-hidden=\"true\" class=\"wp-block-spacer\"><\/div>\n\n\n\n<h4>6- \u00d6zel Plug-in&#8217;ler<\/h4>\n\n\n\n<p>Baz\u0131 plug-in&#8217;lerde maskelenen frekanslar\u0131 otomatik olarak tespit edip, frekans \u00e7ak\u0131\u015fmas\u0131n\u0131 yok eden ya da azaltan algoritma ve \u00f6zellikler bulunuyor. Hatta s\u0131rf bu i\u015f i\u00e7in tasarlanm\u0131\u015f bir plug-in bile var: <a rel=\"noreferrer noopener\" href=\"https:\/\/www.wavesfactory.com\/audio-plugins\/trackspacer\/\" target=\"_blank\">Wavesfactory Trackspacer<\/a>. <\/p>\n\n\n\n<figure class=\"wp-block-image size-large\"><a href=\"https:\/\/www.wavesfactory.com\/audio-plugins\/trackspacer\/\" target=\"_blank\" rel=\"noopener\"><img loading=\"lazy\" width=\"1024\" height=\"534\" src=\"https:\/\/www.ufukonen.com\/tr\/wp-content\/uploads\/Wavesfactory_Trackspacer-1024x534.jpg\" alt=\"\" class=\"wp-image-7871\" srcset=\"https:\/\/www.ufukonen.com\/tr\/wp-content\/uploads\/Wavesfactory_Trackspacer-1024x534.jpg 1024w, https:\/\/www.ufukonen.com\/tr\/wp-content\/uploads\/Wavesfactory_Trackspacer-300x156.jpg 300w, https:\/\/www.ufukonen.com\/tr\/wp-content\/uploads\/Wavesfactory_Trackspacer-768x400.jpg 768w, https:\/\/www.ufukonen.com\/tr\/wp-content\/uploads\/Wavesfactory_Trackspacer-1140x594.jpg 1140w, https:\/\/www.ufukonen.com\/tr\/wp-content\/uploads\/Wavesfactory_Trackspacer-552x288.jpg 552w, https:\/\/www.ufukonen.com\/tr\/wp-content\/uploads\/Wavesfactory_Trackspacer.jpg 1280w\" sizes=\"(max-width: 1024px) 100vw, 1024px\" \/><\/a><figcaption>Wavesfactory Trackspacer<\/figcaption><\/figure>\n\n\n\n<p>\u00c7ak\u0131\u015fman\u0131n oldu\u011fu ilki enstr\u00fcmandan birinin kanal\u0131na Trackspacer insert ediyorsunuz. Di\u011fer enstr\u00fcman\u0131 da sidechain \u00fczerinden Trackspacer&#8217;a &#8220;dinletiyorsan\u0131z&#8221; Trackspacer sidechain kap\u0131s\u0131ndaki sinyali analiz edip plug-in&#8217;i insert etti\u011finiz kanala otomatik olarak ters EQ e\u011frisi uyguluyor. Bu sayede frekans \u00e7ak\u0131\u015fmas\u0131 sorununu \u00e7\u00f6zm\u00fc\u015f oluyorsunuz.<\/p>\n\n\n\n<p>Benzer \u00f6zellikler <a href=\"https:\/\/www.fabfilter.com\/products\/pro-q-3-equalizer-plug-in\" target=\"_blank\" rel=\"noreferrer noopener\">Fabfilter Pro-Q 3<\/a> (&#8220;collision detection&#8221;), <a href=\"https:\/\/www.izotope.com\/en\/products\/neutron.html\" target=\"_blank\" rel=\"noreferrer noopener\">Izotope Neutron 4<\/a> (&#8220;unmask&#8221;) ve baz\u0131 di\u011fer plug-in&#8217;lerde de mevcut.<\/p>\n\n\n\n<div style=\"height:20px\" aria-hidden=\"true\" class=\"wp-block-spacer\"><\/div>\n\n\n\n<h4>7- Pan<\/h4>\n\n\n\n<p>Frekans \u00e7ak\u0131\u015fmas\u0131n\u0131 \u00f6nlemek i\u00e7in her zaman EQ, sidechain kompres\u00f6r, dinamik EQ ya da \u00f6zel plug-in&#8217;lere ihtiya\u00e7 yok. Bazen enstr\u00fcmanlar\u0131n stereo panorama i\u00e7indeki da\u011f\u0131l\u0131mlar\u0131 ile bir\u00e7ok sorunu \u00e7\u00f6zmek m\u00fcmk\u00fcn olabiliyor.<\/p>\n\n\n\n<figure class=\"wp-block-image size-large\"><a href=\"https:\/\/www.ufukonen.com\/tr\/stereo-pan-hakkinda-her-sey.html\" target=\"_blank\" rel=\"noopener\"><img loading=\"lazy\" width=\"1024\" height=\"576\" src=\"https:\/\/www.ufukonen.com\/tr\/wp-content\/uploads\/Stereo_Pan_Hakkinda_Her_Sey_00_Header-1024x576.jpg\" alt=\"\" class=\"wp-image-7344\" srcset=\"https:\/\/www.ufukonen.com\/tr\/wp-content\/uploads\/Stereo_Pan_Hakkinda_Her_Sey_00_Header-1024x576.jpg 1024w, https:\/\/www.ufukonen.com\/tr\/wp-content\/uploads\/Stereo_Pan_Hakkinda_Her_Sey_00_Header-300x169.jpg 300w, https:\/\/www.ufukonen.com\/tr\/wp-content\/uploads\/Stereo_Pan_Hakkinda_Her_Sey_00_Header-768x432.jpg 768w, https:\/\/www.ufukonen.com\/tr\/wp-content\/uploads\/Stereo_Pan_Hakkinda_Her_Sey_00_Header-1536x864.jpg 1536w, https:\/\/www.ufukonen.com\/tr\/wp-content\/uploads\/Stereo_Pan_Hakkinda_Her_Sey_00_Header-1140x641.jpg 1140w, https:\/\/www.ufukonen.com\/tr\/wp-content\/uploads\/Stereo_Pan_Hakkinda_Her_Sey_00_Header-552x311.jpg 552w, https:\/\/www.ufukonen.com\/tr\/wp-content\/uploads\/Stereo_Pan_Hakkinda_Her_Sey_00_Header.jpg 1920w\" sizes=\"(max-width: 1024px) 100vw, 1024px\" \/><\/a><figcaption><a href=\"https:\/\/www.ufukonen.com\/tr\/stereo-pan-hakkinda-her-sey.html\" data-type=\"post\" data-id=\"7335\" target=\"_blank\" rel=\"noreferrer noopener\">Stereo Pan Hakk\u0131nda Her \u015eey<\/a><\/figcaption><\/figure>\n\n\n\n<div style=\"height:20px\" aria-hidden=\"true\" class=\"wp-block-spacer\"><\/div>\n\n\n\n<h4>8- Saturation<\/h4>\n\n\n\n<p>Sat\u00fcrasyon (ve distortion) sinyalin harmonik yap\u0131s\u0131n\u0131 zenginle\u015ftiriyor. Frekans \u00e7ak\u0131\u015fmas\u0131 olan iki enstr\u00fcmandan birine sat\u00fcrasyon uygulayarak o enstr\u00fcmana \u00f6zellikle \u00fcst-mid frekanslarda bir zenginlik katabilir ve di\u011fer enstr\u00fcmandan ayr\u0131\u015fmas\u0131n\u0131 sa\u011flayabilirsiniz.<\/p>\n\n\n\n<p>\u00dccretsiz sat\u00fcrasyon plug-in&#8217;leri i\u00e7in t\u0131klay\u0131n:<\/p>\n\n\n\n<ul><li><a href=\"https:\/\/www.ufukonen.com\/tr\/ucretsiz-pluginler-24.html\" data-type=\"post\" data-id=\"6586\" target=\"_blank\" rel=\"noreferrer noopener\">FreeAmp<\/a> (Klevgr.) (24)<\/li><li><a href=\"https:\/\/www.ufukonen.com\/tr\/ucretsiz-pluginler-25.html\" data-type=\"post\" data-id=\"6799\" target=\"_blank\" rel=\"noreferrer noopener\">GSat+<\/a> (TBProAudio) (25)<\/li><li><a href=\"https:\/\/www.ufukonen.com\/tr\/ucretsiz-pluginler-28.html\" data-type=\"post\" data-id=\"7347\" target=\"_blank\" rel=\"noreferrer noopener\">Burier<\/a> (Kit Plugins) (28).<\/li><\/ul>\n\n\n\n<div style=\"height:20px\" aria-hidden=\"true\" class=\"wp-block-spacer\"><\/div>\n\n\n\n<h3>Sonu\u00e7 Olarak\u2026<\/h3>\n\n\n\n<p>Listede bulunan y\u00f6ntemleri kullanarak enstr\u00fcmanlar aras\u0131ndaki frekans \u00e7ak\u0131\u015fma veya maskeleme sorunlar\u0131n\u0131 \u00e7\u00f6zmek m\u00fcmk\u00fcn. Mutlaka deneyin!<\/p>\n\n\n\n<p>Teknik terimler i\u00e7in <a href=\"http:\/\/www.ufukonen.com\/tr\/ses-kayit-muzik-teknolojisi-terimler-sozluk.html\">m\u00fczik teknolojisi, m\u00fczik prod\u00fcksiyonu ve ses kay\u0131t terimleri s\u00f6zl\u00fc\u011f\u00fcne<\/a> g\u00f6z atabilirsiniz.<\/p>\n\n\n\n<p>Benzer payla\u015f\u0131mlar i\u00e7in beni <a rel=\"noreferrer noopener\" href=\"https:\/\/www.facebook.com\/ufukonen.skmt\/\" target=\"_blank\">Facebook<\/a>, <a href=\"https:\/\/www.instagram.com\/ufukonen\/\" target=\"_blank\" rel=\"noreferrer noopener\" aria-label=\"Instagram (opens in a new tab)\">Instagram<\/a> ve <a rel=\"noreferrer noopener\" href=\"https:\/\/twitter.com\/UfukOnen\" target=\"_blank\">Twitter<\/a>&#8216;da takip edebilir, haberler i\u00e7in <a rel=\"noreferrer noopener\" href=\"http:\/\/ufukonen.com\/tr\/ses-kayit-muzik-teknolojisi-terimler-sozluk.html\" target=\"_blank\">mesaj listeme \u00fcye olabilirsiniz<\/a>. Te\u015fekk\u00fcrler.<\/p>\n\n\n\n<p>\u00a9 2023 Ufuk \u00d6nen. Her hakk\u0131 sakl\u0131d\u0131r. \u0130zinsiz kullan\u0131lamaz.<\/p>\n","protected":false},"excerpt":{"rendered":"<p class=\"post-excerpt\">Bu yaz\u0131mda sizlerle mikste frekans \u00e7ak\u0131\u015fmalar\u0131n\u0131 \u00f6nlemek i\u00e7in sekiz y\u00f6ntem payla\u015fmak istiyorum. Y\u00f6ntemlere ge\u00e7meden \u00f6nce frekans \u00e7ak\u0131\u015fmas\u0131n\u0131n k\u0131sa bir tan\u0131m\u0131&#8230;<\/p>\n","protected":false},"author":2,"featured_media":7874,"comment_status":"closed","ping_status":"open","sticky":true,"template":"","format":"standard","meta":{"_mi_skip_tracking":false,"spay_email":"","jetpack_publicize_message":"","jetpack_is_tweetstorm":false,"jetpack_publicize_feature_enabled":true},"categories":[18],"tags":[],"jetpack_featured_media_url":"https:\/\/www.ufukonen.com\/tr\/wp-content\/uploads\/Mikste_Frekans_Cakismasi_00_Header.jpg","jetpack_publicize_connections":[],"jetpack_shortlink":"https:\/\/wp.me\/p3rjsG-22S","jetpack_sharing_enabled":true,"jetpack-related-posts":[{"id":6869,"url":"https:\/\/www.ufukonen.com\/tr\/miks-alt-frekans-dengesi-tavsiyeler.html","url_meta":{"origin":7866,"position":0},"title":"Mikste Sa\u011flam Bir Alt Frekans Dengesi Yakalamak \u0130\u00e7in Tavsiyeler","date":"September 20, 2021","format":false,"excerpt":"Mikste sa\u011flam bir alt frekans ya da di\u011fer bir deyi\u015fle s\u0131k\u0131 bir bas dengesi yakalamak \u00f6zellikle miks yapmaya yeni ba\u015flayanlar\u0131n en \u00e7ok zorland\u0131klar\u0131 noktalardan bir tanesi. Tecr\u00fcbe eden herkesin bildi\u011fi gibi vurucu ve s\u0131k\u0131 bir bas dengesi, EQ ile enstr\u00fcmanlar\u0131n alt frekans seviyelerini bol bol art\u0131rmakla olmuyor. Hatta tam tersine,\u2026","rel":"","context":"In &quot;Ses ve M\u00fczik Teknolojileri&quot;","img":{"alt_text":"","src":"https:\/\/i0.wp.com\/www.ufukonen.com\/tr\/wp-content\/uploads\/Miks_Alt_Frekans_Dengesi_Tavsiyeler_00_Header.jpg?resize=350%2C200&ssl=1","width":350,"height":200},"classes":[]},{"id":8272,"url":"https:\/\/www.ufukonen.com\/tr\/miks-referans-parca-karsilastirirken.html","url_meta":{"origin":7866,"position":1},"title":"Miksinizi Referans Par\u00e7a \u0130le Kar\u015f\u0131la\u015ft\u0131r\u0131rken Dikkat Etmeniz Gereken 4 Nokta","date":"February 5, 2024","format":false,"excerpt":"Yapt\u0131\u011f\u0131m\u0131z miksi referans ald\u0131\u011f\u0131m\u0131z bir par\u00e7a ile kar\u015f\u0131la\u015ft\u0131rmak hepimizin s\u0131kl\u0131kla uygulad\u0131\u011f\u0131 bir y\u00f6ntem. Peki, bunu yaparken nelere dikkat etmeliyiz? Bu yaz\u0131mda miksinizi referans par\u00e7a ile kar\u015f\u0131la\u015ft\u0131r\u0131rken dikkat etmeniz gereken d\u00f6rt noktay\u0131 sizlerle payla\u015fmak istiyorum. 1- Vokal Amat\u00f6r ve profesyonel miksleri birbirlerinden ay\u0131ran en belirgin farklardan biri vokalin miksteki yeridir. Amat\u00f6r\u2026","rel":"","context":"In &quot;M\u00fczik Prod\u00fcksiyonu&quot;","img":{"alt_text":"","src":"https:\/\/i0.wp.com\/www.ufukonen.com\/tr\/wp-content\/uploads\/Miks_Referans_Parca_Karsilastirirken_00_Header.jpg?resize=350%2C200&ssl=1","width":350,"height":200},"classes":[]},{"id":6224,"url":"https:\/\/www.ufukonen.com\/tr\/spectral-pan.html","url_meta":{"origin":7866,"position":2},"title":"Spectral Pan: Frekans Bazl\u0131 Pan Tekni\u011fi","date":"November 30, 2020","format":false,"excerpt":"\"Geleneksel\" teknikler kullanarak stereo panorama i\u00e7inde bir sinyalin konumunu ayarlarken frekans i\u00e7eri\u011fi dikkate al\u0131nmaz. \u00d6rnek olarak, mono (tek kanal) bir sinyali stereo panorama i\u00e7inde istedi\u011fimiz bir noktaya pan'lad\u0131\u011f\u0131m\u0131zda sinyalin tamam\u0131n\u0131 (frekans ayr\u0131m\u0131 yapmadan) o noktaya konumland\u0131rm\u0131\u015f oluruz. Bir ba\u015fka \u00f6rnek olarak, stereo (iki kanal) bir sinyali stereo pan ya da\u2026","rel":"","context":"In &quot;Ses ve M\u00fczik Teknolojileri&quot;","img":{"alt_text":"","src":"https:\/\/i0.wp.com\/www.ufukonen.com\/tr\/wp-content\/uploads\/SpectralPan_00_Header.jpg?resize=350%2C200&ssl=1","width":350,"height":200},"classes":[]},{"id":5130,"url":"https:\/\/www.ufukonen.com\/tr\/eq-kullanimi-birkac-tavsiye-3.html","url_meta":{"origin":7866,"position":3},"title":"EQ Kullan\u0131m\u0131: Birka\u00e7 Tavsiye (3. B\u00f6l\u00fcm)","date":"October 28, 2019","format":false,"excerpt":"Ge\u00e7ti\u011fimiz y\u0131l yay\u0131mlad\u0131\u011f\u0131m \"EQ Kullan\u0131m\u0131: Birka\u00e7 Tavsiye\" ba\u015fl\u0131kl\u0131 yaz\u0131 baya\u011f\u0131 bir ilgi g\u00f6rd\u00fc. Ard\u0131ndan EQ ile ilgili \u00e7e\u015fitli sorular geldi. Ben de o sorular\u0131 da g\u00f6z \u00f6n\u00fcne alarak bu ba\u015fl\u0131\u011f\u0131 bir yaz\u0131 dizisine \u00e7evirme karar\u0131 ald\u0131m. \u00dc\u00e7\u00fcnc\u00fc b\u00f6l\u00fcm ile devam ediyorum. Birinci ve ikinci b\u00f6l\u00fcmlere a\u015fa\u011f\u0131daki linklerden ula\u015fabilirsiniz: Birinci b\u00f6l\u00fcm\u2026","rel":"","context":"In &quot;M\u00fczik Prod\u00fcksiyonu&quot;","img":{"alt_text":"","src":"https:\/\/i0.wp.com\/www.ufukonen.com\/tr\/wp-content\/uploads\/EQ_Kullanimi_Birkac_Tavsiye_1080.jpg?resize=350%2C200&ssl=1","width":350,"height":200},"classes":[]},{"id":3757,"url":"https:\/\/www.ufukonen.com\/tr\/mikste-stereo-panorama-ile-ilgili-birkac-not-1-bolum.html","url_meta":{"origin":7866,"position":4},"title":"Mikste Stereo Panorama \u0130le \u0130lgili Birka\u00e7 Not (1. B\u00f6l\u00fcm)","date":"March 19, 2018","format":false,"excerpt":"Stereo plaklar 1960'l\u0131 y\u0131llarda yava\u015f yava\u015f yayg\u0131nla\u015fmaya ba\u015flam\u0131\u015ft\u0131. O y\u0131llarda \u00e7o\u011fu prod\u00fckt\u00f6r ve ses kay\u0131t m\u00fchendisi stereo ile tam olarak ne yap\u0131lmas\u0131 ve stereonun nas\u0131l kullan\u0131lmas\u0131 gerekti\u011fini hen\u00fcz anlamam\u0131\u015f oldu\u011fundan, bir kanala, \u00f6rnek olarak sa\u011f kanala, sadece enstr\u00fcmanlar\u0131, di\u011fer kanala da sadece vokalleri ya da vokallerle beraber \u00f6ne \u00e7\u0131kan birka\u00e7\u2026","rel":"","context":"In &quot;M\u00fczik Prod\u00fcksiyonu&quot;","img":{"alt_text":"","src":"https:\/\/i0.wp.com\/www.ufukonen.com\/tr\/wp-content\/uploads\/Mikste_Stereo_Panorama_01.jpg?resize=350%2C200&ssl=1","width":350,"height":200},"classes":[]},{"id":7335,"url":"https:\/\/www.ufukonen.com\/tr\/stereo-pan-hakkinda-her-sey.html","url_meta":{"origin":7866,"position":5},"title":"Stereo Pan Hakk\u0131nda Her \u015eey","date":"April 18, 2022","format":false,"excerpt":"Panorama, enstr\u00fcman ve seslerin miks i\u00e7indeki pozisyonlar\u0131d\u0131r. Standart bir stereo sistemde sol ve sa\u011f olmak \u00fczere toplam iki hoparl\u00f6r bulunur. Sa\u011f ve sol hoparl\u00f6rlerin birle\u015fimi, ya da di\u011fer bir deyi\u015fle kar\u0131\u015f\u0131m\u0131, orta (center) kanal\u0131 olu\u015fturur. Stereo sistemde sa\u011f ve sol hoparl\u00f6rlerin birle\u015fmesi ile olu\u015fturulan bu orta kanal dinleyici \u00fczerinde sanki\u2026","rel":"","context":"In &quot;Ses ve M\u00fczik Teknolojileri&quot;","img":{"alt_text":"","src":"https:\/\/i0.wp.com\/www.ufukonen.com\/tr\/wp-content\/uploads\/Stereo_Pan_Hakkinda_Her_Sey_00_Header.jpg?resize=350%2C200&ssl=1","width":350,"height":200},"classes":[]}],"_links":{"self":[{"href":"https:\/\/www.ufukonen.com\/tr\/wp-json\/wp\/v2\/posts\/7866"}],"collection":[{"href":"https:\/\/www.ufukonen.com\/tr\/wp-json\/wp\/v2\/posts"}],"about":[{"href":"https:\/\/www.ufukonen.com\/tr\/wp-json\/wp\/v2\/types\/post"}],"author":[{"embeddable":true,"href":"https:\/\/www.ufukonen.com\/tr\/wp-json\/wp\/v2\/users\/2"}],"replies":[{"embeddable":true,"href":"https:\/\/www.ufukonen.com\/tr\/wp-json\/wp\/v2\/comments?post=7866"}],"version-history":[{"count":11,"href":"https:\/\/www.ufukonen.com\/tr\/wp-json\/wp\/v2\/posts\/7866\/revisions"}],"predecessor-version":[{"id":7881,"href":"https:\/\/www.ufukonen.com\/tr\/wp-json\/wp\/v2\/posts\/7866\/revisions\/7881"}],"wp:featuredmedia":[{"embeddable":true,"href":"https:\/\/www.ufukonen.com\/tr\/wp-json\/wp\/v2\/media\/7874"}],"wp:attachment":[{"href":"https:\/\/www.ufukonen.com\/tr\/wp-json\/wp\/v2\/media?parent=7866"}],"wp:term":[{"taxonomy":"category","embeddable":true,"href":"https:\/\/www.ufukonen.com\/tr\/wp-json\/wp\/v2\/categories?post=7866"},{"taxonomy":"post_tag","embeddable":true,"href":"https:\/\/www.ufukonen.com\/tr\/wp-json\/wp\/v2\/tags?post=7866"}],"curies":[{"name":"wp","href":"https:\/\/api.w.org\/{rel}","templated":true}]}}