{"id":7882,"date":"2023-01-09T01:00:00","date_gmt":"2023-01-08T22:00:00","guid":{"rendered":"https:\/\/www.ufukonen.com\/tr\/?p=7882"},"modified":"2023-11-27T01:31:21","modified_gmt":"2023-11-26T22:31:21","slug":"2022-daw-anketi-sonuclari","status":"publish","type":"post","link":"https:\/\/www.ufukonen.com\/tr\/2022-daw-anketi-sonuclari.html","title":{"rendered":"2022 DAW Anketi Sonu\u00e7lar\u0131"},"content":{"rendered":"\n<p>Bu y\u0131l yedincisini d\u00fczenledi\u011fim DAW anketinin sonu\u00e7lar\u0131 belli oldu! 7 Kas\u0131m 2022 ile 4 Ocak 2023 tarihleri aras\u0131nda a\u00e7\u0131k kalan 2022 DAW anketine 1271 ki\u015fi kat\u0131ld\u0131. <\/p>\n\n\n\n<p>Bu sene ankete yeni eklenen bir kategori vard\u0131: Post-prod\u00fcksiyon (g\u00f6r\u00fcnt\u00fcl\u00fc medya i\u00e7in ses). <\/p>\n\n\n\n<p>Ge\u00e7ti\u011fimiz y\u0131llarda anketimiz \u015fu soruyla a\u00e7\u0131l\u0131yordu: \u201cM\u00fczik ve ses teknolojileri ile ilginiz\u201d. Bu sorunun cevab\u0131 i\u00e7in &#8220;hobi&#8221; ve &#8220;profesyonel&#8221; olmak \u00fczere iki se\u00e7enek bulunuyordu. Bu sene o soruyu \u201c\u00c7al\u0131\u015fma alan\u0131n\u0131z\u201d olarak de\u011fi\u015ftirdim ve \u00fc\u00e7\u00fcnc\u00fc se\u00e7enek olarak &#8220;post-prod\u00fcksiyon&#8221;u ekledim. Bu alanda faaliyet g\u00f6sterenlerin neredeyse tamam\u0131 profesyonel olarak \u00e7al\u0131\u015ft\u0131klar\u0131 i\u00e7in \u201cprofesyonel\u201d ve \u201chobi\u201d ayr\u0131m\u0131 yapmad\u0131m. <\/p>\n\n\n\n<p>2022 anketinin sonu\u00e7lar\u0131n\u0131 a\u015fa\u011f\u0131da detayl\u0131 bir \u015fekilde sizlere aktaraca\u011f\u0131m. Ondan \u00f6nce, e\u011fer incelemek isterseniz ge\u00e7mi\u015f y\u0131llar\u0131n anket sonu\u00e7lar\u0131na a\u015fa\u011f\u0131daki linklerden ula\u015fabilirsiniz:<\/p>\n\n\n\n<ul><li><a href=\"https:\/\/www.ufukonen.com\/tr\/2021-daw-anketi-sonuclari.html\" data-type=\"post\" data-id=\"7109\" target=\"_blank\" rel=\"noreferrer noopener\">2021 DAW Anketi Sonu\u00e7lar\u0131<\/a><\/li><li><a rel=\"noreferrer noopener\" href=\"https:\/\/www.ufukonen.com\/tr\/2020-daw-anketi-sonuclari.html\" target=\"_blank\" data-type=\"post\" data-id=\"6311\">2020 DAW Anketi Sonu\u00e7lar\u0131<\/a><\/li><li><a rel=\"noreferrer noopener\" href=\"https:\/\/www.ufukonen.com\/tr\/2019-daw-anketi-sonuclari.html\" target=\"_blank\">2019 DAW Anketi Sonu\u00e7lar\u0131<\/a><\/li><li><a rel=\"noreferrer noopener\" href=\"https:\/\/www.ufukonen.com\/tr\/2018-daw-anketi-sonuclari.html\" target=\"_blank\">2018 DAW Anketi Sonu\u00e7lar\u0131<\/a><\/li><li><a rel=\"noreferrer noopener\" href=\"https:\/\/www.ufukonen.com\/tr\/2017-daw-anketi-sonuclari.html\" target=\"_blank\">2017 DAW Anketi Sonu\u00e7lar\u0131<\/a><\/li><li><a rel=\"noreferrer noopener\" href=\"https:\/\/www.ufukonen.com\/tr\/2016-daw-tercihiniz-anket.html\" target=\"_blank\">2016 DAW Anketi Sonu\u00e7lar\u0131<\/a><\/li><\/ul>\n\n\n\n<p>\u015eimdi gelelim 2022 anketinin sonu\u00e7lar\u0131na&#8230;<\/p>\n\n\n\n<div style=\"height:25px\" aria-hidden=\"true\" class=\"wp-block-spacer\"><\/div>\n\n\n\n<h3>Soru 1: \u201c\u00c7al\u0131\u015fma alan\u0131n\u0131z\u201d<\/h3>\n\n\n\n<p>1271 kat\u0131l\u0131mc\u0131dan 78&#8217;i post-prod\u00fcksiyon alan\u0131nda \u00e7al\u0131\u015ft\u0131\u011f\u0131n\u0131 (%6); 501&#8217;i m\u00fczik prod\u00fcksiyonu ile profesyonel olarak ilgilendi\u011fini (%39); 692&#8217;si ise m\u00fczik prod\u00fcksiyonu ile hobi olarak ilgilendi\u011fini (%54) s\u00f6ylemi\u015f. <\/p>\n\n\n\n<p>Ge\u00e7ti\u011fimiz y\u0131l kat\u0131l\u0131mc\u0131lar\u0131n %51&#8217;i profesyonel, %49&#8217;u ise hobi olarak ilgilenen kullan\u0131c\u0131lardan olu\u015fuyordu.<\/p>\n\n\n\n<figure class=\"wp-block-image size-large\"><a href=\"https:\/\/www.ufukonen.com\/tr\/wp-content\/uploads\/2022_DAW_Anketi_Sonuclar_01.png\" target=\"_blank\" rel=\"noopener noreferrer\"><img loading=\"lazy\" width=\"1024\" height=\"251\" src=\"https:\/\/www.ufukonen.com\/tr\/wp-content\/uploads\/2022_DAW_Anketi_Sonuclar_01-1024x251.png\" alt=\"\" class=\"wp-image-7906\" srcset=\"https:\/\/www.ufukonen.com\/tr\/wp-content\/uploads\/2022_DAW_Anketi_Sonuclar_01-1024x251.png 1024w, https:\/\/www.ufukonen.com\/tr\/wp-content\/uploads\/2022_DAW_Anketi_Sonuclar_01-300x73.png 300w, https:\/\/www.ufukonen.com\/tr\/wp-content\/uploads\/2022_DAW_Anketi_Sonuclar_01-768x188.png 768w, https:\/\/www.ufukonen.com\/tr\/wp-content\/uploads\/2022_DAW_Anketi_Sonuclar_01-1536x376.png 1536w, https:\/\/www.ufukonen.com\/tr\/wp-content\/uploads\/2022_DAW_Anketi_Sonuclar_01-2048x502.png 2048w, https:\/\/www.ufukonen.com\/tr\/wp-content\/uploads\/2022_DAW_Anketi_Sonuclar_01-1140x279.png 1140w, https:\/\/www.ufukonen.com\/tr\/wp-content\/uploads\/2022_DAW_Anketi_Sonuclar_01-552x135.png 552w\" sizes=\"(max-width: 1024px) 100vw, 1024px\" \/><\/a><\/figure>\n\n\n\n<div style=\"height:25px\" aria-hidden=\"true\" class=\"wp-block-spacer\"><\/div>\n\n\n\n<h3>Soru 2: \u201cA\u011f\u0131rl\u0131kl\u0131 olarak kulland\u0131\u011f\u0131n\u0131z bilgisayar i\u015fletim sistemi\u201d<\/h3>\n\n\n\n<p>1271 kat\u0131l\u0131mc\u0131dan 854&#8217;\u00fc i\u015fletim sistemi olarak Windows&#8217;u tercih etti\u011fini s\u00f6ylemi\u015f, bu da toplam oylar\u0131n %67&#8217;sini olu\u015fturuyor. <\/p>\n\n\n\n<p>Ge\u00e7ti\u011fimiz y\u0131l Windows tercih edenler yine buna \u00e7ok yak\u0131n bir y\u00fczdeyi olu\u015fturuyordu (%65).<\/p>\n\n\n\n<figure class=\"wp-block-image size-large\"><a href=\"https:\/\/www.ufukonen.com\/tr\/wp-content\/uploads\/2022_DAW_Anketi_Sonuclar_02.png\" target=\"_blank\" rel=\"noopener noreferrer\"><img loading=\"lazy\" width=\"1024\" height=\"240\" src=\"https:\/\/www.ufukonen.com\/tr\/wp-content\/uploads\/2022_DAW_Anketi_Sonuclar_02-1024x240.png\" alt=\"\" class=\"wp-image-7908\" srcset=\"https:\/\/www.ufukonen.com\/tr\/wp-content\/uploads\/2022_DAW_Anketi_Sonuclar_02-1024x240.png 1024w, https:\/\/www.ufukonen.com\/tr\/wp-content\/uploads\/2022_DAW_Anketi_Sonuclar_02-300x70.png 300w, https:\/\/www.ufukonen.com\/tr\/wp-content\/uploads\/2022_DAW_Anketi_Sonuclar_02-768x180.png 768w, https:\/\/www.ufukonen.com\/tr\/wp-content\/uploads\/2022_DAW_Anketi_Sonuclar_02-1536x360.png 1536w, https:\/\/www.ufukonen.com\/tr\/wp-content\/uploads\/2022_DAW_Anketi_Sonuclar_02-2048x480.png 2048w, https:\/\/www.ufukonen.com\/tr\/wp-content\/uploads\/2022_DAW_Anketi_Sonuclar_02-1140x267.png 1140w, https:\/\/www.ufukonen.com\/tr\/wp-content\/uploads\/2022_DAW_Anketi_Sonuclar_02-552x129.png 552w\" sizes=\"(max-width: 1024px) 100vw, 1024px\" \/><\/a><\/figure>\n\n\n\n<div style=\"height:25px\" aria-hidden=\"true\" class=\"wp-block-spacer\"><\/div>\n\n\n\n<h3>Soru 3: \u201cDAW kullan\u0131m\u0131n\u0131z\u201d<\/h3>\n\n\n\n<p>Ankete kat\u0131lanlar\u0131n %39&#8217;u birden fazla DAW kulland\u0131\u011f\u0131n\u0131 belirtmi\u015f. Bu sonu\u00e7 2021 anketine g\u00f6re ise biraz daha d\u00fc\u015f\u00fck. Ge\u00e7ti\u011fimiz y\u0131l kat\u0131l\u0131mc\u0131lar\u0131n %44&#8217;\u00fc birden fazka DAW kulland\u0131klar\u0131n\u0131 s\u00f6ylemi\u015flerdi. <\/p>\n\n\n\n<figure class=\"wp-block-image size-large\"><a href=\"https:\/\/www.ufukonen.com\/tr\/wp-content\/uploads\/2022_DAW_Anketi_Sonuclar_03.png\" target=\"_blank\" rel=\"noopener noreferrer\"><img loading=\"lazy\" width=\"1024\" height=\"217\" src=\"https:\/\/www.ufukonen.com\/tr\/wp-content\/uploads\/2022_DAW_Anketi_Sonuclar_03-1024x217.png\" alt=\"\" class=\"wp-image-7909\" srcset=\"https:\/\/www.ufukonen.com\/tr\/wp-content\/uploads\/2022_DAW_Anketi_Sonuclar_03-1024x217.png 1024w, https:\/\/www.ufukonen.com\/tr\/wp-content\/uploads\/2022_DAW_Anketi_Sonuclar_03-300x64.png 300w, https:\/\/www.ufukonen.com\/tr\/wp-content\/uploads\/2022_DAW_Anketi_Sonuclar_03-768x163.png 768w, https:\/\/www.ufukonen.com\/tr\/wp-content\/uploads\/2022_DAW_Anketi_Sonuclar_03-1536x326.png 1536w, https:\/\/www.ufukonen.com\/tr\/wp-content\/uploads\/2022_DAW_Anketi_Sonuclar_03-2048x434.png 2048w, https:\/\/www.ufukonen.com\/tr\/wp-content\/uploads\/2022_DAW_Anketi_Sonuclar_03-1140x242.png 1140w, https:\/\/www.ufukonen.com\/tr\/wp-content\/uploads\/2022_DAW_Anketi_Sonuclar_03-552x117.png 552w\" sizes=\"(max-width: 1024px) 100vw, 1024px\" \/><\/a><\/figure>\n\n\n\n<div style=\"height:25px\" aria-hidden=\"true\" class=\"wp-block-spacer\"><\/div>\n\n\n\n<h3>Soru 4: \u201cBirinci tercih olarak kullanmakta oldu\u011funuz DAW\u201d<\/h3>\n\n\n\n<p>Evet, i\u015fte geldik 2022 DAW anketinin galibine\u2026<\/p>\n\n\n\n<p>2022 DAW anketinin bir numaras\u0131 <strong>FL STUDIO<\/strong> (Image-Line).<\/p>\n\n\n\n<p>2021 anketinde ikinci s\u0131rada yer alan FL STUDIO, bu y\u0131l oylar\u0131n %24&#8217;\u00fcn\u00fc alarak 2022 anketinin galibi oldu!<\/p>\n\n\n\n<p>2018, 2019, 2020 ve 2021 y\u0131llar\u0131nda \u00fcst \u00fcste d\u00f6rt defa birinci olan Studio One, bu sene oylar\u0131n %22&#8217;sini alarak 2022 anketini ikinci s\u0131rada tamamlad\u0131.<\/p>\n\n\n\n<p>2022 anketinde 3, 4, 5, 6 ve 7. s\u0131ralar 2021 anketi ile ayn\u0131.<\/p>\n\n\n\n<p>\u00dc\u00e7\u00fcnc\u00fc s\u0131rada LOGIC PRO (Apple) var. 2016-2019 aras\u0131nda ikincili\u011fi kimseye b\u0131rakmayan Logic Pro, 2020 ve 2021 y\u0131llar\u0131n\u0131 \u00fc\u00e7\u00fcnc\u00fc s\u0131rada tamamlam\u0131\u015ft\u0131. <\/p>\n\n\n\n<p>D\u00f6rd\u00fcnc\u00fc s\u0131rada LIVE (Ableton) yer al\u0131yor. Live, istikrarl\u0131 bir \u015fekilde anketleri genelde hep d\u00f6rd\u00fcnc\u00fc ve be\u015finci s\u0131ralarda tamaml\u0131yor, bu sene de bir de\u011fi\u015fiklik olmad\u0131.<\/p>\n\n\n\n<p>Be\u015finci s\u0131rada CUBASE (Steinberg) var. Bu ankette y\u0131llar i\u00e7inde en \u00e7ok yer de\u011fi\u015ftiren Cubase oldu. Anketi iki defa birincilikle tamamlay\u0131p sonra d\u00fc\u015f\u00fc\u015fe ge\u00e7ti. 2020 y\u0131l\u0131nda tekrar y\u00fckselip birincili\u011fi sadece bir oy farkla Studio One&#8217;a kapt\u0131rd\u0131. 2021&#8217;de ciddi bir d\u00fc\u015f\u00fc\u015f ile be\u015finci s\u0131raya geriledi. Bu sene de be\u015finci s\u0131rada. <\/p>\n\n\n\n<p>Alt\u0131nc\u0131 s\u0131rada PRO TOOLS (Avid) yer al\u0131yor. Pro Tools son y\u0131llarda anketi alt\u0131nc\u0131 ve yedinci s\u0131ralarda tamaml\u0131yor, bu sene de bir de\u011fi\u015fiklik olmam\u0131\u015f.<\/p>\n\n\n\n<p>Yedinci s\u0131rada REAPER (Cockos) var. Reaper da t\u0131pk\u0131 Live ve Pro Tools gibi istikrarl\u0131 bir \u015fekilde s\u0131ralamadaki yerini hep koruyor.<\/p>\n\n\n\n<p>A\u015fa\u011f\u0131da 2022 DAW anketinin ilk yedi s\u0131ras\u0131n\u0131 liste halinde g\u00f6rebilirsiniz. K\u00f6\u015feli parantez i\u00e7indeki rakamlar o DAW\u2019\u0131n s\u0131ras\u0131yla 2016, 2017, 2018, 2019, 2020 ve 2021 y\u0131llar\u0131ndaki pozisyonlar\u0131n\u0131 g\u00f6steriyor.<\/p>\n\n\n\n<ol><li>FL Studio (Image-Line) [5 \/ 4 \/ 4 \/ 3 \/ 4 \/ 2]<\/li><li>Studio One (Presonus) [6 \/ 3 \/ 1 \/ 1 \/ 1 \/ 1]<\/li><li>Logic Pro (Apple) [2 \/ 2 \/ 2 \/ 2 \/ 3 \/ 3]<\/li><li>Live (Ableton) [4 \/ 5 \/ 5 \/ 4 \/ 5 \/ 4]<\/li><li>Cubase (Steinberg) [1 \/ 1 \/ 3 \/ 5 \/ 2 \/ 5]<\/li><li>Pro Tools (Avid) [3 \/ 6 \/ 6 \/ 7 \/ 7 \/ 6]<\/li><li>Reaper (Cockos) [7 \/ 7 \/ 7 \/ 6 \/ 6 \/ 7]<\/li><\/ol>\n\n\n\n<p>Tam listeyi ve DAW\u2019lar\u0131n ald\u0131klar\u0131 oy say\u0131lar\u0131 ile y\u00fczdeleri a\u015fa\u011f\u0131daki tabloda bulabilirsiniz.<\/p>\n\n\n\n<figure class=\"wp-block-image size-large\"><a href=\"https:\/\/www.ufukonen.com\/tr\/wp-content\/uploads\/2022_DAW_Anketi_Sonuclar_04_1_all.png\" target=\"_blank\" rel=\"noopener noreferrer\"><img loading=\"lazy\" width=\"1024\" height=\"978\" src=\"https:\/\/www.ufukonen.com\/tr\/wp-content\/uploads\/2022_DAW_Anketi_Sonuclar_04_1_all-1024x978.png\" alt=\"\" class=\"wp-image-7910\" srcset=\"https:\/\/www.ufukonen.com\/tr\/wp-content\/uploads\/2022_DAW_Anketi_Sonuclar_04_1_all-1024x978.png 1024w, https:\/\/www.ufukonen.com\/tr\/wp-content\/uploads\/2022_DAW_Anketi_Sonuclar_04_1_all-300x287.png 300w, https:\/\/www.ufukonen.com\/tr\/wp-content\/uploads\/2022_DAW_Anketi_Sonuclar_04_1_all-768x734.png 768w, https:\/\/www.ufukonen.com\/tr\/wp-content\/uploads\/2022_DAW_Anketi_Sonuclar_04_1_all-1536x1467.png 1536w, https:\/\/www.ufukonen.com\/tr\/wp-content\/uploads\/2022_DAW_Anketi_Sonuclar_04_1_all-2048x1956.png 2048w, https:\/\/www.ufukonen.com\/tr\/wp-content\/uploads\/2022_DAW_Anketi_Sonuclar_04_1_all-1140x1089.png 1140w, https:\/\/www.ufukonen.com\/tr\/wp-content\/uploads\/2022_DAW_Anketi_Sonuclar_04_1_all-552x527.png 552w\" sizes=\"(max-width: 1024px) 100vw, 1024px\" \/><\/a><\/figure>\n\n\n\n<div style=\"height:25px\" aria-hidden=\"true\" class=\"wp-block-spacer\"><\/div>\n\n\n\n<h3>Profesyoneller ile Hobi Olarak \u0130lgilenenleri Tercihleri Farkl\u0131!<\/h3>\n\n\n\n<p>M\u00fczik prod\u00fcksiyonu alan\u0131nda profesyoneller ile hobi olarak ilgilenenlerinin cevaplar\u0131n\u0131 ay\u0131rd\u0131\u011f\u0131m\u0131zda tabloda k\u00fc\u00e7\u00fck de\u011fi\u015fiklikler oluyor.<\/p>\n\n\n\n<p>2022 DAW anketinde profesyonellerin tercihi STUDIO ONE oldu. \u0130kinci s\u0131rada FL STUDIO, \u00fc\u00e7\u00fcnc\u00fc s\u0131rada ise LOGIC PRO var. <\/p>\n\n\n\n<p>Profesyonellerin listesinde d\u00f6rd\u00fcnc\u00fc s\u0131rada LIVE, be\u015finci s\u0131rada CUBASE, alt\u0131nc\u0131 s\u0131rada PRO TOOLS, yedinci s\u0131rada ise REAPER yer al\u0131yor.<\/p>\n\n\n\n<p>Profesyonellerin tercihleri ile olu\u015fturulan tam listeyi ve DAW\u2019lar\u0131n ald\u0131klar\u0131 oy say\u0131lar\u0131 ile y\u00fczdeleri a\u015fa\u011f\u0131daki tabloda bulabilirsiniz.<\/p>\n\n\n\n<figure class=\"wp-block-image size-large\"><a href=\"https:\/\/www.ufukonen.com\/tr\/wp-content\/uploads\/2022_DAW_Anketi_Sonuclar_04_2_pro.png\" target=\"_blank\" rel=\"noopener noreferrer\"><img loading=\"lazy\" width=\"1024\" height=\"975\" src=\"https:\/\/www.ufukonen.com\/tr\/wp-content\/uploads\/2022_DAW_Anketi_Sonuclar_04_2_pro-1024x975.png\" alt=\"\" class=\"wp-image-7911\" srcset=\"https:\/\/www.ufukonen.com\/tr\/wp-content\/uploads\/2022_DAW_Anketi_Sonuclar_04_2_pro-1024x975.png 1024w, https:\/\/www.ufukonen.com\/tr\/wp-content\/uploads\/2022_DAW_Anketi_Sonuclar_04_2_pro-300x286.png 300w, https:\/\/www.ufukonen.com\/tr\/wp-content\/uploads\/2022_DAW_Anketi_Sonuclar_04_2_pro-768x731.png 768w, https:\/\/www.ufukonen.com\/tr\/wp-content\/uploads\/2022_DAW_Anketi_Sonuclar_04_2_pro-1536x1463.png 1536w, https:\/\/www.ufukonen.com\/tr\/wp-content\/uploads\/2022_DAW_Anketi_Sonuclar_04_2_pro-2048x1950.png 2048w, https:\/\/www.ufukonen.com\/tr\/wp-content\/uploads\/2022_DAW_Anketi_Sonuclar_04_2_pro-1140x1086.png 1140w, https:\/\/www.ufukonen.com\/tr\/wp-content\/uploads\/2022_DAW_Anketi_Sonuclar_04_2_pro-552x526.png 552w\" sizes=\"(max-width: 1024px) 100vw, 1024px\" \/><\/a><\/figure>\n\n\n\n<p>2022 DAW anketinde m\u00fczik prod\u00fcksiyonu ile hobi olarak ilgilenenlerin tercihi, FL STUDIO oldu. \u0130kinci s\u0131rada STUDIO ONE, \u00fc\u00e7\u00fcnc\u00fc s\u0131rada ise LIVE var.<\/p>\n\n\n\n<p>Hobi olarak ilgilenenlerin tercihleri ile olu\u015fturulan tam listeyi ve DAW\u2019lar\u0131n ald\u0131klar\u0131 oy say\u0131lar\u0131 ile y\u00fczdeleri a\u015fa\u011f\u0131daki tabloda bulabilirsiniz.<\/p>\n\n\n\n<figure class=\"wp-block-image size-large\"><a href=\"https:\/\/www.ufukonen.com\/tr\/wp-content\/uploads\/2022_DAW_Anketi_Sonuclar_04_3_hobi.png\" target=\"_blank\" rel=\"noopener noreferrer\"><img loading=\"lazy\" width=\"1024\" height=\"974\" src=\"https:\/\/www.ufukonen.com\/tr\/wp-content\/uploads\/2022_DAW_Anketi_Sonuclar_04_3_hobi-1024x974.png\" alt=\"\" class=\"wp-image-7912\" srcset=\"https:\/\/www.ufukonen.com\/tr\/wp-content\/uploads\/2022_DAW_Anketi_Sonuclar_04_3_hobi-1024x974.png 1024w, https:\/\/www.ufukonen.com\/tr\/wp-content\/uploads\/2022_DAW_Anketi_Sonuclar_04_3_hobi-300x285.png 300w, https:\/\/www.ufukonen.com\/tr\/wp-content\/uploads\/2022_DAW_Anketi_Sonuclar_04_3_hobi-768x730.png 768w, https:\/\/www.ufukonen.com\/tr\/wp-content\/uploads\/2022_DAW_Anketi_Sonuclar_04_3_hobi-1536x1461.png 1536w, https:\/\/www.ufukonen.com\/tr\/wp-content\/uploads\/2022_DAW_Anketi_Sonuclar_04_3_hobi-2048x1948.png 2048w, https:\/\/www.ufukonen.com\/tr\/wp-content\/uploads\/2022_DAW_Anketi_Sonuclar_04_3_hobi-1140x1084.png 1140w, https:\/\/www.ufukonen.com\/tr\/wp-content\/uploads\/2022_DAW_Anketi_Sonuclar_04_3_hobi-552x525.png 552w\" sizes=\"(max-width: 1024px) 100vw, 1024px\" \/><\/a><\/figure>\n\n\n\n<div style=\"height:25px\" aria-hidden=\"true\" class=\"wp-block-spacer\"><\/div>\n\n\n\n<h3>Post Prod\u00fcksiyon (G\u00f6rsel Medya \u0130\u00e7in Ses)<\/h3>\n\n\n\n<p>Yukar\u0131da da belirtti\u011fim gibi, post prod\u00fcksiyon alan\u0131nda faaliyet g\u00f6sterenlerin neredeyse tamam\u0131 profesyonel olarak \u00e7al\u0131\u015ft\u0131klar\u0131 i\u00e7in bu kategoride \u201cprofesyonel\u201d ve \u201chobi\u201d ayr\u0131m\u0131 yapmad\u0131m. <\/p>\n\n\n\n<p>2022 anketinde post prod\u00fcksiyon \u00fczerine \u00e7al\u0131\u015fanlar\u0131n tercihi a\u00e7\u0131k ara ile PRO TOOLS oldu. \u0130kinci s\u0131rada LOGIC PRO, \u00fc\u00e7\u00fcnc\u00fc s\u0131rada REAPER, d\u00f6rd\u00fcnc\u00fc s\u0131rada AUDITION, be\u015finci s\u0131rada ise NUENDO var. <\/p>\n\n\n\n<p>S\u0131ralaman\u0131n b\u00f6yle olaca\u011f\u0131n\u0131 tahmin etmi\u015ftim. Pro Tools m\u00fczik prod\u00fcksiyonu alan\u0131nda (\u00f6zellikle ev kullan\u0131c\u0131lar\u0131n\u0131 say\u0131lar\u0131n\u0131n artmas\u0131yla) pop\u00fclerli\u011fini kaybediyor ancak post prod\u00fcksiyon alan\u0131nda t\u00fcm d\u00fcnyada hala liderli\u011fini koruyor.<\/p>\n\n\n\n<p>Post prod\u00fcksiyon \u00fczerine \u00e7al\u0131\u015fanlar\u0131n tercihleri ile olu\u015fturulan tam listeyi ve DAW\u2019lar\u0131n ald\u0131klar\u0131 oy say\u0131lar\u0131 ile y\u00fczdeleri a\u015fa\u011f\u0131daki tabloda bulabilirsiniz.<\/p>\n\n\n\n<figure class=\"wp-block-image size-large\"><img loading=\"lazy\" width=\"1024\" height=\"978\" src=\"https:\/\/www.ufukonen.com\/tr\/wp-content\/uploads\/2022_DAW_Anketi_Sonuclar_04_4_post-1024x978.png\" alt=\"\" class=\"wp-image-7914\" srcset=\"https:\/\/www.ufukonen.com\/tr\/wp-content\/uploads\/2022_DAW_Anketi_Sonuclar_04_4_post-1024x978.png 1024w, https:\/\/www.ufukonen.com\/tr\/wp-content\/uploads\/2022_DAW_Anketi_Sonuclar_04_4_post-300x287.png 300w, https:\/\/www.ufukonen.com\/tr\/wp-content\/uploads\/2022_DAW_Anketi_Sonuclar_04_4_post-768x734.png 768w, https:\/\/www.ufukonen.com\/tr\/wp-content\/uploads\/2022_DAW_Anketi_Sonuclar_04_4_post-1536x1467.png 1536w, https:\/\/www.ufukonen.com\/tr\/wp-content\/uploads\/2022_DAW_Anketi_Sonuclar_04_4_post-2048x1956.png 2048w, https:\/\/www.ufukonen.com\/tr\/wp-content\/uploads\/2022_DAW_Anketi_Sonuclar_04_4_post-1140x1089.png 1140w, https:\/\/www.ufukonen.com\/tr\/wp-content\/uploads\/2022_DAW_Anketi_Sonuclar_04_4_post-552x527.png 552w\" sizes=\"(max-width: 1024px) 100vw, 1024px\" \/><\/figure>\n\n\n\n<p>Post prod\u00fcksiyon kategorisine ait birka\u00e7 veriyi daha payla\u015fmak istiyorum. Bu kategoride tercih edilen bilgisayar Mac (%63). Kat\u0131l\u0131mc\u0131lar\u0131n %36&#8217;s\u0131 tercin ettikleri DAW&#8217;\u0131 1-3 y\u0131ldan beri kulland\u0131\u011f\u0131n\u0131 belirtmi\u015f. Bu da bu alana yeni giren ve Pro Tools kullanmaya ba\u015flayan kullan\u0131c\u0131lar oldu\u011funa i\u015faret ediyor. Bu kategorideki kat\u0131l\u0131mc\u0131lar\u0131n ikinci tercih olarak kulland\u0131\u011f\u0131 en pop\u00fcler DAW&#8217;lar, LOGIC PRO (%30) ve REAPER (%16). <\/p>\n\n\n\n<div style=\"height:25px\" aria-hidden=\"true\" class=\"wp-block-spacer\"><\/div>\n\n\n\n<h3>Soru 5: &#8220;Bu DAW&#8217;\u0131 ka\u00e7 y\u0131ldan beri kullan\u0131yorsunuz?&#8221;<\/h3>\n\n\n\n<p>Genel olarak DAW tercihinin bir al\u0131\u015fkanl\u0131k oldu\u011fu ve al\u0131\u015fkanl\u0131klar\u0131n kolay kolay de\u011fi\u015fmedi\u011fi d\u00fc\u015f\u00fcn\u00fcl\u00fcr. Bu sorunun sonucu bu genel d\u00fc\u015f\u00fcncenin tersinde bir noktada duruyor. 1271 kat\u0131l\u0131mc\u0131dan 587&#8217;si (%46) birinci tercih olarak kulland\u0131\u011f\u0131 DAW&#8217;\u0131 1-3 y\u0131ldan beri, 337&#8217;si (%27) ise 4-6 y\u0131ldan beri kulland\u0131\u011f\u0131n\u0131 ifade etmi\u015f. Bu sonu\u00e7 bize al\u0131\u015fkanl\u0131klr\u0131n de\u011fi\u015febildi\u011fini g\u00f6steriyor.<\/p>\n\n\n\n<figure class=\"wp-block-image size-large\"><a href=\"https:\/\/www.ufukonen.com\/tr\/wp-content\/uploads\/2022_DAW_Anketi_Sonuclar_05.png\" target=\"_blank\" rel=\"noopener noreferrer\"><img loading=\"lazy\" width=\"1024\" height=\"344\" src=\"https:\/\/www.ufukonen.com\/tr\/wp-content\/uploads\/2022_DAW_Anketi_Sonuclar_05-1024x344.png\" alt=\"\" class=\"wp-image-7915\" srcset=\"https:\/\/www.ufukonen.com\/tr\/wp-content\/uploads\/2022_DAW_Anketi_Sonuclar_05-1024x344.png 1024w, https:\/\/www.ufukonen.com\/tr\/wp-content\/uploads\/2022_DAW_Anketi_Sonuclar_05-300x101.png 300w, https:\/\/www.ufukonen.com\/tr\/wp-content\/uploads\/2022_DAW_Anketi_Sonuclar_05-768x258.png 768w, https:\/\/www.ufukonen.com\/tr\/wp-content\/uploads\/2022_DAW_Anketi_Sonuclar_05-1536x517.png 1536w, https:\/\/www.ufukonen.com\/tr\/wp-content\/uploads\/2022_DAW_Anketi_Sonuclar_05-2048x689.png 2048w, https:\/\/www.ufukonen.com\/tr\/wp-content\/uploads\/2022_DAW_Anketi_Sonuclar_05-1140x383.png 1140w, https:\/\/www.ufukonen.com\/tr\/wp-content\/uploads\/2022_DAW_Anketi_Sonuclar_05-552x186.png 552w\" sizes=\"(max-width: 1024px) 100vw, 1024px\" \/><\/a><\/figure>\n\n\n\n<div style=\"height:25px\" aria-hidden=\"true\" class=\"wp-block-spacer\"><\/div>\n\n\n\n<h3>Soru 6: \u201c\u0130kinci tercih olarak kullanmakta oldu\u011funuz DAW\u201d<\/h3>\n\n\n\n<p>\u0130kinci tercih olarak ba\u015f\u0131 \u00e7eken DAW, STUDIO ONE oldu. Studio One, ge\u00e7ti\u011fimiz y\u0131l ikinci tercih listesinde ikinci s\u0131radayd\u0131.<\/p>\n\n\n\n<p>\u0130kinci tercih listesinde ikinci s\u0131rada LIVE, \u00fc\u00e7\u00fcnc\u00fc s\u0131rada ise LOGIC PRO var. <\/p>\n\n\n\n<p>\u0130kinci tercih listesinin d\u00f6rd\u00fcnc\u00fc s\u0131ras\u0131nda FL STUDIO, be\u015finci s\u0131ras\u0131nda ise CUBASE var.<\/p>\n\n\n\n<p>A\u015fa\u011f\u0131da 2022 DAW anketinin ikinci tercih listesinin ilk yedi s\u0131ras\u0131n\u0131 liste haline g\u00f6rebilirsiniz. K\u00f6\u015feli parantez i\u00e7indeki rakamlar o DAW\u2019\u0131n s\u0131ras\u0131yla 2018, 2019, 2020 ve 2021 y\u0131llar\u0131ndaki konumlar\u0131n\u0131 g\u00f6steriyor.<\/p>\n\n\n\n<ol><li>Studio One (Presonus) [4 \/ 3 \/ 1 \/ 2]<\/li><li>Live (Ableton) [3 \/ 4 \/ 2 \/ 3]<\/li><li>Logic Pro (Apple) [1 \/ 1 \/ 4 \/ 1]<\/li><li>FL Studio (Image-Line) [6 \/ 1 \/ 6 \/ 4]<\/li><li>Cubase (Steinberg) [2 \/ 6 \/ 3 \/ 5]<\/li><li><span style=\"color: initial;\">Pro Tools (Avid) [5 \/ 5 \/ 5 \/ 6] <\/span><\/li><li>Reaper (Cockos) [7 \/ 7 \/ 6 \/ 7]<\/li><\/ol>\n\n\n\n<p>Tam listeyi ve DAW\u2019lar\u0131n ald\u0131klar\u0131 oy say\u0131lar\u0131 ile y\u00fczdeleri a\u015fa\u011f\u0131daki tabloda bulabilirsiniz.<\/p>\n\n\n\n<figure class=\"wp-block-image size-large\"><a href=\"https:\/\/www.ufukonen.com\/tr\/wp-content\/uploads\/2022_DAW_Anketi_Sonuclar_06_1_all.png\" target=\"_blank\" rel=\"noopener noreferrer\"><img loading=\"lazy\" width=\"1024\" height=\"976\" src=\"https:\/\/www.ufukonen.com\/tr\/wp-content\/uploads\/2022_DAW_Anketi_Sonuclar_06_1_all-1024x976.png\" alt=\"\" class=\"wp-image-7916\" srcset=\"https:\/\/www.ufukonen.com\/tr\/wp-content\/uploads\/2022_DAW_Anketi_Sonuclar_06_1_all-1024x976.png 1024w, https:\/\/www.ufukonen.com\/tr\/wp-content\/uploads\/2022_DAW_Anketi_Sonuclar_06_1_all-300x286.png 300w, https:\/\/www.ufukonen.com\/tr\/wp-content\/uploads\/2022_DAW_Anketi_Sonuclar_06_1_all-768x732.png 768w, https:\/\/www.ufukonen.com\/tr\/wp-content\/uploads\/2022_DAW_Anketi_Sonuclar_06_1_all-1536x1464.png 1536w, https:\/\/www.ufukonen.com\/tr\/wp-content\/uploads\/2022_DAW_Anketi_Sonuclar_06_1_all-2048x1952.png 2048w, https:\/\/www.ufukonen.com\/tr\/wp-content\/uploads\/2022_DAW_Anketi_Sonuclar_06_1_all-1140x1086.png 1140w, https:\/\/www.ufukonen.com\/tr\/wp-content\/uploads\/2022_DAW_Anketi_Sonuclar_06_1_all-552x526.png 552w\" sizes=\"(max-width: 1024px) 100vw, 1024px\" \/><\/a><\/figure>\n\n\n\n<div style=\"height:25px\" aria-hidden=\"true\" class=\"wp-block-spacer\"><\/div>\n\n\n\n<h3>Profesyoneller ile Hobi Olarak \u0130lgilenenleri Tercihleri Biraz Farkl\u0131<\/h3>\n\n\n\n<p>Profesyoneller ile hobi olarak ilgilenenlerinin cevaplar\u0131n\u0131 ay\u0131rd\u0131\u011f\u0131m\u0131zda t\u0131pk\u0131 birinci tercih listesinde oldu\u011fu gibi ikinci tercih listesinde de tablo de\u011fi\u015fiyor.<\/p>\n\n\n\n<p>Profesyonellerin ikinci tercih listesinin ilk be\u015f s\u0131ras\u0131nda STUDIO ONE, LOGIC PRO, LIVE, PRO TOOLS ve FL STUDIO var. Tam listeyi ve DAW\u2019lar\u0131n ald\u0131klar\u0131 oy say\u0131lar\u0131 ile y\u00fczdeleri a\u015fa\u011f\u0131daki tabloda bulabilirsiniz.<\/p>\n\n\n\n<figure class=\"wp-block-image size-large\"><a href=\"https:\/\/www.ufukonen.com\/tr\/wp-content\/uploads\/2022_DAW_Anketi_Sonuclar_06_2_pro.png\" target=\"_blank\" rel=\"noopener noreferrer\"><img loading=\"lazy\" width=\"1024\" height=\"978\" src=\"https:\/\/www.ufukonen.com\/tr\/wp-content\/uploads\/2022_DAW_Anketi_Sonuclar_06_2_pro-1024x978.png\" alt=\"\" class=\"wp-image-7918\" srcset=\"https:\/\/www.ufukonen.com\/tr\/wp-content\/uploads\/2022_DAW_Anketi_Sonuclar_06_2_pro-1024x978.png 1024w, https:\/\/www.ufukonen.com\/tr\/wp-content\/uploads\/2022_DAW_Anketi_Sonuclar_06_2_pro-300x287.png 300w, https:\/\/www.ufukonen.com\/tr\/wp-content\/uploads\/2022_DAW_Anketi_Sonuclar_06_2_pro-768x734.png 768w, https:\/\/www.ufukonen.com\/tr\/wp-content\/uploads\/2022_DAW_Anketi_Sonuclar_06_2_pro-1536x1467.png 1536w, https:\/\/www.ufukonen.com\/tr\/wp-content\/uploads\/2022_DAW_Anketi_Sonuclar_06_2_pro-2048x1956.png 2048w, https:\/\/www.ufukonen.com\/tr\/wp-content\/uploads\/2022_DAW_Anketi_Sonuclar_06_2_pro-1140x1089.png 1140w, https:\/\/www.ufukonen.com\/tr\/wp-content\/uploads\/2022_DAW_Anketi_Sonuclar_06_2_pro-552x527.png 552w\" sizes=\"(max-width: 1024px) 100vw, 1024px\" \/><\/a><\/figure>\n\n\n\n<p>Hobi olarak ilgilenenlerin ikinci tercih listesinin ilk be\u015f s\u0131ras\u0131nda ise STUDIO ONE, FL STUDIO, LIVE, CUBASE ve LOGIC PRO var. Tam listeyi ve DAW\u2019lar\u0131n ald\u0131klar\u0131 oy say\u0131lar\u0131 ile y\u00fczdeleri a\u015fa\u011f\u0131daki tabloda bulabilirsiniz.<\/p>\n\n\n\n<figure class=\"wp-block-image size-large\"><a href=\"https:\/\/www.ufukonen.com\/tr\/wp-content\/uploads\/2022_DAW_Anketi_Sonuclar_06_3_hobi.png\" target=\"_blank\" rel=\"noopener noreferrer\"><img loading=\"lazy\" width=\"1024\" height=\"980\" src=\"https:\/\/www.ufukonen.com\/tr\/wp-content\/uploads\/2022_DAW_Anketi_Sonuclar_06_3_hobi-1024x980.png\" alt=\"\" class=\"wp-image-7919\" srcset=\"https:\/\/www.ufukonen.com\/tr\/wp-content\/uploads\/2022_DAW_Anketi_Sonuclar_06_3_hobi-1024x980.png 1024w, https:\/\/www.ufukonen.com\/tr\/wp-content\/uploads\/2022_DAW_Anketi_Sonuclar_06_3_hobi-300x287.png 300w, https:\/\/www.ufukonen.com\/tr\/wp-content\/uploads\/2022_DAW_Anketi_Sonuclar_06_3_hobi-768x735.png 768w, https:\/\/www.ufukonen.com\/tr\/wp-content\/uploads\/2022_DAW_Anketi_Sonuclar_06_3_hobi-1536x1471.png 1536w, https:\/\/www.ufukonen.com\/tr\/wp-content\/uploads\/2022_DAW_Anketi_Sonuclar_06_3_hobi-2048x1961.png 2048w, https:\/\/www.ufukonen.com\/tr\/wp-content\/uploads\/2022_DAW_Anketi_Sonuclar_06_3_hobi-1140x1092.png 1140w, https:\/\/www.ufukonen.com\/tr\/wp-content\/uploads\/2022_DAW_Anketi_Sonuclar_06_3_hobi-552x529.png 552w\" sizes=\"(max-width: 1024px) 100vw, 1024px\" \/><\/a><\/figure>\n\n\n\n<div style=\"height:25px\" aria-hidden=\"true\" class=\"wp-block-spacer\"><\/div>\n\n\n\n<h3>Soru 7: \u201cSon bir y\u0131l i\u00e7inde kullanmakta oldu\u011funuz DAW(lar) d\u0131\u015f\u0131nda ba\u015fka bir DAW denediniz mi?\u201d<\/h3>\n\n\n\n<p>Kat\u0131l\u0131mc\u0131lar\u0131n %54&#8217;\u00fc bu soruda &#8220;evet&#8221; cevab\u0131n\u0131 i\u015faretlemi\u015f. Her zaman yeni programlara, cihazlara, fikirlere ve tekniklere a\u00e7\u0131k olmakta fayda var!<\/p>\n\n\n\n<figure class=\"wp-block-image size-large\"><img loading=\"lazy\" width=\"1024\" height=\"224\" src=\"https:\/\/www.ufukonen.com\/tr\/wp-content\/uploads\/2022_DAW_Anketi_Sonuclar_07-1024x224.png\" alt=\"\" class=\"wp-image-7921\" srcset=\"https:\/\/www.ufukonen.com\/tr\/wp-content\/uploads\/2022_DAW_Anketi_Sonuclar_07-1024x224.png 1024w, https:\/\/www.ufukonen.com\/tr\/wp-content\/uploads\/2022_DAW_Anketi_Sonuclar_07-300x66.png 300w, https:\/\/www.ufukonen.com\/tr\/wp-content\/uploads\/2022_DAW_Anketi_Sonuclar_07-768x168.png 768w, https:\/\/www.ufukonen.com\/tr\/wp-content\/uploads\/2022_DAW_Anketi_Sonuclar_07-1536x336.png 1536w, https:\/\/www.ufukonen.com\/tr\/wp-content\/uploads\/2022_DAW_Anketi_Sonuclar_07-2048x448.png 2048w, https:\/\/www.ufukonen.com\/tr\/wp-content\/uploads\/2022_DAW_Anketi_Sonuclar_07-1140x249.png 1140w, https:\/\/www.ufukonen.com\/tr\/wp-content\/uploads\/2022_DAW_Anketi_Sonuclar_07-552x121.png 552w\" sizes=\"(max-width: 1024px) 100vw, 1024px\" \/><\/figure>\n\n\n\n<div style=\"height:25px\" aria-hidden=\"true\" class=\"wp-block-spacer\"><\/div>\n\n\n\n<h3>Soru 8: \u201cKullanmakta oldu\u011funuz DAW\u2019\u0131 2023 i\u00e7inde de\u011fi\u015ftirmeyi d\u00fc\u015f\u00fcn\u00fcyor musunuz?\u201d<\/h3>\n\n\n\n<p>T\u0131pk\u0131 ge\u00e7ti\u011fimiz y\u0131llarda oldu\u011fu gibi bu sene de kat\u0131l\u0131mc\u0131lar\u0131n \u00e7o\u011fu kulland\u0131klar\u0131 DAW\u2019\u0131 de\u011fi\u015ftirmeyi d\u00fc\u015f\u00fcnmediklerini s\u00f6ylemi\u015f. Kulland\u0131klar\u0131 DAW\u2019dan memnun oldu\u011fu i\u00e7in de\u011fi\u015ftirmek istemeyenler oylar\u0131n %71\u2019ini olu\u015fturuyor. Ge\u00e7ti\u011fimiz y\u0131l bu, %75&#8217;ti. <\/p>\n\n\n\n<p>Yeni bir DAW kullanmak g\u00f6zlerini korkuttu\u011fu i\u00e7in kulland\u0131\u011f\u0131 DAW&#8217;\u0131 de\u011fi\u015ftirmek istemeyenler oylar\u0131n %11&#8217;ini, \u00e7al\u0131\u015fma d\u00fczenini de\u011fi\u015ftirmekten \u00e7ekindikleri i\u00e7in kulland\u0131\u011f\u0131 DAW\u2019\u0131 de\u011fi\u015ftirmeyi d\u00fc\u015f\u00fcnmeyenler ise oylar\u0131n %7&#8217;ini olu\u015fturuyor. Kat\u0131l\u0131mc\u0131lar\u0131n sadece %10\u2019u kulland\u0131\u011f\u0131 DAW\u2019\u0131 de\u011fi\u015ftirmeyi d\u00fc\u015f\u00fcnd\u00fc\u011f\u00fcn\u00fc ifade etmi\u015f. <\/p>\n\n\n\n<figure class=\"wp-block-image size-large\"><a href=\"https:\/\/www.ufukonen.com\/tr\/wp-content\/uploads\/2022_DAW_Anketi_Sonuclar_08.png\" target=\"_blank\" rel=\"noopener noreferrer\"><img loading=\"lazy\" width=\"1024\" height=\"295\" src=\"https:\/\/www.ufukonen.com\/tr\/wp-content\/uploads\/2022_DAW_Anketi_Sonuclar_08-1024x295.png\" alt=\"\" class=\"wp-image-7922\" srcset=\"https:\/\/www.ufukonen.com\/tr\/wp-content\/uploads\/2022_DAW_Anketi_Sonuclar_08-1024x295.png 1024w, https:\/\/www.ufukonen.com\/tr\/wp-content\/uploads\/2022_DAW_Anketi_Sonuclar_08-300x86.png 300w, https:\/\/www.ufukonen.com\/tr\/wp-content\/uploads\/2022_DAW_Anketi_Sonuclar_08-768x221.png 768w, https:\/\/www.ufukonen.com\/tr\/wp-content\/uploads\/2022_DAW_Anketi_Sonuclar_08-1536x442.png 1536w, https:\/\/www.ufukonen.com\/tr\/wp-content\/uploads\/2022_DAW_Anketi_Sonuclar_08-2048x590.png 2048w, https:\/\/www.ufukonen.com\/tr\/wp-content\/uploads\/2022_DAW_Anketi_Sonuclar_08-1140x328.png 1140w, https:\/\/www.ufukonen.com\/tr\/wp-content\/uploads\/2022_DAW_Anketi_Sonuclar_08-552x159.png 552w\" sizes=\"(max-width: 1024px) 100vw, 1024px\" \/><\/a><\/figure>\n\n\n\n<div style=\"height:25px\" aria-hidden=\"true\" class=\"wp-block-spacer\"><\/div>\n\n\n\n<h3>Soru 9: &#8220;Mobil cihazlar \u00fczerinde DAW kullan\u0131yor musunuz?&#8221;<\/h3>\n\n\n\n<p>Kat\u0131l\u0131mc\u0131lar\u0131n %75&#8217;i mobil cihazlar \u00fczerinde DAW kullanmad\u0131\u011f\u0131n\u0131 ifade etmi\u015f. Ge\u00e7ti\u011fimiz y\u0131l bu, %75&#8217;di. \u00d6nemli bir de\u011fi\u015fiklik olmam\u0131\u015f.<\/p>\n\n\n\n<figure class=\"wp-block-image size-large\"><img loading=\"lazy\" width=\"1024\" height=\"290\" src=\"https:\/\/www.ufukonen.com\/tr\/wp-content\/uploads\/2022_DAW_Anketi_Sonuclar_09-1024x290.png\" alt=\"\" class=\"wp-image-7923\" srcset=\"https:\/\/www.ufukonen.com\/tr\/wp-content\/uploads\/2022_DAW_Anketi_Sonuclar_09-1024x290.png 1024w, https:\/\/www.ufukonen.com\/tr\/wp-content\/uploads\/2022_DAW_Anketi_Sonuclar_09-300x85.png 300w, https:\/\/www.ufukonen.com\/tr\/wp-content\/uploads\/2022_DAW_Anketi_Sonuclar_09-768x217.png 768w, https:\/\/www.ufukonen.com\/tr\/wp-content\/uploads\/2022_DAW_Anketi_Sonuclar_09-1536x434.png 1536w, https:\/\/www.ufukonen.com\/tr\/wp-content\/uploads\/2022_DAW_Anketi_Sonuclar_09-2048x579.png 2048w, https:\/\/www.ufukonen.com\/tr\/wp-content\/uploads\/2022_DAW_Anketi_Sonuclar_09-1140x322.png 1140w, https:\/\/www.ufukonen.com\/tr\/wp-content\/uploads\/2022_DAW_Anketi_Sonuclar_09-552x156.png 552w\" sizes=\"(max-width: 1024px) 100vw, 1024px\" \/><\/figure>\n\n\n\n<p>iPhone ve iPad \u00fczerinde DAW kullananlar oylar\u0131n %16&#8217;s\u0131n\u0131 olu\u015fturuyor. Sonu\u00e7lar\u0131 filtreleyip bu kullan\u0131c\u0131lar\u0131n da\u011f\u0131l\u0131mlar\u0131na bakt\u0131m:<\/p>\n\n\n\n<ul><li>%55&#8217;i profesyonel olarak m\u00fczik prod\u00fcksiyonu \u00fczerine \u00e7al\u0131\u015f\u0131yor.<\/li><li>%54&#8217;\u00fc a\u011f\u0131rl\u0131kl\u0131 olarak Mac OS X kullan\u0131c\u0131s\u0131.<\/li><li>%50&#8217;si birden fazla DAW kullan\u0131yor.<\/li><li>Birinci tercih olarak kulland\u0131klar\u0131 DAW&#8217;lar Logic Pro (%31), Studio One (%18) ve Live (%15).<\/li><\/ul>\n\n\n\n<p>Gelecek y\u0131llarda ana platform olmasa da mobil cihazlar \u00fczerinde DAW kullan\u0131m\u0131 artabilir diye d\u00fc\u015f\u00fcn\u00fcyorum.<\/p>\n\n\n\n<div style=\"height:25px\" aria-hidden=\"true\" class=\"wp-block-spacer\"><\/div>\n\n\n\n<h3>\u00d6zet Olarak\u2026<\/h3>\n\n\n\n<p>2022&#8217;nin \u00f6zetini a\u015fa\u011f\u0131daki tabloda bulabilirsiniz.<\/p>\n\n\n\n<figure class=\"wp-block-image size-large\"><a href=\"https:\/\/www.ufukonen.com\/tr\/wp-content\/uploads\/2022_DAW_Anketi_Sonuclar_10.png\" target=\"_blank\" rel=\"noopener noreferrer\"><img loading=\"lazy\" width=\"1024\" height=\"713\" src=\"https:\/\/www.ufukonen.com\/tr\/wp-content\/uploads\/2022_DAW_Anketi_Sonuclar_10-1024x713.png\" alt=\"\" class=\"wp-image-7924\" srcset=\"https:\/\/www.ufukonen.com\/tr\/wp-content\/uploads\/2022_DAW_Anketi_Sonuclar_10-1024x713.png 1024w, https:\/\/www.ufukonen.com\/tr\/wp-content\/uploads\/2022_DAW_Anketi_Sonuclar_10-300x209.png 300w, https:\/\/www.ufukonen.com\/tr\/wp-content\/uploads\/2022_DAW_Anketi_Sonuclar_10-768x535.png 768w, https:\/\/www.ufukonen.com\/tr\/wp-content\/uploads\/2022_DAW_Anketi_Sonuclar_10-1536x1070.png 1536w, https:\/\/www.ufukonen.com\/tr\/wp-content\/uploads\/2022_DAW_Anketi_Sonuclar_10-2048x1426.png 2048w, https:\/\/www.ufukonen.com\/tr\/wp-content\/uploads\/2022_DAW_Anketi_Sonuclar_10-1140x794.png 1140w, https:\/\/www.ufukonen.com\/tr\/wp-content\/uploads\/2022_DAW_Anketi_Sonuclar_10-552x384.png 552w\" sizes=\"(max-width: 1024px) 100vw, 1024px\" \/><\/a><\/figure>\n\n\n\n<div style=\"height:25px\" aria-hidden=\"true\" class=\"wp-block-spacer\"><\/div>\n\n\n\n<h3>Benim Cevaplar\u0131m<\/h3>\n\n\n\n<p>2016 ve 2017 anketlerinden sonra benim cevaplar\u0131m\u0131 ve DAW se\u00e7imlerimi soranlar olmu\u015ftu. 2018, 2019, 2020 ve 2021 y\u0131llar\u0131nda a\u00e7\u0131klam\u0131\u015ft\u0131m, bu sene de a\u00e7\u0131klayay\u0131m.<\/p>\n\n\n\n<p>\u00c7al\u0131\u015fma alan\u0131m: Profesyonel olarak m\u00fczik prod\u00fcksiyonu + post prod\u00fcksiyon (g\u00f6r\u00fcnt\u00fcl\u00fc medya i\u00e7in ses) alanlar\u0131nda \u00e7al\u0131\u015fyorum. Profesyonelim. Gelirimi bu alanlardaki projeler \u00fczerinde \u00e7al\u0131\u015farak ve yine bu alanlar \u00fczerine dersler vererek kazan\u0131yorum.<\/p>\n\n\n\n<p>A\u011f\u0131rl\u0131kl\u0131 olarak kulland\u0131\u011f\u0131m bilgisayar i\u015fletim sistemim: Mac OS X. 1992&#8217;den bu yana Mac kullan\u0131c\u0131s\u0131y\u0131m. Baz\u0131 akustik ve \u00f6l\u00e7\u00fcm programlar\u0131 d\u0131\u015f\u0131nda b\u00fct\u00fcn i\u015flerim i\u00e7in Mac kullan\u0131yorum<\/p>\n\n\n\n<p>DAW kullan\u0131m\u0131m: Birden fazla DAW kullan\u0131yorum.<\/p>\n\n\n\n<p>Birinci tercih olarak kullanmakta oldu\u011fum DAW: Pro Tools. <\/p>\n\n\n\n<p>1995\u2019ten bu yana kulland\u0131\u011f\u0131m ve \u00e7ok al\u0131\u015ft\u0131\u011f\u0131m i\u00e7in Pro Tools ile \u00e7al\u0131\u015f\u0131rken kendimi evde hissediyorum. Di\u011fer yandan Avid\u2019in fiyat politikas\u0131n\u0131 ve kullan\u0131c\u0131lar\u0131na uzak durmas\u0131n\u0131 hi\u00e7 be\u011fenmiyorum. Ancak hem al\u0131\u015fkanl\u0131ktan hem de profesyonel m\u00fczik ve ses post prod\u00fcksiyon piyasas\u0131nda h\u00e2l\u00e2 standart olmas\u0131ndan dolay\u0131 yak\u0131n zamanda Pro Tools\u2019u b\u0131rakaca\u011f\u0131m\u0131 sanm\u0131yorum.<\/p>\n\n\n\n<p>Bu DAW&#8217;\u0131 ka\u00e7 y\u0131ldan beri kullan\u0131yorum? 1995&#8217;ten bu yana&#8230; Tam 26 sene olmu\u015f!<\/p>\n\n\n\n<p>\u0130kinci tercih olarak kullanmakta oldu\u011fum DAW&#8217;lar: Logic Pro ve Reaper. <\/p>\n\n\n\n<p>Logic Pro bence bir Mac kullan\u0131c\u0131s\u0131 i\u00e7in harika bir se\u00e7im. Mac&#8217;te sorunsuz \u00e7al\u0131\u015f\u0131yor. Fiyat performans olarak muhte\u015fem: Bir defa \u00fccret \u00f6d\u00fcyorsunuz, o kadar! M\u00fcthi\u015f bir paket olarak geliyor. Synthesizer, sampler, convolution reverb ve di\u011fer bir s\u00fcr\u00fc plug-in\u2026 Ne arasan\u0131z var. Ses bankalar\u0131 da mevcut.<\/p>\n\n\n\n<p>Reaper \u00e7ok ba\u015far\u0131l\u0131 bir program. \u00d6zellikleri ve ki\u015fiselle\u015ftirme (customization) kabiliyeti m\u00fcthi\u015f. Deneme s\u00fcresi \u00e7ok uzun, almak isterseniz de fiyat\u0131 \u00e7ok uygun.<\/p>\n\n\n\n<p>Son bir y\u0131l i\u00e7inde kullanmakta olduklar\u0131m d\u0131\u015f\u0131nda ba\u015fka bir DAW denedim mi? Evet! Yukar\u0131da da belirtti\u011fim gibi yeni yaz\u0131l\u0131mlar, cihazlar, teknikler, fikirler her zaman iyidir. Denemek laz\u0131m!<\/p>\n\n\n\n<p>Kullanmakta oldu\u011fum DAW&#8217;\u0131 2023 i\u00e7inde de\u011fi\u015ftirmeyi d\u00fc\u015f\u00fcn\u00fcyor muyum? Hay\u0131r. Hem al\u0131\u015fkanl\u0131ktan hem de profesyonel m\u00fczik ve ses post prod\u00fcksiyon piyasas\u0131nda h\u00e2l\u00e2 standart olmas\u0131ndan dolay\u0131 yak\u0131n zamanda Pro Tools\u2019u b\u0131rakaca\u011f\u0131m\u0131 sanm\u0131yorum.<\/p>\n\n\n\n<p>Mobil cihazlar \u00fczerinde DAW kullan\u0131yor muyum? Evet. Asl\u0131nda daha \u00e7ok deneme ama\u00e7l\u0131 ama yine de &#8220;Evet, iPhone \/ iPad \u00fczerinde kullan\u0131yorum&#8221; se\u00e7ene\u011fini i\u015faretledim. <\/p>\n\n\n\n<div style=\"height:25px\" aria-hidden=\"true\" class=\"wp-block-spacer\"><\/div>\n\n\n\n<h3>Te\u015fekk\u00fcrler!<\/h3>\n\n\n\n<p>Ankete kat\u0131lan ve destek veren herkese \u00e7ok te\u015fekk\u00fcr ediyorum. Bakal\u0131m 2023 neler getirecek, ne gibi de\u011fi\u015fiklikler olacak\u2026<\/p>\n\n\n\n<div style=\"height:50px\" aria-hidden=\"true\" class=\"wp-block-spacer\"><\/div>\n\n\n\n<figure class=\"wp-block-image size-large\"><a href=\"https:\/\/www.ufukonen.com\/tr\/ufuk-onen-ses-muzik-teknolojisi-miks-kitaplar.html\" target=\"_blank\" rel=\"noopener noreferrer\"><img loading=\"lazy\" width=\"1024\" height=\"576\" src=\"https:\/\/www.ufukonen.com\/tr\/wp-content\/uploads\/UfukOnen_Books_Promo_2020_1280x720_-1024x576.jpg\" alt=\"\" class=\"wp-image-5735\" srcset=\"https:\/\/www.ufukonen.com\/tr\/wp-content\/uploads\/UfukOnen_Books_Promo_2020_1280x720_-1024x576.jpg 1024w, https:\/\/www.ufukonen.com\/tr\/wp-content\/uploads\/UfukOnen_Books_Promo_2020_1280x720_-300x169.jpg 300w, https:\/\/www.ufukonen.com\/tr\/wp-content\/uploads\/UfukOnen_Books_Promo_2020_1280x720_-768x432.jpg 768w, https:\/\/www.ufukonen.com\/tr\/wp-content\/uploads\/UfukOnen_Books_Promo_2020_1280x720_.jpg 1280w\" sizes=\"(max-width: 1024px) 100vw, 1024px\" \/><\/a><figcaption>Ses kay\u0131t, m\u00fczik teknolojileri ve m\u00fczik prod\u00fcksiyonu \u00fczerine kaynak kitaplar.<br><a href=\"https:\/\/www.ufukonen.com\/tr\/ufuk-onen-ses-muzik-teknolojisi-miks-kitaplar.html\" target=\"_blank\" rel=\"noreferrer noopener\">Bilgi i\u00e7in t\u0131klay\u0131n\u0131z.<\/a><\/figcaption><\/figure>\n\n\n\n<div style=\"height:50px\" aria-hidden=\"true\" class=\"wp-block-spacer\"><\/div>\n\n\n\n<p>Teknik terimler i\u00e7in <a href=\"http:\/\/www.ufukonen.com\/tr\/ses-kayit-muzik-teknolojisi-terimler-sozluk.html\">m\u00fczik teknolojisi, m\u00fczik prod\u00fcksiyonu ve ses kay\u0131t terimleri s\u00f6zl\u00fc\u011f\u00fcne<\/a> g\u00f6z atabilirsiniz.<\/p>\n\n\n\n<p>Benzer payla\u015f\u0131mlar i\u00e7in beni <a rel=\"noreferrer noopener\" href=\"https:\/\/www.facebook.com\/ufukonen.skmt\/\" target=\"_blank\">Facebook<\/a>, <a rel=\"noreferrer noopener\" aria-label=\"Instagram (opens in a new tab)\" href=\"https:\/\/www.instagram.com\/ufukonen\/\" target=\"_blank\">Instagram<\/a> ve <a rel=\"noreferrer noopener\" href=\"https:\/\/twitter.com\/UfukOnen\" target=\"_blank\">Twitter<\/a>&#8216;da takip edebilir, haberler i\u00e7in <a rel=\"noreferrer noopener\" href=\"http:\/\/ufukonen.com\/tr\/ses-kayit-muzik-teknolojisi-terimler-sozluk.html\" target=\"_blank\">mesaj listeme \u00fcye olabilirsiniz<\/a>. Te\u015fekk\u00fcrler.<\/p>\n\n\n\n<p>Ba\u015fl\u0131k foto\u011fraf\u0131:\u00a0<a rel=\"noreferrer noopener\" href=\"https:\/\/www.pexels.com\/@cottonbro?utm_content=attributionCopyText&amp;utm_medium=referral&amp;utm_source=pexels\" target=\"_blank\">cottonbro<\/a>\u00a0|\u00a0<a rel=\"noreferrer noopener\" href=\"https:\/\/www.pexels.com\/photo\/man-people-woman-desk-5657727\/?utm_content=attributionCopyText&amp;utm_medium=referral&amp;utm_source=pexels\" target=\"_blank\">Pexels<\/a><\/p>\n\n\n\n<p>\u00a9 2023 Ufuk \u00d6nen. Her hakk\u0131 sakl\u0131d\u0131r. \u0130zinsiz kullan\u0131lamaz.<\/p>\n","protected":false},"excerpt":{"rendered":"<p class=\"post-excerpt\">Bu y\u0131l yedincisini d\u00fczenledi\u011fim DAW anketinin sonu\u00e7lar\u0131 belli oldu! 7 Kas\u0131m 2022 ile 4 Ocak 2023 tarihleri aras\u0131nda a\u00e7\u0131k kalan&#8230;<\/p>\n","protected":false},"author":2,"featured_media":7694,"comment_status":"closed","ping_status":"open","sticky":false,"template":"","format":"standard","meta":{"_mi_skip_tracking":false,"spay_email":"","jetpack_publicize_message":"","jetpack_is_tweetstorm":false,"jetpack_publicize_feature_enabled":true},"categories":[18],"tags":[],"jetpack_featured_media_url":"https:\/\/www.ufukonen.com\/tr\/wp-content\/uploads\/2022_DAW_Anketi.jpg","jetpack_publicize_connections":[],"jetpack_shortlink":"https:\/\/wp.me\/p3rjsG-238","jetpack_sharing_enabled":true,"jetpack-related-posts":[{"id":8657,"url":"https:\/\/www.ufukonen.com\/tr\/2025-daw-anketi-sonuclari.html","url_meta":{"origin":7882,"position":0},"title":"2025 DAW Anketi Sonu\u00e7lar\u0131","date":"February 5, 2026","format":false,"excerpt":"Onuncusunu d\u00fczenledi\u011fim DAW anketinin sonu\u00e7lar\u0131 belli oldu! 23 Kas\u0131m 2025 ile 18 Ocak 2026 tarihleri aras\u0131nda a\u00e7\u0131k kalan 2025 DAW anketine 1266 ki\u015fi kat\u0131ld\u0131. 2025 anketinin sonu\u00e7lar\u0131n\u0131 detayl\u0131 bir \u015fekilde aktaraca\u011f\u0131m ve d\u00fc\u015f\u00fcncelerimi sizlerle payla\u015faca\u011f\u0131m. Ondan \u00f6nce, e\u011fer incelemek isterseniz, ge\u00e7mi\u015f y\u0131llar\u0131n anket sonu\u00e7lar\u0131na a\u015fa\u011f\u0131daki linklerden ula\u015fabilirsiniz: 2024 DAW Anketi\u2026","rel":"","context":"In &quot;M\u00fczik Prod\u00fcksiyonu&quot;","img":{"alt_text":"","src":"https:\/\/i0.wp.com\/www.ufukonen.com\/tr\/wp-content\/uploads\/2025_DAW_Anketi_Sonuclar.jpg?resize=350%2C200&ssl=1","width":350,"height":200},"classes":[]},{"id":8431,"url":"https:\/\/www.ufukonen.com\/tr\/2024-daw-anketi-sonuclari.html","url_meta":{"origin":7882,"position":1},"title":"2024 DAW Anketi Sonu\u00e7lar\u0131","date":"January 20, 2025","format":false,"excerpt":"Bu y\u0131l dokuzuncusunu d\u00fczenledi\u011fim DAW anketinin sonu\u00e7lar\u0131 belli oldu! 18 Kas\u0131m 2024 ile 16 Ocak 2025 tarihleri aras\u0131nda a\u00e7\u0131k kalan 2024 DAW anketine 1247 ki\u015fi kat\u0131ld\u0131. 2024 anketinin sonu\u00e7lar\u0131 \u00f6nceki anketlerin sonu\u00e7lar\u0131na g\u00f6re daha farkl\u0131 (ve bence olduk\u00e7a da ilgin\u00e7)! Anketin sonu\u00e7lar\u0131n\u0131 detayl\u0131 bir \u015fekilde aktaraca\u011f\u0131m ve d\u00fc\u015f\u00fcncelerimi sizlerle payla\u015faca\u011f\u0131m.\u2026","rel":"","context":"In &quot;M\u00fczik Prod\u00fcksiyonu&quot;","img":{"alt_text":"","src":"https:\/\/i0.wp.com\/www.ufukonen.com\/tr\/wp-content\/uploads\/2024_DAW_Anketi_Sonuclari.jpg?resize=350%2C200&ssl=1","width":350,"height":200},"classes":[]},{"id":8227,"url":"https:\/\/www.ufukonen.com\/tr\/2023-daw-anketi-sonuclari.html","url_meta":{"origin":7882,"position":2},"title":"2023 DAW Anketi Sonu\u00e7lar\u0131","date":"January 22, 2024","format":false,"excerpt":"Bu y\u0131l sekizincisini d\u00fczenledi\u011fim DAW anketinin sonu\u00e7lar\u0131 belli oldu! 11 Aral\u0131k 2023 ile 18 Ocak 2024 tarihleri aras\u0131nda a\u00e7\u0131k kalan 2023 DAW anketine 1014 ki\u015fi kat\u0131ld\u0131. Bu y\u0131l anketimizde de\u011fi\u015fiklikler vard\u0131. \u201c\u0130kinci olarak kullanmakta oldu\u011funuz DAW\u201d sorusunu \u00e7\u0131kard\u0131m. 2023 anketi, ilk y\u0131llarda oldu\u011fu gibi, sadece esas olarak kulland\u0131\u011f\u0131m\u0131z DAW\u2019lar \u00fczerine\u2026","rel":"","context":"In &quot;Ses ve M\u00fczik Teknolojileri&quot;","img":{"alt_text":"","src":"https:\/\/i0.wp.com\/www.ufukonen.com\/tr\/wp-content\/uploads\/2023_DAW_Anketi_Sonuclari.jpg?resize=350%2C200&ssl=1","width":350,"height":200},"classes":[]},{"id":7109,"url":"https:\/\/www.ufukonen.com\/tr\/2021-daw-anketi-sonuclari.html","url_meta":{"origin":7882,"position":3},"title":"2021 DAW Anketi Sonu\u00e7lar\u0131","date":"January 10, 2022","format":false,"excerpt":"Bu y\u0131l alt\u0131nc\u0131s\u0131n\u0131 d\u00fczenledi\u011fim DAW anketinin sonu\u00e7lar\u0131 belli oldu! 15 Kas\u0131m 2021 ile 5 Ocak 2022 tarihleri aras\u0131nda a\u00e7\u0131k kalan 2021 DAW anketine 1579 ki\u015fi kat\u0131ld\u0131. Bu sene ankete yeni eklenen sorular da vard\u0131. Sonu\u00e7lar\u0131 a\u015fa\u011f\u0131da detayl\u0131 bir \u015fekilde sizlere aktaraca\u011f\u0131m. Ondan \u00f6nce, e\u011fer incelemek isterseniz ge\u00e7mi\u015f y\u0131llar\u0131n anket sonu\u00e7lar\u0131na\u2026","rel":"","context":"In &quot;Ses ve M\u00fczik Teknolojileri&quot;","img":{"alt_text":"","src":"https:\/\/i0.wp.com\/www.ufukonen.com\/tr\/wp-content\/uploads\/2021_DAW_Anketi.jpg?resize=350%2C200&ssl=1","width":350,"height":200},"classes":[]},{"id":6311,"url":"https:\/\/www.ufukonen.com\/tr\/2020-daw-anketi-sonuclari.html","url_meta":{"origin":7882,"position":4},"title":"2020 DAW Anketi Sonu\u00e7lar\u0131","date":"January 4, 2021","format":false,"excerpt":"Bu y\u0131l be\u015fincisini d\u00fczenledi\u011fim DAW anketinin sonu\u00e7lar\u0131 belli oldu! Bu sene birinci olan DAW sadece bir oy farkla (evet, do\u011fru okudunuz, sadece bir oy farkla) birinci oldu. Bu ilgin\u00e7 bir nokta. Bu y\u0131l sonu\u00e7lar\u0131 analiz ederken t\u00fcm oylar\u0131n yan\u0131 s\u0131ra ses teknolojileri ile profesyonel ve hobi olarak ilgilenen kat\u0131l\u0131mc\u0131lar\u0131n oylar\u0131n\u0131\u2026","rel":"","context":"In &quot;M\u00fczik Prod\u00fcksiyonu&quot;","img":{"alt_text":"","src":"https:\/\/i0.wp.com\/www.ufukonen.com\/tr\/wp-content\/uploads\/2019_DAW_Anketi_1280x853_rfs.jpg?resize=350%2C200&ssl=1","width":350,"height":200},"classes":[]},{"id":7685,"url":"https:\/\/www.ufukonen.com\/tr\/2022-daw-anketi.html","url_meta":{"origin":7882,"position":5},"title":"2022 DAW Anketi","date":"November 7, 2022","format":false,"excerpt":"\u26a0\ufe0f Anket formu bu sayfan\u0131n alt k\u0131sm\u0131nda yer almaktad\u0131r, siteden ayr\u0131lmadan kat\u0131labilirsiniz. 2016 y\u0131l\u0131nda, T\u00fcrkiye'deki DAW kullan\u0131c\u0131lar\u0131n\u0131n tercihlerini tespit edebilmek amac\u0131yla bir anket d\u00fczenledim. \u0130ki sorudan olu\u015fan bu anket olduk\u00e7a b\u00fcy\u00fck ilgi g\u00f6rd\u00fc. Sonu\u00e7lar\u0131 sizlerle payla\u015ft\u0131m, sosyal medya platformlar\u0131nda birlikte yorumlad\u0131k. 2016 sonras\u0131nda anketi d\u00fczenlemeye devam ettim. Soru say\u0131s\u0131n\u0131 artt\u0131rd\u0131m.\u2026","rel":"","context":"In &quot;Ses ve M\u00fczik Teknolojileri&quot;","img":{"alt_text":"","src":"https:\/\/i0.wp.com\/www.ufukonen.com\/tr\/wp-content\/uploads\/2022_DAW_Anketi.jpg?resize=350%2C200&ssl=1","width":350,"height":200},"classes":[]}],"_links":{"self":[{"href":"https:\/\/www.ufukonen.com\/tr\/wp-json\/wp\/v2\/posts\/7882"}],"collection":[{"href":"https:\/\/www.ufukonen.com\/tr\/wp-json\/wp\/v2\/posts"}],"about":[{"href":"https:\/\/www.ufukonen.com\/tr\/wp-json\/wp\/v2\/types\/post"}],"author":[{"embeddable":true,"href":"https:\/\/www.ufukonen.com\/tr\/wp-json\/wp\/v2\/users\/2"}],"replies":[{"embeddable":true,"href":"https:\/\/www.ufukonen.com\/tr\/wp-json\/wp\/v2\/comments?post=7882"}],"version-history":[{"count":27,"href":"https:\/\/www.ufukonen.com\/tr\/wp-json\/wp\/v2\/posts\/7882\/revisions"}],"predecessor-version":[{"id":7925,"href":"https:\/\/www.ufukonen.com\/tr\/wp-json\/wp\/v2\/posts\/7882\/revisions\/7925"}],"wp:featuredmedia":[{"embeddable":true,"href":"https:\/\/www.ufukonen.com\/tr\/wp-json\/wp\/v2\/media\/7694"}],"wp:attachment":[{"href":"https:\/\/www.ufukonen.com\/tr\/wp-json\/wp\/v2\/media?parent=7882"}],"wp:term":[{"taxonomy":"category","embeddable":true,"href":"https:\/\/www.ufukonen.com\/tr\/wp-json\/wp\/v2\/categories?post=7882"},{"taxonomy":"post_tag","embeddable":true,"href":"https:\/\/www.ufukonen.com\/tr\/wp-json\/wp\/v2\/tags?post=7882"}],"curies":[{"name":"wp","href":"https:\/\/api.w.org\/{rel}","templated":true}]}}