{"id":792,"date":"2012-10-09T22:53:27","date_gmt":"2012-10-09T19:53:27","guid":{"rendered":"http:\/\/ufukonen.com\/tr\/?p=792"},"modified":"2013-03-04T23:01:39","modified_gmt":"2013-03-04T21:01:39","slug":"ingilizce-yayinlar","status":"publish","type":"post","link":"https:\/\/www.ufukonen.com\/tr\/ingilizce-yayinlar.html","title":{"rendered":"\u0130ngilizce Yay\u0131nlar"},"content":{"rendered":"<p><span style=\"color: #ff9900;\"><b>Image, Time and Motion: New Media Critique from Turkey<\/b><\/span><b><br \/>\n<\/b><br \/>\n<a href=\"http:\/\/ufukonen.com\/tr\/wp-content\/uploads\/ITM_431x600.jpg\"><img loading=\"lazy\" class=\"alignleft  wp-image-573\" alt=\"ITM_431x600\" src=\"http:\/\/ufukonen.com\/tr\/wp-content\/uploads\/ITM_431x600.jpg\" width=\"259\" height=\"360\" \/><\/a>Edited by Andreas Treske, Ufuk \u00d6nen, Bestem B\u00fcy\u00fcm and I. Alev Degim<\/p>\n<p>Published by Institute of Network Cultures, Amsterdam, 2011.<\/p>\n<p>ISBN 978-90-816021-5-0<\/p>\n<p>To order a copy or to download free PDF version click <a href=\"http:\/\/networkcultures.org\/wpmu\/portal\/publications\/theory-on-demand\/no-07\/\" target=\"_blank\">here<\/a>.<\/p>\n<p>This reader is a collection of essays written by Turkish graduate students between 2003 and 2010 for Andreas Treske\u2019s seminar\/course &#8220;Image, Time and Motion&#8221; at Bilkent University in Ankara, Turkey, revised and actualized in 2010. Coming from a wide range of disciplines they had studied before, very rarely media or cultural studies, these students brought in their various viewpoints and methods, and tried to integrate their observations and understandings in a seminar related to cinema and new media to discuss and sometimes just to describe the influences of digital media technologies for themselves and their colleagues. Starting from the premise that digital technology redefines our moving image culture, the authors reflect in their essays various kind of approaches and methods, experiences and practices, descriptive, critical and interdisciplinary.<\/p>\n<p>Contributors: Pelin Aytemiz, Bestem B\u00fcy\u00fcm, I. Alev Degim, Bilge Demirtas, Fulya Ertem, Deniz Hasirci, Cagri Baris Kasap, Zeynep Kocer, Rifat S\u00fcha Kocoglu, Leyla \u00d6nal, Ufuk \u00d6nen, Didem \u00d6zkul, Segah Sak, Ayda Sevin, Umut Sumnu, Andreas Treske and Funda Senova Tunali.<\/p>\n<p>&nbsp;<\/p>\n<p>&nbsp;<\/p>\n<p>&nbsp;<\/p>\n<p><span style=\"color: #ff9900;\"><b>Game Audio Curriculum Guideline (v1.0)<\/b><\/span><\/p>\n<p>Prepared by the Game Education Working Group of the Interactive Audio Special Interest Group.<\/p>\n<p>Published by MIDI Manufacturers Association Inc., Los Angeles, 2011.<\/p>\n<p><img loading=\"lazy\" class=\"alignleft size-full wp-image-539\" alt=\"IASIG\" src=\"http:\/\/ufukonen.com\/tr\/wp-content\/uploads\/IASIG.jpg\" width=\"161\" height=\"64\" \/><\/p>\n<p><a href=\"http:\/\/www.iasig.org\/pubs\/IasigGameAudioCurriculumGuideline_v1.pdf\" target=\"_blank\">Download PDF<\/a><\/p>\n<p><a href=\"http:\/\/www.iasig.org\/\">IASIG Web Site<\/a><\/p>\n<p>\u2018Games Audio\u2019 encompasses a diverse set of skills and concepts: from recording a tank, to hardcore DSP programming; from writing a tune for a mobile phone, to writing out string parts for a recording session with the London Symphony Orchestra&#8230; so defining a &#8220;game audio curriculum&#8221; is no simple task. Universities and Colleges around the world are interested in developing courses in this area, so the aim of the EDU Working Group is to provide guidance for course developers, which students may also use to understand what courses may be available to them.<\/p>\n<p>Primary Authors (in alphabetical order): Karen Collins (University of Waterloo), Ken Felton (SCEA), Brad Fuller (Sonaural Studios), Templar Hankinson (Firelight Technologies), Stephen Harwood (NYU Steinhardt), Kurt Heiden (ION Audio), Steve Horowitz (The Code International), David Javelosa (Santa Monica College), Robbie Kazandjian (Soundboy Ltd), Jim Rippie (Invisible Industries), Michael Sweet (Berklee College of Music), Richard Stevens (Leeds Metropolitan University), Mike Worth (Westchester University of Pennsylvania, Drexel University), Ufuk \u00d6nen (Bilkent University).<\/p>\n","protected":false},"excerpt":{"rendered":"<p class=\"post-excerpt\">Image, Time and Motion: New Media Critique from Turkey Edited by Andreas Treske, Ufuk \u00d6nen, Bestem B\u00fcy\u00fcm and I. Alev&#8230;<\/p>\n","protected":false},"author":2,"featured_media":796,"comment_status":"closed","ping_status":"open","sticky":false,"template":"","format":"standard","meta":{"_mi_skip_tracking":false,"spay_email":"","jetpack_publicize_message":"","jetpack_is_tweetstorm":false,"jetpack_publicize_feature_enabled":true},"categories":[11],"tags":[],"jetpack_featured_media_url":"https:\/\/www.ufukonen.com\/tr\/wp-content\/uploads\/ITM_431x600.jpg","jetpack_publicize_connections":[],"jetpack_shortlink":"https:\/\/wp.me\/p3rjsG-cM","jetpack_sharing_enabled":true,"jetpack-related-posts":[{"id":774,"url":"https:\/\/www.ufukonen.com\/tr\/light-2011.html","url_meta":{"origin":792,"position":0},"title":"Light (2011)","date":"November 9, 2012","format":false,"excerpt":"[\u0130ngilizce. T\u00fcrk\u00e7e i\u00e7erik haz\u0131rlanmaktad\u0131r] Directed by Ufuk \u00d6nen Written and Produced by Neslihan Atcan Altan Full cast and crew: IMDB \u00a0 Amidst the sterile coldness of a suburb, a lonely lamp post residing in the front yard of a vacant house finds a connection that warms her heart: a sad\u2026","rel":"","context":"In &quot;Film&quot;","img":{"alt_text":"","src":"https:\/\/i0.wp.com\/www.ufukonen.com\/tr\/wp-content\/uploads\/Light-Poster-ENG-300_444_px.jpg?resize=350%2C200&ssl=1","width":350,"height":200},"classes":[]},{"id":4803,"url":"https:\/\/www.ufukonen.com\/tr\/aes-turkiye-2019-mayis.html","url_meta":{"origin":792,"position":1},"title":"AES T\u00fcrkiye 10 Y\u0131l Aradan Sonra \u0130lk Etkinli\u011fini Ger\u00e7ekle\u015ftirdi","date":"May 13, 2019","format":false,"excerpt":"Audio Engineering Society (AES) T\u00fcrkiye \u015fubesi olarak 10 y\u0131l aradan sonra ilk defa bir etkinli\u011fe imza att\u0131k. Yeni bir d\u00f6nemin ba\u015flang\u0131c\u0131n\u0131n ilk ad\u0131m\u0131 olarak g\u00f6rd\u00fc\u011f\u00fcm\u00fcz bu etkinlik, hepimiz i\u00e7in heyecan verici oldu! Audio Engineering Society, 1948 y\u0131l\u0131nda New York\u2019ta kurulmu\u015f olan bir birlik. \u015eu anda d\u00fcnyaya yay\u0131lm\u0131\u015f 87 profesyonel \u015fubesi,\u2026","rel":"","context":"In &quot;Konferans&quot;","img":{"alt_text":"","src":"https:\/\/i0.wp.com\/www.ufukonen.com\/tr\/wp-content\/uploads\/AES_Turkiye_Bilkent_20190510_Genel_1080-2.jpg?resize=350%2C200&ssl=1","width":350,"height":200},"classes":[]},{"id":924,"url":"https:\/\/www.ufukonen.com\/tr\/gri-degil-siyah-ankara-rocks.html","url_meta":{"origin":792,"position":2},"title":"Gri De\u011fil, Siyah: Ankara Rocks!","date":"April 14, 2019","format":false,"excerpt":"IMDb sayfas\u0131 i\u00e7in t\u0131klay\u0131n\u0131z Ge\u00e7mi\u015f tarihli g\u00f6sterimler: 14 Nisan 2019 | Bilkent \u00dcniversitesi, Ankara 17 Nisan 2018 | 37. \u0130stanbul Film Festivali, Kad\u0131k\u00f6y, \u0130stanbul 12 Nisan 2018 | 37. \u0130stanbul Film Festivali, Beyo\u011flu, \u0130stanbul 15 Mart 2018 | T\u00fcrk Amerikan Derne\u011fi, Ankara 26 Ekim 2017 | Ortado\u011fu Teknik \u00dcniversitesi, Ankara\u2026","rel":"","context":"In &quot;Film&quot;","img":{"alt_text":"","src":"https:\/\/i0.wp.com\/www.ufukonen.com\/tr\/wp-content\/uploads\/Ankara_Rocks_Afis_Ingilizce-1.jpg?resize=350%2C200&ssl=1","width":350,"height":200},"classes":[]},{"id":600,"url":"https:\/\/www.ufukonen.com\/tr\/ufuk-onen.html","url_meta":{"origin":792,"position":3},"title":"Ufuk \u00d6nen","date":"January 2, 2019","format":false,"excerpt":"Ufuk \u00d6nen, T\u00fcrkiye, Avrupa ve Kuzey Amerika tabanl\u0131 200\u2019den fazla g\u00f6rsel-i\u015fitsel projede besteci, ses tasar\u0131mc\u0131s\u0131 ve ses kay\u0131t m\u00fchendisi olarak \u00e7al\u0131\u015fm\u0131\u015f; konser\/sinema ses sistemleri ve elektroakustik alanlar\u0131nda 300'den fazla proje\/salon\/sistem i\u00e7in dan\u0131\u015fmanl\u0131k yapm\u0131\u015ft\u0131r. \u00d6nen, alan\u0131nda ilk T\u00fcrk\u00e7e kaynak olan\u00a0Ses Kay\u0131t ve M\u00fczik Teknolojileri\u00a0adl\u0131 kitab\u0131n yazar\u0131d\u0131r ve yine bu alanda 50'den\u2026","rel":"","context":"With 2 comments","img":{"alt_text":"","src":"https:\/\/i0.wp.com\/www.ufukonen.com\/tr\/wp-content\/uploads\/UfukOnen_2022_16x9_c_rfs.jpg?resize=350%2C200&ssl=1","width":350,"height":200},"classes":[]},{"id":32,"url":"https:\/\/www.ufukonen.com\/tr\/comd-2012-yil-sonu-sergisi.html","url_meta":{"origin":792,"position":4},"title":"COMD 2012 Y\u0131l Sonu Sergisi","date":"May 29, 2012","format":false,"excerpt":"25 May\u0131s 2012 Cuma b\u00f6l\u00fcm\u00fcm\u00fcz\u00fcn (Bilkent, \u0130leti\u015fim ve Tasar\u0131m - COMD) y\u0131l sonu sergisi vard\u0131. Rekt\u00f6r\u00fcm\u00fcz, dekan\u0131m\u0131z, hocalar\u0131m\u0131z, mezunlar\u0131m\u0131z, \u00f6\u011frencilerimiz, arkada\u015flar\u0131m\u0131z... Hep birlikte \u00e7ok g\u00fczel zaman ge\u00e7irdik. Sound Design (Ses Tasar\u0131m\u0131) dersimde Victor Almela Orero ve Javier Bautista Torres taraf\u0131ndan yap\u0131lan Paper City\u00a0adl\u0131\u00a0'stop-motion' + 'sound design' projesi serginin en \u00e7ok\u2026","rel":"","context":"In &quot;Ders &amp; Workshop&quot;","img":{"alt_text":"PaperCity_Image02","src":"https:\/\/i0.wp.com\/ufukonen.com\/tr\/wp-content\/uploads\/PaperCity_Image02-1024x768.jpeg?resize=350%2C200","width":350,"height":200},"classes":[]},{"id":880,"url":"https:\/\/www.ufukonen.com\/tr\/atmm-2013-bilkent-ankara-31-ekim-1-kasim.html","url_meta":{"origin":792,"position":5},"title":"ATMM 2013, Bilkent, Ankara (31 Ekim &#8211; 1 Kas\u0131m)","date":"November 3, 2013","format":false,"excerpt":"ATMM (Audio Technologies for Music and Media - M\u00fczik ve Medya i\u00e7in Ses Teknolojileri), ses ve m\u00fczik teknolojileri ile g\u00f6rsel-i\u015fitsel ara\u00e7lar\u0131n farkl\u0131 y\u00f6nlerine odaklanan, ses, m\u00fczik, g\u00f6r\u00fcnt\u00fc ve insan etkile\u015fimi gibi konular\u0131n birbirleri ile olan etkile\u015fimlerini hem 'geleneksel' hem de 'yeni' medya a\u00e7\u0131s\u0131ndan inceleyen disiplinleraras\u0131 ve uluslararas\u0131 bir konferanst\u0131r. ATMM\u2026","rel":"","context":"In &quot;ATMM&quot;","img":{"alt_text":"ATMM 2013 - Audio Technologies for Music and Media International Conference - Ufuk \u00d6nen","src":"https:\/\/i0.wp.com\/www.ufukonen.com\/tr\/wp-content\/uploads\/ATMM_2013_Poster_131012_s.jpg?resize=350%2C200&ssl=1","width":350,"height":200},"classes":[]}],"_links":{"self":[{"href":"https:\/\/www.ufukonen.com\/tr\/wp-json\/wp\/v2\/posts\/792"}],"collection":[{"href":"https:\/\/www.ufukonen.com\/tr\/wp-json\/wp\/v2\/posts"}],"about":[{"href":"https:\/\/www.ufukonen.com\/tr\/wp-json\/wp\/v2\/types\/post"}],"author":[{"embeddable":true,"href":"https:\/\/www.ufukonen.com\/tr\/wp-json\/wp\/v2\/users\/2"}],"replies":[{"embeddable":true,"href":"https:\/\/www.ufukonen.com\/tr\/wp-json\/wp\/v2\/comments?post=792"}],"version-history":[{"count":5,"href":"https:\/\/www.ufukonen.com\/tr\/wp-json\/wp\/v2\/posts\/792\/revisions"}],"predecessor-version":[{"id":799,"href":"https:\/\/www.ufukonen.com\/tr\/wp-json\/wp\/v2\/posts\/792\/revisions\/799"}],"wp:featuredmedia":[{"embeddable":true,"href":"https:\/\/www.ufukonen.com\/tr\/wp-json\/wp\/v2\/media\/796"}],"wp:attachment":[{"href":"https:\/\/www.ufukonen.com\/tr\/wp-json\/wp\/v2\/media?parent=792"}],"wp:term":[{"taxonomy":"category","embeddable":true,"href":"https:\/\/www.ufukonen.com\/tr\/wp-json\/wp\/v2\/categories?post=792"},{"taxonomy":"post_tag","embeddable":true,"href":"https:\/\/www.ufukonen.com\/tr\/wp-json\/wp\/v2\/tags?post=792"}],"curies":[{"name":"wp","href":"https:\/\/api.w.org\/{rel}","templated":true}]}}