{"id":7928,"date":"2023-01-16T01:00:00","date_gmt":"2023-01-15T22:00:00","guid":{"rendered":"https:\/\/www.ufukonen.com\/tr\/?p=7928"},"modified":"2023-01-30T01:08:26","modified_gmt":"2023-01-29T22:08:26","slug":"global-music-vault","status":"publish","type":"post","link":"https:\/\/www.ufukonen.com\/tr\/global-music-vault.html","title":{"rendered":"Global Music Vault: Buzullar Alt\u0131nda Bir M\u00fczik Kasas\u0131"},"content":{"rendered":"\n<p>The New York Times Magazine taraf\u0131ndan 2019 y\u0131l\u0131nda yay\u0131mlanan bir yaz\u0131 m\u00fczik end\u00fcstrisine adeta \u015fok dalgalar\u0131 yaym\u0131\u015ft\u0131. Yaz\u0131da, 2008&#8217;de Hollywood&#8217;da Universal Studios&#8217;a ait bir bir depoda \u00e7\u0131kan yang\u0131nda John Coltrane, B. B. King, Guns N&#8217; Roses, Aerosmith, Tupac Shakur, Eminem, Nirvana, Aretha Franklin, R.E.M. ve daha bir\u00e7ok sanat\u00e7\u0131ya ait binlerce master band\u0131n yand\u0131\u011f\u0131 iddia ediliyordu. \u0130ddialar maalesef ger\u00e7ek \u00e7\u0131kt\u0131.<\/p>\n\n\n\n<p>Ayn\u0131 y\u0131l, yine 2019&#8217;da, BBC&#8217;de yay\u0131nlanan bir haber MySpace&#8217;in sunucu ta\u015f\u0131ma i\u015flemi s\u0131ras\u0131nda 2003 ile 2015 y\u0131llar\u0131 aras\u0131nda MySpace&#8217;e y\u00fcklenen b\u00fct\u00fcn par\u00e7alar\u0131 kaybetti\u011fini iddia ediyordu. Bu da maalesef do\u011fru \u00e7\u0131kt\u0131. MySpace sunucu ta\u015f\u0131ma i\u015flemi s\u0131ras\u0131nda 53 milyon dosyadan olu\u015fan 12 y\u0131ll\u0131k koskoca katalo\u011fu &#8220;u\u00e7urmu\u015ftu&#8221;.<\/p>\n\n\n\n<div style=\"height:20px\" aria-hidden=\"true\" class=\"wp-block-spacer\"><\/div>\n\n\n\n<h3>Global Music Vault<\/h3>\n\n\n\n<p>Giri\u015fimci Luke Jenkinson bu haberlerden sonra d\u00fcnyan\u0131n m\u00fczik miras\u0131n\u0131 korumak \u00fczere harekete ge\u00e7mi\u015f ve Global Music Vault (Global M\u00fczik Kasas\u0131) ba\u015fl\u0131kl\u0131 bir proje ba\u015flatm\u0131\u015ft\u0131. Proje, insanlar\u0131n ya da do\u011fan\u0131n sebep olabilece\u011fi her t\u00fcrl\u00fc felakete kar\u015f\u0131 m\u00fczik miras\u0131n\u0131 koruyabilecek, bu miras\u0131n y\u00fczy\u0131llar sonras\u0131na ta\u015f\u0131nmas\u0131n\u0131 sa\u011flayacak kocaman fiziksel bir kasayd\u0131.<\/p>\n\n\n\n<p>Peki, nerede olmal\u0131yd\u0131 bu kasa? Jenkinson i\u00e7in en zor soru buydu.<\/p>\n\n\n\n<figure class=\"wp-block-image size-large\"><img loading=\"lazy\" width=\"1024\" height=\"576\" src=\"https:\/\/www.ufukonen.com\/tr\/wp-content\/uploads\/Global_Music_Vault_01-1024x576.jpg\" alt=\"\" class=\"wp-image-7935\" srcset=\"https:\/\/www.ufukonen.com\/tr\/wp-content\/uploads\/Global_Music_Vault_01-1024x576.jpg 1024w, https:\/\/www.ufukonen.com\/tr\/wp-content\/uploads\/Global_Music_Vault_01-300x169.jpg 300w, https:\/\/www.ufukonen.com\/tr\/wp-content\/uploads\/Global_Music_Vault_01-768x432.jpg 768w, https:\/\/www.ufukonen.com\/tr\/wp-content\/uploads\/Global_Music_Vault_01-1536x864.jpg 1536w, https:\/\/www.ufukonen.com\/tr\/wp-content\/uploads\/Global_Music_Vault_01-1140x641.jpg 1140w, https:\/\/www.ufukonen.com\/tr\/wp-content\/uploads\/Global_Music_Vault_01-552x311.jpg 552w, https:\/\/www.ufukonen.com\/tr\/wp-content\/uploads\/Global_Music_Vault_01.jpg 1920w\" sizes=\"(max-width: 1024px) 100vw, 1024px\" \/><figcaption>Luke Jenkinson<\/figcaption><\/figure>\n\n\n\n<p>Jenkinson d\u00fc\u015f\u00fcnm\u00fc\u015f, ta\u015f\u0131nm\u0131\u015f ve bu kasa i\u00e7in en iyi yerin Arctic World Archive&#8217;\u0131n i\u00e7i oldu\u011funa karar vermi\u015f.<\/p>\n\n\n\n<div style=\"height:20px\" aria-hidden=\"true\" class=\"wp-block-spacer\"><\/div>\n\n\n\n<h3>Arctic World Archive<\/h3>\n\n\n\n<p><a href=\"https:\/\/arcticworldarchive.org\/\" target=\"_blank\" rel=\"noreferrer noopener\">Arctic World Archive<\/a> (AWA) d\u00fcnyadaki \u00e7ok \u00f6nemli belgelerin dijital kopyalar\u0131n\u0131n sakland\u0131\u011f\u0131 bir depo. Asl\u0131nda kasa demek daha do\u011fru olur. \u00c7elik kapl\u0131 bu kasa, Norve\u00e7&#8217;te s\u00fcrekli don olan bir adada, \u00fczeri buzlarla kapl\u0131 bir da\u011f\u0131n i\u00e7indeki bir madende yer al\u0131yor. Maden Norve\u00e7 h\u00fck\u00fcmetine ait ancak AWA, Piql a\u0131nda \u00f6zel bir \u015firket taraf\u0131ndan i\u015fletiliyor. Kasa, kal\u0131c\u0131 buz k\u00fctlesinin 250 metre alt\u0131nda yer ald\u0131\u011f\u0131ndan dolay\u0131 n\u00fckleer sava\u015f s\u0131ras\u0131nda bile veri saklamak i\u00e7in g\u00fcvenli bir yer olaca\u011f\u0131 \u00f6ng\u00f6r\u00fcl\u00fcyor.<\/p>\n\n\n\n<figure class=\"wp-block-image size-large\"><img loading=\"lazy\" width=\"1024\" height=\"430\" src=\"https:\/\/www.ufukonen.com\/tr\/wp-content\/uploads\/Global_Music_Vault_02-1024x430.jpg\" alt=\"\" class=\"wp-image-7936\" srcset=\"https:\/\/www.ufukonen.com\/tr\/wp-content\/uploads\/Global_Music_Vault_02-1024x430.jpg 1024w, https:\/\/www.ufukonen.com\/tr\/wp-content\/uploads\/Global_Music_Vault_02-300x126.jpg 300w, https:\/\/www.ufukonen.com\/tr\/wp-content\/uploads\/Global_Music_Vault_02-768x323.jpg 768w, https:\/\/www.ufukonen.com\/tr\/wp-content\/uploads\/Global_Music_Vault_02-1536x646.jpg 1536w, https:\/\/www.ufukonen.com\/tr\/wp-content\/uploads\/Global_Music_Vault_02-1140x479.jpg 1140w, https:\/\/www.ufukonen.com\/tr\/wp-content\/uploads\/Global_Music_Vault_02-552x232.jpg 552w, https:\/\/www.ufukonen.com\/tr\/wp-content\/uploads\/Global_Music_Vault_02.jpg 1920w\" sizes=\"(max-width: 1024px) 100vw, 1024px\" \/><\/figure>\n\n\n\n<p>Jenkinson yapt\u0131\u011f\u0131 g\u00f6r\u00fc\u015fmeler sonucunda Global Music Vault&#8217;un Arctic World Archive i\u00e7inde yer almas\u0131n\u0131 kabul ettirmi\u015f.<\/p>\n\n\n\n<p>Yer tamam! Peki veriler nas\u0131l saklanacak?<\/p>\n\n\n\n<div style=\"height:20px\" aria-hidden=\"true\" class=\"wp-block-spacer\"><\/div>\n\n\n\n<h3>Depolama Ortam\u0131<\/h3>\n\n\n\n<figure class=\"wp-block-image size-large\"><img loading=\"lazy\" width=\"1024\" height=\"545\" src=\"https:\/\/www.ufukonen.com\/tr\/wp-content\/uploads\/Global_Music_Vault_03-1024x545.jpg\" alt=\"\" class=\"wp-image-7937\" srcset=\"https:\/\/www.ufukonen.com\/tr\/wp-content\/uploads\/Global_Music_Vault_03-1024x545.jpg 1024w, https:\/\/www.ufukonen.com\/tr\/wp-content\/uploads\/Global_Music_Vault_03-300x160.jpg 300w, https:\/\/www.ufukonen.com\/tr\/wp-content\/uploads\/Global_Music_Vault_03-768x409.jpg 768w, https:\/\/www.ufukonen.com\/tr\/wp-content\/uploads\/Global_Music_Vault_03-1536x818.jpg 1536w, https:\/\/www.ufukonen.com\/tr\/wp-content\/uploads\/Global_Music_Vault_03-1140x607.jpg 1140w, https:\/\/www.ufukonen.com\/tr\/wp-content\/uploads\/Global_Music_Vault_03-552x294.jpg 552w, https:\/\/www.ufukonen.com\/tr\/wp-content\/uploads\/Global_Music_Vault_03.jpg 1773w\" sizes=\"(max-width: 1024px) 100vw, 1024px\" \/><\/figure>\n\n\n\n<p>Global Music Vault i\u00e7indeki eserleri saklamak i\u00e7in Elire Group ve Microsoft taraf\u0131ndan \u00f6zel bir fiziksel saklama format\u0131 geli\u015ftirilmi\u015f. Saklanacak veri, 7.5 x x7.5 cm \u00f6l\u00e7\u00fclerinde ve 2 mm kal\u0131nl\u0131\u011f\u0131nda, 100 GB depolama yapabilen silis cam plakalara yaz\u0131l\u0131yor. Cam plakalarda depolanabilecek dosyalar\u0131n format\u0131 i\u00e7in herhangi bir k\u0131s\u0131tlama bulunmuyor. Dosyalar \u015fifreli ya da \u015fifresiz olabiliyor.<\/p>\n\n\n\n<div style=\"height:20px\" aria-hidden=\"true\" class=\"wp-block-spacer\"><\/div>\n\n\n\n<h3>Hangi Eserler Saklanacak?<\/h3>\n\n\n\n<p>Global Music Vault i\u00e7inde hangi eserlerin saklanca\u011f\u0131 konusunda hen\u00fcz net bir bilgi yok. Proje daha \u00e7ok yeni. Ama\u00e7, d\u00fcnya \u00fczerindeki t\u00fcm k\u00fclt\u00fcrlerden ve \u00fclkelerden eserleri toplay\u0131p koruma alt\u0131na almak.<\/p>\n\n\n\n<p>Maliyetler ne olacak, bu maliyetler nas\u0131l kar\u015f\u0131lanacak, bu konu da hen\u00fcz netle\u015fmi\u015f de\u011fil. Jenkinson hen\u00fcz bir ticari model belirlemedi\u011fini s\u00f6yl\u00fcyor.<\/p>\n\n\n\n<div style=\"height:20px\" aria-hidden=\"true\" class=\"wp-block-spacer\"><\/div>\n\n\n\n<h3>Gelecek Nesiller \u0130\u00e7in\u2026<\/h3>\n\n\n\n<p>Global Music Vault, d\u00fcnyan\u0131n m\u00fczik miras\u0131n\u0131 gelecek nesillere ta\u015f\u0131mak i\u00e7in bence ger\u00e7ekten harika bir giri\u015fim.<\/p>\n\n\n\n<p>Web sitelerini ziyaret etmek isterseniz <a href=\"https:\/\/www.globalmusicvault.com\" target=\"_blank\" rel=\"noreferrer noopener\">buraya t\u0131klayabilirsiniz<\/a>.<\/p>\n\n\n\n<div style=\"height:50px\" aria-hidden=\"true\" class=\"wp-block-spacer\"><\/div>\n\n\n\n<p>Teknik terimler i\u00e7in <a href=\"http:\/\/www.ufukonen.com\/tr\/ses-kayit-muzik-teknolojisi-terimler-sozluk.html\">m\u00fczik teknolojisi, m\u00fczik prod\u00fcksiyonu ve ses kay\u0131t terimleri s\u00f6zl\u00fc\u011f\u00fcne<\/a> g\u00f6z atabilirsiniz.<\/p>\n\n\n\n<p>Benzer payla\u015f\u0131mlar i\u00e7in beni <a rel=\"noreferrer noopener\" href=\"https:\/\/www.facebook.com\/ufukonen.skmt\/\" target=\"_blank\">Facebook<\/a>, <a rel=\"noreferrer noopener\" aria-label=\"Instagram (opens in a new tab)\" href=\"https:\/\/www.instagram.com\/ufukonen\/\" target=\"_blank\">Instagram<\/a> ve <a rel=\"noreferrer noopener\" href=\"https:\/\/twitter.com\/UfukOnen\" target=\"_blank\">Twitter<\/a>&#8216;da takip edebilir, haberler i\u00e7in <a rel=\"noreferrer noopener\" href=\"http:\/\/ufukonen.com\/tr\/ses-kayit-muzik-teknolojisi-terimler-sozluk.html\" target=\"_blank\">mesaj listeme \u00fcye olabilirsiniz<\/a>. Te\u015fekk\u00fcrler.<\/p>\n\n\n\n<p>Foto\u011fraflar Arctic World Archive ve Global Music Vault sitelerinden al\u0131nm\u0131\u015ft\u0131r.<\/p>\n\n\n\n<p>\u00a9 2023 Ufuk \u00d6nen. Her hakk\u0131 sakl\u0131d\u0131r. \u0130zinsiz kullan\u0131lamaz.<\/p>\n","protected":false},"excerpt":{"rendered":"<p class=\"post-excerpt\">The New York Times Magazine taraf\u0131ndan 2019 y\u0131l\u0131nda yay\u0131mlanan bir yaz\u0131 m\u00fczik end\u00fcstrisine adeta \u015fok dalgalar\u0131 yaym\u0131\u015ft\u0131. Yaz\u0131da, 2008&#8217;de Hollywood&#8217;da&#8230;<\/p>\n","protected":false},"author":2,"featured_media":7934,"comment_status":"closed","ping_status":"open","sticky":false,"template":"","format":"standard","meta":{"_mi_skip_tracking":false,"spay_email":"","jetpack_publicize_message":"","jetpack_is_tweetstorm":false,"jetpack_publicize_feature_enabled":true},"categories":[18],"tags":[],"jetpack_featured_media_url":"https:\/\/www.ufukonen.com\/tr\/wp-content\/uploads\/Global_Music_Vault_00_Header.jpg","jetpack_publicize_connections":[],"jetpack_shortlink":"https:\/\/wp.me\/p3rjsG-23S","jetpack_sharing_enabled":true,"jetpack-related-posts":[{"id":2483,"url":"https:\/\/www.ufukonen.com\/tr\/muzik-endustrisine-bakis-2.html","url_meta":{"origin":7928,"position":0},"title":"M\u00fczik End\u00fcstrisine Bak\u0131\u015f (2. B\u00f6l\u00fcm)","date":"April 29, 2016","format":false,"excerpt":"Yaz\u0131 dizisinin birinci b\u00f6l\u00fcm\u00fcne buradan ula\u015fabilirsiniz: Giri\u015f \/ M\u00fczik 0.5: Ba\u015flang\u0131\u00e7 \/ M\u00fczik 1.0: \"Klasik\" Model M\u00fczik 1.5: MTV, CD ve B\u00fcy\u00fck Sermaye 1980'lerin ba\u015f\u0131ndan 1990'lar\u0131n ortas\u0131na kadar uzanan 1.5, m\u00fczik end\u00fcstrisinin alt\u0131n \u00e7a\u011f\u0131 olarak kabul edilebilir. Bu s\u00fcre zarf\u0131nda olduk\u00e7a b\u00fcy\u00fck de\u011fi\u015fimler oldu ve ba\u015fta plak \u015firketleri olmak \u00fczere\u2026","rel":"","context":"In &quot;M\u00fczik End\u00fcstrisi&quot;","img":{"alt_text":"","src":"https:\/\/i0.wp.com\/www.ufukonen.com\/tr\/wp-content\/uploads\/Muzik_Endustrisine_Bakis_2.jpg?resize=350%2C200&ssl=1","width":350,"height":200},"classes":[]},{"id":5027,"url":"https:\/\/www.ufukonen.com\/tr\/profesyonel-muzik-insaninin-10-ozelligi.html","url_meta":{"origin":7928,"position":1},"title":"Profesyonel Bir M\u00fczik \u0130nsan\u0131n\u0131n 10 \u00d6zelli\u011fi","date":"August 26, 2019","format":false,"excerpt":"De\u011ferli dostum Bobby Owsinski \"The 10 Traits of a Music Professional\" ba\u015fl\u0131kl\u0131 bir blog yaz\u0131s\u0131 yay\u0131mlad\u0131. Bobby'nin bu yaz\u0131daki tespitleri o kadar isabetli ki, onun bu yaz\u0131s\u0131nda kendi okuyucular\u0131 ile payla\u015ft\u0131klar\u0131n\u0131 ben de burada sizlerle payla\u015fmak istiyorum. Bobby'nin yaz\u0131s\u0131 asl\u0131nda profesyonel m\u00fczisyenler i\u00e7in yaz\u0131lm\u0131\u015f olsa da, yaz\u0131dakiler bence m\u00fczik \u00fczerine\u2026","rel":"","context":"In &quot;M\u00fczik&quot;","img":{"alt_text":"","src":"https:\/\/i0.wp.com\/www.ufukonen.com\/tr\/wp-content\/uploads\/Profesyonel_Muzik_Insaninin_10_Ozelligi_720.jpg?resize=350%2C200&ssl=1","width":350,"height":200},"classes":[]},{"id":7308,"url":"https:\/\/www.ufukonen.com\/tr\/muzik-endustrisine-bakis-10.html","url_meta":{"origin":7928,"position":2},"title":"M\u00fczik End\u00fcstrisine Bak\u0131\u015f (10. B\u00f6l\u00fcm)","date":"April 11, 2022","format":false,"excerpt":"\u201cM\u00fczik End\u00fcstrisine Bak\u0131\u015f\u201d adl\u0131 yaz\u0131 dizimin onuncu b\u00f6l\u00fcm\u00fcnde IFPI (International Federation of the Phonographic Industry) taraf\u0131ndan 2022 Nisan ay\u0131 i\u00e7inde yay\u0131nlanan IFPI Global Music Report 2022: State of the Industry ba\u015fl\u0131kl\u0131 global m\u00fczik raporundaki 2021 y\u0131l\u0131 verilerini inceleyip, ge\u00e7mi\u015f y\u0131llar\u0131n verileri ile kar\u015f\u0131la\u015ft\u0131raca\u011f\u0131m. Yaz\u0131 dizisinin \u00f6nceki b\u00f6l\u00fcmlerini okumak i\u00e7in t\u0131klay\u0131n\u0131z:\u2026","rel":"","context":"In &quot;M\u00fczik End\u00fcstrisi&quot;","img":{"alt_text":"","src":"https:\/\/i0.wp.com\/www.ufukonen.com\/tr\/wp-content\/uploads\/muzik_endustrisi_10_header.jpg?resize=350%2C200&ssl=1","width":350,"height":200},"classes":[]},{"id":6380,"url":"https:\/\/www.ufukonen.com\/tr\/daw-sarki-sozu-kanali.html","url_meta":{"origin":7928,"position":3},"title":"DAW \u0130\u00e7inde \u015eark\u0131 S\u00f6z\u00fc Kanal\u0131 Olu\u015fturmak","date":"February 8, 2021","format":false,"excerpt":"Hi\u00e7 \"ke\u015fke kulland\u0131\u011f\u0131m DAW i\u00e7inde bir de \u015fark\u0131 s\u00f6z\u00fc kanal\u0131 olsayd\u0131, par\u00e7a \u00fczerinde \u00e7al\u0131\u015f\u0131rken ya da miks yaparken s\u00f6zleri takip edebilseydim\" dedi\u011finiz oldu mu? E\u011fer olduysa \u015fimdi verece\u011fim t\u00fcyo olduk\u00e7a i\u015finize yarayacak. \u00d6zellikle vokal a\u011f\u0131rl\u0131kl\u0131 par\u00e7alar i\u00e7in\u2026 Bu arada, hemen belirteyim, bu t\u00fcyo bana ait de\u011fil. Miks m\u00fchendisi Craig Bauer\u2026","rel":"","context":"In &quot;Ses ve M\u00fczik Teknolojileri&quot;","img":{"alt_text":"","src":"https:\/\/i0.wp.com\/www.ufukonen.com\/tr\/wp-content\/uploads\/DAW-Sarki_Sozu_Kanali_00_Header.jpg?resize=350%2C200&ssl=1","width":350,"height":200},"classes":[]},{"id":5042,"url":"https:\/\/www.ufukonen.com\/tr\/mono-uyumlulugu-onemli-mi.html","url_meta":{"origin":7928,"position":4},"title":"Mono Uyumlulu\u011fu Ger\u00e7ekten \u00d6nemli mi?","date":"September 9, 2019","format":false,"excerpt":"\"Mono uyumlulu\u011fu ger\u00e7ekten \u00f6nemli mi?\" Bu soru m\u00fczik prod\u00fcksiyonu alan\u0131nda \u00e7al\u0131\u015fanlar aras\u0131nda \u00f6zellikle 2000'li y\u0131llar\u0131n ba\u015f\u0131nda s\u0131k s\u0131k sorulmaya ve sorgulanmaya ba\u015flanm\u0131\u015ft\u0131. \u00d6ncesinde mono uyumlulu\u011fu herkesin dikkat etti\u011fi bir konuydu \u00e7\u00fcnk\u00fc televizyonlar\u0131n b\u00fcy\u00fck bir k\u0131sm\u0131 monoydu. Televizyon kanallar\u0131 mono yay\u0131n yap\u0131yordu. Stereo yay\u0131n yapan kanallar da vard\u0131 ancak evlerdeki televizyonlar\u0131n\u2026","rel":"","context":"In &quot;M\u00fczik Prod\u00fcksiyonu&quot;","img":{"alt_text":"","src":"https:\/\/i0.wp.com\/www.ufukonen.com\/tr\/wp-content\/uploads\/Mono_Uyumlulugu_720.jpg?resize=350%2C200&ssl=1","width":350,"height":200},"classes":[]},{"id":5834,"url":"https:\/\/www.ufukonen.com\/tr\/muzik-endustrisine-bakis-8.html","url_meta":{"origin":7928,"position":5},"title":"M\u00fczik End\u00fcstrisine Bak\u0131\u015f (8. B\u00f6l\u00fcm)","date":"June 1, 2020","format":false,"excerpt":"\u201cM\u00fczik End\u00fcstrisine Bak\u0131\u015f\u201d adl\u0131 yaz\u0131 dizimin sekizinci b\u00f6l\u00fcm\u00fcnde IFPI (International Federation of the Phonographic Industry) taraf\u0131ndan 2020 May\u0131s ay\u0131 i\u00e7inde yay\u0131nlanan IFPI Global Music Report 2020: The Industry in 2019 ba\u015fl\u0131kl\u0131 global m\u00fczik raporundaki 2019 y\u0131l\u0131 verilerini inceleyip, ge\u00e7mi\u015f y\u0131llar\u0131n verileri ile kar\u015f\u0131la\u015ft\u0131raca\u011f\u0131m. Yaz\u0131 dizisinin \u00f6nceki b\u00f6l\u00fcmlerini okumak i\u00e7in t\u0131klay\u0131n\u0131z:\u2026","rel":"","context":"In &quot;M\u00fczik End\u00fcstrisi&quot;","img":{"alt_text":"","src":"https:\/\/i0.wp.com\/www.ufukonen.com\/tr\/wp-content\/uploads\/muzik_endustrisi_08_header_rfs.jpg?resize=350%2C200&ssl=1","width":350,"height":200},"classes":[]}],"_links":{"self":[{"href":"https:\/\/www.ufukonen.com\/tr\/wp-json\/wp\/v2\/posts\/7928"}],"collection":[{"href":"https:\/\/www.ufukonen.com\/tr\/wp-json\/wp\/v2\/posts"}],"about":[{"href":"https:\/\/www.ufukonen.com\/tr\/wp-json\/wp\/v2\/types\/post"}],"author":[{"embeddable":true,"href":"https:\/\/www.ufukonen.com\/tr\/wp-json\/wp\/v2\/users\/2"}],"replies":[{"embeddable":true,"href":"https:\/\/www.ufukonen.com\/tr\/wp-json\/wp\/v2\/comments?post=7928"}],"version-history":[{"count":7,"href":"https:\/\/www.ufukonen.com\/tr\/wp-json\/wp\/v2\/posts\/7928\/revisions"}],"predecessor-version":[{"id":7943,"href":"https:\/\/www.ufukonen.com\/tr\/wp-json\/wp\/v2\/posts\/7928\/revisions\/7943"}],"wp:featuredmedia":[{"embeddable":true,"href":"https:\/\/www.ufukonen.com\/tr\/wp-json\/wp\/v2\/media\/7934"}],"wp:attachment":[{"href":"https:\/\/www.ufukonen.com\/tr\/wp-json\/wp\/v2\/media?parent=7928"}],"wp:term":[{"taxonomy":"category","embeddable":true,"href":"https:\/\/www.ufukonen.com\/tr\/wp-json\/wp\/v2\/categories?post=7928"},{"taxonomy":"post_tag","embeddable":true,"href":"https:\/\/www.ufukonen.com\/tr\/wp-json\/wp\/v2\/tags?post=7928"}],"curies":[{"name":"wp","href":"https:\/\/api.w.org\/{rel}","templated":true}]}}