{"id":7939,"date":"2023-01-23T01:00:00","date_gmt":"2023-01-22T22:00:00","guid":{"rendered":"https:\/\/www.ufukonen.com\/tr\/?p=7939"},"modified":"2023-11-27T01:31:15","modified_gmt":"2023-11-26T22:31:15","slug":"harmonic-exciter-kullanimi","status":"publish","type":"post","link":"https:\/\/www.ufukonen.com\/tr\/harmonic-exciter-kullanimi.html","title":{"rendered":"Harmonic Exciter Kullan\u0131m\u0131 \u0130\u00e7in Birka\u00e7 \u00d6neri"},"content":{"rendered":"\n<p>Beni tan\u0131yanlar bilir, harmonic exciter (k\u0131saca, exciter) favori ses i\u015flemcilerimden biridir. Bu yaz\u0131mda sizlerle exciter ile ilgili birka\u00e7 \u00f6neri payla\u015fmak istiyorum.<\/p>\n\n\n\n<p>Harmonic exciter nedir, ne yapar diye soruyorsan\u0131z &#8220;<a href=\"https:\/\/www.ufukonen.com\/tr\/harmonic-exciter.html\" data-type=\"post\" data-id=\"7617\" target=\"_blank\" rel=\"noreferrer noopener\">Harmonic Exciter<\/a>&#8221; ba\u015fl\u0131kl\u0131 yaz\u0131m\u0131 okuyabilirsiniz.<\/p>\n\n\n\n<div style=\"height:20px\" aria-hidden=\"true\" class=\"wp-block-spacer\"><\/div>\n\n\n\n<h3>Birinci ve En \u00d6nemli Kural<\/h3>\n\n\n\n<p>Exciter Kullan\u0131m\u0131nda birinci ve en \u00f6nemli kural, exciter&#8217;\u0131 karar\u0131nda kullanmakt\u0131r. Zaten ba\u015fka da bir kural yok. Tek kural bu!<\/p>\n\n\n\n<p>Peki, &#8220;karar\u0131nda&#8221; ne demek? Bunun \u00f6\u00e7\u00fclebilir bir de\u011feri var m\u0131d\u0131r?<\/p>\n\n\n\n<p>Maalesef yok.<\/p>\n\n\n\n<p>Ben \u015f\u00f6yle \u00e7al\u0131\u015f\u0131yorum: Bir sinyale exciter uygularken dozunu \u00e7ok &#8220;cimri&#8221; bir \u015fekilde ayarl\u0131yorum. &#8220;Tamam, i\u015fte bu&#8221; dedi\u011fim noktaya geldi\u011finde ise miktar\u0131 &#8220;bir t\u0131k&#8221; azalt\u0131yorum. Son kontrol\u00fc ise aradan birka\u00e7 saat hatta m\u00fcmk\u00fcnse bir g\u00fcn ge\u00e7tikten sonra &#8220;taze&#8221; kulakla yap\u0131yorum.<\/p>\n\n\n\n<p>L\u00fctfen unutmay\u0131n! Exciter, do\u011fru yerde do\u011fru miktarda kullan\u0131ld\u0131\u011f\u0131nda harika sonu\u00e7lar veren bir i\u015flemcidir. Di\u011fer yandan fazla kullan\u0131ld\u0131\u011f\u0131nda adeta bir \u00e7uval inciri berbat eder.<\/p>\n\n\n\n<div style=\"height:20px\" aria-hidden=\"true\" class=\"wp-block-spacer\"><\/div>\n\n\n\n<figure class=\"wp-block-image size-large\"><img loading=\"lazy\" width=\"1024\" height=\"274\" src=\"https:\/\/www.ufukonen.com\/tr\/wp-content\/uploads\/Harmonic_Exciter_Kullanimi_01-1024x274.jpg\" alt=\"\" class=\"wp-image-7945\" srcset=\"https:\/\/www.ufukonen.com\/tr\/wp-content\/uploads\/Harmonic_Exciter_Kullanimi_01-1024x274.jpg 1024w, https:\/\/www.ufukonen.com\/tr\/wp-content\/uploads\/Harmonic_Exciter_Kullanimi_01-300x80.jpg 300w, https:\/\/www.ufukonen.com\/tr\/wp-content\/uploads\/Harmonic_Exciter_Kullanimi_01-768x206.jpg 768w, https:\/\/www.ufukonen.com\/tr\/wp-content\/uploads\/Harmonic_Exciter_Kullanimi_01-1140x305.jpg 1140w, https:\/\/www.ufukonen.com\/tr\/wp-content\/uploads\/Harmonic_Exciter_Kullanimi_01-552x148.jpg 552w, https:\/\/www.ufukonen.com\/tr\/wp-content\/uploads\/Harmonic_Exciter_Kullanimi_01.jpg 1427w\" sizes=\"(max-width: 1024px) 100vw, 1024px\" \/><figcaption>Black Box Analog Design HG-2<\/figcaption><\/figure>\n\n\n\n<div style=\"height:20px\" aria-hidden=\"true\" class=\"wp-block-spacer\"><\/div>\n\n\n\n<h3>Farkl\u0131 Exciter Plug-in&#8217;leri Var!<\/h3>\n\n\n\n<p>Exciter denildi\u011finde akl\u0131n\u0131za sadece Aphex firmas\u0131 taraf\u0131ndan 1970\u2019lerde \u00fcretilen Aural Exciter gelmesin. Farkl\u0131 tatlarda, farkl\u0131 t\u0131n\u0131larda, farkl\u0131 \u00e7al\u0131\u015fma presiplerine ve isimlere sahip daha bir\u00e7ok exciter plug-in&#8217;i var.<\/p>\n\n\n\n<p>Birka\u00e7 tane sayacak olursak:<\/p>\n\n\n\n<ul><li><a rel=\"noreferrer noopener\" href=\"https:\/\/www.plugin-alliance.com\/en\/products\/spl_twintube.html\" target=\"_blank\">SPL Twin Tube<\/a> <\/li><li><a rel=\"noreferrer noopener\" href=\"https:\/\/www.waves.com\/plugins\/vitamin#when-eq-isnt-enough-to-boost-masters-vitamin\" target=\"_blank\">Waves Vitamin Sonic Enhancer <\/a><\/li><li><a rel=\"noreferrer noopener\" href=\"https:\/\/www.plugin-alliance.com\/en\/products\/black_box_analog_design_hg-2.html\" target=\"_blank\">Black Box Analog Design HG-2 <\/a><\/li><li><a rel=\"noreferrer noopener\" href=\"https:\/\/www.mcdsp.com\/plugin-index\/6060-ultimate-module-collection\/ Cranesong Phoenix II http:\/\/www.cranesong.com\/phoenix_II.html\" target=\"_blank\">McDSP Shine <\/a><\/li><li><a rel=\"noreferrer noopener\" href=\"https:\/\/plugins.bbesound.com\/products\/b1757-Sonic-Sweet\/\" target=\"_blank\">BBE Sonic Sweet v4 plugin bundle: <\/a>Sonic Maximizer, Harmonic Maximizer, Loudness Maximizer, Mach 3 Bass <\/li><li><a href=\"https:\/\/www.izotope.com\/en\/products\/neutron\/features\/exciter.html\" target=\"_blank\" rel=\"noreferrer noopener\">Izotope Neutron<\/a> <\/li><\/ul>\n\n\n\n<div style=\"height:25px\" aria-hidden=\"true\" class=\"wp-block-spacer\"><\/div>\n\n\n\n<figure class=\"wp-block-image size-full\"><img loading=\"lazy\" width=\"623\" height=\"442\" src=\"https:\/\/www.ufukonen.com\/tr\/wp-content\/uploads\/Harmonic_Exciter_Kullanimi_02.jpg\" alt=\"\" class=\"wp-image-7947\" srcset=\"https:\/\/www.ufukonen.com\/tr\/wp-content\/uploads\/Harmonic_Exciter_Kullanimi_02.jpg 623w, https:\/\/www.ufukonen.com\/tr\/wp-content\/uploads\/Harmonic_Exciter_Kullanimi_02-300x213.jpg 300w, https:\/\/www.ufukonen.com\/tr\/wp-content\/uploads\/Harmonic_Exciter_Kullanimi_02-552x392.jpg 552w\" sizes=\"(max-width: 623px) 100vw, 623px\" \/><figcaption>Waves Vitamin Sonic Enhancer<\/figcaption><\/figure>\n\n\n\n<div style=\"height:20px\" aria-hidden=\"true\" class=\"wp-block-spacer\"><\/div>\n\n\n\n<h3>Farkl\u0131 Kullan\u0131m Yerleri<\/h3>\n\n\n\n<p>Exciter hangi enstr\u00fcmanlar i\u00e7in kullan\u0131l\u0131r? Bu sorunun net bir cevab\u0131 yok. Exciter bir\u00e7ok enstr\u00fcman i\u00e7in kullan\u0131labilir. Sadece enstr\u00fcman da de\u011fil, exciter, vokal, diyalog kay\u0131tlar\u0131, hatta miks ve mastering i\u00e7in bile kullan\u0131labilir.<\/p>\n\n\n\n<p>A\u015fa\u011f\u0131ya birka\u00e7 \u00f6neri ekliyorum ancak siz mutlaka kendiniz de denemeler yap\u0131n, sadece a\u015fa\u011f\u0131da yaz\u0131lanlarla s\u0131n\u0131rl\u0131 kalmay\u0131n.<\/p>\n\n\n\n<ul><li>Akustik gitar<\/li><li>Elektro gitar (overdrive \/ distortion)<\/li><li>Davul (\u00f6zellikle altolar)<\/li><li>Bas gitar (\u00fcst harmonikleri vurgulamak i\u00e7in)<\/li><li>Vokal<\/li><li>Voice-over ve diyaloglar (TV, film)<\/li><li>M\u00fczik miksleri<\/li><li>Podcast ve radyo miksleri<\/li><li>Mastering<\/li><\/ul>\n\n\n\n<div style=\"height:20px\" aria-hidden=\"true\" class=\"wp-block-spacer\"><\/div>\n\n\n\n<h3>Deneyin!<\/h3>\n\n\n\n<p>E\u011fer bug\u00fcne kadar exciter t\u00fcr\u00fc bir i\u015flemci kullanmad\u0131ysan\u0131z mutlaka ilk f\u0131rsatta deneyin. Pi\u015fman olmayacaks\u0131n\u0131z. Yaln\u0131z yaz\u0131n\u0131n ba\u015f\u0131nda da vurgulad\u0131\u011f\u0131m gibi, &#8220;az\u0131 karar, \u00e7o\u011fu zarar&#8221;.<\/p>\n\n\n\n<div style=\"height:50px\" aria-hidden=\"true\" class=\"wp-block-spacer\"><\/div>\n\n\n\n<p>Teknik terimler i\u00e7in <a href=\"http:\/\/www.ufukonen.com\/tr\/ses-kayit-muzik-teknolojisi-terimler-sozluk.html\">m\u00fczik teknolojisi, m\u00fczik prod\u00fcksiyonu ve ses kay\u0131t terimleri s\u00f6zl\u00fc\u011f\u00fcne<\/a> g\u00f6z atabilirsiniz.<\/p>\n\n\n\n<p>Benzer payla\u015f\u0131mlar i\u00e7in beni <a rel=\"noreferrer noopener\" href=\"https:\/\/www.facebook.com\/ufukonen.skmt\/\" target=\"_blank\">Facebook<\/a>, <a href=\"https:\/\/www.instagram.com\/ufukonen\/\" target=\"_blank\" rel=\"noreferrer noopener\" aria-label=\"Instagram (opens in a new tab)\">Instagram<\/a> ve <a rel=\"noreferrer noopener\" href=\"https:\/\/twitter.com\/UfukOnen\" target=\"_blank\">Twitter<\/a>&#8216;da takip edebilir, haberler i\u00e7in <a rel=\"noreferrer noopener\" href=\"http:\/\/ufukonen.com\/tr\/ses-kayit-muzik-teknolojisi-terimler-sozluk.html\" target=\"_blank\">mesaj listeme \u00fcye olabilirsiniz<\/a>. Te\u015fekk\u00fcrler.<\/p>\n\n\n\n<p>\u00a9 2023 Ufuk \u00d6nen. Her hakk\u0131 sakl\u0131d\u0131r. \u0130zinsiz kullan\u0131lamaz.<\/p>\n","protected":false},"excerpt":{"rendered":"<p class=\"post-excerpt\">Beni tan\u0131yanlar bilir, harmonic exciter (k\u0131saca, exciter) favori ses i\u015flemcilerimden biridir. Bu yaz\u0131mda sizlerle exciter ile ilgili birka\u00e7 \u00f6neri payla\u015fmak&#8230;<\/p>\n","protected":false},"author":2,"featured_media":7944,"comment_status":"closed","ping_status":"open","sticky":false,"template":"","format":"standard","meta":{"_mi_skip_tracking":false,"spay_email":"","jetpack_publicize_message":"","jetpack_is_tweetstorm":false,"jetpack_publicize_feature_enabled":true},"categories":[16],"tags":[],"jetpack_featured_media_url":"https:\/\/www.ufukonen.com\/tr\/wp-content\/uploads\/Harmonic_Exciter_Kullanimi_00_Header.jpg","jetpack_publicize_connections":[],"jetpack_shortlink":"https:\/\/wp.me\/p3rjsG-243","jetpack_sharing_enabled":true,"jetpack-related-posts":[{"id":7617,"url":"https:\/\/www.ufukonen.com\/tr\/harmonic-exciter.html","url_meta":{"origin":7939,"position":0},"title":"Harmonic Exciter","date":"September 26, 2022","format":false,"excerpt":"Harmonic exciter ya da k\u0131saca exciter, en eski ve en pop\u00fcler psikoakustik i\u015flemcilerden biridir. Sinyalin \u00fcst frekans aral\u0131\u011f\u0131n\u0131 bir armonik synthesizer arac\u0131l\u0131\u011f\u0131yla i\u015fler ve bu i\u015flenen sinyali orijinal sinyalle kar\u0131\u015ft\u0131r\u0131r. Synthesizer ile i\u015flenip orijinal sinyale eklenen bu sinyal genel seviyeyi art\u0131rmaz, fakat kayd\u0131n daha parlak ve yak\u0131n alg\u0131lanmas\u0131n\u0131 sa\u011flar. \u0130lk\u2026","rel":"","context":"In &quot;Ses ve M\u00fczik Teknolojileri&quot;","img":{"alt_text":"","src":"https:\/\/i0.wp.com\/www.ufukonen.com\/tr\/wp-content\/uploads\/Harmonic_Exciter_00_Header.jpg?resize=350%2C200&ssl=1","width":350,"height":200},"classes":[]},{"id":5129,"url":"https:\/\/www.ufukonen.com\/tr\/eq-kullanimi-birkac-tavsiye-2.html","url_meta":{"origin":7939,"position":1},"title":"EQ Kullan\u0131m\u0131: Birka\u00e7 Tavsiye (2. B\u00f6l\u00fcm)","date":"October 21, 2019","format":false,"excerpt":"Ge\u00e7ti\u011fimiz y\u0131l yay\u0131mlad\u0131\u011f\u0131m \"EQ Kullan\u0131m\u0131: Birka\u00e7 Tavsiye\" ba\u015fl\u0131kl\u0131 yaz\u0131 baya\u011f\u0131 bir ilgi g\u00f6rd\u00fc. Ard\u0131ndan EQ ile ilgili \u00e7e\u015fitli sorular geldi. Ben de o sorular\u0131 da g\u00f6z \u00f6n\u00fcne alarak bu ba\u015fl\u0131\u011f\u0131 bir yaz\u0131 dizisine \u00e7evirme karar\u0131 ald\u0131m. Birinci b\u00f6l\u00fcm\u00fc okumad\u0131ysan\u0131z yaz\u0131ya bu linkten ula\u015fabilirsiniz. \u00dc\u00e7\u00fcnc\u00fc b\u00f6l\u00fcm i\u00e7in buraya t\u0131klay\u0131n\u0131z. Monit\u00f6r Seviyeleri\u2026","rel":"","context":"In &quot;M\u00fczik Prod\u00fcksiyonu&quot;","img":{"alt_text":"","src":"https:\/\/i0.wp.com\/www.ufukonen.com\/tr\/wp-content\/uploads\/EQ_Kullanimi_Birkac_Tavsiye_1080.jpg?resize=350%2C200&ssl=1","width":350,"height":200},"classes":[]},{"id":4251,"url":"https:\/\/www.ufukonen.com\/tr\/mikrofon-line-seviye-fark.html","url_meta":{"origin":7939,"position":2},"title":"Mikrofon ve Line Seviyeleri Aras\u0131ndaki Fark","date":"October 22, 2018","format":false,"excerpt":"Mikrofon ve line ba\u011flant\u0131lar\u0131 bazen kafa kar\u0131\u015ft\u0131r\u0131c\u0131 olabiliyor. Baz\u0131lar\u0131 bu ba\u011flant\u0131lar\u0131n sadece konnekt\u00f6rlerle ilgili oldu\u011funu san\u0131yor. XLR konnekt\u00f6rlerin sadece mikrofon, 1\/4\" konnekt\u00f6rlerin ise sadece line ba\u011flant\u0131lar i\u00e7in kullan\u0131ld\u0131\u011f\u0131n\u0131 d\u00fc\u015f\u00fcnenleri, hatta mikrofon ve line aras\u0131 ba\u011flant\u0131lar i\u00e7in XLR-1\/4\" \u00e7evirici kablo kullanmaya \u00e7al\u0131\u015fanlar\u0131 bile g\u00f6rd\u00fcm. \u00d6ncelikle hemen belirteyim, \"1\/4\u2033 ve XLR Konnekt\u00f6rler:\u2026","rel":"","context":"In &quot;Ses ve M\u00fczik Teknolojileri&quot;","img":{"alt_text":"","src":"https:\/\/i0.wp.com\/www.ufukonen.com\/tr\/wp-content\/uploads\/Mikrofon_Line_Seviyeleri_Arasindaki_Fark.jpg?resize=350%2C200&ssl=1","width":350,"height":200},"classes":[]},{"id":5130,"url":"https:\/\/www.ufukonen.com\/tr\/eq-kullanimi-birkac-tavsiye-3.html","url_meta":{"origin":7939,"position":3},"title":"EQ Kullan\u0131m\u0131: Birka\u00e7 Tavsiye (3. B\u00f6l\u00fcm)","date":"October 28, 2019","format":false,"excerpt":"Ge\u00e7ti\u011fimiz y\u0131l yay\u0131mlad\u0131\u011f\u0131m \"EQ Kullan\u0131m\u0131: Birka\u00e7 Tavsiye\" ba\u015fl\u0131kl\u0131 yaz\u0131 baya\u011f\u0131 bir ilgi g\u00f6rd\u00fc. Ard\u0131ndan EQ ile ilgili \u00e7e\u015fitli sorular geldi. Ben de o sorular\u0131 da g\u00f6z \u00f6n\u00fcne alarak bu ba\u015fl\u0131\u011f\u0131 bir yaz\u0131 dizisine \u00e7evirme karar\u0131 ald\u0131m. \u00dc\u00e7\u00fcnc\u00fc b\u00f6l\u00fcm ile devam ediyorum. Birinci ve ikinci b\u00f6l\u00fcmlere a\u015fa\u011f\u0131daki linklerden ula\u015fabilirsiniz: Birinci b\u00f6l\u00fcm\u2026","rel":"","context":"In &quot;M\u00fczik Prod\u00fcksiyonu&quot;","img":{"alt_text":"","src":"https:\/\/i0.wp.com\/www.ufukonen.com\/tr\/wp-content\/uploads\/EQ_Kullanimi_Birkac_Tavsiye_1080.jpg?resize=350%2C200&ssl=1","width":350,"height":200},"classes":[]},{"id":6814,"url":"https:\/\/www.ufukonen.com\/tr\/kulak-cinlamasi-tinnitus.html","url_meta":{"origin":7939,"position":4},"title":"Kulak \u00c7\u0131nlamas\u0131 (Tinnitus) ve Korunma Y\u00f6ntemleri","date":"September 6, 2021","format":false,"excerpt":"Tinnitus terimini belki duymam\u0131\u015f olabilirsiniz ama ne oldu\u011funu biliyorsunuzdur. Tinnitus genelde \u201ckulak \u00e7\u0131nlamas\u0131\u201d olarak ifade ediliyor. Kulak \u00e7\u0131nlamas\u0131n\u0131 hemen hemen herkes hayat\u0131nda en az birka\u00e7 defa deneyimlemi\u015ftir. \u00c7ok y\u00fcksek sesli bir konserde zaman ge\u00e7irdikten sonra eve gitti\u011finizde kulaklar\u0131n\u0131zda y\u00fcksek frekansl\u0131 bir \u00e7\u0131nlama duyars\u0131n\u0131z. Bu \u00e7\u0131nlama \u00e7o\u011fu zaman sadece birka\u00e7 saat\u2026","rel":"","context":"In &quot;M\u00fczik&quot;","img":{"alt_text":"","src":"https:\/\/i0.wp.com\/www.ufukonen.com\/tr\/wp-content\/uploads\/Kulak_Cinlamasi_Tinnitus_00_Header.jpg?resize=350%2C200&ssl=1","width":350,"height":200},"classes":[]},{"id":4929,"url":"https:\/\/www.ufukonen.com\/tr\/efekt-ve-sinyal-islemcilerin-sirasi-uzerine.html","url_meta":{"origin":7939,"position":5},"title":"Efekt ve Sinyal \u0130\u015flemcilerin S\u0131ras\u0131 \u00dczerine&#8230;","date":"July 22, 2019","format":false,"excerpt":"Ben m\u00fczi\u011fe gitarla ba\u015flad\u0131m. Elektrogitar \u00e7almak istemi\u015ftim. 1980'li y\u0131llarda T\u00fcrkiye'de herkese \"ilk \u00f6nce klasik gitarla ba\u015fla, sonra elektrogitar ile devam edersin\" \u015feklinde tavsiyeler verilirdi. Bana sa\u00e7ma gelmi\u015fti ama bakt\u0131m ki ba\u015fka \u00e7aresi yok, ben de klasik gitarla ba\u015flad\u0131m. Klasik gitar ve elektrogitar\u0131n asl\u0131nda iki farkl\u0131 d\u00fcnyalar oldu\u011funu kavramam fazla uzun\u2026","rel":"","context":"In &quot;Ses ve M\u00fczik Teknolojileri&quot;","img":{"alt_text":"","src":"https:\/\/i0.wp.com\/www.ufukonen.com\/tr\/wp-content\/uploads\/Efekt_Sinyal_Islemciler_Sirasi_720.jpg?resize=350%2C200&ssl=1","width":350,"height":200},"classes":[]}],"_links":{"self":[{"href":"https:\/\/www.ufukonen.com\/tr\/wp-json\/wp\/v2\/posts\/7939"}],"collection":[{"href":"https:\/\/www.ufukonen.com\/tr\/wp-json\/wp\/v2\/posts"}],"about":[{"href":"https:\/\/www.ufukonen.com\/tr\/wp-json\/wp\/v2\/types\/post"}],"author":[{"embeddable":true,"href":"https:\/\/www.ufukonen.com\/tr\/wp-json\/wp\/v2\/users\/2"}],"replies":[{"embeddable":true,"href":"https:\/\/www.ufukonen.com\/tr\/wp-json\/wp\/v2\/comments?post=7939"}],"version-history":[{"count":8,"href":"https:\/\/www.ufukonen.com\/tr\/wp-json\/wp\/v2\/posts\/7939\/revisions"}],"predecessor-version":[{"id":7970,"href":"https:\/\/www.ufukonen.com\/tr\/wp-json\/wp\/v2\/posts\/7939\/revisions\/7970"}],"wp:featuredmedia":[{"embeddable":true,"href":"https:\/\/www.ufukonen.com\/tr\/wp-json\/wp\/v2\/media\/7944"}],"wp:attachment":[{"href":"https:\/\/www.ufukonen.com\/tr\/wp-json\/wp\/v2\/media?parent=7939"}],"wp:term":[{"taxonomy":"category","embeddable":true,"href":"https:\/\/www.ufukonen.com\/tr\/wp-json\/wp\/v2\/categories?post=7939"},{"taxonomy":"post_tag","embeddable":true,"href":"https:\/\/www.ufukonen.com\/tr\/wp-json\/wp\/v2\/tags?post=7939"}],"curies":[{"name":"wp","href":"https:\/\/api.w.org\/{rel}","templated":true}]}}