{"id":7951,"date":"2023-01-30T01:00:00","date_gmt":"2023-01-29T22:00:00","guid":{"rendered":"https:\/\/www.ufukonen.com\/tr\/?p=7951"},"modified":"2025-06-07T11:51:46","modified_gmt":"2025-06-07T08:51:46","slug":"buffer-latency","status":"publish","type":"post","link":"https:\/\/www.ufukonen.com\/tr\/buffer-latency.html","title":{"rendered":"Buffer Boyutlar\u0131 ve Latency S\u00fcreleri"},"content":{"rendered":"\n<p>&#8220;<a href=\"https:\/\/www.ufukonen.com\/tr\/daw-latency.html\" data-type=\"post\" data-id=\"6836\" target=\"_blank\" rel=\"noreferrer noopener\">DAW ve Latency<\/a>&#8221; ba\u015fl\u0131kl\u0131 yaz\u0131mda &#8216;latency&#8217; yani bilgisayar tabanl\u0131 ve di\u011fer dijital sistemlerde gecikmenin neden kaynakland\u0131\u011f\u0131n\u0131, bu gecikmeye neden dikkat etmemiz gerekti\u011fini, gecikmeyi nas\u0131l hesaplayabilece\u011fimizi anlatm\u0131\u015ft\u0131m. Buna ek olarak gecikmeye kar\u015f\u0131 \u00e7\u00f6z\u00fcm \u00f6nerilerinde bulunmu\u015ftum.<\/p>\n\n\n\n<p>Bu yaz\u0131m\u0131 o makalenin devam\u0131 ya da eki gibi d\u00fc\u015f\u00fcnebilirsiniz. Bu yaz\u0131mda sizlerle buffer boyutlar\u0131na ve \u00f6rnekleme oranlar\u0131na (sample rate) g\u00f6re gecikme s\u00fcrelerini g\u00f6steren bir tablo payla\u015f\u0131yorum.<\/p>\n\n\n\n<p>&#8220;<a href=\"https:\/\/www.ufukonen.com\/tr\/daw-latency.html\" data-type=\"post\" data-id=\"6836\" target=\"_blank\" rel=\"noreferrer noopener\">DAW ve Latency<\/a>&#8221; ba\u015fl\u0131kl\u0131 yaz\u0131mda akl\u0131n\u0131zda bulunsun diye yazm\u0131\u015ft\u0131m, burada da tekrar vurgulayay\u0131m:<\/p>\n\n\n\n<blockquote class=\"wp-block-quote\"><p>Buffer de\u011feri b\u00fcy\u00fcd\u00fck\u00e7e gecikme artar.<\/p><p>Sample rate b\u00fcy\u00fcd\u00fck\u00e7e gecikme azal\u0131r.<\/p><\/blockquote>\n\n\n\n<p>Gecikmeyi azaltmak i\u00e7in sistemin buffer de\u011ferini k\u00fc\u00e7\u00fcltebiliriz ama fakat bu da sistemin genel performans\u0131n\u0131 d\u00fc\u015f\u00fcrecektir. Her zaman her yerde oldu\u011fu gibi burada da bir denge, bir pazarl\u0131k s\u00f6z konusu.<\/p>\n\n\n\n<p>\u015eimdi gelelim tabloya\u2026<\/p>\n\n\n\n<figure class=\"wp-block-image size-large\"><img loading=\"lazy\" width=\"1024\" height=\"395\" src=\"https:\/\/www.ufukonen.com\/tr\/wp-content\/uploads\/Buffer_Boyutlari_ve_Latency_Sureleri-1024x395.png\" alt=\"\" class=\"wp-image-7954\" srcset=\"https:\/\/www.ufukonen.com\/tr\/wp-content\/uploads\/Buffer_Boyutlari_ve_Latency_Sureleri-1024x395.png 1024w, https:\/\/www.ufukonen.com\/tr\/wp-content\/uploads\/Buffer_Boyutlari_ve_Latency_Sureleri-300x116.png 300w, https:\/\/www.ufukonen.com\/tr\/wp-content\/uploads\/Buffer_Boyutlari_ve_Latency_Sureleri-768x296.png 768w, https:\/\/www.ufukonen.com\/tr\/wp-content\/uploads\/Buffer_Boyutlari_ve_Latency_Sureleri-1536x592.png 1536w, https:\/\/www.ufukonen.com\/tr\/wp-content\/uploads\/Buffer_Boyutlari_ve_Latency_Sureleri-2048x790.png 2048w, https:\/\/www.ufukonen.com\/tr\/wp-content\/uploads\/Buffer_Boyutlari_ve_Latency_Sureleri-1140x439.png 1140w, https:\/\/www.ufukonen.com\/tr\/wp-content\/uploads\/Buffer_Boyutlari_ve_Latency_Sureleri-552x213.png 552w\" sizes=\"(max-width: 1024px) 100vw, 1024px\" \/><\/figure>\n\n\n\n<p>Tabloda verilen gecikme (latency) s\u00fcreleri \u00e7ift y\u00f6n olarak hesaplad\u0131m. \u00c7ift y\u00f6n\u00fc, sinyalin dijitale \u00e7evrilip bilgisayara girmesi ve dinlemek i\u00e7in tekrar \u00e7evrilip analog olarak monit\u00f6rlere g\u00f6nderilmesi olarak d\u00fc\u015f\u00fcnebilirsiniz. T\u00fcm gecikme s\u00fcrelerini milisaniye cinsinden verdim.<\/p>\n\n\n\n<p>Elinizin alt\u0131nda bulunmas\u0131nda fayda var.<\/p>\n\n\n\n<div style=\"height:50px\" aria-hidden=\"true\" class=\"wp-block-spacer\"><\/div>\n\n\n\n<p>Teknik terimler i\u00e7in <a href=\"http:\/\/www.ufukonen.com\/tr\/ses-kayit-muzik-teknolojisi-terimler-sozluk.html\">m\u00fczik teknolojisi, m\u00fczik prod\u00fcksiyonu ve ses kay\u0131t terimleri s\u00f6zl\u00fc\u011f\u00fcne<\/a> g\u00f6z atabilirsiniz.<\/p>\n\n\n\n<p>Benzer payla\u015f\u0131mlar i\u00e7in beni <a rel=\"noreferrer noopener\" href=\"https:\/\/www.facebook.com\/ufukonen.skmt\/\" target=\"_blank\">Facebook<\/a>, <a rel=\"noreferrer noopener\" aria-label=\"Instagram (opens in a new tab)\" href=\"https:\/\/www.instagram.com\/ufukonen\/\" target=\"_blank\">Instagram<\/a> ve <a rel=\"noreferrer noopener\" href=\"https:\/\/twitter.com\/UfukOnen\" target=\"_blank\">Twitter<\/a>&#8216;da takip edebilir, haberler i\u00e7in <a rel=\"noreferrer noopener\" href=\"http:\/\/ufukonen.com\/tr\/ses-kayit-muzik-teknolojisi-terimler-sozluk.html\" target=\"_blank\">mesaj listeme \u00fcye olabilirsiniz<\/a>. Te\u015fekk\u00fcrler.<\/p>\n\n\n\n<p>Bu makalenin geni\u015fletilmi\u015f \u0130ngilizce versiyonunu online mastering platformu <a rel=\"noreferrer noopener\" href=\"https:\/\/soundboost.ai\" data-type=\"URL\" target=\"_blank\">SoundBoos<\/a><a href=\"https:\/\/soundboost.ai\" data-type=\"URL\" target=\"_blank\" rel=\"noreferrer noopener\">t<\/a> web sitesinde okuyabilirsiniz: <a href=\"https:\/\/soundboost.ai\/blog\/essential-audio-know-how-demystifying-latency-and-buffer-in-dawsessential-audio-know-how\" target=\"_blank\" rel=\"noreferrer noopener\">Essential Audio Know-How: Demystifying Latency and Buffer in DAWs<\/a><\/p>\n\n\n\n<p>\u00a9 2023-2024 Ufuk \u00d6nen. Her hakk\u0131 sakl\u0131d\u0131r. \u0130zinsiz kullan\u0131lamaz.<\/p>\n","protected":false},"excerpt":{"rendered":"<p class=\"post-excerpt\">&#8220;DAW ve Latency&#8221; ba\u015fl\u0131kl\u0131 yaz\u0131mda &#8216;latency&#8217; yani bilgisayar tabanl\u0131 ve di\u011fer dijital sistemlerde gecikmenin neden kaynakland\u0131\u011f\u0131n\u0131, bu gecikmeye neden dikkat&#8230;<\/p>\n","protected":false},"author":2,"featured_media":7956,"comment_status":"closed","ping_status":"open","sticky":false,"template":"","format":"standard","meta":{"_mi_skip_tracking":false,"spay_email":"","jetpack_publicize_message":"","jetpack_is_tweetstorm":false,"jetpack_publicize_feature_enabled":true},"categories":[18],"tags":[],"jetpack_featured_media_url":"https:\/\/www.ufukonen.com\/tr\/wp-content\/uploads\/Buffer_Boyutlari_ve_Latency_Sureleri_00_Header.jpg","jetpack_publicize_connections":[],"jetpack_shortlink":"https:\/\/wp.me\/p3rjsG-24f","jetpack_sharing_enabled":true,"jetpack-related-posts":[{"id":6836,"url":"https:\/\/www.ufukonen.com\/tr\/daw-latency.html","url_meta":{"origin":7951,"position":0},"title":"DAW ve Latency","date":"August 23, 2021","format":false,"excerpt":"Bilgisayar tabanl\u0131 ve di\u011fer dijital sistemlerde sinyalin sisteme giri\u015finde ve \u00e7\u0131k\u0131\u015f\u0131nda gecikme olu\u015fur. Bu gecikmeye \u0130ngilizcede 'latency' ad\u0131 verilir. Latency, milisaniye (ms) cinsinden ifade edilir. Latency Neden \u00d6nemlidir? Latency \u00f6nemlidir \u00e7\u00fcnk\u00fc kay\u0131t yaparken kaydetmekte oldu\u011funuz sinyali ne kadar ge\u00e7 duyaca\u011f\u0131n\u0131z ile do\u011frudan ilgilidir. 10 milisaniye alt\u0131ndaki gecikmeler fark edilmeyebilir ya\u2026","rel":"","context":"In &quot;Ses ve M\u00fczik Teknolojileri&quot;","img":{"alt_text":"","src":"https:\/\/i0.wp.com\/www.ufukonen.com\/tr\/wp-content\/uploads\/DAW_Latency_00_Header.jpg?resize=350%2C200&ssl=1","width":350,"height":200},"classes":[]},{"id":7572,"url":"https:\/\/www.ufukonen.com\/tr\/vokal-kaydinda-kulaklik-reverb-delay.html","url_meta":{"origin":7951,"position":1},"title":"Vokal Kayd\u0131nda Kulakl\u0131k \u0130\u00e7in Reverb ve Delay Kullan\u0131m\u0131","date":"September 5, 2022","format":false,"excerpt":"\"DAW ve Latency\" ba\u015fl\u0131kl\u0131 yaz\u0131mda kay\u0131t yapan m\u00fczisyenin kendini kulakl\u0131kta gecikmeli duymamas\u0131 i\u00e7in \u00e7\u00f6z\u00fcm yollar\u0131ndan birinin ses kart\u0131n\u0131n \u00fczerinde bulunan \"zero latency monitoring\" ya da \"input monitoring\" olarak adland\u0131r\u0131lan \u00f6zelli\u011fini kullanmak oldu\u011funu yazm\u0131\u015ft\u0131m. Diyelim ki zero latency monitoring \u00f6zelli\u011fini kullanarak vokal kayd\u0131 yap\u0131yorsunuz ve vokalist kulakl\u0131\u011f\u0131na reverb istedi\u2026. E\u011fer ses\u2026","rel":"","context":"In &quot;M\u00fczik Prod\u00fcksiyonu&quot;","img":{"alt_text":"","src":"https:\/\/i0.wp.com\/www.ufukonen.com\/tr\/wp-content\/uploads\/Vokal_Kaydi_Kulaklik_Reverb_Delay_00_Header.jpg?resize=350%2C200&ssl=1","width":350,"height":200},"classes":[]},{"id":6913,"url":"https:\/\/www.ufukonen.com\/tr\/split-eq-stereo-genisletme.html","url_meta":{"origin":7951,"position":2},"title":"Split EQ Tekni\u011fi \u0130le Stereo Geni\u015fletme","date":"October 4, 2021","format":false,"excerpt":"Bu yaz\u0131mda, stereo kanallar\u0131 biraz daha geni\u015f duyurabilmek i\u00e7in kulland\u0131\u011f\u0131m basit bir EQ tekni\u011fini sizlerle payla\u015fmak istiyorum. Split EQ olarak adland\u0131r\u0131lan bu tekni\u011fi uygulamak i\u00e7in stereo sinyalin sol ve sa\u011f kanallar\u0131na birbirlerinden ba\u011f\u0131ms\u0131z olarak m\u00fcdahale edebilmemiz gerekiyor. Bunun i\u00e7in de EQ plug-in'ini multichannel de\u011fil, multi-mono olarak kullanmaya ihtiya\u00e7 duyuyoruz. Plug-in'lerin\u2026","rel":"","context":"In &quot;M\u00fczik Prod\u00fcksiyonu&quot;","img":{"alt_text":"","src":"https:\/\/i0.wp.com\/www.ufukonen.com\/tr\/wp-content\/uploads\/Split_EQ_Stereo_Genisletme_00_Header.jpg?resize=350%2C200&ssl=1","width":350,"height":200},"classes":[]},{"id":8191,"url":"https:\/\/www.ufukonen.com\/tr\/2023-en-cok-okunan.html","url_meta":{"origin":7951,"position":3},"title":"2023 Y\u0131l\u0131nda En \u00c7ok Okunan Blog Yaz\u0131lar\u0131m","date":"December 27, 2023","format":false,"excerpt":"Blog yaz\u0131lar\u0131m\u0131 takip edenler bilirler, her senenin sonunda o y\u0131l en \u00e7ok okunan blog yaz\u0131lar\u0131m\u0131 liste haline getirip okuyucular\u0131mla payla\u015f\u0131r\u0131m. 2023 i\u00e7in de farkl\u0131 bir durum yok. Liste haz\u0131r ancak listeden \u00f6nce bu y\u0131l beni mesleki a\u00e7\u0131dan en \u00e7ok heyecanland\u0131ran geli\u015fmeyi payla\u015fmak istiyorum. 2023 y\u0131l\u0131nda beni en \u00e7ok heyecanland\u0131ran geli\u015fme,\u2026","rel":"","context":"In &quot;M\u00fczik End\u00fcstrisi&quot;","img":{"alt_text":"","src":"https:\/\/i0.wp.com\/www.ufukonen.com\/tr\/wp-content\/uploads\/2023_En_Cok_Okunan_00_Header.jpg?resize=350%2C200&ssl=1","width":350,"height":200},"classes":[]},{"id":7428,"url":"https:\/\/www.ufukonen.com\/tr\/davul-perkusyon-midi-teknik.html","url_meta":{"origin":7951,"position":4},"title":"Davul ve Perk\u00fcsyon MIDI Notalar\u0131n\u0131 Yazmak \u0130\u00e7in E\u011flenceli Bir Teknik","date":"June 13, 2022","format":false,"excerpt":"Davul ve perk\u00fcsyon MIDI kanallar\u0131n\u0131 nas\u0131l olu\u015fturuyorsunuz? Notalar\u0131 sequencer i\u00e7ine nas\u0131l kay\u0131t ediyorsunuz? MIDI klavye kullanarak? Elektro davul veya pad kullanarak? Fare ile notalar\u0131 \u00e7izerek? Bunlar\u0131 hepsi y\u0131llardan beri hepimizin kulland\u0131\u011f\u0131 y\u00f6ntemler. Peki masaya ya da bacaklar\u0131n\u0131za vurarak davul \u00e7ald\u0131\u011f\u0131n\u0131z ve bunu MIDI notas\u0131na d\u00f6n\u00fc\u015ft\u00fcrd\u00fc\u011f\u00fcn\u00fcz oldu mu? Ben arada yap\u0131yorum,\u2026","rel":"","context":"In &quot;M\u00fczik Prod\u00fcksiyonu&quot;","img":{"alt_text":"","src":"https:\/\/i0.wp.com\/www.ufukonen.com\/tr\/wp-content\/uploads\/Davul_Perkusyon_MIDI_00_Header.jpg?resize=350%2C200&ssl=1","width":350,"height":200},"classes":[]},{"id":4617,"url":"https:\/\/www.ufukonen.com\/tr\/zero-crossing.html","url_meta":{"origin":7951,"position":5},"title":"Zero Crossing Nedir ve Neden \u00d6nemlidir?","date":"March 18, 2019","format":false,"excerpt":"Bu yaz\u0131mda bir yandan olduk\u00e7a basit, di\u011fer yandan da \u00f6nemli bir noktaya de\u011finmek istiyorum: Zero crossing. Zero Crossing Nedir? DAW ya da herhangi bir audio editor i\u00e7inde ekrandaki ses dalgalar\u0131na g\u00f6r\u00fcnt\u00fcy\u00fc b\u00fcy\u00fcterek bakt\u0131\u011f\u0131n\u0131zda belirli yerlerde orta \u00e7izgi ile kesi\u015ftiklerini g\u00f6receksiniz. Bu kesi\u015fme noktalar\u0131na zero crossing ad\u0131 verilir. G\u00f6rselleri \u00fczerlerine t\u0131klayarak\u2026","rel":"","context":"In &quot;Ses ve M\u00fczik Teknolojileri&quot;","img":{"alt_text":"","src":"https:\/\/i0.wp.com\/www.ufukonen.com\/tr\/wp-content\/uploads\/Zero_Crossing_00_header.jpg?resize=350%2C200&ssl=1","width":350,"height":200},"classes":[]}],"_links":{"self":[{"href":"https:\/\/www.ufukonen.com\/tr\/wp-json\/wp\/v2\/posts\/7951"}],"collection":[{"href":"https:\/\/www.ufukonen.com\/tr\/wp-json\/wp\/v2\/posts"}],"about":[{"href":"https:\/\/www.ufukonen.com\/tr\/wp-json\/wp\/v2\/types\/post"}],"author":[{"embeddable":true,"href":"https:\/\/www.ufukonen.com\/tr\/wp-json\/wp\/v2\/users\/2"}],"replies":[{"embeddable":true,"href":"https:\/\/www.ufukonen.com\/tr\/wp-json\/wp\/v2\/comments?post=7951"}],"version-history":[{"count":5,"href":"https:\/\/www.ufukonen.com\/tr\/wp-json\/wp\/v2\/posts\/7951\/revisions"}],"predecessor-version":[{"id":8551,"href":"https:\/\/www.ufukonen.com\/tr\/wp-json\/wp\/v2\/posts\/7951\/revisions\/8551"}],"wp:featuredmedia":[{"embeddable":true,"href":"https:\/\/www.ufukonen.com\/tr\/wp-json\/wp\/v2\/media\/7956"}],"wp:attachment":[{"href":"https:\/\/www.ufukonen.com\/tr\/wp-json\/wp\/v2\/media?parent=7951"}],"wp:term":[{"taxonomy":"category","embeddable":true,"href":"https:\/\/www.ufukonen.com\/tr\/wp-json\/wp\/v2\/categories?post=7951"},{"taxonomy":"post_tag","embeddable":true,"href":"https:\/\/www.ufukonen.com\/tr\/wp-json\/wp\/v2\/tags?post=7951"}],"curies":[{"name":"wp","href":"https:\/\/api.w.org\/{rel}","templated":true}]}}