{"id":8024,"date":"2023-04-24T09:46:11","date_gmt":"2023-04-24T06:46:11","guid":{"rendered":"https:\/\/www.ufukonen.com\/tr\/?p=8024"},"modified":"2023-06-11T00:41:15","modified_gmt":"2023-06-10T21:41:15","slug":"sounding-off-2023-bilkent","status":"publish","type":"post","link":"https:\/\/www.ufukonen.com\/tr\/sounding-off-2023-bilkent.html","title":{"rendered":"Sounding Off: Gelece\u011fin Ses Getirecek Kad\u0131nlar\u0131 \u0130le Bulu\u015fuyoruz"},"content":{"rendered":"\n<p>Benim i\u00e7in \u00e7ok \u00f6nemli olan bir projeyi hayata ge\u00e7irmenin mutlulu\u011funu ya\u015f\u0131yorum &#x1f60e; Gelece\u011fin ses getirecek kad\u0131nlar\u0131n\u0131 Bilkent \u00dcniversitesi&#8217;nde misafir ediyoruz!  Amerikan B\u00fcy\u00fckel\u00e7ili\u011fi taraf\u0131ndan desteklenen bu projenin detaylar\u0131 ile proje ekibinin ve se\u00e7ilen kat\u0131l\u0131mc\u0131lar\u0131n listesini a\u015fa\u011f\u0131da bulabilirsiniz.<\/p>\n\n\n\n<p>Etkinlik Bilkent COMD YouTube \u00fczerinden canl\u0131 olarak yay\u0131nlanacak ve herkese a\u00e7\u0131k olacak: <a href=\"https:\/\/www.youtube.com\/live\/9D1vULC8a4w?feature=share\" target=\"_blank\" rel=\"noreferrer noopener\">Canl\u0131 yay\u0131n linki i\u00e7in t\u0131klay\u0131n.<\/a><\/p>\n\n\n\n<p>Program\u0131 \u00e7ok yak\u0131nda bu sayfada payla\u015faca\u011f\u0131m. <\/p>\n\n\n\n<div style=\"height:20px\" aria-hidden=\"true\" class=\"wp-block-spacer\"><\/div>\n\n\n\n<h2>Sounding Off 2023: 6-7 May\u0131s Bilkent<\/h2>\n\n\n\n<p><strong>Bilkent \u00dcniversitesi \u0130leti\u015fim ve Tasar\u0131m\u0131 B\u00f6l\u00fcm\u00fc<\/strong>&#8216;n\u00fcn ev sahipli\u011finde ve <strong>Amerika Birle\u015fik Devletleri T\u00fcrkiye B\u00fcy\u00fckel\u00e7ili\u011fi<\/strong> deste\u011fiyle ilk kez hayata ge\u00e7irilen <strong><em>Sounding Off<\/em><\/strong> projesinin etkinli\u011fini 6-7 May\u0131s tarihlerinde Bilkent \u00dcniversitesi&#8217;nde ger\u00e7ekle\u015ftirece\u011fiz.<\/p>\n\n\n\n<blockquote class=\"wp-block-quote\"><p><strong>Sounding Off 2023 projesinin amac\u0131, g\u00f6rsel-i\u015fitsel medya i\u00e7in m\u00fczik ve ses tasar\u0131m\u0131 alan\u0131na ilgi duyan kad\u0131nlara ilham vermek ve rehberlik etmek + bu alanlardaki cinsiyet e\u015fitsizli\u011fi hakk\u0131nda fark\u0131ndal\u0131k yaratmak.<\/strong><\/p><\/blockquote>\n\n\n\n<p>Etkinli\u011fi internet \u00fczerinden herkese a\u00e7\u0131k olacak \u015fekilde canl\u0131 yay\u0131nlayaca\u011f\u0131z.  <\/p>\n\n\n\n<p>Canl\u0131 yay\u0131n\u0131n yan\u0131 s\u0131ra 15 ki\u015fiyi etkinli\u011fe y\u00fcz y\u00fcze kat\u0131l\u0131m i\u00e7in 6-7 May\u0131s tarihlerinde Bilkent \u00dcniversitesi&#8217;nde misafir edece\u011fiz. Bunun i\u00e7in Mart ay\u0131nda bir a\u00e7\u0131k \u00e7a\u011fr\u0131 yay\u0131nlam\u0131\u015ft\u0131k. Projeye ger\u00e7ekten \u00e7ok b\u00fcy\u00fck ilgi oldu. \u00c7ok say\u0131da ba\u015fvuru ald\u0131k. Bu ba\u015fvurular\u0131n \u00e7o\u011fu ger\u00e7ekten \u00e7ok iyiydi. Aralar\u0131ndan 15 ki\u015fiyi se\u00e7mek i\u00e7in bir komite kurduk. Komite uzun upra\u015flar sonucu listeyi olu\u015fturdu. Se\u00e7ilen isimleri a\u015fa\u011f\u0131da payla\u015f\u0131yorum.<\/p>\n\n\n\n<p>Se\u00e7ilen 15 kat\u0131l\u0131mc\u0131, Bilkent \u00dcniversitesi \u0130leti\u015fim ve Tasar\u0131m\u0131 B\u00f6l\u00fcm\u00fc medya st\u00fcdyosunda ger\u00e7ekle\u015fecek iki g\u00fcnl\u00fck etkinlik s\u00fcresince T\u00fcrkiye, ABD, Almanya ve Bulgaristan&#8217;dan alan\u0131nda \u00f6nc\u00fc e\u011fitmen ve end\u00fcstri profesyonellerinin verece\u011fi seminer, konu\u015fma ve at\u00f6lyelere <strong>y\u00fcz y\u00fcze <\/strong>kat\u0131lma f\u0131rsat\u0131 yakalayacaklar.<\/p>\n\n\n\n<p>Kat\u0131l\u0131mc\u0131lar\u0131n ula\u015f\u0131m ve konaklama masraflar\u0131 proje taraf\u0131ndan kar\u015f\u0131lanacak.<\/p>\n\n\n\n<div style=\"height:20px\" aria-hidden=\"true\" class=\"wp-block-spacer\"><\/div>\n\n\n\n<h3>Ekip<\/h3>\n\n\n\n<p>Sounding Off 2023 ekibi (soyad\u0131 alfabetik s\u0131raya g\u00f6re).<\/p>\n\n\n\n<figure class=\"wp-block-image size-large\"><img loading=\"lazy\" width=\"1024\" height=\"267\" src=\"https:\/\/www.ufukonen.com\/tr\/wp-content\/uploads\/Sounding_Off_2023_Team_Sebnem_Adiyaman_1-1024x267.png\" alt=\"\" class=\"wp-image-8016\" srcset=\"https:\/\/www.ufukonen.com\/tr\/wp-content\/uploads\/Sounding_Off_2023_Team_Sebnem_Adiyaman_1-1024x267.png 1024w, https:\/\/www.ufukonen.com\/tr\/wp-content\/uploads\/Sounding_Off_2023_Team_Sebnem_Adiyaman_1-300x78.png 300w, https:\/\/www.ufukonen.com\/tr\/wp-content\/uploads\/Sounding_Off_2023_Team_Sebnem_Adiyaman_1-768x200.png 768w, https:\/\/www.ufukonen.com\/tr\/wp-content\/uploads\/Sounding_Off_2023_Team_Sebnem_Adiyaman_1-1536x400.png 1536w, https:\/\/www.ufukonen.com\/tr\/wp-content\/uploads\/Sounding_Off_2023_Team_Sebnem_Adiyaman_1-1140x297.png 1140w, https:\/\/www.ufukonen.com\/tr\/wp-content\/uploads\/Sounding_Off_2023_Team_Sebnem_Adiyaman_1-552x144.png 552w, https:\/\/www.ufukonen.com\/tr\/wp-content\/uploads\/Sounding_Off_2023_Team_Sebnem_Adiyaman_1.png 1920w\" sizes=\"(max-width: 1024px) 100vw, 1024px\" \/><\/figure>\n\n\n\n<figure class=\"wp-block-image size-large\"><img loading=\"lazy\" width=\"1024\" height=\"267\" src=\"https:\/\/www.ufukonen.com\/tr\/wp-content\/uploads\/Sounding_Off_2023_Team_Esin_Aydingoz_1-1024x267.png\" alt=\"\" class=\"wp-image-8014\" srcset=\"https:\/\/www.ufukonen.com\/tr\/wp-content\/uploads\/Sounding_Off_2023_Team_Esin_Aydingoz_1-1024x267.png 1024w, https:\/\/www.ufukonen.com\/tr\/wp-content\/uploads\/Sounding_Off_2023_Team_Esin_Aydingoz_1-300x78.png 300w, https:\/\/www.ufukonen.com\/tr\/wp-content\/uploads\/Sounding_Off_2023_Team_Esin_Aydingoz_1-768x200.png 768w, https:\/\/www.ufukonen.com\/tr\/wp-content\/uploads\/Sounding_Off_2023_Team_Esin_Aydingoz_1-1536x400.png 1536w, https:\/\/www.ufukonen.com\/tr\/wp-content\/uploads\/Sounding_Off_2023_Team_Esin_Aydingoz_1-1140x297.png 1140w, https:\/\/www.ufukonen.com\/tr\/wp-content\/uploads\/Sounding_Off_2023_Team_Esin_Aydingoz_1-552x144.png 552w, https:\/\/www.ufukonen.com\/tr\/wp-content\/uploads\/Sounding_Off_2023_Team_Esin_Aydingoz_1.png 1920w\" sizes=\"(max-width: 1024px) 100vw, 1024px\" \/><\/figure>\n\n\n\n<figure class=\"wp-block-image size-large\"><a href=\"https:\/\/www.ufukonen.com\/tr\/wp-content\/uploads\/Sounding_Off_2023_Team_John_Krivit_1.png\" target=\"_blank\" rel=\"noopener\"><img loading=\"lazy\" width=\"1024\" height=\"267\" src=\"https:\/\/www.ufukonen.com\/tr\/wp-content\/uploads\/Sounding_Off_2023_Team_John_Krivit_1-1024x267.png\" alt=\"\" class=\"wp-image-7989\" srcset=\"https:\/\/www.ufukonen.com\/tr\/wp-content\/uploads\/Sounding_Off_2023_Team_John_Krivit_1-1024x267.png 1024w, https:\/\/www.ufukonen.com\/tr\/wp-content\/uploads\/Sounding_Off_2023_Team_John_Krivit_1-300x78.png 300w, https:\/\/www.ufukonen.com\/tr\/wp-content\/uploads\/Sounding_Off_2023_Team_John_Krivit_1-768x200.png 768w, https:\/\/www.ufukonen.com\/tr\/wp-content\/uploads\/Sounding_Off_2023_Team_John_Krivit_1-1536x400.png 1536w, https:\/\/www.ufukonen.com\/tr\/wp-content\/uploads\/Sounding_Off_2023_Team_John_Krivit_1-1140x297.png 1140w, https:\/\/www.ufukonen.com\/tr\/wp-content\/uploads\/Sounding_Off_2023_Team_John_Krivit_1-552x144.png 552w, https:\/\/www.ufukonen.com\/tr\/wp-content\/uploads\/Sounding_Off_2023_Team_John_Krivit_1.png 1920w\" sizes=\"(max-width: 1024px) 100vw, 1024px\" \/><\/a><\/figure>\n\n\n\n<figure class=\"wp-block-image size-large\"><img loading=\"lazy\" width=\"1024\" height=\"267\" src=\"https:\/\/www.ufukonen.com\/tr\/wp-content\/uploads\/Sounding_Off_2023_Team_Funda_Lena_1-1024x267.png\" alt=\"\" class=\"wp-image-8012\" srcset=\"https:\/\/www.ufukonen.com\/tr\/wp-content\/uploads\/Sounding_Off_2023_Team_Funda_Lena_1-1024x267.png 1024w, https:\/\/www.ufukonen.com\/tr\/wp-content\/uploads\/Sounding_Off_2023_Team_Funda_Lena_1-300x78.png 300w, https:\/\/www.ufukonen.com\/tr\/wp-content\/uploads\/Sounding_Off_2023_Team_Funda_Lena_1-768x200.png 768w, https:\/\/www.ufukonen.com\/tr\/wp-content\/uploads\/Sounding_Off_2023_Team_Funda_Lena_1-1536x400.png 1536w, https:\/\/www.ufukonen.com\/tr\/wp-content\/uploads\/Sounding_Off_2023_Team_Funda_Lena_1-1140x297.png 1140w, https:\/\/www.ufukonen.com\/tr\/wp-content\/uploads\/Sounding_Off_2023_Team_Funda_Lena_1-552x144.png 552w, https:\/\/www.ufukonen.com\/tr\/wp-content\/uploads\/Sounding_Off_2023_Team_Funda_Lena_1.png 1920w\" sizes=\"(max-width: 1024px) 100vw, 1024px\" \/><\/figure>\n\n\n\n<figure class=\"wp-block-image size-large\"><img loading=\"lazy\" width=\"1024\" height=\"267\" src=\"https:\/\/www.ufukonen.com\/tr\/wp-content\/uploads\/Sounding_Off_2023_Team_Sirma_Munyar_1-1024x267.png\" alt=\"\" class=\"wp-image-8019\" srcset=\"https:\/\/www.ufukonen.com\/tr\/wp-content\/uploads\/Sounding_Off_2023_Team_Sirma_Munyar_1-1024x267.png 1024w, https:\/\/www.ufukonen.com\/tr\/wp-content\/uploads\/Sounding_Off_2023_Team_Sirma_Munyar_1-300x78.png 300w, https:\/\/www.ufukonen.com\/tr\/wp-content\/uploads\/Sounding_Off_2023_Team_Sirma_Munyar_1-768x200.png 768w, https:\/\/www.ufukonen.com\/tr\/wp-content\/uploads\/Sounding_Off_2023_Team_Sirma_Munyar_1-1536x400.png 1536w, https:\/\/www.ufukonen.com\/tr\/wp-content\/uploads\/Sounding_Off_2023_Team_Sirma_Munyar_1-1140x297.png 1140w, https:\/\/www.ufukonen.com\/tr\/wp-content\/uploads\/Sounding_Off_2023_Team_Sirma_Munyar_1-552x144.png 552w, https:\/\/www.ufukonen.com\/tr\/wp-content\/uploads\/Sounding_Off_2023_Team_Sirma_Munyar_1.png 1920w\" sizes=\"(max-width: 1024px) 100vw, 1024px\" \/><\/figure>\n\n\n\n<figure class=\"wp-block-image size-large\"><a href=\"https:\/\/www.ufukonen.com\/tr\/wp-content\/uploads\/Sounding_Off_2023_Team_Ufuk_Onen_1.png\" target=\"_blank\" rel=\"noopener\"><img loading=\"lazy\" width=\"1024\" height=\"267\" src=\"https:\/\/www.ufukonen.com\/tr\/wp-content\/uploads\/Sounding_Off_2023_Team_Ufuk_Onen_1-1024x267.png\" alt=\"\" class=\"wp-image-7991\" srcset=\"https:\/\/www.ufukonen.com\/tr\/wp-content\/uploads\/Sounding_Off_2023_Team_Ufuk_Onen_1-1024x267.png 1024w, https:\/\/www.ufukonen.com\/tr\/wp-content\/uploads\/Sounding_Off_2023_Team_Ufuk_Onen_1-300x78.png 300w, https:\/\/www.ufukonen.com\/tr\/wp-content\/uploads\/Sounding_Off_2023_Team_Ufuk_Onen_1-768x200.png 768w, https:\/\/www.ufukonen.com\/tr\/wp-content\/uploads\/Sounding_Off_2023_Team_Ufuk_Onen_1-1536x400.png 1536w, https:\/\/www.ufukonen.com\/tr\/wp-content\/uploads\/Sounding_Off_2023_Team_Ufuk_Onen_1-1140x297.png 1140w, https:\/\/www.ufukonen.com\/tr\/wp-content\/uploads\/Sounding_Off_2023_Team_Ufuk_Onen_1-552x144.png 552w, https:\/\/www.ufukonen.com\/tr\/wp-content\/uploads\/Sounding_Off_2023_Team_Ufuk_Onen_1.png 1920w\" sizes=\"(max-width: 1024px) 100vw, 1024px\" \/><\/a><\/figure>\n\n\n\n<figure class=\"wp-block-image size-large\"><img loading=\"lazy\" width=\"1024\" height=\"267\" src=\"https:\/\/www.ufukonen.com\/tr\/wp-content\/uploads\/Sounding_Off_2023_Team_Mine_Pakel_1-1024x267.png\" alt=\"\" class=\"wp-image-8002\" srcset=\"https:\/\/www.ufukonen.com\/tr\/wp-content\/uploads\/Sounding_Off_2023_Team_Mine_Pakel_1-1024x267.png 1024w, https:\/\/www.ufukonen.com\/tr\/wp-content\/uploads\/Sounding_Off_2023_Team_Mine_Pakel_1-300x78.png 300w, https:\/\/www.ufukonen.com\/tr\/wp-content\/uploads\/Sounding_Off_2023_Team_Mine_Pakel_1-768x200.png 768w, https:\/\/www.ufukonen.com\/tr\/wp-content\/uploads\/Sounding_Off_2023_Team_Mine_Pakel_1-1536x400.png 1536w, https:\/\/www.ufukonen.com\/tr\/wp-content\/uploads\/Sounding_Off_2023_Team_Mine_Pakel_1-1140x297.png 1140w, https:\/\/www.ufukonen.com\/tr\/wp-content\/uploads\/Sounding_Off_2023_Team_Mine_Pakel_1-552x144.png 552w, https:\/\/www.ufukonen.com\/tr\/wp-content\/uploads\/Sounding_Off_2023_Team_Mine_Pakel_1.png 1920w\" sizes=\"(max-width: 1024px) 100vw, 1024px\" \/><\/figure>\n\n\n\n<figure class=\"wp-block-image size-large\"><a href=\"https:\/\/www.ufukonen.com\/tr\/wp-content\/uploads\/Sounding_Off_2023_Team_Valeria_Popova_.png\" target=\"_blank\" rel=\"noopener\"><img loading=\"lazy\" width=\"1024\" height=\"267\" src=\"https:\/\/www.ufukonen.com\/tr\/wp-content\/uploads\/Sounding_Off_2023_Team_Valeria_Popova_-1024x267.png\" alt=\"\" class=\"wp-image-7992\" srcset=\"https:\/\/www.ufukonen.com\/tr\/wp-content\/uploads\/Sounding_Off_2023_Team_Valeria_Popova_-1024x267.png 1024w, https:\/\/www.ufukonen.com\/tr\/wp-content\/uploads\/Sounding_Off_2023_Team_Valeria_Popova_-300x78.png 300w, https:\/\/www.ufukonen.com\/tr\/wp-content\/uploads\/Sounding_Off_2023_Team_Valeria_Popova_-768x200.png 768w, https:\/\/www.ufukonen.com\/tr\/wp-content\/uploads\/Sounding_Off_2023_Team_Valeria_Popova_-1536x400.png 1536w, https:\/\/www.ufukonen.com\/tr\/wp-content\/uploads\/Sounding_Off_2023_Team_Valeria_Popova_-1140x297.png 1140w, https:\/\/www.ufukonen.com\/tr\/wp-content\/uploads\/Sounding_Off_2023_Team_Valeria_Popova_-552x144.png 552w, https:\/\/www.ufukonen.com\/tr\/wp-content\/uploads\/Sounding_Off_2023_Team_Valeria_Popova_.png 1920w\" sizes=\"(max-width: 1024px) 100vw, 1024px\" \/><\/a><\/figure>\n\n\n\n<figure class=\"wp-block-image size-large\"><img loading=\"lazy\" width=\"1024\" height=\"267\" src=\"https:\/\/www.ufukonen.com\/tr\/wp-content\/uploads\/Sounding_Off_2023_Team_Beril_Sarialtun_1-1024x267.png\" alt=\"\" class=\"wp-image-8017\" srcset=\"https:\/\/www.ufukonen.com\/tr\/wp-content\/uploads\/Sounding_Off_2023_Team_Beril_Sarialtun_1-1024x267.png 1024w, https:\/\/www.ufukonen.com\/tr\/wp-content\/uploads\/Sounding_Off_2023_Team_Beril_Sarialtun_1-300x78.png 300w, https:\/\/www.ufukonen.com\/tr\/wp-content\/uploads\/Sounding_Off_2023_Team_Beril_Sarialtun_1-768x200.png 768w, https:\/\/www.ufukonen.com\/tr\/wp-content\/uploads\/Sounding_Off_2023_Team_Beril_Sarialtun_1-1536x400.png 1536w, https:\/\/www.ufukonen.com\/tr\/wp-content\/uploads\/Sounding_Off_2023_Team_Beril_Sarialtun_1-1140x297.png 1140w, https:\/\/www.ufukonen.com\/tr\/wp-content\/uploads\/Sounding_Off_2023_Team_Beril_Sarialtun_1-552x144.png 552w, https:\/\/www.ufukonen.com\/tr\/wp-content\/uploads\/Sounding_Off_2023_Team_Beril_Sarialtun_1.png 1920w\" sizes=\"(max-width: 1024px) 100vw, 1024px\" \/><\/figure>\n\n\n\n<figure class=\"wp-block-image size-large\"><img loading=\"lazy\" width=\"1024\" height=\"267\" src=\"https:\/\/www.ufukonen.com\/tr\/wp-content\/uploads\/Sounding_Off_2023_Team_Aleyna_Seymen_3-1024x267.png\" alt=\"\" class=\"wp-image-8042\" srcset=\"https:\/\/www.ufukonen.com\/tr\/wp-content\/uploads\/Sounding_Off_2023_Team_Aleyna_Seymen_3-1024x267.png 1024w, https:\/\/www.ufukonen.com\/tr\/wp-content\/uploads\/Sounding_Off_2023_Team_Aleyna_Seymen_3-300x78.png 300w, https:\/\/www.ufukonen.com\/tr\/wp-content\/uploads\/Sounding_Off_2023_Team_Aleyna_Seymen_3-768x200.png 768w, https:\/\/www.ufukonen.com\/tr\/wp-content\/uploads\/Sounding_Off_2023_Team_Aleyna_Seymen_3-1536x400.png 1536w, https:\/\/www.ufukonen.com\/tr\/wp-content\/uploads\/Sounding_Off_2023_Team_Aleyna_Seymen_3-1140x297.png 1140w, https:\/\/www.ufukonen.com\/tr\/wp-content\/uploads\/Sounding_Off_2023_Team_Aleyna_Seymen_3-552x144.png 552w, https:\/\/www.ufukonen.com\/tr\/wp-content\/uploads\/Sounding_Off_2023_Team_Aleyna_Seymen_3.png 1920w\" sizes=\"(max-width: 1024px) 100vw, 1024px\" \/><\/figure>\n\n\n\n<figure class=\"wp-block-image size-large\"><img loading=\"lazy\" width=\"1024\" height=\"267\" src=\"https:\/\/www.ufukonen.com\/tr\/wp-content\/uploads\/Sounding_Off_2023_Team_Banu_Sahin_1-1024x267.png\" alt=\"\" class=\"wp-image-8021\" srcset=\"https:\/\/www.ufukonen.com\/tr\/wp-content\/uploads\/Sounding_Off_2023_Team_Banu_Sahin_1-1024x267.png 1024w, https:\/\/www.ufukonen.com\/tr\/wp-content\/uploads\/Sounding_Off_2023_Team_Banu_Sahin_1-300x78.png 300w, https:\/\/www.ufukonen.com\/tr\/wp-content\/uploads\/Sounding_Off_2023_Team_Banu_Sahin_1-768x200.png 768w, https:\/\/www.ufukonen.com\/tr\/wp-content\/uploads\/Sounding_Off_2023_Team_Banu_Sahin_1-1536x400.png 1536w, https:\/\/www.ufukonen.com\/tr\/wp-content\/uploads\/Sounding_Off_2023_Team_Banu_Sahin_1-1140x297.png 1140w, https:\/\/www.ufukonen.com\/tr\/wp-content\/uploads\/Sounding_Off_2023_Team_Banu_Sahin_1-552x144.png 552w, https:\/\/www.ufukonen.com\/tr\/wp-content\/uploads\/Sounding_Off_2023_Team_Banu_Sahin_1.png 1920w\" sizes=\"(max-width: 1024px) 100vw, 1024px\" \/><\/figure>\n\n\n\n<figure class=\"wp-block-image size-large\"><a href=\"https:\/\/www.ufukonen.com\/tr\/wp-content\/uploads\/Sounding_Off_2023_Team_Andreas_Treske_1.png\" target=\"_blank\" rel=\"noopener\"><img loading=\"lazy\" width=\"1024\" height=\"267\" src=\"https:\/\/www.ufukonen.com\/tr\/wp-content\/uploads\/Sounding_Off_2023_Team_Andreas_Treske_1-1024x267.png\" alt=\"\" class=\"wp-image-7994\" srcset=\"https:\/\/www.ufukonen.com\/tr\/wp-content\/uploads\/Sounding_Off_2023_Team_Andreas_Treske_1-1024x267.png 1024w, https:\/\/www.ufukonen.com\/tr\/wp-content\/uploads\/Sounding_Off_2023_Team_Andreas_Treske_1-300x78.png 300w, https:\/\/www.ufukonen.com\/tr\/wp-content\/uploads\/Sounding_Off_2023_Team_Andreas_Treske_1-768x200.png 768w, https:\/\/www.ufukonen.com\/tr\/wp-content\/uploads\/Sounding_Off_2023_Team_Andreas_Treske_1-1536x400.png 1536w, https:\/\/www.ufukonen.com\/tr\/wp-content\/uploads\/Sounding_Off_2023_Team_Andreas_Treske_1-1140x297.png 1140w, https:\/\/www.ufukonen.com\/tr\/wp-content\/uploads\/Sounding_Off_2023_Team_Andreas_Treske_1-552x144.png 552w, https:\/\/www.ufukonen.com\/tr\/wp-content\/uploads\/Sounding_Off_2023_Team_Andreas_Treske_1.png 1920w\" sizes=\"(max-width: 1024px) 100vw, 1024px\" \/><\/a><\/figure>\n\n\n\n<figure class=\"wp-block-image size-large\"><img loading=\"lazy\" width=\"1024\" height=\"267\" src=\"https:\/\/www.ufukonen.com\/tr\/wp-content\/uploads\/Sounding_Off_2023_Team_Rebekah_Wilson_1-1024x267.png\" alt=\"\" class=\"wp-image-8010\" srcset=\"https:\/\/www.ufukonen.com\/tr\/wp-content\/uploads\/Sounding_Off_2023_Team_Rebekah_Wilson_1-1024x267.png 1024w, https:\/\/www.ufukonen.com\/tr\/wp-content\/uploads\/Sounding_Off_2023_Team_Rebekah_Wilson_1-300x78.png 300w, https:\/\/www.ufukonen.com\/tr\/wp-content\/uploads\/Sounding_Off_2023_Team_Rebekah_Wilson_1-768x200.png 768w, https:\/\/www.ufukonen.com\/tr\/wp-content\/uploads\/Sounding_Off_2023_Team_Rebekah_Wilson_1-1536x400.png 1536w, https:\/\/www.ufukonen.com\/tr\/wp-content\/uploads\/Sounding_Off_2023_Team_Rebekah_Wilson_1-1140x297.png 1140w, https:\/\/www.ufukonen.com\/tr\/wp-content\/uploads\/Sounding_Off_2023_Team_Rebekah_Wilson_1-552x144.png 552w, https:\/\/www.ufukonen.com\/tr\/wp-content\/uploads\/Sounding_Off_2023_Team_Rebekah_Wilson_1.png 1920w\" sizes=\"(max-width: 1024px) 100vw, 1024px\" \/><\/figure>\n\n\n\n<figure class=\"wp-block-image size-large\"><a href=\"https:\/\/www.ufukonen.com\/tr\/wp-content\/uploads\/Sounding_Off_2023_Team_Asli_Yalcin_1.png\" target=\"_blank\" rel=\"noopener\"><img loading=\"lazy\" width=\"1024\" height=\"267\" src=\"https:\/\/www.ufukonen.com\/tr\/wp-content\/uploads\/Sounding_Off_2023_Team_Asli_Yalcin_1-1024x267.png\" alt=\"\" class=\"wp-image-7995\" srcset=\"https:\/\/www.ufukonen.com\/tr\/wp-content\/uploads\/Sounding_Off_2023_Team_Asli_Yalcin_1-1024x267.png 1024w, https:\/\/www.ufukonen.com\/tr\/wp-content\/uploads\/Sounding_Off_2023_Team_Asli_Yalcin_1-300x78.png 300w, https:\/\/www.ufukonen.com\/tr\/wp-content\/uploads\/Sounding_Off_2023_Team_Asli_Yalcin_1-768x200.png 768w, https:\/\/www.ufukonen.com\/tr\/wp-content\/uploads\/Sounding_Off_2023_Team_Asli_Yalcin_1-1536x400.png 1536w, https:\/\/www.ufukonen.com\/tr\/wp-content\/uploads\/Sounding_Off_2023_Team_Asli_Yalcin_1-1140x297.png 1140w, https:\/\/www.ufukonen.com\/tr\/wp-content\/uploads\/Sounding_Off_2023_Team_Asli_Yalcin_1-552x144.png 552w, https:\/\/www.ufukonen.com\/tr\/wp-content\/uploads\/Sounding_Off_2023_Team_Asli_Yalcin_1.png 1920w\" sizes=\"(max-width: 1024px) 100vw, 1024px\" \/><\/a><\/figure>\n\n\n\n<figure class=\"wp-block-image size-large\"><a href=\"https:\/\/www.ufukonen.com\/tr\/wp-content\/uploads\/Sounding_Off_2023_Team_Ayda_Su_Zimmermann.png\" target=\"_blank\" rel=\"noopener\"><img loading=\"lazy\" width=\"1024\" height=\"267\" src=\"https:\/\/www.ufukonen.com\/tr\/wp-content\/uploads\/Sounding_Off_2023_Team_Ayda_Su_Zimmermann-1024x267.png\" alt=\"\" class=\"wp-image-7998\" srcset=\"https:\/\/www.ufukonen.com\/tr\/wp-content\/uploads\/Sounding_Off_2023_Team_Ayda_Su_Zimmermann-1024x267.png 1024w, https:\/\/www.ufukonen.com\/tr\/wp-content\/uploads\/Sounding_Off_2023_Team_Ayda_Su_Zimmermann-300x78.png 300w, https:\/\/www.ufukonen.com\/tr\/wp-content\/uploads\/Sounding_Off_2023_Team_Ayda_Su_Zimmermann-768x200.png 768w, https:\/\/www.ufukonen.com\/tr\/wp-content\/uploads\/Sounding_Off_2023_Team_Ayda_Su_Zimmermann-1536x400.png 1536w, https:\/\/www.ufukonen.com\/tr\/wp-content\/uploads\/Sounding_Off_2023_Team_Ayda_Su_Zimmermann-1140x297.png 1140w, https:\/\/www.ufukonen.com\/tr\/wp-content\/uploads\/Sounding_Off_2023_Team_Ayda_Su_Zimmermann-552x144.png 552w, https:\/\/www.ufukonen.com\/tr\/wp-content\/uploads\/Sounding_Off_2023_Team_Ayda_Su_Zimmermann.png 1920w\" sizes=\"(max-width: 1024px) 100vw, 1024px\" \/><\/a><\/figure>\n\n\n\n<div style=\"height:20px\" aria-hidden=\"true\" class=\"wp-block-spacer\"><\/div>\n\n\n\n<h3>Ama\u00e7lar<\/h3>\n\n\n\n<p>Film ve televizyon i\u00e7in ses ve m\u00fczik, streaming platformlar\u0131n\u0131n yayg\u0131nla\u015fmas\u0131yla birlikte, T\u00fcrkiye ve d\u00fcnyada h\u0131zla geli\u015fen bir alan. Kurgu, film, belgesel, dizi, animasyon dahil her t\u00fcr g\u00f6rsel medya yap\u0131m\u0131, post-prod\u00fcksiyon a\u015famas\u0131nda yeni nesil ses uzmanlar\u0131na ve bestecilere ihtiya\u00e7 duyuyor.<\/p>\n\n\n\n<p>\u00d6te yandan bu geli\u015fimin, alandaki cinsiyet e\u015fitli\u011fine yans\u0131mad\u0131\u011f\u0131 bir ger\u00e7ek. Audio Engineering Society ve Women\u2019s Audio Mission gibi kurumlar\u0131n verilerine g\u00f6re, ses ve m\u00fczik end\u00fcstrisindeki kad\u0131nlar\u0131n oran\u0131 2000\u2019lerin ba\u015f\u0131ndan beri a\u015fa\u011f\u0131 yukar\u0131 %5\u2019i a\u015fm\u0131yor. Post-prod\u00fcksiyon alan\u0131 \u00f6zelinde bu oran\u0131n daha da az oldu\u011funu ise yaln\u0131zca tahmin edebiliriz.<\/p>\n\n\n\n<p>Sounding Off program\u0131, gelece\u011fin kad\u0131n ses tasar\u0131mc\u0131lar\u0131, ses m\u00fchendisleri ve film m\u00fczi\u011fi bestecilerine end\u00fcstrinin i\u015fleyi\u015fi hakk\u0131nda bilgi vermeyi, mesleki ilerlemelerine katk\u0131 sa\u011flamay\u0131 ama\u00e7l\u0131yor.<\/p>\n\n\n\n<p>Program boyunca kat\u0131l\u0131mc\u0131lar;<\/p>\n\n\n\n<ul><li>Ses-g\u00f6r\u00fcnt\u00fc ili\u015fkisi ve g\u00f6rsel medyada ses kullan\u0131m\u0131 alan\u0131nda temel bilgiler edinecek,<\/li><li>Ses prod\u00fcksiyonu ve post prod\u00fcksiyon i\u015f ak\u0131\u015f\u0131na dair fikir sahibi olacak,<\/li><li>G\u00f6rsel medyaya y\u00f6nelik ses ve m\u00fczik alan\u0131nda kariyer se\u00e7eneklerini \u00f6\u011frenecek,<\/li><li>T\u00fcrkiye ve ABD\u2019deki e\u011fitim programlar\u0131, geli\u015fim f\u0131rsatlar\u0131n\u0131 tan\u0131yacak,<\/li><li>Bu alana ad\u0131m atmas\u0131na destek olabilecek profesyonel ba\u011flant\u0131lar kuracaklar.<\/li><\/ul>\n\n\n\n<div style=\"height:20px\" aria-hidden=\"true\" class=\"wp-block-spacer\"><\/div>\n\n\n\n<h3>Se\u00e7ilen Kat\u0131l\u0131mc\u0131lar<\/h3>\n\n\n\n<p>Sounding Off 2023 Bilkent se\u00e7im komitesi taraf\u0131ndan olu\u015fturulan listeyi a\u015fa\u011f\u0131ya kopyal\u0131yorum. <\/p>\n\n\n\n<p><span style=\"color:#dc143c\" class=\"has-inline-color\">[Son g\u00fcncelleme: 3 May\u0131s 2023 15:44]<\/span><\/p>\n\n\n\n<ol><li>\u0130rem \u00c7\u00f6mlek\u00e7i<\/li><li>Tu\u011fba Topcan<\/li><li>Sima Cihangir<\/li><li>Ekin Ilg\u0131n Demirhan<\/li><li>Gizem Ayd\u0131n<\/li><li>Deniz Berbero\u011flu<\/li><li>\u0130pek An\u0131lan<\/li><li>Nida \u00c7avdar<\/li><li>Aybike \u00d6zs\u00f6yke<\/li><li>Ekin \u00dczelt\u00fczenci<\/li><li>Berna Lara Kasar<\/li><li>\u0130layda Hatipo\u011flu<\/li><li>Ya\u011fmur Sel\u00e7uk<\/li><li>Se\u00e7il Metin<\/li><li>Buse Nur Akdo\u011fan<\/li><\/ol>\n\n\n\n<div style=\"height:20px\" aria-hidden=\"true\" class=\"wp-block-spacer\"><\/div>\n\n\n\n<h3>A\u00e7\u0131klama<\/h3>\n\n\n\n<p>Bu program, Amerika Birle\u015fik Devletleri T\u00fcrkiye B\u00fcy\u00fckel\u00e7ili\u011fi taraf\u0131ndan verilen hibe ile finanse edilmi\u015ftir. Burada belirtilen g\u00f6r\u00fc\u015fler, bulgular ve sonu\u00e7lar yazarlara aittir ve Amerika Birle\u015fik Devletleri T\u00fcrkiye B\u00fcy\u00fckel\u00e7ili\u011fi g\u00f6r\u00fc\u015flerini yans\u0131tmaz.<\/p>\n\n\n\n<div style=\"height:20px\" aria-hidden=\"true\" class=\"wp-block-spacer\"><\/div>\n\n\n\n<h3>Ba\u011flant\u0131lar<\/h3>\n\n\n\n<ul><li>Bilkent \u00dcniversitesi: <a rel=\"noreferrer noopener\" href=\"https:\/\/www.bilkent.edu.tr\" target=\"_blank\">Web<\/a> \u2022 <a rel=\"noreferrer noopener\" href=\"https:\/\/www.instagram.com\/bilkentuniv\/\" target=\"_blank\">Instagram<\/a><\/li><li>Bilkent \u00dc. \u0130leti\u015fim ve Tasar\u0131m\u0131 B\u00f6l\u00fcm\u00fc (COMD): <a rel=\"noreferrer noopener\" href=\"https:\/\/comd.bilkent.edu.tr\" target=\"_blank\">Web<\/a> \u2022 <a rel=\"noreferrer noopener\" href=\"https:\/\/www.instagram.com\/bilkent_comd\/\" target=\"_blank\">Instagram<\/a><\/li><li>ABD T\u00fcrkiye B\u00fcy\u00fckel\u00e7ili\u011fi: <a rel=\"noreferrer noopener\" href=\"https:\/\/tr.usembassy.gov\/tr\/\" target=\"_blank\">Web<\/a> \u2022 <a rel=\"noreferrer noopener\" href=\"https:\/\/www.instagram.com\/abdbuyukelciligi\/\" target=\"_blank\">Instagram<\/a> <\/li><\/ul>\n\n\n\n<div style=\"height:100px\" aria-hidden=\"true\" class=\"wp-block-spacer\"><\/div>\n\n\n\n<figure class=\"wp-block-image size-large\"><a href=\"https:\/\/www.ufukonen.com\/tr\/ufuk-onen-ses-muzik-teknolojisi-miks-kitaplar.html\" target=\"_blank\" rel=\"noopener\"><img loading=\"lazy\" width=\"1024\" height=\"576\" src=\"https:\/\/www.ufukonen.com\/tr\/wp-content\/uploads\/UfukOnen_Books_Promo_2020_1280x720_-1024x576.jpg\" alt=\"\" class=\"wp-image-5735\" srcset=\"https:\/\/www.ufukonen.com\/tr\/wp-content\/uploads\/UfukOnen_Books_Promo_2020_1280x720_-1024x576.jpg 1024w, https:\/\/www.ufukonen.com\/tr\/wp-content\/uploads\/UfukOnen_Books_Promo_2020_1280x720_-300x169.jpg 300w, https:\/\/www.ufukonen.com\/tr\/wp-content\/uploads\/UfukOnen_Books_Promo_2020_1280x720_-768x432.jpg 768w, https:\/\/www.ufukonen.com\/tr\/wp-content\/uploads\/UfukOnen_Books_Promo_2020_1280x720_.jpg 1280w\" sizes=\"(max-width: 1024px) 100vw, 1024px\" \/><\/a><figcaption><em><a href=\"https:\/\/www.ufukonen.com\/tr\/ufuk-onen-ses-muzik-teknolojisi-miks-kitaplar.html\" data-type=\"post\" data-id=\"5725\" target=\"_blank\" rel=\"noreferrer noopener\">Ufuk \u00d6nen\u2019in ses ve m\u00fczik teknolojileri, m\u00fczik prod\u00fcksiyonu, m\u00fczik miksi ve synthesizer \u00fczerine yazm\u0131\u015f oldu\u011fu kitaplar\u0131n tan\u0131t\u0131m metinleri ve online sat\u0131\u015f linkleri i\u00e7in t\u0131klay\u0131n.<\/a><\/em><\/figcaption><\/figure>\n","protected":false},"excerpt":{"rendered":"<p class=\"post-excerpt\">Benim i\u00e7in \u00e7ok \u00f6nemli olan bir projeyi hayata ge\u00e7irmenin mutlulu\u011funu ya\u015f\u0131yorum &#x1f60e; Gelece\u011fin ses getirecek kad\u0131nlar\u0131n\u0131 Bilkent \u00dcniversitesi&#8217;nde misafir ediyoruz!&#8230;<\/p>\n","protected":false},"author":2,"featured_media":8044,"comment_status":"closed","ping_status":"open","sticky":false,"template":"","format":"standard","meta":{"_mi_skip_tracking":false,"spay_email":"","jetpack_publicize_message":"","jetpack_is_tweetstorm":false,"jetpack_publicize_feature_enabled":true},"categories":[4,21,19,18],"tags":[],"jetpack_featured_media_url":"https:\/\/www.ufukonen.com\/tr\/wp-content\/uploads\/Sounding_Off_2023_00_Header_2.jpg","jetpack_publicize_connections":[],"jetpack_shortlink":"https:\/\/wp.me\/p3rjsG-25q","jetpack_sharing_enabled":true,"jetpack-related-posts":[{"id":8096,"url":"https:\/\/www.ufukonen.com\/tr\/sounding-off-2023-bilkent_.html","url_meta":{"origin":8024,"position":0},"title":"Sounding Off 2023: Gelece\u011fin Ses Getirecek Kad\u0131nlar\u0131 \u0130le Bulu\u015ftuk","date":"June 8, 2023","format":false,"excerpt":"Benim i\u00e7in \u00e7ok \u00f6nemli olan bir projeyi hayata ge\u00e7irmenin mutlulu\u011funu ya\u015f\u0131yorum: Sounding Off: The Next Generation of Women in Sound \ud83d\ude0e https:\/\/youtu.be\/KewMIfioGOw Film ve televizyon i\u00e7in ses ve m\u00fczik, streaming platformlar\u0131n\u0131n yayg\u0131nla\u015fmas\u0131yla birlikte T\u00fcrkiye ve d\u00fcnyada h\u0131zla geli\u015fen bir alan. Kurgu, film, belgesel, dizi, animasyon dahil her t\u00fcr g\u00f6rsel medya\u2026","rel":"","context":"In &quot;Ders &amp; Workshop&quot;","img":{"alt_text":"","src":"https:\/\/i0.wp.com\/www.ufukonen.com\/tr\/wp-content\/uploads\/Sounding_Off_2023_00_Header_2.jpg?resize=350%2C200&ssl=1","width":350,"height":200},"classes":[]},{"id":7982,"url":"https:\/\/www.ufukonen.com\/tr\/sounding-off-2023.html","url_meta":{"origin":8024,"position":1},"title":"Gelece\u011fin Ses Getirecek Kad\u0131nlar\u0131n\u0131 Ar\u0131yoruz","date":"March 13, 2023","format":false,"excerpt":"Benim i\u00e7in \u00e7ok \u00f6nemli olan bir projeyi hayata ge\u00e7irmenin mutlulu\u011funu ya\u015f\u0131yorum \ud83d\ude0e Gelece\u011fin ses getirecek kad\u0131nlar\u0131n\u0131 Bilkent \u00dcniversitesi'nde misafir ediyoruz! Amerikan B\u00fcy\u00fckel\u00e7ili\u011fi taraf\u0131ndan desteklenen bu projenin detaylar\u0131n\u0131, a\u00e7\u0131k \u00e7a\u011fr\u0131s\u0131n\u0131 ve ba\u015fvuru formunu a\u015fa\u011f\u0131da bulabilirsiniz. Son ba\u015fvuru tarihi: 27 Mart 2023 E\u011fitimcilerin tam listesini ve detayl\u0131 program\u0131 \u00e7ok yak\u0131nda bu sayfada\u2026","rel":"","context":"In &quot;Konferans&quot;","img":{"alt_text":"","src":"https:\/\/i0.wp.com\/www.ufukonen.com\/tr\/wp-content\/uploads\/Sounding_Off_2023_00_Header.jpg?resize=350%2C200&ssl=1","width":350,"height":200},"classes":[]},{"id":8151,"url":"https:\/\/www.ufukonen.com\/tr\/dolby-atmos-bilkent-apple-music-uzamsal-ses-2023.html","url_meta":{"origin":8024,"position":2},"title":"Dolby Atmos St\u00fcdyomuzda Misafirlerimizi A\u011f\u0131rlad\u0131k, Apple Music \u00dczerinden Uzamsal Sesi Deneyimledik","date":"November 27, 2023","format":false,"excerpt":"Bilkent \u00dcniversitesi'nde yeni kurdu\u011fumuz 7.1.4 Dolby Atmos st\u00fcdyomuzda misafirlerimizi a\u011f\u0131rlad\u0131k. 17-18 Kas\u0131m tarihlerinde iki g\u00fcnde d\u00f6rt seans olarak ger\u00e7ekle\u015ftirdi\u011fimiz etkinlikte kat\u0131l\u0131mc\u0131lar Dolby standartlar\u0131na g\u00f6re tasarlanm\u0131\u015f \u00e7ok hoparl\u00f6rl\u00fc bir st\u00fcdyoda Apple Music \u00fczerinden uzamsal sesi ger\u00e7ek anlamda deneyimledi. Ekim ay\u0131nda faaliyete ge\u00e7en st\u00fcdyomuzda Apple Mac Studio bilgisayar, Pro Tools Ultimate yaz\u0131l\u0131m,\u2026","rel":"","context":"In &quot;Ders &amp; Workshop&quot;","img":{"alt_text":"","src":"https:\/\/i0.wp.com\/www.ufukonen.com\/tr\/wp-content\/uploads\/Dolby_Atmos_Bilkent_Apple_Music_00_Header.jpg?resize=350%2C200&ssl=1","width":350,"height":200},"classes":[]},{"id":164,"url":"https:\/\/www.ufukonen.com\/tr\/atmm-2012-muzik-ve-medya-icin-ses-teknolojileri-konferansi.html","url_meta":{"origin":8024,"position":3},"title":"&#8220;ATMM 2012: M\u00fczik ve Medya i\u00e7in Ses Teknolojileri Konferans\u0131&#8221;","date":"June 17, 2012","format":false,"excerpt":"1-2 Kas\u0131m 2012 tarihlerinde Ankara, Bilkent \u00dcniversitesi'nde, \u0130leti\u015fim ve Tasar\u0131m B\u00f6l\u00fcm\u00fc'n\u00fcn (COMD) ev sahipli\u011finde ger\u00e7ekle\u015ftirilen Audio Technologies for Music and Media (ATMM) konferans\u0131 ile ilgili olarak yazd\u0131\u011f\u0131m ve Sound dergisinin 2012 May\u0131s say\u0131s\u0131nda yay\u0131nlanan\u00a0\"ATMM 2012: M\u00fczik ve Medya i\u00e7in Ses Teknolojileri Konferans\u0131\" ba\u015fl\u0131kl\u0131 yaz\u0131m... \u00a0 ATMM 2012: M\u00fczik ve Medya\u2026","rel":"","context":"In &quot;ATMM&quot;","img":{"alt_text":"","src":"https:\/\/i0.wp.com\/www.ufukonen.com\/tr\/wp-content\/uploads\/ATMM-AD_20121015.jpg?resize=350%2C200&ssl=1","width":350,"height":200},"classes":[]},{"id":290,"url":"https:\/\/www.ufukonen.com\/tr\/atmm-2012nin-ardindan.html","url_meta":{"origin":8024,"position":4},"title":"ATMM 2012&#8217;nin Ard\u0131ndan&#8230;","date":"January 11, 2013","format":false,"excerpt":"ATMM (Audio Technologies for Music and Media - M\u00fczik ve Medya i\u00e7in Ses Teknolojileri) konferans\u0131n\u0131n birincisi 1-2 Kas\u0131m 2012 tarihlerinde G\u00fczel Sanatlar, Tasar\u0131m ve Mimarl\u0131k Fak\u00fcltesi, \u0130leti\u015fim ve Tasar\u0131m B\u00f6l\u00fcm\u00fc'n\u00fcn ev sahipli\u011finde, Bilkent \u00dcniversitesi'nde ger\u00e7ekle\u015fti. Konferans fikrini ortaya ilk att\u0131\u011f\u0131m\u0131zda bunu tek seferlik de\u011fil, her sene tekrar edecek bir organizasyon\u2026","rel":"","context":"In &quot;ATMM&quot;","img":{"alt_text":"","src":"https:\/\/i0.wp.com\/www.ufukonen.com\/tr\/wp-content\/uploads\/ATMM_Closing-2.jpg?resize=350%2C200&ssl=1","width":350,"height":200},"classes":[]},{"id":880,"url":"https:\/\/www.ufukonen.com\/tr\/atmm-2013-bilkent-ankara-31-ekim-1-kasim.html","url_meta":{"origin":8024,"position":5},"title":"ATMM 2013, Bilkent, Ankara (31 Ekim &#8211; 1 Kas\u0131m)","date":"November 3, 2013","format":false,"excerpt":"ATMM (Audio Technologies for Music and Media - M\u00fczik ve Medya i\u00e7in Ses Teknolojileri), ses ve m\u00fczik teknolojileri ile g\u00f6rsel-i\u015fitsel ara\u00e7lar\u0131n farkl\u0131 y\u00f6nlerine odaklanan, ses, m\u00fczik, g\u00f6r\u00fcnt\u00fc ve insan etkile\u015fimi gibi konular\u0131n birbirleri ile olan etkile\u015fimlerini hem 'geleneksel' hem de 'yeni' medya a\u00e7\u0131s\u0131ndan inceleyen disiplinleraras\u0131 ve uluslararas\u0131 bir konferanst\u0131r. ATMM\u2026","rel":"","context":"In &quot;ATMM&quot;","img":{"alt_text":"ATMM 2013 - Audio Technologies for Music and Media International Conference - Ufuk \u00d6nen","src":"https:\/\/i0.wp.com\/www.ufukonen.com\/tr\/wp-content\/uploads\/ATMM_2013_Poster_131012_s.jpg?resize=350%2C200&ssl=1","width":350,"height":200},"classes":[]}],"_links":{"self":[{"href":"https:\/\/www.ufukonen.com\/tr\/wp-json\/wp\/v2\/posts\/8024"}],"collection":[{"href":"https:\/\/www.ufukonen.com\/tr\/wp-json\/wp\/v2\/posts"}],"about":[{"href":"https:\/\/www.ufukonen.com\/tr\/wp-json\/wp\/v2\/types\/post"}],"author":[{"embeddable":true,"href":"https:\/\/www.ufukonen.com\/tr\/wp-json\/wp\/v2\/users\/2"}],"replies":[{"embeddable":true,"href":"https:\/\/www.ufukonen.com\/tr\/wp-json\/wp\/v2\/comments?post=8024"}],"version-history":[{"count":42,"href":"https:\/\/www.ufukonen.com\/tr\/wp-json\/wp\/v2\/posts\/8024\/revisions"}],"predecessor-version":[{"id":8077,"href":"https:\/\/www.ufukonen.com\/tr\/wp-json\/wp\/v2\/posts\/8024\/revisions\/8077"}],"wp:featuredmedia":[{"embeddable":true,"href":"https:\/\/www.ufukonen.com\/tr\/wp-json\/wp\/v2\/media\/8044"}],"wp:attachment":[{"href":"https:\/\/www.ufukonen.com\/tr\/wp-json\/wp\/v2\/media?parent=8024"}],"wp:term":[{"taxonomy":"category","embeddable":true,"href":"https:\/\/www.ufukonen.com\/tr\/wp-json\/wp\/v2\/categories?post=8024"},{"taxonomy":"post_tag","embeddable":true,"href":"https:\/\/www.ufukonen.com\/tr\/wp-json\/wp\/v2\/tags?post=8024"}],"curies":[{"name":"wp","href":"https:\/\/api.w.org\/{rel}","templated":true}]}}