{"id":8096,"date":"2023-06-08T09:44:15","date_gmt":"2023-06-08T06:44:15","guid":{"rendered":"https:\/\/www.ufukonen.com\/tr\/?p=8096"},"modified":"2024-11-18T11:34:10","modified_gmt":"2024-11-18T08:34:10","slug":"sounding-off-2023-bilkent_","status":"publish","type":"post","link":"https:\/\/www.ufukonen.com\/tr\/sounding-off-2023-bilkent_.html","title":{"rendered":"Sounding Off 2023: Gelece\u011fin Ses Getirecek Kad\u0131nlar\u0131 \u0130le Bulu\u015ftuk"},"content":{"rendered":"\n<p>Benim i\u00e7in \u00e7ok \u00f6nemli olan bir projeyi hayata ge\u00e7irmenin mutlulu\u011funu ya\u015f\u0131yorum: <strong><span class=\"has-inline-color has-accent-color\">Sounding Off: The Next Generation of Women in Sound<\/span><\/strong> &#x1f60e; <\/p>\n\n\n\n<figure class=\"wp-block-embed is-type-video is-provider-youtube wp-block-embed-youtube wp-embed-aspect-16-9 wp-has-aspect-ratio\"><div class=\"wp-block-embed__wrapper\">\n<span class=\"embed-youtube\" style=\"text-align:center; display: block;\"><iframe loading=\"lazy\" class=\"youtube-player\" width=\"700\" height=\"394\" src=\"https:\/\/www.youtube.com\/embed\/KewMIfioGOw?version=3&#038;rel=1&#038;showsearch=0&#038;showinfo=1&#038;iv_load_policy=1&#038;fs=1&#038;hl=en-US&#038;autohide=2&#038;wmode=transparent\" allowfullscreen=\"true\" style=\"border:0;\" sandbox=\"allow-scripts allow-same-origin allow-popups allow-presentation\"><\/iframe><\/span>\n<\/div><\/figure>\n\n\n\n<p>Film ve televizyon i\u00e7in ses ve m\u00fczik, streaming platformlar\u0131n\u0131n yayg\u0131nla\u015fmas\u0131yla birlikte T\u00fcrkiye ve d\u00fcnyada h\u0131zla geli\u015fen bir alan. Kurgu, film, belgesel, dizi, animasyon dahil her t\u00fcr g\u00f6rsel medya yap\u0131m\u0131, post-prod\u00fcksiyon a\u015famas\u0131nda yeni nesil ses uzmanlar\u0131na ve bestecilere ihtiya\u00e7 duyuyor.<\/p>\n\n\n\n<p>\u00d6te yandan bu geli\u015fimin, alandaki cinsiyet e\u015fitli\u011fine yans\u0131mad\u0131\u011f\u0131 bir ger\u00e7ek. Audio Engineering Society ve Women\u2019s Audio Mission gibi kurumlar\u0131n verilerine g\u00f6re, ses ve m\u00fczik end\u00fcstrisindeki kad\u0131nlar\u0131n oran\u0131 2000\u2019lerin ba\u015f\u0131ndan beri a\u015fa\u011f\u0131 yukar\u0131 %5\u2019i a\u015fm\u0131yor. Post-prod\u00fcksiyon alan\u0131 \u00f6zelinde ise bu oran\u0131n daha da az oldu\u011funu tahmin ediliyor. D\u00fcnya genelindeki bu tablo, T\u00fcrkiye i\u00e7in de hi\u00e7 farkl\u0131 de\u011fil.<\/p>\n\n\n\n<blockquote class=\"wp-block-quote\"><p><strong>Sounding Off, g\u00f6rsel-i\u015fitsel medya i\u00e7in m\u00fczik ve ses tasar\u0131m\u0131 alan\u0131na ilgi duyan kad\u0131nlara ilham vermeyi, mesleki ilerlemelerine katk\u0131 sa\u011flamay\u0131 ve networking imkanlar\u0131 sunmay\u0131 ama\u00e7layan bir proje.<\/strong><\/p><\/blockquote>\n\n\n\n<figure class=\"wp-block-image size-large\"><img loading=\"lazy\" width=\"1024\" height=\"576\" src=\"https:\/\/www.ufukonen.com\/tr\/wp-content\/uploads\/Sounding_Off_2023-May_Bilkent_01-1024x576.jpg\" alt=\"\" class=\"wp-image-8108\" srcset=\"https:\/\/www.ufukonen.com\/tr\/wp-content\/uploads\/Sounding_Off_2023-May_Bilkent_01-1024x576.jpg 1024w, https:\/\/www.ufukonen.com\/tr\/wp-content\/uploads\/Sounding_Off_2023-May_Bilkent_01-300x169.jpg 300w, https:\/\/www.ufukonen.com\/tr\/wp-content\/uploads\/Sounding_Off_2023-May_Bilkent_01-768x432.jpg 768w, https:\/\/www.ufukonen.com\/tr\/wp-content\/uploads\/Sounding_Off_2023-May_Bilkent_01-1536x864.jpg 1536w, https:\/\/www.ufukonen.com\/tr\/wp-content\/uploads\/Sounding_Off_2023-May_Bilkent_01-1140x641.jpg 1140w, https:\/\/www.ufukonen.com\/tr\/wp-content\/uploads\/Sounding_Off_2023-May_Bilkent_01-552x311.jpg 552w, https:\/\/www.ufukonen.com\/tr\/wp-content\/uploads\/Sounding_Off_2023-May_Bilkent_01.jpg 1920w\" sizes=\"(max-width: 1024px) 100vw, 1024px\" \/><\/figure>\n\n\n\n<p>Souding Off, ilk etkinli\u011fini <a href=\"https:\/\/comd.bilkent.edu.tr\" target=\"_blank\" rel=\"noreferrer noopener\">Bilkent \u00dcniversitesi \u0130leti\u015fim ve Tasar\u0131m\u0131 B\u00f6l\u00fcm\u00fc<\/a>&#8216;n\u00fcn ev sahipli\u011finde ve <a href=\"https:\/\/tr.usembassy.gov\/embassy-consulates\/ankara\/\" target=\"_blank\" rel=\"noreferrer noopener\">Amerikan B\u00fcy\u00fckel\u00e7ili\u011fi<\/a>&#8216;nin deste\u011fi ile ger\u00e7ekle\u015ftirdi. Gelece\u011fin ses getirecek kad\u0131nlar\u0131 6-7 May\u0131s&#8217;ta Bilkent \u00dcniversitesi&#8217;nde bir araya geldiler.<\/p>\n\n\n\n<figure class=\"wp-block-image size-large\"><img loading=\"lazy\" width=\"1024\" height=\"768\" src=\"https:\/\/www.ufukonen.com\/tr\/wp-content\/uploads\/Sounding_Off_2023-May_Bilkent_03-1024x768.jpg\" alt=\"\" class=\"wp-image-8109\" srcset=\"https:\/\/www.ufukonen.com\/tr\/wp-content\/uploads\/Sounding_Off_2023-May_Bilkent_03-1024x768.jpg 1024w, https:\/\/www.ufukonen.com\/tr\/wp-content\/uploads\/Sounding_Off_2023-May_Bilkent_03-300x225.jpg 300w, https:\/\/www.ufukonen.com\/tr\/wp-content\/uploads\/Sounding_Off_2023-May_Bilkent_03-768x576.jpg 768w, https:\/\/www.ufukonen.com\/tr\/wp-content\/uploads\/Sounding_Off_2023-May_Bilkent_03-1536x1152.jpg 1536w, https:\/\/www.ufukonen.com\/tr\/wp-content\/uploads\/Sounding_Off_2023-May_Bilkent_03-1140x855.jpg 1140w, https:\/\/www.ufukonen.com\/tr\/wp-content\/uploads\/Sounding_Off_2023-May_Bilkent_03-552x414.jpg 552w, https:\/\/www.ufukonen.com\/tr\/wp-content\/uploads\/Sounding_Off_2023-May_Bilkent_03.jpg 1920w\" sizes=\"(max-width: 1024px) 100vw, 1024px\" \/><\/figure>\n\n\n\n<figure class=\"wp-block-image size-large\"><img loading=\"lazy\" width=\"1024\" height=\"537\" src=\"https:\/\/www.ufukonen.com\/tr\/wp-content\/uploads\/Sounding_Off_2023-May_Bilkent_02-1024x537.jpg\" alt=\"\" class=\"wp-image-8111\" srcset=\"https:\/\/www.ufukonen.com\/tr\/wp-content\/uploads\/Sounding_Off_2023-May_Bilkent_02-1024x537.jpg 1024w, https:\/\/www.ufukonen.com\/tr\/wp-content\/uploads\/Sounding_Off_2023-May_Bilkent_02-300x157.jpg 300w, https:\/\/www.ufukonen.com\/tr\/wp-content\/uploads\/Sounding_Off_2023-May_Bilkent_02-768x403.jpg 768w, https:\/\/www.ufukonen.com\/tr\/wp-content\/uploads\/Sounding_Off_2023-May_Bilkent_02-1536x806.jpg 1536w, https:\/\/www.ufukonen.com\/tr\/wp-content\/uploads\/Sounding_Off_2023-May_Bilkent_02-1140x598.jpg 1140w, https:\/\/www.ufukonen.com\/tr\/wp-content\/uploads\/Sounding_Off_2023-May_Bilkent_02-552x290.jpg 552w, https:\/\/www.ufukonen.com\/tr\/wp-content\/uploads\/Sounding_Off_2023-May_Bilkent_02.jpg 1920w\" sizes=\"(max-width: 1024px) 100vw, 1024px\" \/><\/figure>\n\n\n\n<p>Etkinlik i\u00e7in yapt\u0131\u011f\u0131m\u0131z \u00e7a\u011fr\u0131ya 250 ba\u015fvuru geldi. Se\u00e7ilen 15 kat\u0131l\u0131mc\u0131, Bilkent \u00dcniversitesi \u0130leti\u015fim ve Tasar\u0131m\u0131 B\u00f6l\u00fcm\u00fc medya st\u00fcdyosunda ger\u00e7ekle\u015fen iki g\u00fcnl\u00fck etkinlik s\u00fcresince T\u00fcrkiye, ABD, Almanya ve Bulgaristan&#8217;dan alan\u0131nda \u00f6nc\u00fc e\u011fitmen ve end\u00fcstri profesyonellerinin verdi\u011fi seminer, konu\u015fma ve at\u00f6lyelere y\u00fcz y\u00fcze<strong> <\/strong>kat\u0131lma \u015fans\u0131n\u0131 yakalad\u0131lar. Sounding Off 2023 Bilkent, e\u011fitimin yan\u0131 s\u0131ra kat\u0131l\u0131mc\u0131lar i\u00e7in networking a\u00e7\u0131s\u0131ndan da harika bir f\u0131rsat sunmu\u015f oldu.<\/p>\n\n\n\n<figure class=\"wp-block-embed is-type-video is-provider-youtube wp-block-embed-youtube wp-embed-aspect-16-9 wp-has-aspect-ratio\"><div class=\"wp-block-embed__wrapper\">\n<span class=\"embed-youtube\" style=\"text-align:center; display: block;\"><iframe loading=\"lazy\" class=\"youtube-player\" width=\"700\" height=\"394\" src=\"https:\/\/www.youtube.com\/embed\/Z04dUmo35_E?version=3&#038;rel=1&#038;showsearch=0&#038;showinfo=1&#038;iv_load_policy=1&#038;fs=1&#038;hl=en-US&#038;autohide=2&#038;wmode=transparent\" allowfullscreen=\"true\" style=\"border:0;\" sandbox=\"allow-scripts allow-same-origin allow-popups allow-presentation\"><\/iframe><\/span>\n<\/div><\/figure>\n\n\n\n<p>Program boyunca kat\u0131l\u0131mc\u0131lar;<\/p>\n\n\n\n<ul><li>Ses-g\u00f6r\u00fcnt\u00fc ili\u015fkisi ve g\u00f6rsel medyada ses kullan\u0131m\u0131 alan\u0131nda temel bilgiler edindiler,<\/li><li>Ses prod\u00fcksiyonu ve post prod\u00fcksiyon i\u015f ak\u0131\u015f\u0131na dair fikir sahibi oldular,<\/li><li>G\u00f6rsel medyaya y\u00f6nelik ses ve m\u00fczik alan\u0131nda kariyer se\u00e7eneklerini \u00f6\u011frendiler,<\/li><li>T\u00fcrkiye ve ABD\u2019deki e\u011fitim programlar\u0131, geli\u015fim f\u0131rsatlar\u0131n\u0131 tan\u0131d\u0131lar,<\/li><li>Bu alana ad\u0131m atmalar\u0131na destek olabilecek profesyoneller ile ba\u011flant\u0131lar kurdular.<\/li><\/ul>\n\n\n\n<figure class=\"wp-block-embed is-type-video is-provider-youtube wp-block-embed-youtube wp-embed-aspect-16-9 wp-has-aspect-ratio\"><div class=\"wp-block-embed__wrapper\">\n<span class=\"embed-youtube\" style=\"text-align:center; display: block;\"><iframe loading=\"lazy\" class=\"youtube-player\" width=\"700\" height=\"394\" src=\"https:\/\/www.youtube.com\/embed\/0DfR5bjXsoY?version=3&#038;rel=1&#038;showsearch=0&#038;showinfo=1&#038;iv_load_policy=1&#038;fs=1&#038;hl=en-US&#038;autohide=2&#038;start=38&#038;wmode=transparent\" allowfullscreen=\"true\" style=\"border:0;\" sandbox=\"allow-scripts allow-same-origin allow-popups allow-presentation\"><\/iframe><\/span>\n<\/div><\/figure>\n\n\n\n<figure class=\"wp-block-image size-large\"><img loading=\"lazy\" width=\"1024\" height=\"768\" src=\"https:\/\/www.ufukonen.com\/tr\/wp-content\/uploads\/Sounding_Off_2023-May_Bilkent_04-1024x768.jpg\" alt=\"\" class=\"wp-image-8113\" srcset=\"https:\/\/www.ufukonen.com\/tr\/wp-content\/uploads\/Sounding_Off_2023-May_Bilkent_04-1024x768.jpg 1024w, https:\/\/www.ufukonen.com\/tr\/wp-content\/uploads\/Sounding_Off_2023-May_Bilkent_04-300x225.jpg 300w, https:\/\/www.ufukonen.com\/tr\/wp-content\/uploads\/Sounding_Off_2023-May_Bilkent_04-768x576.jpg 768w, https:\/\/www.ufukonen.com\/tr\/wp-content\/uploads\/Sounding_Off_2023-May_Bilkent_04-1536x1152.jpg 1536w, https:\/\/www.ufukonen.com\/tr\/wp-content\/uploads\/Sounding_Off_2023-May_Bilkent_04-1140x855.jpg 1140w, https:\/\/www.ufukonen.com\/tr\/wp-content\/uploads\/Sounding_Off_2023-May_Bilkent_04-552x414.jpg 552w, https:\/\/www.ufukonen.com\/tr\/wp-content\/uploads\/Sounding_Off_2023-May_Bilkent_04.jpg 1920w\" sizes=\"(max-width: 1024px) 100vw, 1024px\" \/><\/figure>\n\n\n\n<p>Etkinlik, Bilkent COMD YouTube kanal\u0131 \u00fczerinden canl\u0131 olarak herkese a\u00e7\u0131k bir \u015fekilde yay\u0131nland\u0131.<\/p>\n\n\n\n<figure class=\"wp-block-image size-large\"><img loading=\"lazy\" width=\"1024\" height=\"768\" src=\"https:\/\/www.ufukonen.com\/tr\/wp-content\/uploads\/Sounding_Off_2023-May_Bilkent_05-1024x768.jpg\" alt=\"\" class=\"wp-image-8114\" srcset=\"https:\/\/www.ufukonen.com\/tr\/wp-content\/uploads\/Sounding_Off_2023-May_Bilkent_05-1024x768.jpg 1024w, https:\/\/www.ufukonen.com\/tr\/wp-content\/uploads\/Sounding_Off_2023-May_Bilkent_05-300x225.jpg 300w, https:\/\/www.ufukonen.com\/tr\/wp-content\/uploads\/Sounding_Off_2023-May_Bilkent_05-768x576.jpg 768w, https:\/\/www.ufukonen.com\/tr\/wp-content\/uploads\/Sounding_Off_2023-May_Bilkent_05-1536x1152.jpg 1536w, https:\/\/www.ufukonen.com\/tr\/wp-content\/uploads\/Sounding_Off_2023-May_Bilkent_05-1140x855.jpg 1140w, https:\/\/www.ufukonen.com\/tr\/wp-content\/uploads\/Sounding_Off_2023-May_Bilkent_05-552x414.jpg 552w, https:\/\/www.ufukonen.com\/tr\/wp-content\/uploads\/Sounding_Off_2023-May_Bilkent_05.jpg 1920w\" sizes=\"(max-width: 1024px) 100vw, 1024px\" \/><\/figure>\n\n\n\n<div style=\"height:20px\" aria-hidden=\"true\" class=\"wp-block-spacer\"><\/div>\n\n\n\n<h2>Sounding Off 2023 Ekibi<\/h2>\n\n\n\n<p>Sounding Off 2023 ekibi (soyad\u0131 alfabetik s\u0131raya g\u00f6re).<\/p>\n\n\n\n<figure class=\"wp-block-image size-large\"><img loading=\"lazy\" width=\"1024\" height=\"267\" src=\"https:\/\/www.ufukonen.com\/tr\/wp-content\/uploads\/Sounding_Off_2023_Team_Sebnem_Adiyaman_1-1024x267.png\" alt=\"\" class=\"wp-image-8016\" srcset=\"https:\/\/www.ufukonen.com\/tr\/wp-content\/uploads\/Sounding_Off_2023_Team_Sebnem_Adiyaman_1-1024x267.png 1024w, https:\/\/www.ufukonen.com\/tr\/wp-content\/uploads\/Sounding_Off_2023_Team_Sebnem_Adiyaman_1-300x78.png 300w, https:\/\/www.ufukonen.com\/tr\/wp-content\/uploads\/Sounding_Off_2023_Team_Sebnem_Adiyaman_1-768x200.png 768w, https:\/\/www.ufukonen.com\/tr\/wp-content\/uploads\/Sounding_Off_2023_Team_Sebnem_Adiyaman_1-1536x400.png 1536w, https:\/\/www.ufukonen.com\/tr\/wp-content\/uploads\/Sounding_Off_2023_Team_Sebnem_Adiyaman_1-1140x297.png 1140w, https:\/\/www.ufukonen.com\/tr\/wp-content\/uploads\/Sounding_Off_2023_Team_Sebnem_Adiyaman_1-552x144.png 552w, https:\/\/www.ufukonen.com\/tr\/wp-content\/uploads\/Sounding_Off_2023_Team_Sebnem_Adiyaman_1.png 1920w\" sizes=\"(max-width: 1024px) 100vw, 1024px\" \/><\/figure>\n\n\n\n<figure class=\"wp-block-image size-large\"><img loading=\"lazy\" width=\"1024\" height=\"267\" src=\"https:\/\/www.ufukonen.com\/tr\/wp-content\/uploads\/Sounding_Off_2023_Team_Esin_Aydingoz_1-1024x267.png\" alt=\"\" class=\"wp-image-8014\" srcset=\"https:\/\/www.ufukonen.com\/tr\/wp-content\/uploads\/Sounding_Off_2023_Team_Esin_Aydingoz_1-1024x267.png 1024w, https:\/\/www.ufukonen.com\/tr\/wp-content\/uploads\/Sounding_Off_2023_Team_Esin_Aydingoz_1-300x78.png 300w, https:\/\/www.ufukonen.com\/tr\/wp-content\/uploads\/Sounding_Off_2023_Team_Esin_Aydingoz_1-768x200.png 768w, https:\/\/www.ufukonen.com\/tr\/wp-content\/uploads\/Sounding_Off_2023_Team_Esin_Aydingoz_1-1536x400.png 1536w, https:\/\/www.ufukonen.com\/tr\/wp-content\/uploads\/Sounding_Off_2023_Team_Esin_Aydingoz_1-1140x297.png 1140w, https:\/\/www.ufukonen.com\/tr\/wp-content\/uploads\/Sounding_Off_2023_Team_Esin_Aydingoz_1-552x144.png 552w, https:\/\/www.ufukonen.com\/tr\/wp-content\/uploads\/Sounding_Off_2023_Team_Esin_Aydingoz_1.png 1920w\" sizes=\"(max-width: 1024px) 100vw, 1024px\" \/><\/figure>\n\n\n\n<figure class=\"wp-block-image size-large\"><a href=\"https:\/\/www.ufukonen.com\/tr\/wp-content\/uploads\/Sounding_Off_2023_Team_John_Krivit_1.png\" target=\"_blank\" rel=\"noopener\"><img loading=\"lazy\" width=\"1024\" height=\"267\" src=\"https:\/\/www.ufukonen.com\/tr\/wp-content\/uploads\/Sounding_Off_2023_Team_John_Krivit_1-1024x267.png\" alt=\"\" class=\"wp-image-7989\" srcset=\"https:\/\/www.ufukonen.com\/tr\/wp-content\/uploads\/Sounding_Off_2023_Team_John_Krivit_1-1024x267.png 1024w, https:\/\/www.ufukonen.com\/tr\/wp-content\/uploads\/Sounding_Off_2023_Team_John_Krivit_1-300x78.png 300w, https:\/\/www.ufukonen.com\/tr\/wp-content\/uploads\/Sounding_Off_2023_Team_John_Krivit_1-768x200.png 768w, https:\/\/www.ufukonen.com\/tr\/wp-content\/uploads\/Sounding_Off_2023_Team_John_Krivit_1-1536x400.png 1536w, https:\/\/www.ufukonen.com\/tr\/wp-content\/uploads\/Sounding_Off_2023_Team_John_Krivit_1-1140x297.png 1140w, https:\/\/www.ufukonen.com\/tr\/wp-content\/uploads\/Sounding_Off_2023_Team_John_Krivit_1-552x144.png 552w, https:\/\/www.ufukonen.com\/tr\/wp-content\/uploads\/Sounding_Off_2023_Team_John_Krivit_1.png 1920w\" sizes=\"(max-width: 1024px) 100vw, 1024px\" \/><\/a><\/figure>\n\n\n\n<figure class=\"wp-block-image size-large\"><img loading=\"lazy\" width=\"1024\" height=\"267\" src=\"https:\/\/www.ufukonen.com\/tr\/wp-content\/uploads\/Sounding_Off_2023_Team_Funda_Lena_1-1024x267.png\" alt=\"\" class=\"wp-image-8012\" srcset=\"https:\/\/www.ufukonen.com\/tr\/wp-content\/uploads\/Sounding_Off_2023_Team_Funda_Lena_1-1024x267.png 1024w, https:\/\/www.ufukonen.com\/tr\/wp-content\/uploads\/Sounding_Off_2023_Team_Funda_Lena_1-300x78.png 300w, https:\/\/www.ufukonen.com\/tr\/wp-content\/uploads\/Sounding_Off_2023_Team_Funda_Lena_1-768x200.png 768w, https:\/\/www.ufukonen.com\/tr\/wp-content\/uploads\/Sounding_Off_2023_Team_Funda_Lena_1-1536x400.png 1536w, https:\/\/www.ufukonen.com\/tr\/wp-content\/uploads\/Sounding_Off_2023_Team_Funda_Lena_1-1140x297.png 1140w, https:\/\/www.ufukonen.com\/tr\/wp-content\/uploads\/Sounding_Off_2023_Team_Funda_Lena_1-552x144.png 552w, https:\/\/www.ufukonen.com\/tr\/wp-content\/uploads\/Sounding_Off_2023_Team_Funda_Lena_1.png 1920w\" sizes=\"(max-width: 1024px) 100vw, 1024px\" \/><\/figure>\n\n\n\n<figure class=\"wp-block-image size-large\"><img loading=\"lazy\" width=\"1024\" height=\"267\" src=\"https:\/\/www.ufukonen.com\/tr\/wp-content\/uploads\/Sounding_Off_2023_Team_Sirma_Munyar_1-1024x267.png\" alt=\"\" class=\"wp-image-8019\" srcset=\"https:\/\/www.ufukonen.com\/tr\/wp-content\/uploads\/Sounding_Off_2023_Team_Sirma_Munyar_1-1024x267.png 1024w, https:\/\/www.ufukonen.com\/tr\/wp-content\/uploads\/Sounding_Off_2023_Team_Sirma_Munyar_1-300x78.png 300w, https:\/\/www.ufukonen.com\/tr\/wp-content\/uploads\/Sounding_Off_2023_Team_Sirma_Munyar_1-768x200.png 768w, https:\/\/www.ufukonen.com\/tr\/wp-content\/uploads\/Sounding_Off_2023_Team_Sirma_Munyar_1-1536x400.png 1536w, https:\/\/www.ufukonen.com\/tr\/wp-content\/uploads\/Sounding_Off_2023_Team_Sirma_Munyar_1-1140x297.png 1140w, https:\/\/www.ufukonen.com\/tr\/wp-content\/uploads\/Sounding_Off_2023_Team_Sirma_Munyar_1-552x144.png 552w, https:\/\/www.ufukonen.com\/tr\/wp-content\/uploads\/Sounding_Off_2023_Team_Sirma_Munyar_1.png 1920w\" sizes=\"(max-width: 1024px) 100vw, 1024px\" \/><\/figure>\n\n\n\n<figure class=\"wp-block-image size-large\"><a href=\"https:\/\/www.ufukonen.com\/tr\/wp-content\/uploads\/Sounding_Off_2023_Team_Ufuk_Onen_1.png\" target=\"_blank\" rel=\"noopener\"><img loading=\"lazy\" width=\"1024\" height=\"267\" src=\"https:\/\/www.ufukonen.com\/tr\/wp-content\/uploads\/Sounding_Off_2023_Team_Ufuk_Onen_1-1024x267.png\" alt=\"\" class=\"wp-image-7991\" srcset=\"https:\/\/www.ufukonen.com\/tr\/wp-content\/uploads\/Sounding_Off_2023_Team_Ufuk_Onen_1-1024x267.png 1024w, https:\/\/www.ufukonen.com\/tr\/wp-content\/uploads\/Sounding_Off_2023_Team_Ufuk_Onen_1-300x78.png 300w, https:\/\/www.ufukonen.com\/tr\/wp-content\/uploads\/Sounding_Off_2023_Team_Ufuk_Onen_1-768x200.png 768w, https:\/\/www.ufukonen.com\/tr\/wp-content\/uploads\/Sounding_Off_2023_Team_Ufuk_Onen_1-1536x400.png 1536w, https:\/\/www.ufukonen.com\/tr\/wp-content\/uploads\/Sounding_Off_2023_Team_Ufuk_Onen_1-1140x297.png 1140w, https:\/\/www.ufukonen.com\/tr\/wp-content\/uploads\/Sounding_Off_2023_Team_Ufuk_Onen_1-552x144.png 552w, https:\/\/www.ufukonen.com\/tr\/wp-content\/uploads\/Sounding_Off_2023_Team_Ufuk_Onen_1.png 1920w\" sizes=\"(max-width: 1024px) 100vw, 1024px\" \/><\/a><\/figure>\n\n\n\n<figure class=\"wp-block-image size-large\"><img loading=\"lazy\" width=\"1024\" height=\"267\" src=\"https:\/\/www.ufukonen.com\/tr\/wp-content\/uploads\/Sounding_Off_2023_Team_Mine_Pakel_1-1024x267.png\" alt=\"\" class=\"wp-image-8002\" srcset=\"https:\/\/www.ufukonen.com\/tr\/wp-content\/uploads\/Sounding_Off_2023_Team_Mine_Pakel_1-1024x267.png 1024w, https:\/\/www.ufukonen.com\/tr\/wp-content\/uploads\/Sounding_Off_2023_Team_Mine_Pakel_1-300x78.png 300w, https:\/\/www.ufukonen.com\/tr\/wp-content\/uploads\/Sounding_Off_2023_Team_Mine_Pakel_1-768x200.png 768w, https:\/\/www.ufukonen.com\/tr\/wp-content\/uploads\/Sounding_Off_2023_Team_Mine_Pakel_1-1536x400.png 1536w, https:\/\/www.ufukonen.com\/tr\/wp-content\/uploads\/Sounding_Off_2023_Team_Mine_Pakel_1-1140x297.png 1140w, https:\/\/www.ufukonen.com\/tr\/wp-content\/uploads\/Sounding_Off_2023_Team_Mine_Pakel_1-552x144.png 552w, https:\/\/www.ufukonen.com\/tr\/wp-content\/uploads\/Sounding_Off_2023_Team_Mine_Pakel_1.png 1920w\" sizes=\"(max-width: 1024px) 100vw, 1024px\" \/><\/figure>\n\n\n\n<figure class=\"wp-block-image size-large\"><a href=\"https:\/\/www.ufukonen.com\/tr\/wp-content\/uploads\/Sounding_Off_2023_Team_Valeria_Popova_.png\" target=\"_blank\" rel=\"noopener\"><img loading=\"lazy\" width=\"1024\" height=\"267\" src=\"https:\/\/www.ufukonen.com\/tr\/wp-content\/uploads\/Sounding_Off_2023_Team_Valeria_Popova_-1024x267.png\" alt=\"\" class=\"wp-image-7992\" srcset=\"https:\/\/www.ufukonen.com\/tr\/wp-content\/uploads\/Sounding_Off_2023_Team_Valeria_Popova_-1024x267.png 1024w, https:\/\/www.ufukonen.com\/tr\/wp-content\/uploads\/Sounding_Off_2023_Team_Valeria_Popova_-300x78.png 300w, https:\/\/www.ufukonen.com\/tr\/wp-content\/uploads\/Sounding_Off_2023_Team_Valeria_Popova_-768x200.png 768w, https:\/\/www.ufukonen.com\/tr\/wp-content\/uploads\/Sounding_Off_2023_Team_Valeria_Popova_-1536x400.png 1536w, https:\/\/www.ufukonen.com\/tr\/wp-content\/uploads\/Sounding_Off_2023_Team_Valeria_Popova_-1140x297.png 1140w, https:\/\/www.ufukonen.com\/tr\/wp-content\/uploads\/Sounding_Off_2023_Team_Valeria_Popova_-552x144.png 552w, https:\/\/www.ufukonen.com\/tr\/wp-content\/uploads\/Sounding_Off_2023_Team_Valeria_Popova_.png 1920w\" sizes=\"(max-width: 1024px) 100vw, 1024px\" \/><\/a><\/figure>\n\n\n\n<figure class=\"wp-block-image size-large\"><img loading=\"lazy\" width=\"1024\" height=\"267\" src=\"https:\/\/www.ufukonen.com\/tr\/wp-content\/uploads\/Sounding_Off_2023_Team_Cagla_Su_Puza_1-1024x267.png\" alt=\"\" class=\"wp-image-8105\" srcset=\"https:\/\/www.ufukonen.com\/tr\/wp-content\/uploads\/Sounding_Off_2023_Team_Cagla_Su_Puza_1-1024x267.png 1024w, https:\/\/www.ufukonen.com\/tr\/wp-content\/uploads\/Sounding_Off_2023_Team_Cagla_Su_Puza_1-300x78.png 300w, https:\/\/www.ufukonen.com\/tr\/wp-content\/uploads\/Sounding_Off_2023_Team_Cagla_Su_Puza_1-768x200.png 768w, https:\/\/www.ufukonen.com\/tr\/wp-content\/uploads\/Sounding_Off_2023_Team_Cagla_Su_Puza_1-1536x400.png 1536w, https:\/\/www.ufukonen.com\/tr\/wp-content\/uploads\/Sounding_Off_2023_Team_Cagla_Su_Puza_1-1140x297.png 1140w, https:\/\/www.ufukonen.com\/tr\/wp-content\/uploads\/Sounding_Off_2023_Team_Cagla_Su_Puza_1-552x144.png 552w, https:\/\/www.ufukonen.com\/tr\/wp-content\/uploads\/Sounding_Off_2023_Team_Cagla_Su_Puza_1.png 1920w\" sizes=\"(max-width: 1024px) 100vw, 1024px\" \/><\/figure>\n\n\n\n<figure class=\"wp-block-image size-large\"><img loading=\"lazy\" width=\"1024\" height=\"267\" src=\"https:\/\/www.ufukonen.com\/tr\/wp-content\/uploads\/Sounding_Off_2023_Team_Beril_Sarialtun_1-1024x267.png\" alt=\"\" class=\"wp-image-8017\" srcset=\"https:\/\/www.ufukonen.com\/tr\/wp-content\/uploads\/Sounding_Off_2023_Team_Beril_Sarialtun_1-1024x267.png 1024w, https:\/\/www.ufukonen.com\/tr\/wp-content\/uploads\/Sounding_Off_2023_Team_Beril_Sarialtun_1-300x78.png 300w, https:\/\/www.ufukonen.com\/tr\/wp-content\/uploads\/Sounding_Off_2023_Team_Beril_Sarialtun_1-768x200.png 768w, https:\/\/www.ufukonen.com\/tr\/wp-content\/uploads\/Sounding_Off_2023_Team_Beril_Sarialtun_1-1536x400.png 1536w, https:\/\/www.ufukonen.com\/tr\/wp-content\/uploads\/Sounding_Off_2023_Team_Beril_Sarialtun_1-1140x297.png 1140w, https:\/\/www.ufukonen.com\/tr\/wp-content\/uploads\/Sounding_Off_2023_Team_Beril_Sarialtun_1-552x144.png 552w, https:\/\/www.ufukonen.com\/tr\/wp-content\/uploads\/Sounding_Off_2023_Team_Beril_Sarialtun_1.png 1920w\" sizes=\"(max-width: 1024px) 100vw, 1024px\" \/><\/figure>\n\n\n\n<figure class=\"wp-block-image size-large\"><img loading=\"lazy\" width=\"1024\" height=\"267\" src=\"https:\/\/www.ufukonen.com\/tr\/wp-content\/uploads\/Sounding_Off_2023_Team_Aleyna_Seymen_3-1024x267.png\" alt=\"\" class=\"wp-image-8042\" srcset=\"https:\/\/www.ufukonen.com\/tr\/wp-content\/uploads\/Sounding_Off_2023_Team_Aleyna_Seymen_3-1024x267.png 1024w, https:\/\/www.ufukonen.com\/tr\/wp-content\/uploads\/Sounding_Off_2023_Team_Aleyna_Seymen_3-300x78.png 300w, https:\/\/www.ufukonen.com\/tr\/wp-content\/uploads\/Sounding_Off_2023_Team_Aleyna_Seymen_3-768x200.png 768w, https:\/\/www.ufukonen.com\/tr\/wp-content\/uploads\/Sounding_Off_2023_Team_Aleyna_Seymen_3-1536x400.png 1536w, https:\/\/www.ufukonen.com\/tr\/wp-content\/uploads\/Sounding_Off_2023_Team_Aleyna_Seymen_3-1140x297.png 1140w, https:\/\/www.ufukonen.com\/tr\/wp-content\/uploads\/Sounding_Off_2023_Team_Aleyna_Seymen_3-552x144.png 552w, https:\/\/www.ufukonen.com\/tr\/wp-content\/uploads\/Sounding_Off_2023_Team_Aleyna_Seymen_3.png 1920w\" sizes=\"(max-width: 1024px) 100vw, 1024px\" \/><\/figure>\n\n\n\n<figure class=\"wp-block-image size-large\"><img loading=\"lazy\" width=\"1024\" height=\"267\" src=\"https:\/\/www.ufukonen.com\/tr\/wp-content\/uploads\/Sounding_Off_2023_Team_Banu_Sahin_1-1024x267.png\" alt=\"\" class=\"wp-image-8021\" srcset=\"https:\/\/www.ufukonen.com\/tr\/wp-content\/uploads\/Sounding_Off_2023_Team_Banu_Sahin_1-1024x267.png 1024w, https:\/\/www.ufukonen.com\/tr\/wp-content\/uploads\/Sounding_Off_2023_Team_Banu_Sahin_1-300x78.png 300w, https:\/\/www.ufukonen.com\/tr\/wp-content\/uploads\/Sounding_Off_2023_Team_Banu_Sahin_1-768x200.png 768w, https:\/\/www.ufukonen.com\/tr\/wp-content\/uploads\/Sounding_Off_2023_Team_Banu_Sahin_1-1536x400.png 1536w, https:\/\/www.ufukonen.com\/tr\/wp-content\/uploads\/Sounding_Off_2023_Team_Banu_Sahin_1-1140x297.png 1140w, https:\/\/www.ufukonen.com\/tr\/wp-content\/uploads\/Sounding_Off_2023_Team_Banu_Sahin_1-552x144.png 552w, https:\/\/www.ufukonen.com\/tr\/wp-content\/uploads\/Sounding_Off_2023_Team_Banu_Sahin_1.png 1920w\" sizes=\"(max-width: 1024px) 100vw, 1024px\" \/><\/figure>\n\n\n\n<figure class=\"wp-block-image size-large\"><a href=\"https:\/\/www.ufukonen.com\/tr\/wp-content\/uploads\/Sounding_Off_2023_Team_Andreas_Treske_1.png\" target=\"_blank\" rel=\"noopener\"><img loading=\"lazy\" width=\"1024\" height=\"267\" src=\"https:\/\/www.ufukonen.com\/tr\/wp-content\/uploads\/Sounding_Off_2023_Team_Andreas_Treske_1-1024x267.png\" alt=\"\" class=\"wp-image-7994\" srcset=\"https:\/\/www.ufukonen.com\/tr\/wp-content\/uploads\/Sounding_Off_2023_Team_Andreas_Treske_1-1024x267.png 1024w, https:\/\/www.ufukonen.com\/tr\/wp-content\/uploads\/Sounding_Off_2023_Team_Andreas_Treske_1-300x78.png 300w, https:\/\/www.ufukonen.com\/tr\/wp-content\/uploads\/Sounding_Off_2023_Team_Andreas_Treske_1-768x200.png 768w, https:\/\/www.ufukonen.com\/tr\/wp-content\/uploads\/Sounding_Off_2023_Team_Andreas_Treske_1-1536x400.png 1536w, https:\/\/www.ufukonen.com\/tr\/wp-content\/uploads\/Sounding_Off_2023_Team_Andreas_Treske_1-1140x297.png 1140w, https:\/\/www.ufukonen.com\/tr\/wp-content\/uploads\/Sounding_Off_2023_Team_Andreas_Treske_1-552x144.png 552w, https:\/\/www.ufukonen.com\/tr\/wp-content\/uploads\/Sounding_Off_2023_Team_Andreas_Treske_1.png 1920w\" sizes=\"(max-width: 1024px) 100vw, 1024px\" \/><\/a><\/figure>\n\n\n\n<figure class=\"wp-block-image size-large\"><img loading=\"lazy\" width=\"1024\" height=\"267\" src=\"https:\/\/www.ufukonen.com\/tr\/wp-content\/uploads\/Sounding_Off_2023_Team_Rebekah_Wilson_1-1024x267.png\" alt=\"\" class=\"wp-image-8010\" srcset=\"https:\/\/www.ufukonen.com\/tr\/wp-content\/uploads\/Sounding_Off_2023_Team_Rebekah_Wilson_1-1024x267.png 1024w, https:\/\/www.ufukonen.com\/tr\/wp-content\/uploads\/Sounding_Off_2023_Team_Rebekah_Wilson_1-300x78.png 300w, https:\/\/www.ufukonen.com\/tr\/wp-content\/uploads\/Sounding_Off_2023_Team_Rebekah_Wilson_1-768x200.png 768w, https:\/\/www.ufukonen.com\/tr\/wp-content\/uploads\/Sounding_Off_2023_Team_Rebekah_Wilson_1-1536x400.png 1536w, https:\/\/www.ufukonen.com\/tr\/wp-content\/uploads\/Sounding_Off_2023_Team_Rebekah_Wilson_1-1140x297.png 1140w, https:\/\/www.ufukonen.com\/tr\/wp-content\/uploads\/Sounding_Off_2023_Team_Rebekah_Wilson_1-552x144.png 552w, https:\/\/www.ufukonen.com\/tr\/wp-content\/uploads\/Sounding_Off_2023_Team_Rebekah_Wilson_1.png 1920w\" sizes=\"(max-width: 1024px) 100vw, 1024px\" \/><\/figure>\n\n\n\n<figure class=\"wp-block-image size-large\"><a href=\"https:\/\/www.ufukonen.com\/tr\/wp-content\/uploads\/Sounding_Off_2023_Team_Asli_Yalcin_1.png\" target=\"_blank\" rel=\"noopener\"><img loading=\"lazy\" width=\"1024\" height=\"267\" src=\"https:\/\/www.ufukonen.com\/tr\/wp-content\/uploads\/Sounding_Off_2023_Team_Asli_Yalcin_1-1024x267.png\" alt=\"\" class=\"wp-image-7995\" srcset=\"https:\/\/www.ufukonen.com\/tr\/wp-content\/uploads\/Sounding_Off_2023_Team_Asli_Yalcin_1-1024x267.png 1024w, https:\/\/www.ufukonen.com\/tr\/wp-content\/uploads\/Sounding_Off_2023_Team_Asli_Yalcin_1-300x78.png 300w, https:\/\/www.ufukonen.com\/tr\/wp-content\/uploads\/Sounding_Off_2023_Team_Asli_Yalcin_1-768x200.png 768w, https:\/\/www.ufukonen.com\/tr\/wp-content\/uploads\/Sounding_Off_2023_Team_Asli_Yalcin_1-1536x400.png 1536w, https:\/\/www.ufukonen.com\/tr\/wp-content\/uploads\/Sounding_Off_2023_Team_Asli_Yalcin_1-1140x297.png 1140w, https:\/\/www.ufukonen.com\/tr\/wp-content\/uploads\/Sounding_Off_2023_Team_Asli_Yalcin_1-552x144.png 552w, https:\/\/www.ufukonen.com\/tr\/wp-content\/uploads\/Sounding_Off_2023_Team_Asli_Yalcin_1.png 1920w\" sizes=\"(max-width: 1024px) 100vw, 1024px\" \/><\/a><\/figure>\n\n\n\n<figure class=\"wp-block-image size-large\"><a href=\"https:\/\/www.ufukonen.com\/tr\/wp-content\/uploads\/Sounding_Off_2023_Team_Ayda_Su_Zimmermann.png\" target=\"_blank\" rel=\"noopener\"><img loading=\"lazy\" width=\"1024\" height=\"267\" src=\"https:\/\/www.ufukonen.com\/tr\/wp-content\/uploads\/Sounding_Off_2023_Team_Ayda_Su_Zimmermann-1024x267.png\" alt=\"\" class=\"wp-image-7998\" srcset=\"https:\/\/www.ufukonen.com\/tr\/wp-content\/uploads\/Sounding_Off_2023_Team_Ayda_Su_Zimmermann-1024x267.png 1024w, https:\/\/www.ufukonen.com\/tr\/wp-content\/uploads\/Sounding_Off_2023_Team_Ayda_Su_Zimmermann-300x78.png 300w, https:\/\/www.ufukonen.com\/tr\/wp-content\/uploads\/Sounding_Off_2023_Team_Ayda_Su_Zimmermann-768x200.png 768w, https:\/\/www.ufukonen.com\/tr\/wp-content\/uploads\/Sounding_Off_2023_Team_Ayda_Su_Zimmermann-1536x400.png 1536w, https:\/\/www.ufukonen.com\/tr\/wp-content\/uploads\/Sounding_Off_2023_Team_Ayda_Su_Zimmermann-1140x297.png 1140w, https:\/\/www.ufukonen.com\/tr\/wp-content\/uploads\/Sounding_Off_2023_Team_Ayda_Su_Zimmermann-552x144.png 552w, https:\/\/www.ufukonen.com\/tr\/wp-content\/uploads\/Sounding_Off_2023_Team_Ayda_Su_Zimmermann.png 1920w\" sizes=\"(max-width: 1024px) 100vw, 1024px\" \/><\/a><\/figure>\n\n\n\n<div style=\"height:20px\" aria-hidden=\"true\" class=\"wp-block-spacer\"><\/div>\n\n\n\n<h2>Sounding Off 2023 Kat\u0131l\u0131mc\u0131lar<\/h2>\n\n\n\n<figure class=\"wp-block-image size-large\"><img loading=\"lazy\" width=\"1024\" height=\"683\" src=\"https:\/\/www.ufukonen.com\/tr\/wp-content\/uploads\/Sounding_Off_2023-May_Bilkent_06-1024x683.jpg\" alt=\"\" class=\"wp-image-8112\" srcset=\"https:\/\/www.ufukonen.com\/tr\/wp-content\/uploads\/Sounding_Off_2023-May_Bilkent_06-1024x683.jpg 1024w, https:\/\/www.ufukonen.com\/tr\/wp-content\/uploads\/Sounding_Off_2023-May_Bilkent_06-300x200.jpg 300w, https:\/\/www.ufukonen.com\/tr\/wp-content\/uploads\/Sounding_Off_2023-May_Bilkent_06-768x512.jpg 768w, https:\/\/www.ufukonen.com\/tr\/wp-content\/uploads\/Sounding_Off_2023-May_Bilkent_06-1536x1024.jpg 1536w, https:\/\/www.ufukonen.com\/tr\/wp-content\/uploads\/Sounding_Off_2023-May_Bilkent_06-1140x760.jpg 1140w, https:\/\/www.ufukonen.com\/tr\/wp-content\/uploads\/Sounding_Off_2023-May_Bilkent_06-552x368.jpg 552w, https:\/\/www.ufukonen.com\/tr\/wp-content\/uploads\/Sounding_Off_2023-May_Bilkent_06.jpg 1920w\" sizes=\"(max-width: 1024px) 100vw, 1024px\" \/><\/figure>\n\n\n\n<p>Sounding Off 2023 kat\u0131l\u0131mc\u0131lar\u0131n listesi (soyad\u0131 alfabetik s\u0131raya g\u00f6re).<\/p>\n\n\n\n<ul><li>\u0130rem \u00c7\u00f6mlek\u00e7i<\/li><li>Tu\u011fba Topcan<\/li><li>Sima Cihangir<\/li><li>Ekin Ilg\u0131n Demirhan<\/li><li>Gizem Ayd\u0131n<\/li><li>Deniz Berbero\u011flu<\/li><li>\u0130pek An\u0131lan<\/li><li>Nida \u00c7avdar<\/li><li>Aybike \u00d6zs\u00f6yke<\/li><li>Ekin \u00dczelt\u00fczenci<\/li><li>Berna Lara Kasar<\/li><li>\u0130layda Hatipo\u011flu<\/li><li>Ya\u011fmur Sel\u00e7uk<\/li><li>Se\u00e7il Metin<\/li><li>Buse Nur Akdo\u011fan<\/li><li>Berfu Beysano\u011flu<\/li><li>Eda Ar\u0131soy<\/li><li>Ekin Alkan<\/li><li>Ezgi Hamamc\u0131<\/li><li>\u00d6zge Nemutlu<\/li><\/ul>\n\n\n\n<div style=\"height:20px\" aria-hidden=\"true\" class=\"wp-block-spacer\"><\/div>\n\n\n\n<h3>Ba\u011flant\u0131lar<\/h3>\n\n\n\n<ul><li>Bilkent \u00dcniversitesi: <a rel=\"noreferrer noopener\" href=\"https:\/\/www.bilkent.edu.tr\" target=\"_blank\">Web<\/a> \u2022 <a rel=\"noreferrer noopener\" href=\"https:\/\/www.instagram.com\/bilkentuniv\/\" target=\"_blank\">Instagram<\/a><\/li><li>Bilkent \u00dc. \u0130leti\u015fim ve Tasar\u0131m\u0131 B\u00f6l\u00fcm\u00fc (COMD): <a rel=\"noreferrer noopener\" href=\"https:\/\/comd.bilkent.edu.tr\" target=\"_blank\">Web<\/a> \u2022 <a rel=\"noreferrer noopener\" href=\"https:\/\/www.instagram.com\/bilkent_comd\/\" target=\"_blank\">Instagram<\/a><\/li><li>ABD T\u00fcrkiye B\u00fcy\u00fckel\u00e7ili\u011fi: <a rel=\"noreferrer noopener\" href=\"https:\/\/tr.usembassy.gov\/tr\/\" target=\"_blank\">Web<\/a> \u2022 <a rel=\"noreferrer noopener\" href=\"https:\/\/www.instagram.com\/abdbuyukelciligi\/\" target=\"_blank\">Instagram<\/a> <\/li><\/ul>\n\n\n\n<div style=\"height:20px\" aria-hidden=\"true\" class=\"wp-block-spacer\"><\/div>\n\n\n\n<h3>A\u00e7\u0131klama<\/h3>\n\n\n\n<p>Bu program, Amerika Birle\u015fik Devletleri T\u00fcrkiye B\u00fcy\u00fckel\u00e7ili\u011fi taraf\u0131ndan verilen hibe ile finanse edilmi\u015ftir. Burada belirtilen g\u00f6r\u00fc\u015fler, bulgular ve sonu\u00e7lar yazarlara aittir ve Amerika Birle\u015fik Devletleri T\u00fcrkiye B\u00fcy\u00fckel\u00e7ili\u011fi g\u00f6r\u00fc\u015flerini yans\u0131tmaz.<\/p>\n\n\n\n<div style=\"height:20px\" aria-hidden=\"true\" class=\"wp-block-spacer\"><\/div>\n\n\n\n<p>Ba\u015fl\u0131k g\u00f6rseli: Ayda Su Zimmermann<\/p>\n\n\n\n<p>Benzer payla\u015f\u0131mlar i\u00e7in beni <a rel=\"noreferrer noopener\" href=\"https:\/\/www.facebook.com\/ufukonen.skmt\/\" target=\"_blank\">Facebook<\/a>, <a href=\"https:\/\/www.instagram.com\/ufukonen\/\" target=\"_blank\" rel=\"noreferrer noopener\" aria-label=\"Instagram (opens in a new tab)\">Instagram<\/a> ve <a rel=\"noreferrer noopener\" href=\"https:\/\/twitter.com\/UfukOnen\" target=\"_blank\">Twitter<\/a>&#8216;da takip edebilir, haberler i\u00e7in <a rel=\"noreferrer noopener\" href=\"http:\/\/ufukonen.com\/tr\/ses-kayit-muzik-teknolojisi-terimler-sozluk.html\" target=\"_blank\">mesaj listeme \u00fcye olabilirsiniz<\/a>. Te\u015fekk\u00fcrler.<\/p>\n\n\n\n<p>Teknik terimler i\u00e7in <a href=\"http:\/\/www.ufukonen.com\/tr\/ses-kayit-muzik-teknolojisi-terimler-sozluk.html\">m\u00fczik teknolojisi, m\u00fczik prod\u00fcksiyonu ve ses kay\u0131t terimleri s\u00f6zl\u00fc\u011f\u00fcne<\/a> g\u00f6z atabilirsiniz.<\/p>\n\n\n\n<p>\u00a9 2023 Ufuk \u00d6nen. Her hakk\u0131 sakl\u0131d\u0131r. \u0130zinsiz kullan\u0131lamaz.<\/p>\n\n\n\n<div style=\"height:25px\" aria-hidden=\"true\" class=\"wp-block-spacer\"><\/div>\n\n\n\n<figure class=\"wp-block-image size-large\"><a href=\"https:\/\/www.ufukonen.com\/tr\/ufuk-onen-ses-muzik-teknolojisi-miks-kitaplar.html\" target=\"_blank\" rel=\"noopener\"><img loading=\"lazy\" width=\"1024\" height=\"576\" src=\"https:\/\/www.ufukonen.com\/tr\/wp-content\/uploads\/UfukOnen_Books_Promo_2020_1280x720_-1024x576.jpg\" alt=\"\" class=\"wp-image-5735\" srcset=\"https:\/\/www.ufukonen.com\/tr\/wp-content\/uploads\/UfukOnen_Books_Promo_2020_1280x720_-1024x576.jpg 1024w, https:\/\/www.ufukonen.com\/tr\/wp-content\/uploads\/UfukOnen_Books_Promo_2020_1280x720_-300x169.jpg 300w, https:\/\/www.ufukonen.com\/tr\/wp-content\/uploads\/UfukOnen_Books_Promo_2020_1280x720_-768x432.jpg 768w, https:\/\/www.ufukonen.com\/tr\/wp-content\/uploads\/UfukOnen_Books_Promo_2020_1280x720_.jpg 1280w\" sizes=\"(max-width: 1024px) 100vw, 1024px\" \/><\/a><figcaption><em><a href=\"https:\/\/www.ufukonen.com\/tr\/ufuk-onen-ses-muzik-teknolojisi-miks-kitaplar.html\" data-type=\"post\" data-id=\"5725\" target=\"_blank\" rel=\"noreferrer noopener\">Ufuk \u00d6nen\u2019in ses ve m\u00fczik teknolojileri, m\u00fczik prod\u00fcksiyonu, m\u00fczik miksi ve synthesizer \u00fczerine yazm\u0131\u015f oldu\u011fu kitaplar\u0131n tan\u0131t\u0131m metinleri ve online sat\u0131\u015f linkleri i\u00e7in t\u0131klay\u0131n.<\/a><\/em><\/figcaption><\/figure>\n","protected":false},"excerpt":{"rendered":"<p class=\"post-excerpt\">Benim i\u00e7in \u00e7ok \u00f6nemli olan bir projeyi hayata ge\u00e7irmenin mutlulu\u011funu ya\u015f\u0131yorum: Sounding Off: The Next Generation of Women in Sound&#8230;<\/p>\n","protected":false},"author":2,"featured_media":8044,"comment_status":"closed","ping_status":"open","sticky":false,"template":"","format":"standard","meta":{"_mi_skip_tracking":false,"spay_email":"","jetpack_publicize_message":"","jetpack_is_tweetstorm":false,"jetpack_publicize_feature_enabled":true},"categories":[4,21,19,18],"tags":[],"jetpack_featured_media_url":"https:\/\/www.ufukonen.com\/tr\/wp-content\/uploads\/Sounding_Off_2023_00_Header_2.jpg","jetpack_publicize_connections":[],"jetpack_shortlink":"https:\/\/wp.me\/p3rjsG-26A","jetpack_sharing_enabled":true,"jetpack-related-posts":[{"id":8024,"url":"https:\/\/www.ufukonen.com\/tr\/sounding-off-2023-bilkent.html","url_meta":{"origin":8096,"position":0},"title":"Sounding Off: Gelece\u011fin Ses Getirecek Kad\u0131nlar\u0131 \u0130le Bulu\u015fuyoruz","date":"April 24, 2023","format":false,"excerpt":"Benim i\u00e7in \u00e7ok \u00f6nemli olan bir projeyi hayata ge\u00e7irmenin mutlulu\u011funu ya\u015f\u0131yorum \ud83d\ude0e Gelece\u011fin ses getirecek kad\u0131nlar\u0131n\u0131 Bilkent \u00dcniversitesi'nde misafir ediyoruz! Amerikan B\u00fcy\u00fckel\u00e7ili\u011fi taraf\u0131ndan desteklenen bu projenin detaylar\u0131 ile proje ekibinin ve se\u00e7ilen kat\u0131l\u0131mc\u0131lar\u0131n listesini a\u015fa\u011f\u0131da bulabilirsiniz. Etkinlik Bilkent COMD YouTube \u00fczerinden canl\u0131 olarak yay\u0131nlanacak ve herkese a\u00e7\u0131k olacak: Canl\u0131 yay\u0131n\u2026","rel":"","context":"In &quot;Ders &amp; Workshop&quot;","img":{"alt_text":"","src":"https:\/\/i0.wp.com\/www.ufukonen.com\/tr\/wp-content\/uploads\/Sounding_Off_2023_00_Header_2.jpg?resize=350%2C200&ssl=1","width":350,"height":200},"classes":[]},{"id":7982,"url":"https:\/\/www.ufukonen.com\/tr\/sounding-off-2023.html","url_meta":{"origin":8096,"position":1},"title":"Gelece\u011fin Ses Getirecek Kad\u0131nlar\u0131n\u0131 Ar\u0131yoruz","date":"March 13, 2023","format":false,"excerpt":"Benim i\u00e7in \u00e7ok \u00f6nemli olan bir projeyi hayata ge\u00e7irmenin mutlulu\u011funu ya\u015f\u0131yorum \ud83d\ude0e Gelece\u011fin ses getirecek kad\u0131nlar\u0131n\u0131 Bilkent \u00dcniversitesi'nde misafir ediyoruz! Amerikan B\u00fcy\u00fckel\u00e7ili\u011fi taraf\u0131ndan desteklenen bu projenin detaylar\u0131n\u0131, a\u00e7\u0131k \u00e7a\u011fr\u0131s\u0131n\u0131 ve ba\u015fvuru formunu a\u015fa\u011f\u0131da bulabilirsiniz. Son ba\u015fvuru tarihi: 27 Mart 2023 E\u011fitimcilerin tam listesini ve detayl\u0131 program\u0131 \u00e7ok yak\u0131nda bu sayfada\u2026","rel":"","context":"In &quot;Konferans&quot;","img":{"alt_text":"","src":"https:\/\/i0.wp.com\/www.ufukonen.com\/tr\/wp-content\/uploads\/Sounding_Off_2023_00_Header.jpg?resize=350%2C200&ssl=1","width":350,"height":200},"classes":[]},{"id":164,"url":"https:\/\/www.ufukonen.com\/tr\/atmm-2012-muzik-ve-medya-icin-ses-teknolojileri-konferansi.html","url_meta":{"origin":8096,"position":2},"title":"&#8220;ATMM 2012: M\u00fczik ve Medya i\u00e7in Ses Teknolojileri Konferans\u0131&#8221;","date":"June 17, 2012","format":false,"excerpt":"1-2 Kas\u0131m 2012 tarihlerinde Ankara, Bilkent \u00dcniversitesi'nde, \u0130leti\u015fim ve Tasar\u0131m B\u00f6l\u00fcm\u00fc'n\u00fcn (COMD) ev sahipli\u011finde ger\u00e7ekle\u015ftirilen Audio Technologies for Music and Media (ATMM) konferans\u0131 ile ilgili olarak yazd\u0131\u011f\u0131m ve Sound dergisinin 2012 May\u0131s say\u0131s\u0131nda yay\u0131nlanan\u00a0\"ATMM 2012: M\u00fczik ve Medya i\u00e7in Ses Teknolojileri Konferans\u0131\" ba\u015fl\u0131kl\u0131 yaz\u0131m... \u00a0 ATMM 2012: M\u00fczik ve Medya\u2026","rel":"","context":"In &quot;ATMM&quot;","img":{"alt_text":"","src":"https:\/\/i0.wp.com\/www.ufukonen.com\/tr\/wp-content\/uploads\/ATMM-AD_20121015.jpg?resize=350%2C200&ssl=1","width":350,"height":200},"classes":[]},{"id":4087,"url":"https:\/\/www.ufukonen.com\/tr\/film-sesleri-2.html","url_meta":{"origin":8096,"position":3},"title":"Film Sesleri (2. B\u00f6l\u00fcm)","date":"September 3, 2018","format":false,"excerpt":"Yaz\u0131n\u0131n birinci b\u00f6l\u00fcm\u00fcn\u00fc okumak i\u00e7in t\u0131klay\u0131n\u0131z. \u00a0 Ses Efektleri (1. b\u00f6l\u00fcmden devam) Ses efektleri bunlarla s\u0131n\u0131rl\u0131 de\u011fildir. \u0130nsan ve e\u015fyalara ba\u011fl\u0131 sesler, ses efektleri i\u00e7inde ayr\u0131 bir grubu olu\u015fturur. Bu gruba \u00f6rnek olarak ayak sesleri, barda\u011f\u0131 masaya koydu\u011fumuzda \u00e7\u0131kan ses ve elbise h\u0131\u015f\u0131rt\u0131lar\u0131n\u0131 g\u00f6sterebiliriz. \u0130nsan ve e\u015fyalara ba\u011fl\u0131 sesler st\u00fcdyoda\u2026","rel":"","context":"In &quot;Ses Tasar\u0131m\u0131&quot;","img":{"alt_text":"","src":"https:\/\/i0.wp.com\/www.ufukonen.com\/tr\/wp-content\/uploads\/film_sesleri_2.jpg?resize=350%2C200&ssl=1","width":350,"height":200},"classes":[]},{"id":6697,"url":"https:\/\/www.ufukonen.com\/tr\/apple-music-dolby-atmos-uzamsal-ses.html","url_meta":{"origin":8096,"position":4},"title":"Apple Music ve Dolby Atmos Destekli Uzamsal Ses","date":"June 28, 2021","format":false,"excerpt":"Apple, WWDC etkinli\u011finde Apple Music kullan\u0131c\u0131lar\u0131n\u0131n herhangi bir ek \u00fccret \u00f6demeden kay\u0131ps\u0131z ses (lossless audio) ve Dolby Atmos destekli uzamsal ses (spatial audio) \u00f6zelliklerinden yararlanabilece\u011fini duyurmu\u015ftu. Ge\u00e7ti\u011fimiz g\u00fcnlerde bu \u00f6zellikler kullan\u0131c\u0131larla bulu\u015ftu. Tahmin etti\u011fim gibi esas ilgi \u00e7eken kay\u0131ps\u0131z ses de\u011fil, Dolby Atmos destekli uzamsal ses \u00f6zelli\u011fi oldu. Dolby Atmos\u2026","rel":"","context":"In &quot;Ses ve M\u00fczik Teknolojileri&quot;","img":{"alt_text":"","src":"https:\/\/i0.wp.com\/www.ufukonen.com\/tr\/wp-content\/uploads\/Apple_Music_Dolby_Atmos_Uzamsal_Ses_00_Header.jpg?resize=350%2C200&ssl=1","width":350,"height":200},"classes":[]},{"id":4178,"url":"https:\/\/www.ufukonen.com\/tr\/daw-video.html","url_meta":{"origin":8096,"position":5},"title":"DAW \u0130\u00e7inde Video Dosyalar\u0131 ile \u00c7al\u0131\u015fmak","date":"September 17, 2018","format":false,"excerpt":"Eskiden bilgisayarda sequencer ile g\u00f6r\u00fcnt\u00fc i\u00e7in m\u00fczik \u00fczerine \u00e7al\u0131\u015f\u0131rken ya da bir ses program\u0131 kullanarak video veya film i\u00e7in ses tasar\u0131m\u0131, audio editing' ve benzeri bir i\u015f yaparken g\u00f6r\u00fcnt\u00fc ile e\u015f zamanl\u0131 \u00e7al\u0131\u015fman\u0131n tek yolu, bilgisayar\u0131 time code ve synchronizer arac\u0131l\u0131\u011f\u0131 ile video kay\u0131t cihaz\u0131na senkronize etmekti. Ev ortam\u0131nda \u00e7al\u0131\u015f\u0131rken\u2026","rel":"","context":"In &quot;Ses Tasar\u0131m\u0131&quot;","img":{"alt_text":"","src":"https:\/\/i0.wp.com\/www.ufukonen.com\/tr\/wp-content\/uploads\/DAW_Video.jpg?resize=350%2C200&ssl=1","width":350,"height":200},"classes":[]}],"_links":{"self":[{"href":"https:\/\/www.ufukonen.com\/tr\/wp-json\/wp\/v2\/posts\/8096"}],"collection":[{"href":"https:\/\/www.ufukonen.com\/tr\/wp-json\/wp\/v2\/posts"}],"about":[{"href":"https:\/\/www.ufukonen.com\/tr\/wp-json\/wp\/v2\/types\/post"}],"author":[{"embeddable":true,"href":"https:\/\/www.ufukonen.com\/tr\/wp-json\/wp\/v2\/users\/2"}],"replies":[{"embeddable":true,"href":"https:\/\/www.ufukonen.com\/tr\/wp-json\/wp\/v2\/comments?post=8096"}],"version-history":[{"count":20,"href":"https:\/\/www.ufukonen.com\/tr\/wp-json\/wp\/v2\/posts\/8096\/revisions"}],"predecessor-version":[{"id":8123,"href":"https:\/\/www.ufukonen.com\/tr\/wp-json\/wp\/v2\/posts\/8096\/revisions\/8123"}],"wp:featuredmedia":[{"embeddable":true,"href":"https:\/\/www.ufukonen.com\/tr\/wp-json\/wp\/v2\/media\/8044"}],"wp:attachment":[{"href":"https:\/\/www.ufukonen.com\/tr\/wp-json\/wp\/v2\/media?parent=8096"}],"wp:term":[{"taxonomy":"category","embeddable":true,"href":"https:\/\/www.ufukonen.com\/tr\/wp-json\/wp\/v2\/categories?post=8096"},{"taxonomy":"post_tag","embeddable":true,"href":"https:\/\/www.ufukonen.com\/tr\/wp-json\/wp\/v2\/tags?post=8096"}],"curies":[{"name":"wp","href":"https:\/\/api.w.org\/{rel}","templated":true}]}}