{"id":8136,"date":"2023-11-13T01:00:00","date_gmt":"2023-11-12T22:00:00","guid":{"rendered":"https:\/\/www.ufukonen.com\/tr\/?p=8136"},"modified":"2023-11-09T00:03:01","modified_gmt":"2023-11-08T21:03:01","slug":"kompresor-kullaniminda-yapilan-7-yanlis","status":"publish","type":"post","link":"https:\/\/www.ufukonen.com\/tr\/kompresor-kullaniminda-yapilan-7-yanlis.html","title":{"rendered":"Kompres\u00f6r Kullan\u0131m\u0131nda Yap\u0131lan 7 Yanl\u0131\u015f"},"content":{"rendered":"\n<p>Bu yaz\u0131mda sizlerle \u00f6zellikle m\u00fczik prod\u00fcksiyonuna yeni ba\u015flayanlar\u0131n kompres\u00f6r kullan\u0131m\u0131nda s\u0131kl\u0131kla yapt\u0131\u011f\u0131 yedi yanl\u0131\u015f\u0131 payla\u015faca\u011f\u0131m. Bu yanl\u0131\u015flardan birini veya birka\u00e7\u0131n\u0131 siz de yap\u0131yor olabilirsiniz. Yap\u0131yorsan\u0131z sorun de\u011fil. Yanl\u0131\u015flar\u0131 d\u00fczeltmek o kadar da zor de\u011fil. \u00d6nemli olan yanl\u0131\u015f\u0131n yanl\u0131\u015f oldu\u011funu tespit edebilmek.&nbsp;<\/p>\n\n\n\n<p>Hemen ba\u015flayal\u0131m&#8230;<\/p>\n\n\n\n<h3><strong>1. Ezberden veya Otomatik Olarak Kompres\u00f6r Kullanmak&nbsp;<\/strong><\/h3>\n\n\n\n<p>Kompres\u00f6r kullan\u0131m\u0131na ili\u015fkin en yayg\u0131n olarak yap\u0131lan yanl\u0131\u015f, ezberden veya otomatik olarak kompres\u00f6r kullanmakt\u0131r. Di\u011fer bir deyi\u015fle,&nbsp; kanala, hatta hemen hemen t\u00fcm kanallara, d\u00fc\u015f\u00fcnmeden kompres\u00f6r insert etmek.&nbsp;<\/p>\n\n\n\n<p>Peki, bu neden yanl\u0131\u015f? Yanl\u0131\u015f \u00e7\u00fcnk\u00fc kompres\u00f6r insert etmeden \u00f6nce \u015fu soruyu sormak, sonras\u0131nda da bu sorunun cevab\u0131na g\u00f6re hareket etmek gerekiyor: &#8220;Bu kanal\u0131n&nbsp; kompres\u00f6re ihtiyac\u0131 var m\u0131?&#8221; E\u011fer cevap &#8220;hay\u0131r&#8221; ise kompres\u00f6r kullanmaya gerek yok.&nbsp;<\/p>\n\n\n\n<p>\u00d6rne\u011fin, seviye ve velocity olarak d\u00fcmd\u00fcz giden duvar gibi bir synthesizer sesi d\u00fc\u015f\u00fcn\u00fcn. Bu enstr\u00fcman\u0131n kompres\u00f6re ihtiyac\u0131 yok.&nbsp;<\/p>\n\n\n\n<p>Bir ba\u015fka \u00f6rnek olarak, bol distortion&#8217;l\u0131 jilet gibi bir gitar tonu d\u00fc\u015f\u00fcn\u00fcn. Bu ton size haz\u0131r olarak gelmi\u015f. Muhtemelen ton olu\u015fturulurken gitarist tonun bir par\u00e7as\u0131 olarak kompres\u00f6r kullanm\u0131\u015f. Zaten distortion, gitar\u0131n seviye olarak dinamik bir yap\u0131da olmas\u0131na izin vermiyor.&nbsp; Bu kanal\u0131n kompres\u00f6re ihtiyac\u0131 var m\u0131? Hay\u0131r, yok!&nbsp;<\/p>\n\n\n\n<p>Di\u011fer yandan, kompres\u00f6re ihtiya\u00e7 olup olmad\u0131\u011f\u0131n\u0131 sordu\u011funuzda cevab\u0131n\u0131z sadece seviye kontrol\u00fc ile ilgili olmak zorunda de\u011fil. Kompres\u00f6r, bazen ton veya ses \u015fekillendirici olarak da kullan\u0131labiliyor. Haz\u0131r konu buraya gelmi\u015fken hemen ikinci maddeye ge\u00e7elim&#8230;<\/p>\n\n\n\n<div style=\"height:20px\" aria-hidden=\"true\" class=\"wp-block-spacer\"><\/div>\n\n\n\n<h3><strong>2. Amac\u0131n\u0131z\u0131n Net Olmamas\u0131<\/strong><\/h3>\n\n\n\n<p>Kompres\u00f6r kullan\u0131rken amac\u0131n\u0131z\u0131n net olmas\u0131 olmas\u0131 gerekiyor. Bunun i\u00e7in kendinize \u015fu sorular\u0131 sorabilirsiniz: Bu kanalda neden kompres\u00f6r kullan\u0131yorum? Ne elde etmeye \u00e7al\u0131\u015f\u0131yorum?<\/p>\n\n\n\n<p>Bu soruya \u00fc\u00e7 farkl\u0131 yan\u0131t verebiliriz.<\/p>\n\n\n\n<p>Birincisi, seviye kontrol\u00fc i\u00e7in. Bildi\u011finiz gibi, kompres\u00f6r asl\u0131nda otomatik seviye kontrol\u00fc i\u00e7in geli\u015ftirilmi\u015f bir cihaz. Dolay\u0131s\u0131yla kompres\u00f6r dedi\u011fimizde akl\u0131m\u0131za gelen ilk \u015fey, sinyaldeki seviye farkl\u0131l\u0131klar\u0131n\u0131n azalt\u0131lmas\u0131, di\u011fer bir deyi\u015fle sinyalin dinamik alan\u0131n\u0131n daralt\u0131lmas\u0131d\u0131r.&nbsp;<\/p>\n\n\n\n<p>\u0130kincisi, sesi \u015fekillendirmek i\u00e7in. Kompres\u00f6r sesin yap\u0131s\u0131n\u0131 de\u011fi\u015ftirebilen \u00e7ok g\u00fc\u00e7l\u00fc bir ara\u00e7. \u00d6zellikle \u00fczerindeki attack ve release parametreleri ile bir sesin zarf\u0131n\u0131 yani formunu de\u011fi\u015ftirmek m\u00fcmk\u00fcn. \u00d6rne\u011fin, k\u0131sa (h\u0131zl\u0131) bir attack s\u00fcresi kullanarak bir vurmal\u0131 \u00e7alg\u0131n\u0131n ilk vuru\u015f an\u0131n\u0131 seviye olarak azalt\u0131p sesinin formu \u00fczerinde ciddi de\u011fi\u015fiklikler yapabilirsiniz. Ba\u015fka bir \u00f6rnek, uzun (yava\u015f) bir attack s\u00fcresi kullanarak sesi daha vurgulu hale getirmek olabilir. T\u00fcm bunlar\u0131 kompres\u00f6r\u00fc seviye kontrolu i\u00e7in kullan\u0131rken yapabilece\u011finiz gibi, seviye kontrol\u00fcne ihtiyac\u0131n\u0131z olmad\u0131\u011f\u0131 durumlarda da sadece bu ama\u00e7la kompres\u00f6r kullanabilirsiniz.<\/p>\n\n\n\n<p>\u00dc\u00e7\u00fcnc\u00fcs\u00fc, ton i\u00e7in. Baz\u0131 kompres\u00f6rlerin (\u00f6zellikle vintage olarak tan\u0131mlad\u0131\u011f\u0131m\u0131z eski analog kompres\u00f6rlerin) kendilerine has \u00e7ok belirgin sound&#8217;lar\u0131 oluyor. Bunu sese renk katmak olarak da ifade edebiliriz. E\u011fer sese belli bir renk katmak, pe\u015finde oldu\u011funuz sound&#8217;un bir par\u00e7as\u0131 ise, bu durumda o kompres\u00f6r\u00fc sadece ton ama\u00e7l\u0131 olarak kanal\u0131n sinyal zincirine ekleyebilirsiniz. Hatta baz\u0131 durumlarda vintage bir kompres\u00f6r ton, modern bir kompres\u00f6r de seviye kontrol\u00fc i\u00e7in seri olarak kullan\u0131labiliyor.<\/p>\n\n\n\n<figure class=\"wp-block-image size-large\"><a href=\"https:\/\/www.ufukonen.com\/tr\/kompresor-teknikleri-2-seri.html\" target=\"_blank\" rel=\"noopener\"><img loading=\"lazy\" width=\"1024\" height=\"576\" src=\"https:\/\/www.ufukonen.com\/tr\/wp-content\/uploads\/Kompresor_Teknikleri_00_Header-1024x576.jpg\" alt=\"\" class=\"wp-image-5423\" srcset=\"https:\/\/www.ufukonen.com\/tr\/wp-content\/uploads\/Kompresor_Teknikleri_00_Header-1024x576.jpg 1024w, https:\/\/www.ufukonen.com\/tr\/wp-content\/uploads\/Kompresor_Teknikleri_00_Header-300x169.jpg 300w, https:\/\/www.ufukonen.com\/tr\/wp-content\/uploads\/Kompresor_Teknikleri_00_Header-768x432.jpg 768w, https:\/\/www.ufukonen.com\/tr\/wp-content\/uploads\/Kompresor_Teknikleri_00_Header-1536x864.jpg 1536w, https:\/\/www.ufukonen.com\/tr\/wp-content\/uploads\/Kompresor_Teknikleri_00_Header.jpg 1920w\" sizes=\"(max-width: 1024px) 100vw, 1024px\" \/><\/a><figcaption><a href=\"https:\/\/www.ufukonen.com\/tr\/kompresor-teknikleri-2-seri.html\" data-type=\"post\" data-id=\"5418\" target=\"_blank\" rel=\"noreferrer noopener\">&#x1f7e2; \u0130lgili yaz\u0131: &#8220;Kompres\u00f6r Teknikleri \u2013 2. B\u00f6l\u00fcm: Seri Kompres\u00f6r Kullan\u0131m\u0131&#8221;<\/a><\/figcaption><\/figure>\n\n\n\n<p>Sonu\u00e7 olarak, kompres\u00f6r kullan\u0131rken amac\u0131n\u0131z\u0131n, ne elde etmek istedi\u011finizin net olmas\u0131 gerekiyor.<\/p>\n\n\n\n<div style=\"height:20px\" aria-hidden=\"true\" class=\"wp-block-spacer\"><\/div>\n\n\n\n<h3><strong>3. Riding the Fader Tekni\u011fini Kullanmamak<\/strong><\/h3>\n\n\n\n<p>Riding the fader, miks s\u0131ras\u0131nda sinyal seviyelerini fader ile ayarlama (seviye olarak d\u00fc\u015f\u00fck yerleri a\u00e7\u0131p, y\u00fcksek yerleri k\u0131sma) i\u015flemi i\u00e7in kullan\u0131lan, analog mikserler zaman\u0131nda ortaya \u00e7\u0131km\u0131\u015f bir terimdir. O zamanlar miks s\u0131ras\u0131nda m\u00fchendisler par\u00e7adaki t\u00fcm fader hareketlerini ezberleyip, miks stereo banda bas\u0131l\u0131rken bunlar\u0131 ger\u00e7ek zamanl\u0131 olarak tekrar ediyordu. Bazen bir m\u00fchendisin yeti\u015femedi\u011fi durumlarda iki, hatta \u00fc\u00e7 ki\u015fi fader hareketlerini ger\u00e7ekle\u015ftiriyordu. En ufak bir hatada ba\u015fa d\u00f6nmek gerekiyordu.<\/p>\n\n\n\n<p>B\u00fcy\u00fck st\u00fcdyolardaki kay\u0131t konsollar\u0131n\u0131n baz\u0131lar\u0131nda otomasyon \u00f6zelli\u011fi vard\u0131. Bu, i\u015fleri kolayla\u015ft\u0131ran bir \u015feydi \u00e7\u00fcnk\u00fc b\u00fct\u00fcn fader hareketlerini tek tek haf\u0131zaya almak m\u00fcmk\u00fcn oluyordu.&nbsp;<\/p>\n\n\n\n<p>Bug\u00fcn art\u0131k bir\u00e7ok miks \u2018in-the-box\u2019 yap\u0131l\u0131yor. Asl\u0131nda de\u011fi\u015fen bir \u015fey yok \u00e7\u00fcnk\u00fc riding the fader y\u00f6ntemi bilgisayar i\u00e7inde yap\u0131lan miksler i\u00e7in de ge\u00e7erli. Mouse ile kanal\u0131n vol\u00fcm seviyelerini \u00e7izgiler \u00e7izerek ayarlad\u0131\u011f\u0131n\u0131zda asl\u0131nda riding the fader y\u00f6ntemini uygulam\u0131\u015f oluyorsunuz. Tabii bunu mouse yerine bir kontrol \u00fcnitesiyle yapmak da m\u00fcmk\u00fcn.<\/p>\n\n\n\n<figure class=\"wp-block-image size-large is-resized\"><a href=\"https:\/\/www.ufukonen.com\/tr\/clip-gain-ve-gain-staging.html\" target=\"_blank\" rel=\"noopener\"><img loading=\"lazy\" src=\"https:\/\/www.ufukonen.com\/tr\/wp-content\/uploads\/Clip_Gain_Volum_Otomasyon_Gain_Staging_720-1024x576.jpg\" alt=\"\" class=\"wp-image-5206\" width=\"840\" height=\"472\" srcset=\"https:\/\/www.ufukonen.com\/tr\/wp-content\/uploads\/Clip_Gain_Volum_Otomasyon_Gain_Staging_720-1024x576.jpg 1024w, https:\/\/www.ufukonen.com\/tr\/wp-content\/uploads\/Clip_Gain_Volum_Otomasyon_Gain_Staging_720-300x169.jpg 300w, https:\/\/www.ufukonen.com\/tr\/wp-content\/uploads\/Clip_Gain_Volum_Otomasyon_Gain_Staging_720-768x432.jpg 768w, https:\/\/www.ufukonen.com\/tr\/wp-content\/uploads\/Clip_Gain_Volum_Otomasyon_Gain_Staging_720.jpg 1280w\" sizes=\"(max-width: 840px) 100vw, 840px\" \/><\/a><figcaption><a href=\"https:\/\/www.ufukonen.com\/tr\/clip-gain-ve-gain-staging.html\" data-type=\"post\" data-id=\"5187\" target=\"_blank\" rel=\"noreferrer noopener\">&#x1f7e2; \u0130lgili yaz\u0131: &#8220;Clip Gain ile Vol\u00fcm Otomasyonu Aras\u0131ndaki Fark ve Gain Staging&#8221;&nbsp;<\/a><\/figcaption><\/figure>\n\n\n\n<p>Baz\u0131 durumlarda kompres\u00f6re ihtiya\u00e7 kalmadan seviye ayarlamalar\u0131n\u0131 sadece riding the fader tekni\u011fiyle yapmak m\u00fcmk\u00fcn. Benim g\u00f6rd\u00fc\u011f\u00fcm, s\u0131kl\u0131kla yap\u0131lan esas yanl\u0131\u015f ise, kompres\u00f6r kullan\u0131rken riding the fader tekni\u011fini kullanmamak. Di\u011fer bir deyi\u015fle, t\u00fcm seviye kontrol\u00fcn\u00fc kompres\u00f6re b\u0131rakmak, kompres\u00f6r\u00fc bu \u015fekilde \u00e7al\u0131\u015fmas\u0131 i\u00e7in ayarlamak. Bu \u015fekilde kullan\u0131ld\u0131\u011f\u0131nda kompres\u00f6r sese yer yer a\u015f\u0131r\u0131 bir \u015fekilde m\u00fcdahale etmeye ba\u015fl\u0131yor, baz\u0131 durumlarda ise istemsiz olarak sesin formunu de\u011fi\u015ftiriyor. Do\u011fru olan kompres\u00f6r ile birlikte riding the fader tekni\u011fini de kullanmak. Yani temel seviye kontrol\u00fcn\u00fc kompres\u00f6re yapt\u0131r\u0131p, detayl\u0131 seviye de\u011fi\u015fikliklerini par\u00e7an\u0131n ihtiya\u00e7lar\u0131na g\u00f6re manuel olarak yapmak ve bunu otomasyona yazmak.<\/p>\n\n\n\n<div style=\"height:20px\" aria-hidden=\"true\" class=\"wp-block-spacer\"><\/div>\n\n\n\n<h3><strong>4. Sadece Preset Kullanmak<\/strong><\/h3>\n\n\n\n<p>S\u0131kl\u0131kla yap\u0131lan di\u011fer yanl\u0131\u015f da sadece preset kullanmak. Burada &#8220;sadece&#8221; kelimesinin alt\u0131n\u0131 \u00e7izmek istiyorum. Bir kanala kompres\u00f6r insert etti\u011finizde ayarlar\u0131 yaparken bir preset se\u00e7erek i\u015fe ba\u015flamakta hi\u00e7bir sorun yok. Plug-in&#8217;lerin \u00fczerindeki preset&#8217;ler genellikle \u00e7ok iyi tasarlanm\u0131\u015f oluyor. O kanala en uygun oldu\u011funu d\u00fc\u015f\u00fcnd\u00fc\u011f\u00fcn\u00fcz preset&#8217;i se\u00e7ip sonras\u0131nda parametrelere ince ayar yaparak kanaldaki sinyali tam istedi\u011finiz gibi i\u015fleyebilirsiniz. Ayarlar\u0131 s\u0131f\u0131rdan yapmak zorunda de\u011filsiniz. Di\u011fer yandan, sadece preset kullan\u0131p iyi bir sonu\u00e7 almay\u0131 bekleyemezsiniz. Belki birka\u00e7 sefer \u015fans\u0131n\u0131z yaver gider ama o kadar.&nbsp;<\/p>\n\n\n\n<p>E\u011fer &#8220;m\u00fczik prod\u00fcksiyonu yap\u0131yorum&#8221; veya &#8220;miks yap\u0131yorum&#8221; diyorsan\u0131z kompres\u00f6r\u00fc kullanmay\u0131 bilmeniz gerekiyor. \u00d6zellikle threshold, ratio, attack ve release parametrelerinin ne i\u015fe yarad\u0131\u011f\u0131n\u0131, bunlar\u0131 kendi ama\u00e7lar\u0131n\u0131z i\u00e7in nas\u0131l kullanabilece\u011finizi \u00f6\u011frenmeniz gerekiyor. \u00d6\u011frenmek de yetmiyor, farkl\u0131 enstr\u00fcmanlarla ve farkl\u0131 m\u00fczik t\u00fcrlerinde denemeler yapmak gerekiyor.<\/p>\n\n\n\n<figure class=\"wp-block-image size-large\"><a href=\"https:\/\/www.ufukonen.com\/tr\/kompresor-threshold-ratio-gain-reduction.html\" target=\"_blank\" rel=\"noopener\"><img loading=\"lazy\" width=\"1024\" height=\"576\" src=\"https:\/\/www.ufukonen.com\/tr\/wp-content\/uploads\/Kompresor_Threshold_Ratio_Gain_Reduction-1024x576.jpg\" alt=\"\" class=\"wp-image-6018\" srcset=\"https:\/\/www.ufukonen.com\/tr\/wp-content\/uploads\/Kompresor_Threshold_Ratio_Gain_Reduction-1024x576.jpg 1024w, https:\/\/www.ufukonen.com\/tr\/wp-content\/uploads\/Kompresor_Threshold_Ratio_Gain_Reduction-300x169.jpg 300w, https:\/\/www.ufukonen.com\/tr\/wp-content\/uploads\/Kompresor_Threshold_Ratio_Gain_Reduction-768x432.jpg 768w, https:\/\/www.ufukonen.com\/tr\/wp-content\/uploads\/Kompresor_Threshold_Ratio_Gain_Reduction-1536x864.jpg 1536w, https:\/\/www.ufukonen.com\/tr\/wp-content\/uploads\/Kompresor_Threshold_Ratio_Gain_Reduction-1140x641.jpg 1140w, https:\/\/www.ufukonen.com\/tr\/wp-content\/uploads\/Kompresor_Threshold_Ratio_Gain_Reduction-552x311.jpg 552w, https:\/\/www.ufukonen.com\/tr\/wp-content\/uploads\/Kompresor_Threshold_Ratio_Gain_Reduction.jpg 1920w\" sizes=\"(max-width: 1024px) 100vw, 1024px\" \/><\/a><figcaption><a href=\"https:\/\/www.ufukonen.com\/tr\/kompresor-threshold-ratio-gain-reduction.html\" data-type=\"post\" data-id=\"6013\" target=\"_blank\" rel=\"noreferrer noopener\">&#x1f7e2; \u0130lgili yaz\u0131: &#8220;Kompres\u00f6r Kullan\u0131m\u0131nda Threshold, Ratio ve Gain Reduction \u0130li\u015fkisi&#8221;<\/a><\/figcaption><\/figure>\n\n\n\n<p>Sonu\u00e7 olarak, kompres\u00f6r kullan\u0131yorsan\u0131z kompres\u00f6r\u00fc kullanmay\u0131 ger\u00e7ekten bilmeniz gerekiyor. Ba\u015fka yolu yok! <\/p>\n\n\n\n<div style=\"height:20px\" aria-hidden=\"true\" class=\"wp-block-spacer\"><\/div>\n\n\n\n<h3><strong>5. Attack ve Release S\u00fcrelerini Yanl\u0131\u015f Ayarlamak ya da Ayarlamamak<\/strong><\/h3>\n\n\n\n<p>Yukar\u0131da da belirtti\u011fim gibi, kompres\u00f6r sesin formu \u00fczerinde de\u011fi\u015fiklik yapabilen \u00e7ok g\u00fc\u00e7l\u00fc bir ara\u00e7. \u00d6zellikle de attack ve release parametreleri \u00e7ok kritik. Kompres\u00f6r kullan\u0131rken bu iki parametreye \u00e7ok dikkat etmek gerekiyor. Attack ve release s\u00fcrelerini yanl\u0131\u015f ayarlamak veya hi\u00e7 ayarlamamak (yani i\u015fi adeta \u015fansa b\u0131rakmak) sesin formu \u00fczerinde istem d\u0131\u015f\u0131 de\u011fi\u015fikliklere yol a\u00e7abiliyor.&nbsp;<\/p>\n\n\n\n<figure class=\"wp-block-image size-large\"><a href=\"https:\/\/www.ufukonen.com\/tr\/kompresor-attack-suresi-gorsel.html\" target=\"_blank\" rel=\"noopener\"><img loading=\"lazy\" width=\"1024\" height=\"576\" src=\"https:\/\/www.ufukonen.com\/tr\/wp-content\/uploads\/Attack_Header_b_1280x720_rfs-1024x576.jpg\" alt=\"\" class=\"wp-image-4800\" srcset=\"https:\/\/www.ufukonen.com\/tr\/wp-content\/uploads\/Attack_Header_b_1280x720_rfs-1024x576.jpg 1024w, https:\/\/www.ufukonen.com\/tr\/wp-content\/uploads\/Attack_Header_b_1280x720_rfs-300x169.jpg 300w, https:\/\/www.ufukonen.com\/tr\/wp-content\/uploads\/Attack_Header_b_1280x720_rfs-768x432.jpg 768w, https:\/\/www.ufukonen.com\/tr\/wp-content\/uploads\/Attack_Header_b_1280x720_rfs.jpg 1280w\" sizes=\"(max-width: 1024px) 100vw, 1024px\" \/><\/a><figcaption><a href=\"https:\/\/www.ufukonen.com\/tr\/kompresor-attack-suresi-gorsel.html\" data-type=\"post\" data-id=\"4787\" target=\"_blank\" rel=\"noreferrer noopener\">&#x1f7e2; \u0130lgili yaz\u0131: &#8220;Kompres\u00f6r Attack S\u00fcresinin Sese Etkisini G\u00f6rselle\u015ftirecek Olursak\u2026&#8221;&nbsp;<\/a><\/figcaption><\/figure>\n\n\n\n<p>Attack ve release s\u00fcrelerini ayarlamay\u0131 \u00f6\u011frenmek i\u00e7in iyi bir y\u00f6ntem preset&#8217;leri inceleyip hangi enstr\u00fcmanlarda hangi sonu\u00e7lar\u0131 almak i\u00e7in attack ve release s\u00fcrelerini nas\u0131l ayarlad\u0131klar\u0131n\u0131 incelemek. \u00d6rnek olarak, &#8216;punchy kick&#8217; veya &#8216;mellow bass&#8217; i\u00e7in nas\u0131l ayarlar kullanm\u0131\u015flar? Farkl\u0131 plug-in&#8217;lerde benzer isimli preset&#8217;lerin attack ve release s\u00fcrelerini kar\u015f\u0131la\u015ft\u0131rd\u0131\u011f\u0131n\u0131zda farkl\u0131l\u0131klar g\u00f6r\u00fcyor musunuz? Sonra da tabii bol bol deneme yapmak gerekiyor.<\/p>\n\n\n\n<div style=\"height:20px\" aria-hidden=\"true\" class=\"wp-block-spacer\"><\/div>\n\n\n\n<h3><strong>6. Yanl\u0131\u015f Kompres\u00f6r Tipi Se\u00e7mek&nbsp;<\/strong><\/h3>\n\n\n\n<p>Farkl\u0131 farkl\u0131 kompres\u00f6r tipleri var&#8230; Tube\/VariMu, optical, FET, VCA&#8230; Bir sinyali farkl\u0131 tip kompres\u00f6rlere g\u00f6nderdi\u011finizde, benzer ayarlarda bile, de\u011fi\u015fik sonu\u00e7lar al\u0131yorsunuz. \u00d6rnek olarak, 1176 gibi bir FET kompres\u00f6r ile dbx 160 gibi bir VCA kompres\u00f6r aras\u0131nda ger\u00e7ekten b\u00fcy\u00fck farklar var. Bu, birinin di\u011ferinden daha iyi oldu\u011fu anlam\u0131na gelmiyor. Sadece kompres\u00f6r se\u00e7erken bu se\u00e7imi bilin\u00e7li bir \u015fekilde yapmak gerekiyor.&nbsp;<\/p>\n\n\n\n<figure class=\"wp-block-image size-large\"><a href=\"https:\/\/www.ufukonen.com\/tr\/favori-kompresor-plugin.html\" target=\"_blank\" rel=\"noopener\"><img loading=\"lazy\" width=\"1024\" height=\"576\" src=\"https:\/\/www.ufukonen.com\/tr\/wp-content\/uploads\/Favori_Kompressor_Pluginlerim_00_Header-1024x576.jpg\" alt=\"\" class=\"wp-image-6860\" srcset=\"https:\/\/www.ufukonen.com\/tr\/wp-content\/uploads\/Favori_Kompressor_Pluginlerim_00_Header-1024x576.jpg 1024w, https:\/\/www.ufukonen.com\/tr\/wp-content\/uploads\/Favori_Kompressor_Pluginlerim_00_Header-300x169.jpg 300w, https:\/\/www.ufukonen.com\/tr\/wp-content\/uploads\/Favori_Kompressor_Pluginlerim_00_Header-768x432.jpg 768w, https:\/\/www.ufukonen.com\/tr\/wp-content\/uploads\/Favori_Kompressor_Pluginlerim_00_Header-1536x864.jpg 1536w, https:\/\/www.ufukonen.com\/tr\/wp-content\/uploads\/Favori_Kompressor_Pluginlerim_00_Header-1140x641.jpg 1140w, https:\/\/www.ufukonen.com\/tr\/wp-content\/uploads\/Favori_Kompressor_Pluginlerim_00_Header-552x311.jpg 552w, https:\/\/www.ufukonen.com\/tr\/wp-content\/uploads\/Favori_Kompressor_Pluginlerim_00_Header.jpg 1920w\" sizes=\"(max-width: 1024px) 100vw, 1024px\" \/><\/a><figcaption><a href=\"https:\/\/www.ufukonen.com\/tr\/favori-kompresor-plugin.html\" data-type=\"post\" data-id=\"6844\" target=\"_blank\" rel=\"noreferrer noopener\">&#x1f7e2; \u0130lgili yaz\u0131: &#8220;Favori Kompres\u00f6r Plug-in\u2019lerim&#8221;<\/a><\/figcaption><\/figure>\n\n\n\n<p>E\u011fer kompres\u00f6r tipleri hakk\u0131nda fazla bilginiz ve deneyiminiz yoksa veya vintage kompres\u00f6rler ilginizi \u00e7ekmiyorsa benim tavsiyem FabFilter Pro-C 2 gibi modern bir kompres\u00f6r plug-in&#8217;i kullanman\u0131z y\u00f6n\u00fcnde olur.<\/p>\n\n\n\n<div style=\"height:20px\" aria-hidden=\"true\" class=\"wp-block-spacer\"><\/div>\n\n\n\n<h3><strong>7. Gerekti\u011finden Fazla S\u0131k\u0131\u015ft\u0131rma<\/strong><\/h3>\n\n\n\n<p>\u0130ngilizcede &#8220;stating the obvious&#8221; diye bir s\u00f6z vard\u0131r; T\u00fcrk\u00e7ede &#8220;zaten bilineni dile getirmek&#8221; anlam\u0131na gelir. Bu son ba\u015fl\u0131k da \u00f6yle ama yine de yazmadan edemedim \u00e7\u00fcnk\u00fc bu yanl\u0131\u015fla s\u0131k s\u0131k kar\u015f\u0131la\u015f\u0131yorum. <\/p>\n\n\n\n<p>Sinyali \u00e7ok s\u0131k\u0131\u015ft\u0131rmamak, &#8216;over compress&#8217; etmemek gerekiyor. Mikslerde, \u00f6zellikle m\u00fczik prod\u00fcksiyon alan\u0131nda yeni olanlar\u0131n mikslerinde, baz\u0131 enstr\u00fcmanlar\u0131n a\u015f\u0131r\u0131 bir \u015fekilde &#8220;kompres edildi\u011fini&#8221; duyuyorum. Bunun teknik bir gereksinimden dolay\u0131 ya da estetik bir karar sonucunda yap\u0131lmad\u0131\u011f\u0131 da belli oluyor. Buna dikkat etmek laz\u0131m. Kompres\u00f6r kullan\u0131rken &#8220;az\u0131 karar, \u00e7o\u011fu zarar&#8221; felsefesiyle \u00e7al\u0131\u015fmak laz\u0131m.<\/p>\n\n\n\n<figure class=\"wp-block-image size-large is-resized\"><a href=\"https:\/\/www.ufukonen.com\/tr\/kompresor-mini-rehber.html\" target=\"_blank\" rel=\"noopener\"><img loading=\"lazy\" src=\"https:\/\/www.ufukonen.com\/tr\/wp-content\/uploads\/Kompresor_Mini_Rehber_00_Header-1024x576.jpg\" alt=\"\" class=\"wp-image-7452\" width=\"840\" height=\"472\" srcset=\"https:\/\/www.ufukonen.com\/tr\/wp-content\/uploads\/Kompresor_Mini_Rehber_00_Header-1024x576.jpg 1024w, https:\/\/www.ufukonen.com\/tr\/wp-content\/uploads\/Kompresor_Mini_Rehber_00_Header-300x169.jpg 300w, https:\/\/www.ufukonen.com\/tr\/wp-content\/uploads\/Kompresor_Mini_Rehber_00_Header-768x432.jpg 768w, https:\/\/www.ufukonen.com\/tr\/wp-content\/uploads\/Kompresor_Mini_Rehber_00_Header-1536x864.jpg 1536w, https:\/\/www.ufukonen.com\/tr\/wp-content\/uploads\/Kompresor_Mini_Rehber_00_Header-1140x641.jpg 1140w, https:\/\/www.ufukonen.com\/tr\/wp-content\/uploads\/Kompresor_Mini_Rehber_00_Header-552x311.jpg 552w, https:\/\/www.ufukonen.com\/tr\/wp-content\/uploads\/Kompresor_Mini_Rehber_00_Header.jpg 1920w\" sizes=\"(max-width: 840px) 100vw, 840px\" \/><\/a><figcaption><a href=\"https:\/\/www.ufukonen.com\/tr\/kompresor-mini-rehber.html\" data-type=\"post\" data-id=\"7446\" target=\"_blank\" rel=\"noreferrer noopener\">&#x1f7e2; \u0130lgili yaz\u0131: &#8220;Kompres\u00f6r: Mini Rehber&#8221; <\/a><\/figcaption><\/figure>\n\n\n\n<div style=\"height:20px\" aria-hidden=\"true\" class=\"wp-block-spacer\"><\/div>\n\n\n\n<p>Bu yaz\u0131mda sizlerle \u00f6zellikle m\u00fczik prod\u00fcksiyonuna yeni ba\u015flayanlar\u0131n kompres\u00f6r kullan\u0131m\u0131nda s\u0131kl\u0131kla yapt\u0131\u011f\u0131 yedi yanl\u0131\u015f\u0131 payla\u015ft\u0131m. Kompres\u00f6rler de dahil olmak \u00fczere ses kay\u0131t ve m\u00fczik prod\u00fcksiyonu ile ilgili t\u00fcm temel bilgileri <a href=\"https:\/\/www.ufukonen.com\/tr\/ufuk-onen-ses-muzik-teknolojisi-miks-kitaplar.html\" data-type=\"post\" data-id=\"5725\" target=\"_blank\" rel=\"noreferrer noopener\"><em>Ses Kay\u0131t ve M\u00fczik Teknolojileri<\/em> <\/a>adl\u0131 kitab\u0131mda bulabilirsiniz.<\/p>\n\n\n\n<figure class=\"wp-block-image size-large\"><a href=\"https:\/\/www.ufukonen.com\/tr\/ufuk-onen-ses-muzik-teknolojisi-miks-kitaplar.html\" target=\"_blank\" rel=\"noopener\"><img loading=\"lazy\" width=\"1024\" height=\"333\" src=\"https:\/\/www.ufukonen.com\/tr\/wp-content\/uploads\/Books-Drop-Shadow-2022-10-22-1920x625_rfs-1024x333.jpg\" alt=\"\" class=\"wp-image-8148\" srcset=\"https:\/\/www.ufukonen.com\/tr\/wp-content\/uploads\/Books-Drop-Shadow-2022-10-22-1920x625_rfs-1024x333.jpg 1024w, https:\/\/www.ufukonen.com\/tr\/wp-content\/uploads\/Books-Drop-Shadow-2022-10-22-1920x625_rfs-300x98.jpg 300w, https:\/\/www.ufukonen.com\/tr\/wp-content\/uploads\/Books-Drop-Shadow-2022-10-22-1920x625_rfs-768x250.jpg 768w, https:\/\/www.ufukonen.com\/tr\/wp-content\/uploads\/Books-Drop-Shadow-2022-10-22-1920x625_rfs-1536x500.jpg 1536w, https:\/\/www.ufukonen.com\/tr\/wp-content\/uploads\/Books-Drop-Shadow-2022-10-22-1920x625_rfs-1140x371.jpg 1140w, https:\/\/www.ufukonen.com\/tr\/wp-content\/uploads\/Books-Drop-Shadow-2022-10-22-1920x625_rfs-552x180.jpg 552w, https:\/\/www.ufukonen.com\/tr\/wp-content\/uploads\/Books-Drop-Shadow-2022-10-22-1920x625_rfs.jpg 1920w\" sizes=\"(max-width: 1024px) 100vw, 1024px\" \/><\/a><figcaption><a href=\"\u201cSes Kay\u0131t ve M\u00fczik Teknolojileri\u201d, \u201cMiks \u00dczerine\u201d ve \u201cSynthesizer Teknolojileri\u201d\" target=\"_blank\" rel=\"noreferrer noopener\">Kitaplar: \u201cSes Kay\u0131t ve M\u00fczik Teknolojileri\u201d, \u201cMiks \u00dczerine\u201d ve \u201cSynthesizer Teknolojileri\u201d<\/a><\/figcaption><\/figure>\n\n\n\n<div style=\"height:50px\" aria-hidden=\"true\" class=\"wp-block-spacer\"><\/div>\n\n\n\n<p>Teknik terimler i\u00e7in <a href=\"http:\/\/www.ufukonen.com\/tr\/ses-kayit-muzik-teknolojisi-terimler-sozluk.html\">m\u00fczik teknolojisi, m\u00fczik prod\u00fcksiyonu ve ses kay\u0131t terimleri s\u00f6zl\u00fc\u011f\u00fcne<\/a> g\u00f6z atabilirsiniz.<\/p>\n\n\n\n<p>Benzer payla\u015f\u0131mlar i\u00e7in beni <a rel=\"noreferrer noopener\" href=\"https:\/\/www.facebook.com\/ufukonen.skmt\/\" target=\"_blank\">Facebook<\/a>, <a href=\"https:\/\/www.instagram.com\/ufukonen\/\" target=\"_blank\" rel=\"noreferrer noopener\" aria-label=\"Instagram (opens in a new tab)\">Instagram<\/a> ve <a rel=\"noreferrer noopener\" href=\"https:\/\/twitter.com\/UfukOnen\" target=\"_blank\">Twitter<\/a>&#8216;da takip edebilir, haberler i\u00e7in <a rel=\"noreferrer noopener\" href=\"http:\/\/ufukonen.com\/tr\/ses-kayit-muzik-teknolojisi-terimler-sozluk.html\" target=\"_blank\">mesaj listeme \u00fcye olabilirsiniz<\/a>. Te\u015fekk\u00fcrler.<\/p>\n\n\n\n<p>\u00a9 2023 Ufuk \u00d6nen. Her hakk\u0131 sakl\u0131d\u0131r. \u0130zinsiz kullan\u0131lamaz.<\/p>\n","protected":false},"excerpt":{"rendered":"<p class=\"post-excerpt\">Bu yaz\u0131mda sizlerle \u00f6zellikle m\u00fczik prod\u00fcksiyonuna yeni ba\u015flayanlar\u0131n kompres\u00f6r kullan\u0131m\u0131nda s\u0131kl\u0131kla yapt\u0131\u011f\u0131 yedi yanl\u0131\u015f\u0131 payla\u015faca\u011f\u0131m. Bu yanl\u0131\u015flardan birini veya birka\u00e7\u0131n\u0131&#8230;<\/p>\n","protected":false},"author":2,"featured_media":8146,"comment_status":"closed","ping_status":"open","sticky":true,"template":"","format":"standard","meta":{"_mi_skip_tracking":false,"spay_email":"","jetpack_publicize_message":"","jetpack_is_tweetstorm":false,"jetpack_publicize_feature_enabled":true},"categories":[16,18],"tags":[],"jetpack_featured_media_url":"https:\/\/www.ufukonen.com\/tr\/wp-content\/uploads\/Kompresor_Kullanirken_Yapilan_7_Yanlis_00_Header.jpg","jetpack_publicize_connections":[],"jetpack_shortlink":"https:\/\/wp.me\/p3rjsG-27e","jetpack_sharing_enabled":true,"jetpack-related-posts":[{"id":5419,"url":"https:\/\/www.ufukonen.com\/tr\/kompresor-teknikleri-3-sidechain.html","url_meta":{"origin":8136,"position":0},"title":"Kompres\u00f6r Teknikleri &#8211; 3. B\u00f6l\u00fcm: Sidechain Kompres\u00f6r Kullan\u0131m\u0131","date":"February 10, 2020","format":false,"excerpt":"Bu yaz\u0131 dizisi \u00fc\u00e7 b\u00f6l\u00fcmden olu\u015fmaktad\u0131r. \u015eu anda okumakta oldu\u011funuz \u00fc\u00e7\u00fcnc\u00fc b\u00f6l\u00fcm sidechain kompres\u00f6r kullan\u0131m\u0131 \u00fczerine. Di\u011fer iki b\u00f6l\u00fcme a\u015fa\u011f\u0131daki linklerden ula\u015fabilirsiniz: Kompres\u00f6r Teknikleri - 1. B\u00f6l\u00fcm: Paralel Kompres\u00f6r Kullan\u0131m\u0131 Kompres\u00f6r Teknikleri - 2. B\u00f6l\u00fcm: Seri Kompres\u00f6r Kullan\u0131m\u0131 Bu teknikleri DAW i\u00e7inde nas\u0131l uygulayaca\u011f\u0131n\u0131z\u0131 Pro Tools ve Studio One ekran\u2026","rel":"","context":"In &quot;M\u00fczik Prod\u00fcksiyonu&quot;","img":{"alt_text":"","src":"https:\/\/i0.wp.com\/www.ufukonen.com\/tr\/wp-content\/uploads\/Kompresor_Teknikleri_00_Header.jpg?resize=350%2C200&ssl=1","width":350,"height":200},"classes":[]},{"id":5232,"url":"https:\/\/www.ufukonen.com\/tr\/riding-the-fader-2.html","url_meta":{"origin":8136,"position":1},"title":"Riding the Fader ve Kompres\u00f6r Kullan\u0131m\u0131 (2. B\u00f6l\u00fcm)","date":"December 9, 2019","format":false,"excerpt":"Yaz\u0131n\u0131n ilk b\u00f6l\u00fcm\u00fcn\u00fc okumak i\u00e7in buraya t\u0131klay\u0131n\u0131z Yaz\u0131n\u0131n \u00fc\u00e7\u00fcnc\u00fc b\u00f6l\u00fcm\u00fcn\u00fc okumak i\u00e7in buraya t\u0131klay\u0131n\u0131z S\u0131k\u00e7a Kullan\u0131lan: Kompres\u00f6r -> Riding the Fader Yukar\u0131da vokal \u00fczerinden \u00f6rneklendirdi\u011fim kullan\u0131m \u015feklinde sinyal ilk \u00f6nce kompres\u00f6re giriyor, kompres\u00f6rden sonra fader'a ula\u015f\u0131yor. Bunun sebebi, hemen hemen t\u00fcm mikserlerde insert noktas\u0131n\u0131n fader'dan \u00f6nce gelmesi. \"Aux Send: Pre-Fader\u2026","rel":"","context":"In &quot;M\u00fczik Prod\u00fcksiyonu&quot;","img":{"alt_text":"","src":"https:\/\/i0.wp.com\/www.ufukonen.com\/tr\/wp-content\/uploads\/Riding_the_Fader_Header_2_720.jpg?resize=350%2C200&ssl=1","width":350,"height":200},"classes":[]},{"id":7446,"url":"https:\/\/www.ufukonen.com\/tr\/kompresor-mini-rehber.html","url_meta":{"origin":8136,"position":2},"title":"Kompres\u00f6r: Mini Rehber","date":"June 27, 2022","format":false,"excerpt":"Kompres\u00f6r \u00fczerine daha \u00f6nce yazd\u0131\u011f\u0131m yaz\u0131lar\u0131 tek bir \u00e7at\u0131 alt\u0131nda toplay\u0131p bir mini rehber olu\u015fturdum. Linkleri ve a\u00e7\u0131klamalar\u0131 a\u015fa\u011f\u0131ya ekliyorum. Kompres\u00f6r\u00fcn \u00e7al\u0131\u015fma prensibi, \u00fczerindeki parametrelerin i\u015flevleri gibi temel bilgileri Ses Kay\u0131t ve M\u00fczik Teknolojileri adl\u0131 kitab\u0131mda bulabilirsiniz. \u0130yi okumalar! Kompres\u00f6r Attack S\u00fcresinin Sese Etkisini G\u00f6rselle\u015ftirecek Olursak\u2026 Attack s\u00fcresi, kompres\u00f6r \u00fczerindeki\u2026","rel":"","context":"In &quot;M\u00fczik Prod\u00fcksiyonu&quot;","img":{"alt_text":"","src":"https:\/\/i0.wp.com\/www.ufukonen.com\/tr\/wp-content\/uploads\/Kompresor_Mini_Rehber_00_Header.jpg?resize=350%2C200&ssl=1","width":350,"height":200},"classes":[]},{"id":4645,"url":"https:\/\/www.ufukonen.com\/tr\/lookahead-ozelligi.html","url_meta":{"origin":8136,"position":3},"title":"Kompres\u00f6r \/ Limiter Lookahead \u00d6zelli\u011fi","date":"March 25, 2019","format":false,"excerpt":"Kompres\u00f6r veya limiter \u00fczerindeki attack parametresini ne kadar k\u0131sa bir s\u00fcreye ayarlarsak ayarlayal\u0131m, bazen sinyaldeki \u00e7ok h\u0131zl\u0131 y\u00fckselmeler, di\u011fer bir deyi\u015fle ani olarak olu\u015fan peak noktalar\u0131, kompres\u00f6r veya limiter'a yakalanmadan \"ka\u00e7abiliyor\".\u00a0Baz\u0131 kompres\u00f6r ve limiter'lar\u0131n \u00fczerinde bulunan lookahead \u00f6zelli\u011fi ile bu ka\u00e7aklar\u0131 \u00f6nlemek m\u00fcmk\u00fcn olabiliyor. Lookahead \u00d6zelli\u011fi Nedir? Lookahead (veya 'look-ahead')\u2026","rel":"","context":"In &quot;Ses ve M\u00fczik Teknolojileri&quot;","img":{"alt_text":"","src":"https:\/\/i0.wp.com\/www.ufukonen.com\/tr\/wp-content\/uploads\/Lookahead_Ozelligi.jpg?resize=350%2C200&ssl=1","width":350,"height":200},"classes":[]},{"id":3896,"url":"https:\/\/www.ufukonen.com\/tr\/kompresor-eq-kullaniminda-siralama.html","url_meta":{"origin":8136,"position":4},"title":"\u00d6nce Kompres\u00f6r m\u00fc, Yoksa EQ mu? Kompres\u00f6r ve EQ Kullan\u0131m\u0131nda S\u0131ralama Nas\u0131l Olmal\u0131?","date":"May 14, 2018","format":false,"excerpt":"\u00d6nce kompres\u00f6r m\u00fc, yoksa EQ mu? Bu, hep sorulan ve tart\u0131\u015f\u0131lan klasik bir konu. Tek bir cevab\u0131 yok. Cevap hem duruma g\u00f6re hem de miksi yapan ki\u015finin teknik ve estetik yakla\u015f\u0131m\u0131na g\u00f6re de\u011fi\u015fiyor. Bu soruyu Miks \u00dczerine: M\u00fczik Prod\u00fcksiyonlar\u0131nda Miks Teknikleri ve \u00c7e\u015fitli Yakla\u015f\u0131mlar adl\u0131 kitab\u0131m i\u00e7in r\u00f6portaj yapt\u0131\u011f\u0131m t\u00fcm\u2026","rel":"","context":"In &quot;M\u00fczik Prod\u00fcksiyonu&quot;","img":{"alt_text":"","src":"https:\/\/i0.wp.com\/www.ufukonen.com\/tr\/wp-content\/uploads\/Kompresor_EQ_Once_Hangisi_720.jpg?resize=350%2C200&ssl=1","width":350,"height":200},"classes":[]},{"id":5231,"url":"https:\/\/www.ufukonen.com\/tr\/riding-the-fader-1.html","url_meta":{"origin":8136,"position":5},"title":"Riding the Fader ve Kompres\u00f6r Kullan\u0131m\u0131 (1. B\u00f6l\u00fcm)","date":"December 2, 2019","format":false,"excerpt":"Riding the fader, miks s\u0131ras\u0131nda sinyal seviyelerini fader ile ayarlama (seviye olarak d\u00fc\u015f\u00fck yerleri a\u00e7\u0131p, y\u00fcksek yerleri k\u0131sma) i\u015flemi i\u00e7in kullan\u0131lan, analog mikserler zaman\u0131nda ortaya \u00e7\u0131km\u0131\u015f bir terimdir. O zamanlar miks s\u0131ras\u0131nda miks m\u00fchendisleri par\u00e7adaki t\u00fcm fader hareketlerini ezberleyip, miks stereo banta bas\u0131l\u0131rken bunlar\u0131 ger\u00e7ek zamanl\u0131 olarak tekrar ediyordu. Bazen\u2026","rel":"","context":"In &quot;M\u00fczik Prod\u00fcksiyonu&quot;","img":{"alt_text":"","src":"https:\/\/i0.wp.com\/www.ufukonen.com\/tr\/wp-content\/uploads\/Riding_the_Fader_Header_1_720.jpg?resize=350%2C200&ssl=1","width":350,"height":200},"classes":[]}],"_links":{"self":[{"href":"https:\/\/www.ufukonen.com\/tr\/wp-json\/wp\/v2\/posts\/8136"}],"collection":[{"href":"https:\/\/www.ufukonen.com\/tr\/wp-json\/wp\/v2\/posts"}],"about":[{"href":"https:\/\/www.ufukonen.com\/tr\/wp-json\/wp\/v2\/types\/post"}],"author":[{"embeddable":true,"href":"https:\/\/www.ufukonen.com\/tr\/wp-json\/wp\/v2\/users\/2"}],"replies":[{"embeddable":true,"href":"https:\/\/www.ufukonen.com\/tr\/wp-json\/wp\/v2\/comments?post=8136"}],"version-history":[{"count":11,"href":"https:\/\/www.ufukonen.com\/tr\/wp-json\/wp\/v2\/posts\/8136\/revisions"}],"predecessor-version":[{"id":8149,"href":"https:\/\/www.ufukonen.com\/tr\/wp-json\/wp\/v2\/posts\/8136\/revisions\/8149"}],"wp:featuredmedia":[{"embeddable":true,"href":"https:\/\/www.ufukonen.com\/tr\/wp-json\/wp\/v2\/media\/8146"}],"wp:attachment":[{"href":"https:\/\/www.ufukonen.com\/tr\/wp-json\/wp\/v2\/media?parent=8136"}],"wp:term":[{"taxonomy":"category","embeddable":true,"href":"https:\/\/www.ufukonen.com\/tr\/wp-json\/wp\/v2\/categories?post=8136"},{"taxonomy":"post_tag","embeddable":true,"href":"https:\/\/www.ufukonen.com\/tr\/wp-json\/wp\/v2\/tags?post=8136"}],"curies":[{"name":"wp","href":"https:\/\/api.w.org\/{rel}","templated":true}]}}