{"id":8151,"date":"2023-11-27T01:00:00","date_gmt":"2023-11-26T22:00:00","guid":{"rendered":"https:\/\/www.ufukonen.com\/tr\/?p=8151"},"modified":"2024-11-18T11:33:57","modified_gmt":"2024-11-18T08:33:57","slug":"dolby-atmos-bilkent-apple-music-uzamsal-ses-2023","status":"publish","type":"post","link":"https:\/\/www.ufukonen.com\/tr\/dolby-atmos-bilkent-apple-music-uzamsal-ses-2023.html","title":{"rendered":"Dolby Atmos St\u00fcdyomuzda Misafirlerimizi A\u011f\u0131rlad\u0131k, Apple Music \u00dczerinden Uzamsal Sesi Deneyimledik"},"content":{"rendered":"\n<p>Bilkent \u00dcniversitesi&#8217;nde yeni kurdu\u011fumuz 7.1.4 Dolby Atmos st\u00fcdyomuzda misafirlerimizi a\u011f\u0131rlad\u0131k. 17-18 Kas\u0131m tarihlerinde iki g\u00fcnde d\u00f6rt seans olarak ger\u00e7ekle\u015ftirdi\u011fimiz etkinlikte kat\u0131l\u0131mc\u0131lar Dolby standartlar\u0131na g\u00f6re tasarlanm\u0131\u015f \u00e7ok hoparl\u00f6rl\u00fc bir st\u00fcdyoda Apple Music \u00fczerinden uzamsal sesi ger\u00e7ek anlamda deneyimledi.<\/p>\n\n\n\n<p>Ekim ay\u0131nda faaliyete ge\u00e7en st\u00fcdyomuzda Apple Mac Studio bilgisayar, Pro Tools Ultimate yaz\u0131l\u0131m, Avid MTRX Studio donan\u0131m ve Kali hoparl\u00f6r sistemi (3 adet IN-8, 5 adet IN-5 ve 1 adet WS-12) bulunuyor. <\/p>\n\n\n\n<figure class=\"wp-block-image size-large\"><a href=\"https:\/\/www.ufukonen.com\/tr\/wp-content\/uploads\/Dolby_Atmos_Bilkent_Apple_Music_01_IMG_6822.jpg\" target=\"_blank\" rel=\"noopener\"><img loading=\"lazy\" width=\"1024\" height=\"683\" src=\"https:\/\/www.ufukonen.com\/tr\/wp-content\/uploads\/Dolby_Atmos_Bilkent_Apple_Music_01_IMG_6822-1024x683.jpg\" alt=\"\" class=\"wp-image-8157\" srcset=\"https:\/\/www.ufukonen.com\/tr\/wp-content\/uploads\/Dolby_Atmos_Bilkent_Apple_Music_01_IMG_6822-1024x683.jpg 1024w, https:\/\/www.ufukonen.com\/tr\/wp-content\/uploads\/Dolby_Atmos_Bilkent_Apple_Music_01_IMG_6822-300x200.jpg 300w, https:\/\/www.ufukonen.com\/tr\/wp-content\/uploads\/Dolby_Atmos_Bilkent_Apple_Music_01_IMG_6822-768x512.jpg 768w, https:\/\/www.ufukonen.com\/tr\/wp-content\/uploads\/Dolby_Atmos_Bilkent_Apple_Music_01_IMG_6822-1536x1024.jpg 1536w, https:\/\/www.ufukonen.com\/tr\/wp-content\/uploads\/Dolby_Atmos_Bilkent_Apple_Music_01_IMG_6822-1140x760.jpg 1140w, https:\/\/www.ufukonen.com\/tr\/wp-content\/uploads\/Dolby_Atmos_Bilkent_Apple_Music_01_IMG_6822-552x368.jpg 552w, https:\/\/www.ufukonen.com\/tr\/wp-content\/uploads\/Dolby_Atmos_Bilkent_Apple_Music_01_IMG_6822.jpg 1920w\" sizes=\"(max-width: 1024px) 100vw, 1024px\" \/><\/a><\/figure>\n\n\n\n<p>Etkinlik i\u00e7in Apple Music ile birlikte olu\u015fturdu\u011fumuz davetli listesinin yan\u0131 s\u0131ra bir de a\u00e7\u0131k \u00e7a\u011fr\u0131 yay\u0131nlad\u0131k ve bu \u00e7a\u011fr\u0131 i\u00e7in kontenjan ay\u0131rd\u0131k. A\u00e7\u0131k \u00e7a\u011fr\u0131ya kontenjan\u0131n onbir kat\u0131 ba\u015fvuru ald\u0131k. Bu sebepten dolay\u0131 maalesef bir\u00e7ok ba\u015fvuru sahibini davet edemedik. E\u011fer siz de onlardan biriyseniz, merak etmeyin! Yak\u0131n gelecekte benzer etkinlikler yapmay\u0131 planl\u0131yoruz.<\/p>\n\n\n\n<figure class=\"wp-block-image size-large\"><a href=\"https:\/\/www.ufukonen.com\/tr\/wp-content\/uploads\/Dolby_Atmos_Bilkent_Apple_Music_02_IMG_6812.jpg\" target=\"_blank\" rel=\"noopener\"><img loading=\"lazy\" width=\"1024\" height=\"683\" src=\"https:\/\/www.ufukonen.com\/tr\/wp-content\/uploads\/Dolby_Atmos_Bilkent_Apple_Music_02_IMG_6812-1024x683.jpg\" alt=\"\" class=\"wp-image-8159\" srcset=\"https:\/\/www.ufukonen.com\/tr\/wp-content\/uploads\/Dolby_Atmos_Bilkent_Apple_Music_02_IMG_6812-1024x683.jpg 1024w, https:\/\/www.ufukonen.com\/tr\/wp-content\/uploads\/Dolby_Atmos_Bilkent_Apple_Music_02_IMG_6812-300x200.jpg 300w, https:\/\/www.ufukonen.com\/tr\/wp-content\/uploads\/Dolby_Atmos_Bilkent_Apple_Music_02_IMG_6812-768x512.jpg 768w, https:\/\/www.ufukonen.com\/tr\/wp-content\/uploads\/Dolby_Atmos_Bilkent_Apple_Music_02_IMG_6812-1536x1024.jpg 1536w, https:\/\/www.ufukonen.com\/tr\/wp-content\/uploads\/Dolby_Atmos_Bilkent_Apple_Music_02_IMG_6812-1140x760.jpg 1140w, https:\/\/www.ufukonen.com\/tr\/wp-content\/uploads\/Dolby_Atmos_Bilkent_Apple_Music_02_IMG_6812-552x368.jpg 552w, https:\/\/www.ufukonen.com\/tr\/wp-content\/uploads\/Dolby_Atmos_Bilkent_Apple_Music_02_IMG_6812.jpg 1920w\" sizes=\"(max-width: 1024px) 100vw, 1024px\" \/><\/a><\/figure>\n\n\n\n<p>Bu etkinlik i\u00e7in bize destek veren Dolby ve Apple Music&#8217;e \u00e7ok te\u015fekk\u00fcr ediyoruz. Dolby&#8217;den Nurkut \u00d6zdemir ve Apple Music&#8217;ten Cemal Arman&#8217;\u0131n katk\u0131lar\u0131yla harika bir etkinli\u011fe imza atm\u0131\u015f olduk.<\/p>\n\n\n\n<figure class=\"wp-block-image size-large\"><a href=\"https:\/\/www.ufukonen.com\/tr\/wp-content\/uploads\/Dolby_Atmos_Bilkent_Apple_Music_03_IMG_6946.jpg\" target=\"_blank\" rel=\"noopener\"><img loading=\"lazy\" width=\"1024\" height=\"683\" src=\"https:\/\/www.ufukonen.com\/tr\/wp-content\/uploads\/Dolby_Atmos_Bilkent_Apple_Music_03_IMG_6946-1024x683.jpg\" alt=\"\" class=\"wp-image-8160\" srcset=\"https:\/\/www.ufukonen.com\/tr\/wp-content\/uploads\/Dolby_Atmos_Bilkent_Apple_Music_03_IMG_6946-1024x683.jpg 1024w, https:\/\/www.ufukonen.com\/tr\/wp-content\/uploads\/Dolby_Atmos_Bilkent_Apple_Music_03_IMG_6946-300x200.jpg 300w, https:\/\/www.ufukonen.com\/tr\/wp-content\/uploads\/Dolby_Atmos_Bilkent_Apple_Music_03_IMG_6946-768x512.jpg 768w, https:\/\/www.ufukonen.com\/tr\/wp-content\/uploads\/Dolby_Atmos_Bilkent_Apple_Music_03_IMG_6946-1536x1024.jpg 1536w, https:\/\/www.ufukonen.com\/tr\/wp-content\/uploads\/Dolby_Atmos_Bilkent_Apple_Music_03_IMG_6946-1140x760.jpg 1140w, https:\/\/www.ufukonen.com\/tr\/wp-content\/uploads\/Dolby_Atmos_Bilkent_Apple_Music_03_IMG_6946-552x368.jpg 552w, https:\/\/www.ufukonen.com\/tr\/wp-content\/uploads\/Dolby_Atmos_Bilkent_Apple_Music_03_IMG_6946.jpg 1920w\" sizes=\"(max-width: 1024px) 100vw, 1024px\" \/><\/a><\/figure>\n\n\n\n<p>Her seansta ilk \u00f6nce Nurkut \u00d6zdemir, Cemal Arman ve ben \u00fc\u00e7l\u00fc olarak k\u0131sa bir sunum yapt\u0131k. Ard\u0131ndan kat\u0131l\u0131mc\u0131lar k\u00fc\u00e7\u00fck gruplar halinde Atmos st\u00fcdyomuzda uzamsal sesi deneyimlediler.<\/p>\n\n\n\n<figure class=\"wp-block-image size-large\"><a href=\"https:\/\/www.ufukonen.com\/tr\/wp-content\/uploads\/Dolby_Atmos_Bilkent_Apple_Music_04_IMG_7096.jpg\" target=\"_blank\" rel=\"noopener\"><img loading=\"lazy\" width=\"1024\" height=\"683\" src=\"https:\/\/www.ufukonen.com\/tr\/wp-content\/uploads\/Dolby_Atmos_Bilkent_Apple_Music_04_IMG_7096-1024x683.jpg\" alt=\"\" class=\"wp-image-8161\" srcset=\"https:\/\/www.ufukonen.com\/tr\/wp-content\/uploads\/Dolby_Atmos_Bilkent_Apple_Music_04_IMG_7096-1024x683.jpg 1024w, https:\/\/www.ufukonen.com\/tr\/wp-content\/uploads\/Dolby_Atmos_Bilkent_Apple_Music_04_IMG_7096-300x200.jpg 300w, https:\/\/www.ufukonen.com\/tr\/wp-content\/uploads\/Dolby_Atmos_Bilkent_Apple_Music_04_IMG_7096-768x512.jpg 768w, https:\/\/www.ufukonen.com\/tr\/wp-content\/uploads\/Dolby_Atmos_Bilkent_Apple_Music_04_IMG_7096-1536x1024.jpg 1536w, https:\/\/www.ufukonen.com\/tr\/wp-content\/uploads\/Dolby_Atmos_Bilkent_Apple_Music_04_IMG_7096-1140x760.jpg 1140w, https:\/\/www.ufukonen.com\/tr\/wp-content\/uploads\/Dolby_Atmos_Bilkent_Apple_Music_04_IMG_7096-552x368.jpg 552w, https:\/\/www.ufukonen.com\/tr\/wp-content\/uploads\/Dolby_Atmos_Bilkent_Apple_Music_04_IMG_7096.jpg 1920w\" sizes=\"(max-width: 1024px) 100vw, 1024px\" \/><\/a><\/figure>\n\n\n\n<figure class=\"wp-block-image size-large\"><a href=\"https:\/\/www.ufukonen.com\/tr\/wp-content\/uploads\/Dolby_Atmos_Bilkent_Apple_Music_09_IMG_7230.jpg\" target=\"_blank\" rel=\"noopener\"><img loading=\"lazy\" width=\"1024\" height=\"683\" src=\"https:\/\/www.ufukonen.com\/tr\/wp-content\/uploads\/Dolby_Atmos_Bilkent_Apple_Music_09_IMG_7230-1024x683.jpg\" alt=\"\" class=\"wp-image-8166\" srcset=\"https:\/\/www.ufukonen.com\/tr\/wp-content\/uploads\/Dolby_Atmos_Bilkent_Apple_Music_09_IMG_7230-1024x683.jpg 1024w, https:\/\/www.ufukonen.com\/tr\/wp-content\/uploads\/Dolby_Atmos_Bilkent_Apple_Music_09_IMG_7230-300x200.jpg 300w, https:\/\/www.ufukonen.com\/tr\/wp-content\/uploads\/Dolby_Atmos_Bilkent_Apple_Music_09_IMG_7230-768x512.jpg 768w, https:\/\/www.ufukonen.com\/tr\/wp-content\/uploads\/Dolby_Atmos_Bilkent_Apple_Music_09_IMG_7230-1536x1024.jpg 1536w, https:\/\/www.ufukonen.com\/tr\/wp-content\/uploads\/Dolby_Atmos_Bilkent_Apple_Music_09_IMG_7230-1140x760.jpg 1140w, https:\/\/www.ufukonen.com\/tr\/wp-content\/uploads\/Dolby_Atmos_Bilkent_Apple_Music_09_IMG_7230-552x368.jpg 552w, https:\/\/www.ufukonen.com\/tr\/wp-content\/uploads\/Dolby_Atmos_Bilkent_Apple_Music_09_IMG_7230.jpg 1920w\" sizes=\"(max-width: 1024px) 100vw, 1024px\" \/><\/a><\/figure>\n\n\n\n<figure class=\"wp-block-image size-large\"><a href=\"https:\/\/www.ufukonen.com\/tr\/wp-content\/uploads\/Dolby_Atmos_Bilkent_Apple_Music_05_IMG_6621.jpg\" target=\"_blank\" rel=\"noopener\"><img loading=\"lazy\" width=\"1024\" height=\"683\" src=\"https:\/\/www.ufukonen.com\/tr\/wp-content\/uploads\/Dolby_Atmos_Bilkent_Apple_Music_05_IMG_6621-1024x683.jpg\" alt=\"\" class=\"wp-image-8162\" srcset=\"https:\/\/www.ufukonen.com\/tr\/wp-content\/uploads\/Dolby_Atmos_Bilkent_Apple_Music_05_IMG_6621-1024x683.jpg 1024w, https:\/\/www.ufukonen.com\/tr\/wp-content\/uploads\/Dolby_Atmos_Bilkent_Apple_Music_05_IMG_6621-300x200.jpg 300w, https:\/\/www.ufukonen.com\/tr\/wp-content\/uploads\/Dolby_Atmos_Bilkent_Apple_Music_05_IMG_6621-768x512.jpg 768w, https:\/\/www.ufukonen.com\/tr\/wp-content\/uploads\/Dolby_Atmos_Bilkent_Apple_Music_05_IMG_6621-1536x1024.jpg 1536w, https:\/\/www.ufukonen.com\/tr\/wp-content\/uploads\/Dolby_Atmos_Bilkent_Apple_Music_05_IMG_6621-1140x760.jpg 1140w, https:\/\/www.ufukonen.com\/tr\/wp-content\/uploads\/Dolby_Atmos_Bilkent_Apple_Music_05_IMG_6621-552x368.jpg 552w, https:\/\/www.ufukonen.com\/tr\/wp-content\/uploads\/Dolby_Atmos_Bilkent_Apple_Music_05_IMG_6621.jpg 1920w\" sizes=\"(max-width: 1024px) 100vw, 1024px\" \/><\/a><\/figure>\n\n\n\n<p>M\u00fczik dinleme ve deneyimlenin yeni \u015feklini misafirlemizle payla\u015fmak bizim i\u00e7in ger\u00e7ekten b\u00fcy\u00fck bir zevkti. \u00c7ok olumlu d\u00f6n\u00fc\u015fler ald\u0131k ve \u00e7ok mutlu olduk.<\/p>\n\n\n\n<figure class=\"wp-block-image size-large\"><a href=\"https:\/\/www.ufukonen.com\/tr\/wp-content\/uploads\/Dolby_Atmos_Bilkent_Apple_Music_06_IMG_6573.jpg\" target=\"_blank\" rel=\"noopener\"><img loading=\"lazy\" width=\"1024\" height=\"683\" src=\"https:\/\/www.ufukonen.com\/tr\/wp-content\/uploads\/Dolby_Atmos_Bilkent_Apple_Music_06_IMG_6573-1024x683.jpg\" alt=\"\" class=\"wp-image-8163\" srcset=\"https:\/\/www.ufukonen.com\/tr\/wp-content\/uploads\/Dolby_Atmos_Bilkent_Apple_Music_06_IMG_6573-1024x683.jpg 1024w, https:\/\/www.ufukonen.com\/tr\/wp-content\/uploads\/Dolby_Atmos_Bilkent_Apple_Music_06_IMG_6573-300x200.jpg 300w, https:\/\/www.ufukonen.com\/tr\/wp-content\/uploads\/Dolby_Atmos_Bilkent_Apple_Music_06_IMG_6573-768x512.jpg 768w, https:\/\/www.ufukonen.com\/tr\/wp-content\/uploads\/Dolby_Atmos_Bilkent_Apple_Music_06_IMG_6573-1536x1024.jpg 1536w, https:\/\/www.ufukonen.com\/tr\/wp-content\/uploads\/Dolby_Atmos_Bilkent_Apple_Music_06_IMG_6573-1140x760.jpg 1140w, https:\/\/www.ufukonen.com\/tr\/wp-content\/uploads\/Dolby_Atmos_Bilkent_Apple_Music_06_IMG_6573-552x368.jpg 552w, https:\/\/www.ufukonen.com\/tr\/wp-content\/uploads\/Dolby_Atmos_Bilkent_Apple_Music_06_IMG_6573.jpg 1920w\" sizes=\"(max-width: 1024px) 100vw, 1024px\" \/><\/a><\/figure>\n\n\n\n<p>2021 y\u0131l\u0131nda yay\u0131mlad\u0131\u011f\u0131m &#8220;<strong><a href=\"https:\/\/www.ufukonen.com\/tr\/apple-music-dolby-atmos-uzamsal-ses.html\" data-type=\"post\" data-id=\"6697\" target=\"_blank\" rel=\"noreferrer noopener\">Apple Music ve Dolby Atmos Destekli Uzamsal Ses<\/a><\/strong>&#8221; ba\u015fl\u0131kl\u0131 makalede, uzamsal sesin m\u00fczik sekt\u00f6r\u00fcnde hem estetik hem teknik hem de ticari a\u00e7\u0131dan de\u011fi\u015fiklikler yaratabilece\u011fini yazm\u0131\u015ft\u0131m. Yazd\u0131klar\u0131m do\u011fru \u00e7\u0131k\u0131yor. Son iki y\u0131ldan beri Dolby Atmos destekli uzamsal ses format\u0131ndaki st\u00fcdyolar\u0131n ve bu st\u00fcdyolarda yap\u0131lan uzamsal m\u00fczik mikslerinin say\u0131s\u0131 her ge\u00e7en g\u00fcn art\u0131yor. T\u00fcrkiye&#8217;de \u015fu anda (Kas\u0131m 2023 itibar\u0131yla) Dolby standartlar\u0131na g\u00f6re tasarlanm\u0131\u015f 19 adet Dolby Atmos st\u00fcdyosu bulunuyor. D\u00fcnyada bu say\u0131 750&#8217;nin \u00fczerinde.<\/p>\n\n\n\n<figure class=\"wp-block-image size-large\"><a href=\"https:\/\/www.ufukonen.com\/tr\/wp-content\/uploads\/Dolby_Atmos_Bilkent_Apple_Music_07_IMG_6790.jpg\" target=\"_blank\" rel=\"noopener\"><img loading=\"lazy\" width=\"1024\" height=\"683\" src=\"https:\/\/www.ufukonen.com\/tr\/wp-content\/uploads\/Dolby_Atmos_Bilkent_Apple_Music_07_IMG_6790-1024x683.jpg\" alt=\"\" class=\"wp-image-8164\" srcset=\"https:\/\/www.ufukonen.com\/tr\/wp-content\/uploads\/Dolby_Atmos_Bilkent_Apple_Music_07_IMG_6790-1024x683.jpg 1024w, https:\/\/www.ufukonen.com\/tr\/wp-content\/uploads\/Dolby_Atmos_Bilkent_Apple_Music_07_IMG_6790-300x200.jpg 300w, https:\/\/www.ufukonen.com\/tr\/wp-content\/uploads\/Dolby_Atmos_Bilkent_Apple_Music_07_IMG_6790-768x512.jpg 768w, https:\/\/www.ufukonen.com\/tr\/wp-content\/uploads\/Dolby_Atmos_Bilkent_Apple_Music_07_IMG_6790-1536x1024.jpg 1536w, https:\/\/www.ufukonen.com\/tr\/wp-content\/uploads\/Dolby_Atmos_Bilkent_Apple_Music_07_IMG_6790-1140x760.jpg 1140w, https:\/\/www.ufukonen.com\/tr\/wp-content\/uploads\/Dolby_Atmos_Bilkent_Apple_Music_07_IMG_6790-552x368.jpg 552w, https:\/\/www.ufukonen.com\/tr\/wp-content\/uploads\/Dolby_Atmos_Bilkent_Apple_Music_07_IMG_6790.jpg 1920w\" sizes=\"(max-width: 1024px) 100vw, 1024px\" \/><\/a><\/figure>\n\n\n\n<figure class=\"wp-block-image size-large\"><a href=\"https:\/\/www.ufukonen.com\/tr\/wp-content\/uploads\/Dolby_Atmos_Bilkent_Apple_Music_08_IMG_6829.jpg\" target=\"_blank\" rel=\"noopener\"><img loading=\"lazy\" width=\"1024\" height=\"683\" src=\"https:\/\/www.ufukonen.com\/tr\/wp-content\/uploads\/Dolby_Atmos_Bilkent_Apple_Music_08_IMG_6829-1024x683.jpg\" alt=\"\" class=\"wp-image-8165\" srcset=\"https:\/\/www.ufukonen.com\/tr\/wp-content\/uploads\/Dolby_Atmos_Bilkent_Apple_Music_08_IMG_6829-1024x683.jpg 1024w, https:\/\/www.ufukonen.com\/tr\/wp-content\/uploads\/Dolby_Atmos_Bilkent_Apple_Music_08_IMG_6829-300x200.jpg 300w, https:\/\/www.ufukonen.com\/tr\/wp-content\/uploads\/Dolby_Atmos_Bilkent_Apple_Music_08_IMG_6829-768x512.jpg 768w, https:\/\/www.ufukonen.com\/tr\/wp-content\/uploads\/Dolby_Atmos_Bilkent_Apple_Music_08_IMG_6829-1536x1024.jpg 1536w, https:\/\/www.ufukonen.com\/tr\/wp-content\/uploads\/Dolby_Atmos_Bilkent_Apple_Music_08_IMG_6829-1140x760.jpg 1140w, https:\/\/www.ufukonen.com\/tr\/wp-content\/uploads\/Dolby_Atmos_Bilkent_Apple_Music_08_IMG_6829-552x368.jpg 552w, https:\/\/www.ufukonen.com\/tr\/wp-content\/uploads\/Dolby_Atmos_Bilkent_Apple_Music_08_IMG_6829.jpg 1920w\" sizes=\"(max-width: 1024px) 100vw, 1024px\" \/><\/a><\/figure>\n\n\n\n<p>Apple Music&#8217;in &#8216;uzamsal ses&#8217; olarak tan\u0131mlad\u0131\u011f\u0131 \u0130ngilizcede kullan\u0131lan ad\u0131yla &#8216;spatial audio&#8217; \/ &#8216;immersive audio&#8217; kulakl\u0131klar arac\u0131l\u0131\u011f\u0131 ile m\u00fczikseverlerin hayat\u0131na girdi. \u00c7ok yak\u0131nda bu format arabalara da geliyor. Xbox gibi oyun konsollar\u0131n\u0131n ve Netflix gibi streaming platformlar\u0131n\u0131n da Atmos format\u0131n\u0131 destekledi\u011fini d\u00fc\u015f\u00fcn\u00fcrsek uzamsal sesin yeni standart olma yolunda ilerledi\u011fini s\u00f6yleyebiliriz.<\/p>\n\n\n\n<figure class=\"wp-block-image size-large\"><a href=\"https:\/\/www.ufukonen.com\/tr\/wp-content\/uploads\/Dolby_Atmos_Bilkent_Apple_Music_10_IMG_7167.jpg\" target=\"_blank\" rel=\"noopener\"><img loading=\"lazy\" width=\"1024\" height=\"683\" src=\"https:\/\/www.ufukonen.com\/tr\/wp-content\/uploads\/Dolby_Atmos_Bilkent_Apple_Music_10_IMG_7167-1024x683.jpg\" alt=\"\" class=\"wp-image-8167\" srcset=\"https:\/\/www.ufukonen.com\/tr\/wp-content\/uploads\/Dolby_Atmos_Bilkent_Apple_Music_10_IMG_7167-1024x683.jpg 1024w, https:\/\/www.ufukonen.com\/tr\/wp-content\/uploads\/Dolby_Atmos_Bilkent_Apple_Music_10_IMG_7167-300x200.jpg 300w, https:\/\/www.ufukonen.com\/tr\/wp-content\/uploads\/Dolby_Atmos_Bilkent_Apple_Music_10_IMG_7167-768x512.jpg 768w, https:\/\/www.ufukonen.com\/tr\/wp-content\/uploads\/Dolby_Atmos_Bilkent_Apple_Music_10_IMG_7167-1536x1024.jpg 1536w, https:\/\/www.ufukonen.com\/tr\/wp-content\/uploads\/Dolby_Atmos_Bilkent_Apple_Music_10_IMG_7167-1140x760.jpg 1140w, https:\/\/www.ufukonen.com\/tr\/wp-content\/uploads\/Dolby_Atmos_Bilkent_Apple_Music_10_IMG_7167-552x368.jpg 552w, https:\/\/www.ufukonen.com\/tr\/wp-content\/uploads\/Dolby_Atmos_Bilkent_Apple_Music_10_IMG_7167.jpg 1920w\" sizes=\"(max-width: 1024px) 100vw, 1024px\" \/><\/a><\/figure>\n\n\n\n<p>Dolby Atmos \u00fczerinde yak\u0131n zamanda kapsaml\u0131 bir yaz\u0131 haz\u0131rlamay\u0131 planl\u0131yorum. Takipte kal\u0131n!<\/p>\n\n\n\n<div style=\"height:10px\" aria-hidden=\"true\" class=\"wp-block-spacer\"><\/div>\n\n\n\n<p>Foto\u011fraflar: Do\u011fa Tansel<\/p>\n\n\n\n<div style=\"height:50px\" aria-hidden=\"true\" class=\"wp-block-spacer\"><\/div>\n\n\n\n<figure class=\"wp-block-image size-large\"><a href=\"https:\/\/www.ufukonen.com\/tr\/ufuk-onen-ses-muzik-teknolojisi-miks-kitaplar.html\" target=\"_blank\" rel=\"noopener\"><img loading=\"lazy\" width=\"1024\" height=\"333\" src=\"https:\/\/www.ufukonen.com\/tr\/wp-content\/uploads\/Books-Drop-Shadow-2022-10-22-1920x625_rfs-1024x333.jpg\" alt=\"\" class=\"wp-image-8148\" srcset=\"https:\/\/www.ufukonen.com\/tr\/wp-content\/uploads\/Books-Drop-Shadow-2022-10-22-1920x625_rfs-1024x333.jpg 1024w, https:\/\/www.ufukonen.com\/tr\/wp-content\/uploads\/Books-Drop-Shadow-2022-10-22-1920x625_rfs-300x98.jpg 300w, https:\/\/www.ufukonen.com\/tr\/wp-content\/uploads\/Books-Drop-Shadow-2022-10-22-1920x625_rfs-768x250.jpg 768w, https:\/\/www.ufukonen.com\/tr\/wp-content\/uploads\/Books-Drop-Shadow-2022-10-22-1920x625_rfs-1536x500.jpg 1536w, https:\/\/www.ufukonen.com\/tr\/wp-content\/uploads\/Books-Drop-Shadow-2022-10-22-1920x625_rfs-1140x371.jpg 1140w, https:\/\/www.ufukonen.com\/tr\/wp-content\/uploads\/Books-Drop-Shadow-2022-10-22-1920x625_rfs-552x180.jpg 552w, https:\/\/www.ufukonen.com\/tr\/wp-content\/uploads\/Books-Drop-Shadow-2022-10-22-1920x625_rfs.jpg 1920w\" sizes=\"(max-width: 1024px) 100vw, 1024px\" \/><\/a><figcaption><a href=\"https:\/\/www.ufukonen.com\/tr\/ufuk-onen-ses-muzik-teknolojisi-miks-kitaplar.html\" data-type=\"post\" data-id=\"5725\" target=\"_blank\" rel=\"noreferrer noopener\">M\u00fczik teknolojisi ve m\u00fczik prod\u00fcksiyonu kitaplar\u0131<\/a><\/figcaption><\/figure>\n\n\n\n<div style=\"height:20px\" aria-hidden=\"true\" class=\"wp-block-spacer\"><\/div>\n\n\n\n<p>Teknik terimler i\u00e7in <a href=\"http:\/\/www.ufukonen.com\/tr\/ses-kayit-muzik-teknolojisi-terimler-sozluk.html\">m\u00fczik teknolojisi, m\u00fczik prod\u00fcksiyonu ve ses kay\u0131t terimleri s\u00f6zl\u00fc\u011f\u00fcne<\/a> g\u00f6z atabilirsiniz.<\/p>\n\n\n\n<p>Benzer payla\u015f\u0131mlar i\u00e7in beni <a rel=\"noreferrer noopener\" href=\"https:\/\/www.facebook.com\/ufukonen.skmt\/\" target=\"_blank\">Facebook<\/a>, <a href=\"https:\/\/www.instagram.com\/ufukonen\/\" target=\"_blank\" rel=\"noreferrer noopener\" aria-label=\"Instagram (opens in a new tab)\">Instagram<\/a> ve <a rel=\"noreferrer noopener\" href=\"https:\/\/twitter.com\/UfukOnen\" target=\"_blank\">Twitter<\/a>&#8216;da takip edebilir, haberler i\u00e7in <a rel=\"noreferrer noopener\" href=\"http:\/\/ufukonen.com\/tr\/ses-kayit-muzik-teknolojisi-terimler-sozluk.html\" target=\"_blank\">mesaj listeme \u00fcye olabilirsiniz<\/a>. Te\u015fekk\u00fcrler.<\/p>\n\n\n\n<p>\u00a9 2023 Ufuk \u00d6nen. Her hakk\u0131 sakl\u0131d\u0131r. \u0130zinsiz kullan\u0131lamaz.<\/p>\n","protected":false},"excerpt":{"rendered":"<p class=\"post-excerpt\">Bilkent \u00dcniversitesi&#8217;nde yeni kurdu\u011fumuz 7.1.4 Dolby Atmos st\u00fcdyomuzda misafirlerimizi a\u011f\u0131rlad\u0131k. 17-18 Kas\u0131m tarihlerinde iki g\u00fcnde d\u00f6rt seans olarak ger\u00e7ekle\u015ftirdi\u011fimiz etkinlikte&#8230;<\/p>\n","protected":false},"author":2,"featured_media":8173,"comment_status":"closed","ping_status":"open","sticky":false,"template":"","format":"standard","meta":{"_mi_skip_tracking":false,"spay_email":"","jetpack_publicize_message":"","jetpack_is_tweetstorm":false,"jetpack_publicize_feature_enabled":true},"categories":[4,20,19,18],"tags":[],"jetpack_featured_media_url":"https:\/\/www.ufukonen.com\/tr\/wp-content\/uploads\/Dolby_Atmos_Bilkent_Apple_Music_00_Header.jpg","jetpack_publicize_connections":[],"jetpack_shortlink":"https:\/\/wp.me\/p3rjsG-27t","jetpack_sharing_enabled":true,"jetpack-related-posts":[{"id":8174,"url":"https:\/\/www.ufukonen.com\/tr\/2023-daw-anketi.html","url_meta":{"origin":8151,"position":0},"title":"2023 DAW Anketi","date":"December 11, 2023","format":false,"excerpt":"\u26a0\ufe0f Anket formu bu sayfan\u0131n alt k\u0131sm\u0131nda yer almaktad\u0131r, siteden ayr\u0131lmadan kat\u0131labilirsiniz. 2016 y\u0131l\u0131nda T\u00fcrkiye'de m\u00fczik teknolojisi alan\u0131nda \u00e7al\u0131\u015fanlar\u0131n ve bu alana ilgisi olanlar\u0131n DAW (Digital Audio Workstation) tercihlerini tespit edebilmek amac\u0131yla bir anket d\u00fczenledim. \u0130ki sorudan olu\u015fan bu anket olduk\u00e7a b\u00fcy\u00fck ilgi g\u00f6rd\u00fc. Sonu\u00e7lar\u0131 sizlerle payla\u015ft\u0131m, sosyal medya platformlar\u0131nda\u2026","rel":"","context":"In &quot;Ses ve M\u00fczik Teknolojileri&quot;","img":{"alt_text":"","src":"https:\/\/i0.wp.com\/www.ufukonen.com\/tr\/wp-content\/uploads\/2023_DAW_Anketi.jpg?resize=350%2C200&ssl=1","width":350,"height":200},"classes":[]},{"id":8227,"url":"https:\/\/www.ufukonen.com\/tr\/2023-daw-anketi-sonuclari.html","url_meta":{"origin":8151,"position":1},"title":"2023 DAW Anketi Sonu\u00e7lar\u0131","date":"January 22, 2024","format":false,"excerpt":"Bu y\u0131l sekizincisini d\u00fczenledi\u011fim DAW anketinin sonu\u00e7lar\u0131 belli oldu! 11 Aral\u0131k 2023 ile 18 Ocak 2024 tarihleri aras\u0131nda a\u00e7\u0131k kalan 2023 DAW anketine 1014 ki\u015fi kat\u0131ld\u0131. Bu y\u0131l anketimizde de\u011fi\u015fiklikler vard\u0131. \u201c\u0130kinci olarak kullanmakta oldu\u011funuz DAW\u201d sorusunu \u00e7\u0131kard\u0131m. 2023 anketi, ilk y\u0131llarda oldu\u011fu gibi, sadece esas olarak kulland\u0131\u011f\u0131m\u0131z DAW\u2019lar \u00fczerine\u2026","rel":"","context":"In &quot;Ses ve M\u00fczik Teknolojileri&quot;","img":{"alt_text":"","src":"https:\/\/i0.wp.com\/www.ufukonen.com\/tr\/wp-content\/uploads\/2023_DAW_Anketi_Sonuclari.jpg?resize=350%2C200&ssl=1","width":350,"height":200},"classes":[]},{"id":8191,"url":"https:\/\/www.ufukonen.com\/tr\/2023-en-cok-okunan.html","url_meta":{"origin":8151,"position":2},"title":"2023 Y\u0131l\u0131nda En \u00c7ok Okunan Blog Yaz\u0131lar\u0131m","date":"December 27, 2023","format":false,"excerpt":"Blog yaz\u0131lar\u0131m\u0131 takip edenler bilirler, her senenin sonunda o y\u0131l en \u00e7ok okunan blog yaz\u0131lar\u0131m\u0131 liste haline getirip okuyucular\u0131mla payla\u015f\u0131r\u0131m. 2023 i\u00e7in de farkl\u0131 bir durum yok. Liste haz\u0131r ancak listeden \u00f6nce bu y\u0131l beni mesleki a\u00e7\u0131dan en \u00e7ok heyecanland\u0131ran geli\u015fmeyi payla\u015fmak istiyorum. 2023 y\u0131l\u0131nda beni en \u00e7ok heyecanland\u0131ran geli\u015fme,\u2026","rel":"","context":"In &quot;M\u00fczik End\u00fcstrisi&quot;","img":{"alt_text":"","src":"https:\/\/i0.wp.com\/www.ufukonen.com\/tr\/wp-content\/uploads\/2023_En_Cok_Okunan_00_Header.jpg?resize=350%2C200&ssl=1","width":350,"height":200},"classes":[]},{"id":6697,"url":"https:\/\/www.ufukonen.com\/tr\/apple-music-dolby-atmos-uzamsal-ses.html","url_meta":{"origin":8151,"position":3},"title":"Apple Music ve Dolby Atmos Destekli Uzamsal Ses","date":"June 28, 2021","format":false,"excerpt":"Apple, WWDC etkinli\u011finde Apple Music kullan\u0131c\u0131lar\u0131n\u0131n herhangi bir ek \u00fccret \u00f6demeden kay\u0131ps\u0131z ses (lossless audio) ve Dolby Atmos destekli uzamsal ses (spatial audio) \u00f6zelliklerinden yararlanabilece\u011fini duyurmu\u015ftu. Ge\u00e7ti\u011fimiz g\u00fcnlerde bu \u00f6zellikler kullan\u0131c\u0131larla bulu\u015ftu. Tahmin etti\u011fim gibi esas ilgi \u00e7eken kay\u0131ps\u0131z ses de\u011fil, Dolby Atmos destekli uzamsal ses \u00f6zelli\u011fi oldu. Dolby Atmos\u2026","rel":"","context":"In &quot;Ses ve M\u00fczik Teknolojileri&quot;","img":{"alt_text":"","src":"https:\/\/i0.wp.com\/www.ufukonen.com\/tr\/wp-content\/uploads\/Apple_Music_Dolby_Atmos_Uzamsal_Ses_00_Header.jpg?resize=350%2C200&ssl=1","width":350,"height":200},"classes":[]},{"id":8657,"url":"https:\/\/www.ufukonen.com\/tr\/2025-daw-anketi-sonuclari.html","url_meta":{"origin":8151,"position":4},"title":"2025 DAW Anketi Sonu\u00e7lar\u0131","date":"February 5, 2026","format":false,"excerpt":"Onuncusunu d\u00fczenledi\u011fim DAW anketinin sonu\u00e7lar\u0131 belli oldu! 23 Kas\u0131m 2025 ile 18 Ocak 2026 tarihleri aras\u0131nda a\u00e7\u0131k kalan 2025 DAW anketine 1266 ki\u015fi kat\u0131ld\u0131. 2025 anketinin sonu\u00e7lar\u0131n\u0131 detayl\u0131 bir \u015fekilde aktaraca\u011f\u0131m ve d\u00fc\u015f\u00fcncelerimi sizlerle payla\u015faca\u011f\u0131m. Ondan \u00f6nce, e\u011fer incelemek isterseniz, ge\u00e7mi\u015f y\u0131llar\u0131n anket sonu\u00e7lar\u0131na a\u015fa\u011f\u0131daki linklerden ula\u015fabilirsiniz: 2024 DAW Anketi\u2026","rel":"","context":"In &quot;M\u00fczik Prod\u00fcksiyonu&quot;","img":{"alt_text":"","src":"https:\/\/i0.wp.com\/www.ufukonen.com\/tr\/wp-content\/uploads\/2025_DAW_Anketi_Sonuclar.jpg?resize=350%2C200&ssl=1","width":350,"height":200},"classes":[]},{"id":8431,"url":"https:\/\/www.ufukonen.com\/tr\/2024-daw-anketi-sonuclari.html","url_meta":{"origin":8151,"position":5},"title":"2024 DAW Anketi Sonu\u00e7lar\u0131","date":"January 20, 2025","format":false,"excerpt":"Bu y\u0131l dokuzuncusunu d\u00fczenledi\u011fim DAW anketinin sonu\u00e7lar\u0131 belli oldu! 18 Kas\u0131m 2024 ile 16 Ocak 2025 tarihleri aras\u0131nda a\u00e7\u0131k kalan 2024 DAW anketine 1247 ki\u015fi kat\u0131ld\u0131. 2024 anketinin sonu\u00e7lar\u0131 \u00f6nceki anketlerin sonu\u00e7lar\u0131na g\u00f6re daha farkl\u0131 (ve bence olduk\u00e7a da ilgin\u00e7)! Anketin sonu\u00e7lar\u0131n\u0131 detayl\u0131 bir \u015fekilde aktaraca\u011f\u0131m ve d\u00fc\u015f\u00fcncelerimi sizlerle payla\u015faca\u011f\u0131m.\u2026","rel":"","context":"In &quot;M\u00fczik Prod\u00fcksiyonu&quot;","img":{"alt_text":"","src":"https:\/\/i0.wp.com\/www.ufukonen.com\/tr\/wp-content\/uploads\/2024_DAW_Anketi_Sonuclari.jpg?resize=350%2C200&ssl=1","width":350,"height":200},"classes":[]}],"_links":{"self":[{"href":"https:\/\/www.ufukonen.com\/tr\/wp-json\/wp\/v2\/posts\/8151"}],"collection":[{"href":"https:\/\/www.ufukonen.com\/tr\/wp-json\/wp\/v2\/posts"}],"about":[{"href":"https:\/\/www.ufukonen.com\/tr\/wp-json\/wp\/v2\/types\/post"}],"author":[{"embeddable":true,"href":"https:\/\/www.ufukonen.com\/tr\/wp-json\/wp\/v2\/users\/2"}],"replies":[{"embeddable":true,"href":"https:\/\/www.ufukonen.com\/tr\/wp-json\/wp\/v2\/comments?post=8151"}],"version-history":[{"count":11,"href":"https:\/\/www.ufukonen.com\/tr\/wp-json\/wp\/v2\/posts\/8151\/revisions"}],"predecessor-version":[{"id":8172,"href":"https:\/\/www.ufukonen.com\/tr\/wp-json\/wp\/v2\/posts\/8151\/revisions\/8172"}],"wp:featuredmedia":[{"embeddable":true,"href":"https:\/\/www.ufukonen.com\/tr\/wp-json\/wp\/v2\/media\/8173"}],"wp:attachment":[{"href":"https:\/\/www.ufukonen.com\/tr\/wp-json\/wp\/v2\/media?parent=8151"}],"wp:term":[{"taxonomy":"category","embeddable":true,"href":"https:\/\/www.ufukonen.com\/tr\/wp-json\/wp\/v2\/categories?post=8151"},{"taxonomy":"post_tag","embeddable":true,"href":"https:\/\/www.ufukonen.com\/tr\/wp-json\/wp\/v2\/tags?post=8151"}],"curies":[{"name":"wp","href":"https:\/\/api.w.org\/{rel}","templated":true}]}}