{"id":8174,"date":"2023-12-11T01:00:00","date_gmt":"2023-12-10T22:00:00","guid":{"rendered":"https:\/\/www.ufukonen.com\/tr\/?p=8174"},"modified":"2024-01-21T18:38:23","modified_gmt":"2024-01-21T15:38:23","slug":"2023-daw-anketi","status":"publish","type":"post","link":"https:\/\/www.ufukonen.com\/tr\/2023-daw-anketi.html","title":{"rendered":"2023 DAW Anketi"},"content":{"rendered":"\n<blockquote class=\"wp-block-quote\"><p><strong>&#x26a0;&#xfe0f; Anket formu bu sayfan\u0131n alt k\u0131sm\u0131nda yer almaktad\u0131r, siteden ayr\u0131lmadan kat\u0131labilirsiniz.<\/strong><\/p><\/blockquote>\n\n\n\n<p>2016 y\u0131l\u0131nda T\u00fcrkiye&#8217;de m\u00fczik teknolojisi alan\u0131nda \u00e7al\u0131\u015fanlar\u0131n ve bu alana ilgisi olanlar\u0131n DAW (Digital Audio Workstation) tercihlerini tespit edebilmek amac\u0131yla bir anket d\u00fczenledim. \u0130ki sorudan olu\u015fan bu anket olduk\u00e7a b\u00fcy\u00fck ilgi g\u00f6rd\u00fc. Sonu\u00e7lar\u0131 sizlerle payla\u015ft\u0131m, sosyal medya platformlar\u0131nda hep birlikte yorumlad\u0131k.<\/p>\n\n\n\n<p>2016 sonras\u0131nda ankete devam ettim. Yeni sorular ekledim. Bu sayede \u00e7ok daha detayl\u0131 sonu\u00e7lar alma ve daha sa\u011fl\u0131kl\u0131 analizler yapma \u015fans\u0131m oldu.<\/p>\n\n\n\n<p>Yedi y\u0131l boyunca bu anket sayesinde T\u00fcrkiye&#8217;deki DAW kullan\u0131c\u0131lar\u0131n\u0131n tercihleri hakk\u0131nda hep birlikte fikirler edindik. Bazen s\u00fcrprizlerle kar\u015f\u0131la\u015ft\u0131k. Bazen \u015fa\u015f\u0131rd\u0131k. Bir yandan da de\u011fi\u015fimlere tan\u0131kl\u0131k ettik. <\/p>\n\n\n\n<div style=\"height:25px\" aria-hidden=\"true\" class=\"wp-block-spacer\"><\/div>\n\n\n\n<h3>&#8220;En \u0130yi DAW Anketi&#8221; De\u011fil!<\/h3>\n\n\n\n<p>Her sene yapt\u0131\u011f\u0131m gibi bu y\u0131l da yine \u00f6zellikle alt\u0131n\u0131 \u00e7izmek isterim: Bu anket, \u201cen iyi DAW\u201d anketi de\u011fil. Hi\u00e7bir zaman \u00f6yle olmad\u0131.<\/p>\n\n\n\n<p>\u0130lk g\u00fcnden bu yana bu anketin amac\u0131 T\u00fcrkiye&#8217;de en \u00e7ok tercih edilen DAW&#8217;\u0131 tespit edebilmek oldu. Bu y\u0131l da farkl\u0131 de\u011fil.<\/p>\n\n\n\n<p>E\u011fer bu ankete ilk defa denk geliyorsan\u0131z ge\u00e7mi\u015f y\u0131llar\u0131n sonu\u00e7lar\u0131na a\u015fa\u011f\u0131daki linklerden ula\u015fabilirsiniz:<\/p>\n\n\n\n<ul><li><a href=\"https:\/\/www.ufukonen.com\/tr\/2022-daw-anketi-sonuclari.html\" data-type=\"post\" data-id=\"7882\" target=\"_blank\" rel=\"noreferrer noopener\">2022 DAW Anketi Sonu\u00e7lar\u0131<\/a><\/li><li><a rel=\"noreferrer noopener\" href=\"https:\/\/www.ufukonen.com\/tr\/2021-daw-anketi-sonuclari.html\" data-type=\"post\" data-id=\"7109\" target=\"_blank\">2021 DAW Anketi Sonu\u00e7lar\u0131<\/a><\/li><li><a rel=\"noreferrer noopener\" href=\"https:\/\/www.ufukonen.com\/tr\/2020-daw-anketi-sonuclari.html\" data-type=\"URL\" data-id=\"https:\/\/www.ufukonen.com\/tr\/2020-daw-anketi-sonuclari.html\" target=\"_blank\">2020 DAW Anketi Sonu\u00e7lar\u0131<\/a><\/li><li><a rel=\"noreferrer noopener\" href=\"https:\/\/www.ufukonen.com\/tr\/2019-daw-anketi-sonuclari.html\" data-type=\"post\" data-id=\"5363\" target=\"_blank\">2019 DAW Anketi Sonu\u00e7lar\u0131<\/a><\/li><li><a rel=\"noreferrer noopener\" href=\"https:\/\/www.ufukonen.com\/tr\/2018-daw-anketi-sonuclari.html\" data-type=\"post\" data-id=\"4480\" target=\"_blank\">2018 DAW Anketi Sonu\u00e7lar\u0131<\/a><\/li><li><a rel=\"noreferrer noopener\" href=\"https:\/\/www.ufukonen.com\/tr\/2017-daw-anketi-sonuclari.html\" data-type=\"post\" data-id=\"3575\" target=\"_blank\">2017 DAW Anketi Sonu\u00e7lar\u0131<\/a><\/li><li><a rel=\"noreferrer noopener\" href=\"https:\/\/www.ufukonen.com\/tr\/2016-daw-tercihiniz-anket.html\" data-type=\"post\" data-id=\"2825\" target=\"_blank\">2016 DAW Anketi Sonu\u00e7lar\u0131<\/a><\/li><\/ul>\n\n\n\n<p>Geldik bug\u00fcnlere\u2026<\/p>\n\n\n\n<p><strong>T\u00dcRK\u0130YE&#8217;N\u0130N DAW ANKET\u0130 8 YA\u015eINDA!<\/strong> &#x1f389;<\/p>\n\n\n\n<div style=\"height:25px\" aria-hidden=\"true\" class=\"wp-block-spacer\"><\/div>\n\n\n\n<h3>De\u011fi\u015fiklikler<\/h3>\n\n\n\n<p>Bu y\u0131l anketimizde de\u011fi\u015fiklikler var. <\/p>\n\n\n\n<p>&#8220;\u0130kinci olarak kullanmakta oldu\u011funuz DAW&#8221; sorusunu \u00e7\u0131kard\u0131m. 2023 anketi, ilk y\u0131llarda oldu\u011fu gibi, sadece esas olarak kulland\u0131\u011f\u0131m\u0131z DAW&#8217;lar \u00fczerine odaklan\u0131yor. <\/p>\n\n\n\n<p>&#8220;Son bir y\u0131l i\u00e7inde kullanmakta oldu\u011funuz DAW(lar) d\u0131\u015f\u0131nda ba\u015fka bir DAW denediniz mi?&#8221; ve &#8220;Kullanmakta oldu\u011funuz DAW&#8217;\u0131 2023 i\u00e7inde de\u011fi\u015ftirmeyi d\u00fc\u015f\u00fcn\u00fcyor musunuz?&#8221; sorular\u0131n\u0131 anketten \u00e7\u0131kard\u0131m. Ge\u00e7ti\u011fimiz y\u0131llar\u0131n anket sonu\u00e7lar\u0131n\u0131 incelerseniz g\u00f6receksiniz, sonu\u00e7lar her sene tekrar ediyor. Fazla yarar\u0131 olmayan bu iki soruyu kald\u0131rarak anketi k\u0131saltm\u0131\u015f oldum.<\/p>\n\n\n\n<p>2023 anketinden \u00fc\u00e7 soru eksildi ama yeni bir soru geldi! <\/p>\n\n\n\n<p>Yeni soru Dolby Atmos ve uzamsal ses (spatial audio) ile ilgili. <\/p>\n\n\n\n<p>Dolby Atmos ile uzamsal ses art\u0131k Pro Tools, Logic Pro, Studio One, Cubase ve Ableton Live gibi DAW&#8217;lara entegre edilmi\u015f durumda. K\u0131sa bir s\u00fcre i\u00e7inde daha bir\u00e7ok DAW, Dolby Atmos&#8217;u desteklemeye ba\u015flayacak. Bunu tahmin etmesi g\u00fc\u00e7 de\u011fil \u00e7\u00fcnk\u00fc uzamsal ses yak\u0131n zamanda bir standart olma yolunda ilerliyor. Tabii bunda Apple&#8217;\u0131n da etkisi b\u00fcy\u00fck. <\/p>\n\n\n\n<p>E\u011fer okumad\u0131ysan\u0131z &#8220;<a rel=\"noreferrer noopener\" href=\"https:\/\/www.ufukonen.com\/tr\/apple-music-dolby-atmos-uzamsal-ses.html\" data-type=\"post\" data-id=\"6697\" target=\"_blank\">Apple Music ve Dolby Atmos Destekli Uzamsal Ses<\/a>&#8221; ve &#8220;<a rel=\"noreferrer noopener\" href=\"https:\/\/www.ufukonen.com\/tr\/dolby-atmos-bilkent-apple-music-uzamsal-ses-2023.html\" data-type=\"post\" data-id=\"8151\" target=\"_blank\">Dolby Atmos St\u00fcdyomuzda Misafirlerimizi A\u011f\u0131rlad\u0131k, Apple Music \u00dczerinden Uzamsal Sesi Deneyimledik<\/a>&#8221; ba\u015fl\u0131kl\u0131 yaz\u0131lar\u0131m\u0131 okuman\u0131z\u0131 tavsiye ederim.<\/p>\n\n\n\n<div style=\"height:25px\" aria-hidden=\"true\" class=\"wp-block-spacer\"><\/div>\n\n\n\n<h3>2023 DAW Anketi: Hemen Kat\u0131l\u0131n!<\/h3>\n\n\n\n<p>2023 DAW anketine sayfan\u0131n alt\u0131ndaki kutucuk i\u00e7inde bulunan sorular\u0131 cevaplayarak hemen kat\u0131labilirsiniz. <\/p>\n\n\n\n<p>Ankete kat\u0131lmak i\u00e7in isim veya e-posta adresi verme zorunlulu\u011fu bulunmamaktad\u0131r.<\/p>\n\n\n\n<p>Pro Tools, Cubase, Logic Pro, Studio One, Reaper, Ableton Live, FL Studio veya bir ba\u015fkas\u0131\u2026 Sizin tercihiniz hangisi?<\/p>\n\n\n\n<p>Sesinizi duyurun!<\/p>\n\n\n\n<div style=\"height:25px\" aria-hidden=\"true\" class=\"wp-block-spacer\"><\/div>\n\n\n\n<h3>Tarihler<\/h3>\n\n\n\n<p>Anket 11 Aral\u0131k 2023 ile 18 Ocak 2024 tarihleri aras\u0131nda a\u00e7\u0131k kalacakt\u0131r. <\/p>\n\n\n\n<p>Sonu\u00e7lar\u0131 22 Ocak 2024 tarihinde a\u00e7\u0131klayaca\u011f\u0131m.<\/p>\n\n\n\n<div style=\"height:25px\" aria-hidden=\"true\" class=\"wp-block-spacer\"><\/div>\n\n\n\n<h3>Anket Formu<\/h3>\n\n\n\n<p>Anket formunu a\u015fa\u011f\u0131daki kutucuk i\u00e7inde g\u00f6r\u00fcnt\u00fcleyemiyorsan\u0131z yeni bir pencerede a\u00e7mak i\u00e7in <a href=\"https:\/\/tr.surveymonkey.com\/r\/NDH5MZ2\" target=\"_blank\" rel=\"noreferrer noopener\">buraya t\u0131klayabilirsiniz<\/a>.<\/p>\n\n\n\n<p>Payla\u015farak anketin daha fazla ki\u015fiye ula\u015fmas\u0131n\u0131 sa\u011flayabilirsiniz. Te\u015fekk\u00fcrler!<\/p>\n\n\n\n<p><span class=\"has-inline-color has-accent-color\"><strong>* Anket kapanm\u0131\u015ft\u0131r, sonu\u00e7lar 22 Ocak&#8217;ta a\u00e7\u0131klanacakt\u0131r.<\/strong><\/span><\/p>\n\n\n<p><script>(function(t,e,s,n){var o,a,c;t.SMCX=t.SMCX||[],e.getElementById(n)||(o=e.getElementsByTagName(s),a=o[o.length-1],c=e.createElement(s),c.type=\"text\/javascript\",c.async=!0,c.id=n,c.src=\"https:\/\/widget.surveymonkey.com\/collect\/website\/js\/tRaiETqnLgj758hTBazgdwZCRBJ4tskUnkBVPcTwjgJkhxJMttSoub5M98MGnUQC.js\",a.parentNode.insertBefore(c,a))})(window,document,\"script\",\"smcx-sdk\");<\/script><a style=\"font: 12px Helvetica, sans-serif; color: #999; text-decoration: none;\" href=\"tr.surveymonkey.com\"> Kendi kullan\u0131c\u0131 geri bildirimi anketinizi olu\u015fturun <\/a><\/p>\n\n\n<div style=\"height:50px\" aria-hidden=\"true\" class=\"wp-block-spacer\"><\/div>\n\n\n\n<figure class=\"wp-block-image size-large\"><a href=\"https:\/\/www.ufukonen.com\/tr\/ufuk-onen-ses-muzik-teknolojisi-miks-kitaplar.html\" target=\"_blank\" rel=\"noopener noreferrer\"><img loading=\"lazy\" width=\"1024\" height=\"333\" src=\"https:\/\/www.ufukonen.com\/tr\/wp-content\/uploads\/Books-Drop-Shadow-2022-10-22-1920x625_rfs-1024x333.jpg\" alt=\"\" class=\"wp-image-8148\" srcset=\"https:\/\/www.ufukonen.com\/tr\/wp-content\/uploads\/Books-Drop-Shadow-2022-10-22-1920x625_rfs-1024x333.jpg 1024w, https:\/\/www.ufukonen.com\/tr\/wp-content\/uploads\/Books-Drop-Shadow-2022-10-22-1920x625_rfs-300x98.jpg 300w, https:\/\/www.ufukonen.com\/tr\/wp-content\/uploads\/Books-Drop-Shadow-2022-10-22-1920x625_rfs-768x250.jpg 768w, https:\/\/www.ufukonen.com\/tr\/wp-content\/uploads\/Books-Drop-Shadow-2022-10-22-1920x625_rfs-1536x500.jpg 1536w, https:\/\/www.ufukonen.com\/tr\/wp-content\/uploads\/Books-Drop-Shadow-2022-10-22-1920x625_rfs-1140x371.jpg 1140w, https:\/\/www.ufukonen.com\/tr\/wp-content\/uploads\/Books-Drop-Shadow-2022-10-22-1920x625_rfs-552x180.jpg 552w, https:\/\/www.ufukonen.com\/tr\/wp-content\/uploads\/Books-Drop-Shadow-2022-10-22-1920x625_rfs.jpg 1920w\" sizes=\"(max-width: 1024px) 100vw, 1024px\" \/><\/a><figcaption><a href=\"https:\/\/www.ufukonen.com\/tr\/ufuk-onen-ses-muzik-teknolojisi-miks-kitaplar.html\" data-type=\"post\" data-id=\"5725\" target=\"_blank\" rel=\"noreferrer noopener\">Ufuk \u00d6nen\u2019in ses ve m\u00fczik teknolojileri, m\u00fczik prod\u00fcksiyonu, m\u00fczik miksi ve synthesizer \u00fczerine yazm\u0131\u015f oldu\u011fu kitaplar\u0131n tan\u0131t\u0131m metinleri ve online sat\u0131\u015f linkleri i\u00e7in t\u0131klay\u0131n.<\/a><\/figcaption><\/figure>\n\n\n\n<div style=\"height:50px\" aria-hidden=\"true\" class=\"wp-block-spacer\"><\/div>\n\n\n\n<p>Teknik terimler i\u00e7in <a href=\"http:\/\/www.ufukonen.com\/tr\/ses-kayit-muzik-teknolojisi-terimler-sozluk.html\">m\u00fczik teknolojisi, m\u00fczik prod\u00fcksiyonu ve ses kay\u0131t terimleri s\u00f6zl\u00fc\u011f\u00fcne<\/a> g\u00f6z atabilirsiniz.<\/p>\n\n\n\n<p>Benzer payla\u015f\u0131mlar i\u00e7in beni <a rel=\"noreferrer noopener\" href=\"https:\/\/www.facebook.com\/ufukonen.skmt\/\" target=\"_blank\">Facebook<\/a>, <a rel=\"noreferrer noopener\" aria-label=\"Instagram (opens in a new tab)\" href=\"https:\/\/www.instagram.com\/ufukonen\/\" target=\"_blank\">Instagram<\/a> ve <a rel=\"noreferrer noopener\" href=\"https:\/\/twitter.com\/UfukOnen\" target=\"_blank\">Twitter<\/a>&#8216;da takip edebilir, haberler i\u00e7in <a rel=\"noreferrer noopener\" href=\"http:\/\/ufukonen.com\/tr\/ses-kayit-muzik-teknolojisi-terimler-sozluk.html\" target=\"_blank\">mesaj listeme \u00fcye olabilirsiniz<\/a>. Te\u015fekk\u00fcrler.<\/p>\n\n\n\n<p>Ba\u015fl\u0131k foto\u011fraf\u0131: <a rel=\"noreferrer noopener\" href=\"https:\/\/www.pexels.com\/@cottonbro?utm_content=attributionCopyText&amp;utm_medium=referral&amp;utm_source=pexels\" target=\"_blank\">cottonbro<\/a>&nbsp;|&nbsp;<a rel=\"noreferrer noopener\" href=\"https:\/\/www.pexels.com\/photo\/man-people-woman-desk-5657727\/?utm_content=attributionCopyText&amp;utm_medium=referral&amp;utm_source=pexels\" target=\"_blank\">Pexels<\/a><\/p>\n\n\n\n<p>\u00a9 2023 Ufuk \u00d6nen. Her hakk\u0131 sakl\u0131d\u0131r. \u0130zinsiz kullan\u0131lamaz.<\/p>\n","protected":false},"excerpt":{"rendered":"<p class=\"post-excerpt\">&#x26a0;&#xfe0f; Anket formu bu sayfan\u0131n alt k\u0131sm\u0131nda yer almaktad\u0131r, siteden ayr\u0131lmadan kat\u0131labilirsiniz. 2016 y\u0131l\u0131nda T\u00fcrkiye&#8217;de m\u00fczik teknolojisi alan\u0131nda \u00e7al\u0131\u015fanlar\u0131n ve&#8230;<\/p>\n","protected":false},"author":2,"featured_media":8188,"comment_status":"closed","ping_status":"open","sticky":false,"template":"","format":"standard","meta":{"_mi_skip_tracking":false,"spay_email":"","jetpack_publicize_message":"","jetpack_is_tweetstorm":false,"jetpack_publicize_feature_enabled":true},"categories":[18],"tags":[],"jetpack_featured_media_url":"https:\/\/www.ufukonen.com\/tr\/wp-content\/uploads\/2023_DAW_Anketi.jpg","jetpack_publicize_connections":[],"jetpack_shortlink":"https:\/\/wp.me\/p3rjsG-27Q","jetpack_sharing_enabled":true,"jetpack-related-posts":[{"id":8608,"url":"https:\/\/www.ufukonen.com\/tr\/2025-daw-anketi.html","url_meta":{"origin":8174,"position":0},"title":"2025 DAW Anketi","date":"November 23, 2025","format":false,"excerpt":"T\u00fcrkiye'nin DAW Anketi 10 ya\u015f\u0131nda! Anket formu a\u015fa\u011f\u0131dad\u0131r, bu sayfadan ayr\u0131lmadan ankete kat\u0131labilirsiniz. 2016 y\u0131l\u0131nda ba\u015flayan DAW Anketi yolculu\u011fu sizlerin ilgisi ve deste\u011fi ile devam etti. Gelenek bu y\u0131l da bozulmuyor: 2025 DAW Anketi sizlerle. Ge\u00e7mi\u015fe K\u0131sa Bir Bak\u0131\u015f 2016 y\u0131l\u0131nda sadece iki sorudan olu\u015fan basit bir anketle yola \u00e7\u0131kt\u0131m.\u2026","rel":"","context":"In &quot;M\u00fczik Prod\u00fcksiyonu&quot;","img":{"alt_text":"","src":"https:\/\/i0.wp.com\/www.ufukonen.com\/tr\/wp-content\/uploads\/2025_DAW_Anketi.jpg?resize=350%2C200&ssl=1","width":350,"height":200},"classes":[]},{"id":8402,"url":"https:\/\/www.ufukonen.com\/tr\/2024-daw-anketi.html","url_meta":{"origin":8174,"position":1},"title":"2024 DAW Anketi","date":"November 18, 2024","format":false,"excerpt":"Anket formu a\u015fa\u011f\u0131dad\u0131r, bu sayfadan ayr\u0131lmadan ankete kat\u0131labilirsiniz. DAW Anketi, sekiz y\u0131l boyunca T\u00fcrkiye'deki DAW (Digital Audio Workstation) kullan\u0131c\u0131lar\u0131n\u0131n tercihlerini mercek alt\u0131nda ald\u0131. 2016 y\u0131l\u0131nda yapt\u0131\u011f\u0131m ilk anketle ba\u015flayan bu yolculuk, sizlerin ilgisi ve deste\u011fiyle devam etti. Bu y\u0131l da gelenek bozulmuyor: 2024 DAW Anketi sizlerle! Ge\u00e7mi\u015fe K\u0131sa Bir Bak\u0131\u015f\u2026","rel":"","context":"In &quot;M\u00fczik Prod\u00fcksiyonu&quot;","img":{"alt_text":"","src":"https:\/\/i0.wp.com\/www.ufukonen.com\/tr\/wp-content\/uploads\/2024_DAW_Anketi-1.jpg?resize=350%2C200&ssl=1","width":350,"height":200},"classes":[]},{"id":7685,"url":"https:\/\/www.ufukonen.com\/tr\/2022-daw-anketi.html","url_meta":{"origin":8174,"position":2},"title":"2022 DAW Anketi","date":"November 7, 2022","format":false,"excerpt":"\u26a0\ufe0f Anket formu bu sayfan\u0131n alt k\u0131sm\u0131nda yer almaktad\u0131r, siteden ayr\u0131lmadan kat\u0131labilirsiniz. 2016 y\u0131l\u0131nda, T\u00fcrkiye'deki DAW kullan\u0131c\u0131lar\u0131n\u0131n tercihlerini tespit edebilmek amac\u0131yla bir anket d\u00fczenledim. \u0130ki sorudan olu\u015fan bu anket olduk\u00e7a b\u00fcy\u00fck ilgi g\u00f6rd\u00fc. Sonu\u00e7lar\u0131 sizlerle payla\u015ft\u0131m, sosyal medya platformlar\u0131nda birlikte yorumlad\u0131k. 2016 sonras\u0131nda anketi d\u00fczenlemeye devam ettim. Soru say\u0131s\u0131n\u0131 artt\u0131rd\u0131m.\u2026","rel":"","context":"In &quot;Ses ve M\u00fczik Teknolojileri&quot;","img":{"alt_text":"","src":"https:\/\/i0.wp.com\/www.ufukonen.com\/tr\/wp-content\/uploads\/2022_DAW_Anketi.jpg?resize=350%2C200&ssl=1","width":350,"height":200},"classes":[]},{"id":6993,"url":"https:\/\/www.ufukonen.com\/tr\/2021-daw-anketi.html","url_meta":{"origin":8174,"position":3},"title":"2021 DAW Anketi","date":"November 15, 2021","format":false,"excerpt":"2016 y\u0131l\u0131nda, T\u00fcrkiye'deki DAW kullan\u0131c\u0131lar\u0131n\u0131n tercihlerini tespit edebilmek amac\u0131yla bir anket d\u00fczenledim. \u0130ki sorudan olu\u015fan bu anket olduk\u00e7a b\u00fcy\u00fck ilgi g\u00f6rd\u00fc. Takip eden y\u0131llarda da devam ettim. Sonu\u00e7lar\u0131 sizlerle payla\u015ft\u0131m. Bu anket sayesinde kullan\u0131c\u0131lar\u0131n tercihleri hakk\u0131nda hep birlikte fikirler edindik. Her ne kadar be\u015f y\u0131l \u00e7ok uzun bir s\u00fcre olmasa\u2026","rel":"","context":"In &quot;Ses ve M\u00fczik Teknolojileri&quot;","img":{"alt_text":"","src":"https:\/\/i0.wp.com\/www.ufukonen.com\/tr\/wp-content\/uploads\/2021_DAW_Anketi.jpg?resize=350%2C200&ssl=1","width":350,"height":200},"classes":[]},{"id":6168,"url":"https:\/\/www.ufukonen.com\/tr\/2020-daw-anketi.html","url_meta":{"origin":8174,"position":4},"title":"2020 DAW Anketi","date":"November 9, 2020","format":false,"excerpt":"2016 y\u0131l\u0131n\u0131n Aral\u0131k ay\u0131nda \u201cyabanc\u0131 dergiler ve web siteleri her y\u0131l anketler yap\u0131yorlar, bir tane de bizden olsun\u201d diyerek DAW (Digital Audio Workstation) tercihi \u00fczerine iki sorudan olu\u015fan \u00e7oktan se\u00e7meli bir anket haz\u0131rlam\u0131\u015ft\u0131m. Anket olduk\u00e7a ilgi g\u00f6rd\u00fc. Takip eden y\u0131llarda da devam ettim. \u0130lgi her ge\u00e7en sene artt\u0131. Anket, T\u00fcrkiye'deki\u2026","rel":"","context":"In &quot;Ses ve M\u00fczik Teknolojileri&quot;","img":{"alt_text":"","src":"https:\/\/i0.wp.com\/www.ufukonen.com\/tr\/wp-content\/uploads\/2019_DAW_Anketi_1280x853_rfs.jpg?resize=350%2C200&ssl=1","width":350,"height":200},"classes":[]},{"id":4380,"url":"https:\/\/www.ufukonen.com\/tr\/2018-daw-anketi.html","url_meta":{"origin":8174,"position":5},"title":"2018 DAW Anketi","date":"December 3, 2018","format":false,"excerpt":"2016 y\u0131l\u0131n\u0131n Aral\u0131k ay\u0131nda \"yabanc\u0131 dergiler ve web siteleri her y\u0131l anketler yap\u0131yorlar, bir tane de bizden olsun\" diyerek DAW (Digital Audio Workstation) tercihi \u00fczerine iki sorudan olu\u015fan \u00e7oktan se\u00e7meli bir anket haz\u0131rlam\u0131\u015ft\u0131m. Anket olduk\u00e7a ilgi g\u00f6rd\u00fc. Ayn\u0131 anketi 2017 y\u0131l\u0131nda da tekrarlad\u0131m. 206 ve 2017 anket sonu\u00e7lar\u0131na \u015fu linklerden\u2026","rel":"","context":"In &quot;Ses ve M\u00fczik Teknolojileri&quot;","img":{"alt_text":"","src":"https:\/\/i0.wp.com\/www.ufukonen.com\/tr\/wp-content\/uploads\/2018_DAW_Anketi_1280x720_rfs.jpg?resize=350%2C200&ssl=1","width":350,"height":200},"classes":[]}],"_links":{"self":[{"href":"https:\/\/www.ufukonen.com\/tr\/wp-json\/wp\/v2\/posts\/8174"}],"collection":[{"href":"https:\/\/www.ufukonen.com\/tr\/wp-json\/wp\/v2\/posts"}],"about":[{"href":"https:\/\/www.ufukonen.com\/tr\/wp-json\/wp\/v2\/types\/post"}],"author":[{"embeddable":true,"href":"https:\/\/www.ufukonen.com\/tr\/wp-json\/wp\/v2\/users\/2"}],"replies":[{"embeddable":true,"href":"https:\/\/www.ufukonen.com\/tr\/wp-json\/wp\/v2\/comments?post=8174"}],"version-history":[{"count":14,"href":"https:\/\/www.ufukonen.com\/tr\/wp-json\/wp\/v2\/posts\/8174\/revisions"}],"predecessor-version":[{"id":8225,"href":"https:\/\/www.ufukonen.com\/tr\/wp-json\/wp\/v2\/posts\/8174\/revisions\/8225"}],"wp:featuredmedia":[{"embeddable":true,"href":"https:\/\/www.ufukonen.com\/tr\/wp-json\/wp\/v2\/media\/8188"}],"wp:attachment":[{"href":"https:\/\/www.ufukonen.com\/tr\/wp-json\/wp\/v2\/media?parent=8174"}],"wp:term":[{"taxonomy":"category","embeddable":true,"href":"https:\/\/www.ufukonen.com\/tr\/wp-json\/wp\/v2\/categories?post=8174"},{"taxonomy":"post_tag","embeddable":true,"href":"https:\/\/www.ufukonen.com\/tr\/wp-json\/wp\/v2\/tags?post=8174"}],"curies":[{"name":"wp","href":"https:\/\/api.w.org\/{rel}","templated":true}]}}