{"id":8191,"date":"2023-12-27T09:00:00","date_gmt":"2023-12-27T06:00:00","guid":{"rendered":"https:\/\/www.ufukonen.com\/tr\/?p=8191"},"modified":"2024-09-01T00:44:00","modified_gmt":"2024-08-31T21:44:00","slug":"2023-en-cok-okunan","status":"publish","type":"post","link":"https:\/\/www.ufukonen.com\/tr\/2023-en-cok-okunan.html","title":{"rendered":"2023 Y\u0131l\u0131nda En \u00c7ok Okunan Blog Yaz\u0131lar\u0131m"},"content":{"rendered":"\n<p>Blog yaz\u0131lar\u0131m\u0131 takip edenler bilirler, her senenin sonunda o y\u0131l en \u00e7ok okunan blog yaz\u0131lar\u0131m\u0131 liste haline getirip okuyucular\u0131mla payla\u015f\u0131r\u0131m. 2023 i\u00e7in de farkl\u0131 bir durum yok. Liste haz\u0131r ancak listeden \u00f6nce bu y\u0131l beni mesleki a\u00e7\u0131dan en \u00e7ok heyecanland\u0131ran geli\u015fmeyi payla\u015fmak istiyorum.<\/p>\n\n\n\n<p>2023 y\u0131l\u0131nda beni en \u00e7ok heyecanland\u0131ran geli\u015fme, Bilkent \u00dcniversitesi&#8217;nde Dolby standartlar\u0131na g\u00f6re tasarlad\u0131\u011f\u0131m\u0131z ve kurdu\u011fumuz 7.1.4 Dolby Atmos st\u00fcdyosu oldu. Ekim ay\u0131nda faaliyete ge\u00e7en st\u00fcdyomuzda Apple Mac Studio bilgisayar, Pro Tools Ultimate yaz\u0131l\u0131m, Avid MTRX Studio donan\u0131m ve Kali hoparl\u00f6r sistemi (3 adet IN-8, 5 adet IN-5 ve 1 adet WS-12) bulunuyor.<\/p>\n\n\n\n<figure class=\"wp-block-image size-large\"><a href=\"https:\/\/www.ufukonen.com\/tr\/dolby-atmos-bilkent-apple-music-uzamsal-ses-2023.html\" target=\"_blank\" rel=\"noopener\"><img loading=\"lazy\" width=\"1024\" height=\"683\" src=\"https:\/\/www.ufukonen.com\/tr\/wp-content\/uploads\/Dolby_Atmos_Bilkent_Apple_Music_01_IMG_6822-1024x683.jpg\" alt=\"\" class=\"wp-image-8157\" srcset=\"https:\/\/www.ufukonen.com\/tr\/wp-content\/uploads\/Dolby_Atmos_Bilkent_Apple_Music_01_IMG_6822-1024x683.jpg 1024w, https:\/\/www.ufukonen.com\/tr\/wp-content\/uploads\/Dolby_Atmos_Bilkent_Apple_Music_01_IMG_6822-300x200.jpg 300w, https:\/\/www.ufukonen.com\/tr\/wp-content\/uploads\/Dolby_Atmos_Bilkent_Apple_Music_01_IMG_6822-768x512.jpg 768w, https:\/\/www.ufukonen.com\/tr\/wp-content\/uploads\/Dolby_Atmos_Bilkent_Apple_Music_01_IMG_6822-1536x1024.jpg 1536w, https:\/\/www.ufukonen.com\/tr\/wp-content\/uploads\/Dolby_Atmos_Bilkent_Apple_Music_01_IMG_6822-1140x760.jpg 1140w, https:\/\/www.ufukonen.com\/tr\/wp-content\/uploads\/Dolby_Atmos_Bilkent_Apple_Music_01_IMG_6822-552x368.jpg 552w, https:\/\/www.ufukonen.com\/tr\/wp-content\/uploads\/Dolby_Atmos_Bilkent_Apple_Music_01_IMG_6822.jpg 1920w\" sizes=\"(max-width: 1024px) 100vw, 1024px\" \/><\/a><figcaption><a href=\"https:\/\/www.ufukonen.com\/tr\/dolby-atmos-bilkent-apple-music-uzamsal-ses-2023.html\" data-type=\"post\" data-id=\"8151\" target=\"_blank\" rel=\"noreferrer noopener\">Dolby Atmos St\u00fcdyomuzda Misafirlerimizi A\u011f\u0131rlad\u0131k, Apple Music \u00dczerinden Uzamsal Sesi Deneyimledik<\/a><\/figcaption><\/figure>\n\n\n\n<div style=\"height:10px\" aria-hidden=\"true\" class=\"wp-block-spacer\"><\/div>\n\n\n\n<p>2021 y\u0131l\u0131nda yay\u0131mlad\u0131\u011f\u0131m &#8220;<a rel=\"noreferrer noopener\" href=\"https:\/\/www.ufukonen.com\/tr\/apple-music-dolby-atmos-uzamsal-ses.html\" data-type=\"post\" data-id=\"6697\" target=\"_blank\">Apple Music ve Dolby Atmos Destekli Uzamsal Ses<\/a>&#8221; ba\u015fl\u0131kl\u0131 makalede, uzamsal sesin m\u00fczik sekt\u00f6r\u00fcnde hem estetik hem teknik hem de ticari a\u00e7\u0131dan de\u011fi\u015fiklikler yaratabilece\u011fini yazm\u0131\u015ft\u0131m. Yazd\u0131klar\u0131m do\u011fru \u00e7\u0131k\u0131yor. Son iki y\u0131ldan beri Dolby Atmos destekli uzamsal ses format\u0131ndaki st\u00fcdyolar\u0131n ve bu st\u00fcdyolarda yap\u0131lan uzamsal m\u00fczik mikslerinin say\u0131s\u0131 her ge\u00e7en g\u00fcn art\u0131yor. T\u00fcrkiye\u2019de \u015fu anda (Aral\u0131k 2023 itibar\u0131yla) Dolby standartlar\u0131na g\u00f6re tasarlanm\u0131\u015f 19 adet Dolby Atmos st\u00fcdyosu bulunuyor. D\u00fcnyada bu say\u0131 750\u2019nin \u00fczerinde.<\/p>\n\n\n\n<p>Listeye ge\u00e7meden, son olarak, e\u011fer hen\u00fcz kat\u0131lmad\u0131ysan\u0131z <strong><a href=\"https:\/\/www.ufukonen.com\/tr\/2023-daw-anketi.html\" data-type=\"post\" data-id=\"8174\" target=\"_blank\" rel=\"noreferrer noopener\">2023 DAW ANKET\u0130<\/a><\/strong>&#8216;ne kat\u0131lmay\u0131 ihmal etmeyin l\u00fctfen. Te\u015fekk\u00fcrler!<\/p>\n\n\n\n<figure class=\"wp-block-image size-large\"><a href=\"https:\/\/www.ufukonen.com\/tr\/2023-daw-anketi.html\" target=\"_blank\" rel=\"noopener\"><img loading=\"lazy\" width=\"1024\" height=\"576\" src=\"https:\/\/www.ufukonen.com\/tr\/wp-content\/uploads\/2023_DAW_Anketi-1024x576.jpg\" alt=\"\" class=\"wp-image-8188\" srcset=\"https:\/\/www.ufukonen.com\/tr\/wp-content\/uploads\/2023_DAW_Anketi-1024x576.jpg 1024w, https:\/\/www.ufukonen.com\/tr\/wp-content\/uploads\/2023_DAW_Anketi-300x169.jpg 300w, https:\/\/www.ufukonen.com\/tr\/wp-content\/uploads\/2023_DAW_Anketi-768x432.jpg 768w, https:\/\/www.ufukonen.com\/tr\/wp-content\/uploads\/2023_DAW_Anketi-1536x864.jpg 1536w, https:\/\/www.ufukonen.com\/tr\/wp-content\/uploads\/2023_DAW_Anketi-1140x641.jpg 1140w, https:\/\/www.ufukonen.com\/tr\/wp-content\/uploads\/2023_DAW_Anketi-552x311.jpg 552w, https:\/\/www.ufukonen.com\/tr\/wp-content\/uploads\/2023_DAW_Anketi.jpg 1920w\" sizes=\"(max-width: 1024px) 100vw, 1024px\" \/><\/a><figcaption><a href=\"https:\/\/www.ufukonen.com\/tr\/2023-daw-anketi.html\" data-type=\"post\" data-id=\"8174\" target=\"_blank\" rel=\"noreferrer noopener\">2023 DAW Anketi<\/a><\/figcaption><\/figure>\n\n\n\n<p>\u015eimdi gelelim 2023 y\u0131l\u0131nda en \u00e7ok okunan blog yaz\u0131lar\u0131m\u0131n listesine\u2026 Bu y\u0131l listeyi tersten payla\u015f\u0131yorum.<\/p>\n\n\n\n<p>Sa\u011fl\u0131k, mutluluk ve tabii m\u00fczik dolu harika bir y\u0131l diliyorum &#x1f3b6; 2024 umar\u0131m hepimizin i\u00e7in \u00e7ok \u00e7ok daha g\u00fczel bir y\u0131l olur &#x1f60e;<\/p>\n\n\n\n<p>G\u00f6r\u00fc\u015fmek \u00fczere!<\/p>\n\n\n\n<div style=\"height:50px\" aria-hidden=\"true\" class=\"wp-block-spacer\"><\/div>\n\n\n\n<h2>2023 Y\u0131l\u0131nda En \u00c7ok Okunan Blog Yaz\u0131lar\u0131m<\/h2>\n\n\n\n<div style=\"height:20px\" aria-hidden=\"true\" class=\"wp-block-spacer\"><\/div>\n\n\n\n<h3>15- <a href=\"https:\/\/www.ufukonen.com\/tr\/pultec-eq-sihirli-dokunus.html\" data-type=\"post\" data-id=\"7623\" target=\"_blank\" rel=\"noreferrer noopener\">Pultec EQ ve Sihirli Dokunu\u015f<\/a><\/h3>\n\n\n\n<figure class=\"wp-block-image size-large\"><a href=\"https:\/\/www.ufukonen.com\/tr\/pultec-eq-sihirli-dokunus.html\" target=\"_blank\" rel=\"noopener\"><img loading=\"lazy\" width=\"1024\" height=\"576\" src=\"https:\/\/www.ufukonen.com\/tr\/wp-content\/uploads\/Pultec_EQ_00_Header-1024x576.jpg\" alt=\"\" class=\"wp-image-7626\" srcset=\"https:\/\/www.ufukonen.com\/tr\/wp-content\/uploads\/Pultec_EQ_00_Header-1024x576.jpg 1024w, https:\/\/www.ufukonen.com\/tr\/wp-content\/uploads\/Pultec_EQ_00_Header-300x169.jpg 300w, https:\/\/www.ufukonen.com\/tr\/wp-content\/uploads\/Pultec_EQ_00_Header-768x432.jpg 768w, https:\/\/www.ufukonen.com\/tr\/wp-content\/uploads\/Pultec_EQ_00_Header-1536x864.jpg 1536w, https:\/\/www.ufukonen.com\/tr\/wp-content\/uploads\/Pultec_EQ_00_Header-1140x641.jpg 1140w, https:\/\/www.ufukonen.com\/tr\/wp-content\/uploads\/Pultec_EQ_00_Header-552x311.jpg 552w, https:\/\/www.ufukonen.com\/tr\/wp-content\/uploads\/Pultec_EQ_00_Header.jpg 1920w\" sizes=\"(max-width: 1024px) 100vw, 1024px\" \/><\/a><\/figure>\n\n\n\n<p>Pultec EQ, 70 y\u0131l boyunca bir\u00e7ok prod\u00fcksiyonda kullan\u0131ld\u0131, kullan\u0131lmaya da devam ediyor. E\u011fer Pultec EQ\u2019yu duyduysan\u0131z muhtemelen \u201csihirli dokunu\u015fu\u201d oldu\u011funu da duymu\u015fsunuzdur. Nedir bu Pultec EQ? \u00c7al\u0131\u015fma prensibi nas\u0131ld\u0131r? Neden sihirli dokunu\u015fu oldu\u011fu s\u00f6ylenir?<\/p>\n\n\n\n<div style=\"height:50px\" aria-hidden=\"true\" class=\"wp-block-spacer\"><\/div>\n\n\n\n<h3>14- <a href=\"https:\/\/www.ufukonen.com\/tr\/kulak-cinlamasi-tinnitus.html\" data-type=\"post\" data-id=\"6814\" target=\"_blank\" rel=\"noreferrer noopener\">Kulak \u00c7\u0131nlamas\u0131 (Tinnitus) ve Korunma Y\u00f6ntemleri<\/a><\/h3>\n\n\n\n<figure class=\"wp-block-image size-large\"><a href=\"https:\/\/www.ufukonen.com\/tr\/kulak-cinlamasi-tinnitus.html\" target=\"_blank\" rel=\"noopener\"><img loading=\"lazy\" width=\"1024\" height=\"576\" src=\"https:\/\/www.ufukonen.com\/tr\/wp-content\/uploads\/Kulak_Cinlamasi_Tinnitus_00_Header-1024x576.jpg\" alt=\"\" class=\"wp-image-6818\" srcset=\"https:\/\/www.ufukonen.com\/tr\/wp-content\/uploads\/Kulak_Cinlamasi_Tinnitus_00_Header-1024x576.jpg 1024w, https:\/\/www.ufukonen.com\/tr\/wp-content\/uploads\/Kulak_Cinlamasi_Tinnitus_00_Header-300x169.jpg 300w, https:\/\/www.ufukonen.com\/tr\/wp-content\/uploads\/Kulak_Cinlamasi_Tinnitus_00_Header-768x432.jpg 768w, https:\/\/www.ufukonen.com\/tr\/wp-content\/uploads\/Kulak_Cinlamasi_Tinnitus_00_Header-1536x864.jpg 1536w, https:\/\/www.ufukonen.com\/tr\/wp-content\/uploads\/Kulak_Cinlamasi_Tinnitus_00_Header-1140x641.jpg 1140w, https:\/\/www.ufukonen.com\/tr\/wp-content\/uploads\/Kulak_Cinlamasi_Tinnitus_00_Header-552x311.jpg 552w, https:\/\/www.ufukonen.com\/tr\/wp-content\/uploads\/Kulak_Cinlamasi_Tinnitus_00_Header.jpg 1920w\" sizes=\"(max-width: 1024px) 100vw, 1024px\" \/><\/a><\/figure>\n\n\n\n<p>Tinnitus terimini belki duymam\u0131\u015f olabilirsiniz ama ne oldu\u011funu biliyorsunuzdur. Tinnitus genelde \u201ckulak \u00e7\u0131nlamas\u0131\u201d olarak ifade ediliyor. Kulak \u00e7\u0131nlamas\u0131n\u0131 hemen hemen herkes hayat\u0131nda en az birka\u00e7 defa deneyimlemi\u015ftir. \u00c7ok y\u00fcksek sesli bir konserde zaman ge\u00e7irdikten sonra eve gitti\u011finizde kulaklar\u0131n\u0131zda y\u00fcksek frekansl\u0131 bir \u00e7\u0131nlama duyars\u0131n\u0131z. Bu \u00e7\u0131nlama \u00e7o\u011fu zaman sadece birka\u00e7 saat s\u00fcrer. Genelde sabah uyand\u0131\u011f\u0131n\u0131zda ge\u00e7ip gitmi\u015f olur. Bu \u00e7\u0131nlaman\u0131n k\u0131sa bir s\u00fcre i\u00e7inde ge\u00e7medi\u011fini, hatta s\u00fcrekli olarak devam etti\u011fini ve \u00e7\u0131nlama seviyesinin gittik\u00e7e y\u00fckseldi\u011fini d\u00fc\u015f\u00fcn\u00fcn\u2026<\/p>\n\n\n\n<div style=\"height:50px\" aria-hidden=\"true\" class=\"wp-block-spacer\"><\/div>\n\n\n\n<h3>13- <a href=\"https:\/\/www.ufukonen.com\/tr\/vokal-hava-parlaklik.html\" data-type=\"post\" data-id=\"7515\" target=\"_blank\" rel=\"noreferrer noopener\">Vokale &#8220;Hava&#8221; ve &#8220;Parlakl\u0131k&#8221; Katmak \u0130\u00e7in Bir Teknik<\/a><\/h3>\n\n\n\n<figure class=\"wp-block-image size-large\"><a href=\"https:\/\/www.ufukonen.com\/tr\/vokal-hava-parlaklik.html\" target=\"_blank\" rel=\"noopener\"><img loading=\"lazy\" width=\"1024\" height=\"576\" src=\"https:\/\/www.ufukonen.com\/tr\/wp-content\/uploads\/Vokal_Hava_Parlaklik_00_Header-1024x576.jpg\" alt=\"\" class=\"wp-image-7528\" srcset=\"https:\/\/www.ufukonen.com\/tr\/wp-content\/uploads\/Vokal_Hava_Parlaklik_00_Header-1024x576.jpg 1024w, https:\/\/www.ufukonen.com\/tr\/wp-content\/uploads\/Vokal_Hava_Parlaklik_00_Header-300x169.jpg 300w, https:\/\/www.ufukonen.com\/tr\/wp-content\/uploads\/Vokal_Hava_Parlaklik_00_Header-768x432.jpg 768w, https:\/\/www.ufukonen.com\/tr\/wp-content\/uploads\/Vokal_Hava_Parlaklik_00_Header-1536x864.jpg 1536w, https:\/\/www.ufukonen.com\/tr\/wp-content\/uploads\/Vokal_Hava_Parlaklik_00_Header-1140x641.jpg 1140w, https:\/\/www.ufukonen.com\/tr\/wp-content\/uploads\/Vokal_Hava_Parlaklik_00_Header-552x311.jpg 552w, https:\/\/www.ufukonen.com\/tr\/wp-content\/uploads\/Vokal_Hava_Parlaklik_00_Header.jpg 1920w\" sizes=\"(max-width: 1024px) 100vw, 1024px\" \/><\/a><\/figure>\n\n\n\n<p>Bu yaz\u0131mda sizlerle vokale \u201chava\u201d ve \u201cparlakl\u0131k\u201d katmak i\u00e7in i\u00e7in basit ama olduk\u00e7a etkili bir teknik payla\u015f\u0131yorum. Ben Pro Tools ile birlikte gelen plug-in\u2019leri kulland\u0131m. Siz de kulland\u0131\u011f\u0131n\u0131z DAW\u2019\u0131n i\u00e7indeki stok plug-in\u2019leri ya da tercih etti\u011finiz ba\u015fka plug-in\u2019leri kullanarak bu tekni\u011fi uygulayabilirsiniz.<\/p>\n\n\n\n<div style=\"height:50px\" aria-hidden=\"true\" class=\"wp-block-spacer\"><\/div>\n\n\n\n<h3>12- <a href=\"https:\/\/www.ufukonen.com\/tr\/desibel-toplama.html\" data-type=\"post\" data-id=\"7378\" target=\"_blank\" rel=\"noreferrer noopener\">Desibel Toplama<\/a><\/h3>\n\n\n\n<figure class=\"wp-block-image size-large\"><a href=\"https:\/\/www.ufukonen.com\/tr\/desibel-toplama.html\" target=\"_blank\" rel=\"noopener\"><img loading=\"lazy\" width=\"1024\" height=\"576\" src=\"https:\/\/www.ufukonen.com\/tr\/wp-content\/uploads\/Desibel_Toplama_00_Header-1024x576.jpg\" alt=\"\" class=\"wp-image-7388\" srcset=\"https:\/\/www.ufukonen.com\/tr\/wp-content\/uploads\/Desibel_Toplama_00_Header-1024x576.jpg 1024w, https:\/\/www.ufukonen.com\/tr\/wp-content\/uploads\/Desibel_Toplama_00_Header-300x169.jpg 300w, https:\/\/www.ufukonen.com\/tr\/wp-content\/uploads\/Desibel_Toplama_00_Header-768x432.jpg 768w, https:\/\/www.ufukonen.com\/tr\/wp-content\/uploads\/Desibel_Toplama_00_Header-1536x864.jpg 1536w, https:\/\/www.ufukonen.com\/tr\/wp-content\/uploads\/Desibel_Toplama_00_Header-1140x641.jpg 1140w, https:\/\/www.ufukonen.com\/tr\/wp-content\/uploads\/Desibel_Toplama_00_Header-552x311.jpg 552w, https:\/\/www.ufukonen.com\/tr\/wp-content\/uploads\/Desibel_Toplama_00_Header.jpg 1920w\" sizes=\"(max-width: 1024px) 100vw, 1024px\" \/><\/a><\/figure>\n\n\n\n<p>Desibel De\u011ferleri \u0130le Basit\u00e7e Toplama \u0130\u015flemi Yap\u0131l\u0131r m\u0131? Bu soru y\u0131llar i\u00e7inde bana defalarca soruldu. Cevap \u00e7ok net: Hay\u0131r! Peki, neden?<\/p>\n\n\n\n<div style=\"height:50px\" aria-hidden=\"true\" class=\"wp-block-spacer\"><\/div>\n\n\n\n<h3>11- <a href=\"https:\/\/www.ufukonen.com\/tr\/kompresor-mini-rehber.html\" data-type=\"post\" data-id=\"7446\" target=\"_blank\" rel=\"noreferrer noopener\">Kompres\u00f6r: Mini Rehber<\/a><\/h3>\n\n\n\n<figure class=\"wp-block-image size-large\"><a href=\"https:\/\/www.ufukonen.com\/tr\/kompresor-mini-rehber.html\" target=\"_blank\" rel=\"noopener\"><img loading=\"lazy\" width=\"1024\" height=\"576\" src=\"https:\/\/www.ufukonen.com\/tr\/wp-content\/uploads\/Kompresor_Mini_Rehber_00_Header-1024x576.jpg\" alt=\"\" class=\"wp-image-7452\" srcset=\"https:\/\/www.ufukonen.com\/tr\/wp-content\/uploads\/Kompresor_Mini_Rehber_00_Header-1024x576.jpg 1024w, https:\/\/www.ufukonen.com\/tr\/wp-content\/uploads\/Kompresor_Mini_Rehber_00_Header-300x169.jpg 300w, https:\/\/www.ufukonen.com\/tr\/wp-content\/uploads\/Kompresor_Mini_Rehber_00_Header-768x432.jpg 768w, https:\/\/www.ufukonen.com\/tr\/wp-content\/uploads\/Kompresor_Mini_Rehber_00_Header-1536x864.jpg 1536w, https:\/\/www.ufukonen.com\/tr\/wp-content\/uploads\/Kompresor_Mini_Rehber_00_Header-1140x641.jpg 1140w, https:\/\/www.ufukonen.com\/tr\/wp-content\/uploads\/Kompresor_Mini_Rehber_00_Header-552x311.jpg 552w, https:\/\/www.ufukonen.com\/tr\/wp-content\/uploads\/Kompresor_Mini_Rehber_00_Header.jpg 1920w\" sizes=\"(max-width: 1024px) 100vw, 1024px\" \/><\/a><\/figure>\n\n\n\n<p>Kompres\u00f6r \u00fczerine daha \u00f6nce yazd\u0131\u011f\u0131m yaz\u0131lar\u0131 tek bir \u00e7at\u0131 alt\u0131nda toplay\u0131p bir mini rehber olu\u015fturdum.<\/p>\n\n\n\n<div style=\"height:50px\" aria-hidden=\"true\" class=\"wp-block-spacer\"><\/div>\n\n\n\n<h3>10- <a href=\"https:\/\/www.ufukonen.com\/tr\/miks-alt-frekans-dengesi-tavsiyeler.html\" data-type=\"post\" data-id=\"6869\" target=\"_blank\" rel=\"noreferrer noopener\">Mikste Sa\u011flam Bir Alt Frekans Dengesi Yakalamak \u0130\u00e7in Tavsiyeler<\/a><\/h3>\n\n\n\n<figure class=\"wp-block-image size-large\"><a href=\"https:\/\/www.ufukonen.com\/tr\/miks-alt-frekans-dengesi-tavsiyeler.html\" target=\"_blank\" rel=\"noopener\"><img loading=\"lazy\" width=\"1024\" height=\"576\" src=\"https:\/\/www.ufukonen.com\/tr\/wp-content\/uploads\/Miks_Alt_Frekans_Dengesi_Tavsiyeler_00_Header-1024x576.jpg\" alt=\"\" class=\"wp-image-6880\" srcset=\"https:\/\/www.ufukonen.com\/tr\/wp-content\/uploads\/Miks_Alt_Frekans_Dengesi_Tavsiyeler_00_Header-1024x576.jpg 1024w, https:\/\/www.ufukonen.com\/tr\/wp-content\/uploads\/Miks_Alt_Frekans_Dengesi_Tavsiyeler_00_Header-300x169.jpg 300w, https:\/\/www.ufukonen.com\/tr\/wp-content\/uploads\/Miks_Alt_Frekans_Dengesi_Tavsiyeler_00_Header-768x432.jpg 768w, https:\/\/www.ufukonen.com\/tr\/wp-content\/uploads\/Miks_Alt_Frekans_Dengesi_Tavsiyeler_00_Header-1536x864.jpg 1536w, https:\/\/www.ufukonen.com\/tr\/wp-content\/uploads\/Miks_Alt_Frekans_Dengesi_Tavsiyeler_00_Header-1140x641.jpg 1140w, https:\/\/www.ufukonen.com\/tr\/wp-content\/uploads\/Miks_Alt_Frekans_Dengesi_Tavsiyeler_00_Header-552x311.jpg 552w, https:\/\/www.ufukonen.com\/tr\/wp-content\/uploads\/Miks_Alt_Frekans_Dengesi_Tavsiyeler_00_Header.jpg 1920w\" sizes=\"(max-width: 1024px) 100vw, 1024px\" \/><\/a><\/figure>\n\n\n\n<p>Mikste sa\u011flam bir alt frekans ya da di\u011fer bir deyi\u015fle s\u0131k\u0131 bir bas dengesi yakalamak \u00f6zellikle miks yapmaya yeni ba\u015flayanlar\u0131n en \u00e7ok zorland\u0131klar\u0131 noktalardan bir tanesi. Tecr\u00fcbe eden herkesin bildi\u011fi gibi vurucu ve s\u0131k\u0131 bir bas dengesi, EQ ile enstr\u00fcmanlar\u0131n alt frekans seviyelerini bol bol art\u0131rmakla olmuyor. Hatta tam tersine, bunu yap\u0131nca miks adeta bir \u00e7amur y\u0131\u011f\u0131n\u0131na d\u00f6n\u00fc\u015f\u00fcyor. Peki ne yapmak laz\u0131m?<\/p>\n\n\n\n<div style=\"height:50px\" aria-hidden=\"true\" class=\"wp-block-spacer\"><\/div>\n\n\n\n<h3>9- <a href=\"https:\/\/www.ufukonen.com\/tr\/ilk-mikrofonunu-alacaklar-tavsiye.html\" data-type=\"post\" data-id=\"7152\" target=\"_blank\" rel=\"noreferrer noopener\">\u0130lk Mikrofonunu Alacaklar \u0130\u00e7in Tavsiye<\/a><\/h3>\n\n\n\n<figure class=\"wp-block-image size-large\"><a href=\"https:\/\/www.ufukonen.com\/tr\/ilk-mikrofonunu-alacaklar-tavsiye.html\" target=\"_blank\" rel=\"noopener\"><img loading=\"lazy\" width=\"1024\" height=\"576\" src=\"https:\/\/www.ufukonen.com\/tr\/wp-content\/uploads\/Ilk_Mikrofon_00_Header-1024x576.jpg\" alt=\"\" class=\"wp-image-7160\" srcset=\"https:\/\/www.ufukonen.com\/tr\/wp-content\/uploads\/Ilk_Mikrofon_00_Header-1024x576.jpg 1024w, https:\/\/www.ufukonen.com\/tr\/wp-content\/uploads\/Ilk_Mikrofon_00_Header-300x169.jpg 300w, https:\/\/www.ufukonen.com\/tr\/wp-content\/uploads\/Ilk_Mikrofon_00_Header-768x432.jpg 768w, https:\/\/www.ufukonen.com\/tr\/wp-content\/uploads\/Ilk_Mikrofon_00_Header-1536x864.jpg 1536w, https:\/\/www.ufukonen.com\/tr\/wp-content\/uploads\/Ilk_Mikrofon_00_Header-1140x641.jpg 1140w, https:\/\/www.ufukonen.com\/tr\/wp-content\/uploads\/Ilk_Mikrofon_00_Header-552x311.jpg 552w, https:\/\/www.ufukonen.com\/tr\/wp-content\/uploads\/Ilk_Mikrofon_00_Header.jpg 1920w\" sizes=\"(max-width: 1024px) 100vw, 1024px\" \/><\/a><\/figure>\n\n\n\n<p>&#8220;\u0130lk mikrofonumu alaca\u011f\u0131m, ne tavsiye edersiniz?&#8221; &#8220;Mikrofon al\u0131rken hangi \u00f6zelliklere dikkat etmeliyim?&#8221; &#8220;Bu i\u015fe yeni ba\u015fl\u0131yorum, nas\u0131l bir mikrofon almal\u0131y\u0131m?&#8221; Bug\u00fcne kadar bir\u00e7ok ki\u015fi e-posta ve sosyal medya arac\u0131l\u0131\u011f\u0131 ile ya da y\u00fcz y\u00fcze g\u00f6r\u00fc\u015ft\u00fc\u011f\u00fcm\u00fczde s\u00f6zl\u00fc olarak bana bu sorular\u0131 sordular. \u0130lk mikrofonunu alacaklara verdi\u011fim tavsiyeyi bu yaz\u0131mda sizlerle de payla\u015f\u0131yorum.<\/p>\n\n\n\n<div style=\"height:50px\" aria-hidden=\"true\" class=\"wp-block-spacer\"><\/div>\n\n\n\n<h3>8- <a href=\"https:\/\/www.ufukonen.com\/tr\/faz-kaymasi-cakismasi-nedir.html\" data-type=\"post\" data-id=\"5112\" target=\"_blank\" rel=\"noreferrer noopener\">Faz Kaymas\u0131 \/ \u00c7ak\u0131\u015fmas\u0131 Nedir ve Nas\u0131l Duyulur?<\/a><\/h3>\n\n\n\n<figure class=\"wp-block-image size-large\"><a href=\"https:\/\/www.ufukonen.com\/tr\/faz-kaymasi-cakismasi-nedir.html\" target=\"_blank\" rel=\"noopener\"><img loading=\"lazy\" width=\"1024\" height=\"576\" src=\"https:\/\/www.ufukonen.com\/tr\/wp-content\/uploads\/Faz_Kaymasi_720-1024x576.jpg\" alt=\"\" class=\"wp-image-5122\" srcset=\"https:\/\/www.ufukonen.com\/tr\/wp-content\/uploads\/Faz_Kaymasi_720-1024x576.jpg 1024w, https:\/\/www.ufukonen.com\/tr\/wp-content\/uploads\/Faz_Kaymasi_720-300x169.jpg 300w, https:\/\/www.ufukonen.com\/tr\/wp-content\/uploads\/Faz_Kaymasi_720-768x432.jpg 768w, https:\/\/www.ufukonen.com\/tr\/wp-content\/uploads\/Faz_Kaymasi_720.jpg 1280w\" sizes=\"(max-width: 1024px) 100vw, 1024px\" \/><\/a><\/figure>\n\n\n\n<p>Bu yaz\u0131mda ilk \u00f6nce faz ile ilgili \u00e7ok k\u0131sa bir \u00f6zet ge\u00e7iyorum, sonra da faz kaymas\u0131n\u0131n ya da faz \u00e7ak\u0131\u015fmas\u0131n\u0131n nas\u0131l duyuldu\u011funu bir ses \u00f6rne\u011fi ile size aktar\u0131yorum.<\/p>\n\n\n\n<div style=\"height:50px\" aria-hidden=\"true\" class=\"wp-block-spacer\"><\/div>\n\n\n\n<h3>7- <a href=\"https:\/\/www.ufukonen.com\/tr\/harika-ucretsiz-plugin-setleri.html\" data-type=\"post\" data-id=\"7601\" target=\"_blank\" rel=\"noreferrer noopener\">Bilgisayar\u0131n\u0131zda Olmas\u0131 Gereken Harika ve \u00dccretsiz 3 Plug-in Seti<\/a><\/h3>\n\n\n\n<figure class=\"wp-block-image size-large\"><a href=\"https:\/\/www.ufukonen.com\/tr\/harika-ucretsiz-plugin-setleri.html\" target=\"_blank\" rel=\"noopener\"><img loading=\"lazy\" width=\"1024\" height=\"576\" src=\"https:\/\/www.ufukonen.com\/tr\/wp-content\/uploads\/Harika_Plugin_Seti_00_Header-1024x576.jpg\" alt=\"\" class=\"wp-image-7607\" srcset=\"https:\/\/www.ufukonen.com\/tr\/wp-content\/uploads\/Harika_Plugin_Seti_00_Header-1024x576.jpg 1024w, https:\/\/www.ufukonen.com\/tr\/wp-content\/uploads\/Harika_Plugin_Seti_00_Header-300x169.jpg 300w, https:\/\/www.ufukonen.com\/tr\/wp-content\/uploads\/Harika_Plugin_Seti_00_Header-768x432.jpg 768w, https:\/\/www.ufukonen.com\/tr\/wp-content\/uploads\/Harika_Plugin_Seti_00_Header-1536x864.jpg 1536w, https:\/\/www.ufukonen.com\/tr\/wp-content\/uploads\/Harika_Plugin_Seti_00_Header-1140x641.jpg 1140w, https:\/\/www.ufukonen.com\/tr\/wp-content\/uploads\/Harika_Plugin_Seti_00_Header-552x311.jpg 552w, https:\/\/www.ufukonen.com\/tr\/wp-content\/uploads\/Harika_Plugin_Seti_00_Header.jpg 1920w\" sizes=\"(max-width: 1024px) 100vw, 1024px\" \/><\/a><\/figure>\n\n\n\n<p>Bu yaz\u0131mda sizlerle m\u00fczik teknoloji ile u\u011fra\u015fan herkesin bilgisayar\u0131nda mutlaka olmas\u0131 gerekti\u011fini d\u00fc\u015f\u00fcnd\u00fc\u011f\u00fcm \u00fc\u00e7 \u00fccretsiz plug-in setini payla\u015f\u0131yorum. Bu setlerden veya setlerin i\u00e7indeki plug-in\u2019lerden blog yaz\u0131lar\u0131mda zaman zaman bahsetmi\u015ftim ama derli toplu tek bir yaz\u0131da payla\u015fman\u0131n faydal\u0131 olaca\u011f\u0131n\u0131 d\u00fc\u015f\u00fcnd\u00fcm.<\/p>\n\n\n\n<div style=\"height:50px\" aria-hidden=\"true\" class=\"wp-block-spacer\"><\/div>\n\n\n\n<h3>6- <a href=\"https:\/\/www.ufukonen.com\/tr\/vokali-miksin-icine-nasil-oturtabiliriz.html\" data-type=\"post\" data-id=\"7735\" target=\"_blank\" rel=\"noreferrer noopener\">Vokali Miksin \u0130\u00e7ine Nas\u0131l Oturtabiliriz?<\/a><\/h3>\n\n\n\n<figure class=\"wp-block-image size-large\"><a href=\"https:\/\/www.ufukonen.com\/tr\/vokali-miksin-icine-nasil-oturtabiliriz.html\" target=\"_blank\" rel=\"noopener\"><img loading=\"lazy\" width=\"1024\" height=\"576\" src=\"https:\/\/www.ufukonen.com\/tr\/wp-content\/uploads\/Vokali_Miksin_Icine_Nasil_Oturtabiliriz_00_Header-2-1024x576.jpg\" alt=\"\" class=\"wp-image-7746\" srcset=\"https:\/\/www.ufukonen.com\/tr\/wp-content\/uploads\/Vokali_Miksin_Icine_Nasil_Oturtabiliriz_00_Header-2-1024x576.jpg 1024w, https:\/\/www.ufukonen.com\/tr\/wp-content\/uploads\/Vokali_Miksin_Icine_Nasil_Oturtabiliriz_00_Header-2-300x169.jpg 300w, https:\/\/www.ufukonen.com\/tr\/wp-content\/uploads\/Vokali_Miksin_Icine_Nasil_Oturtabiliriz_00_Header-2-768x432.jpg 768w, https:\/\/www.ufukonen.com\/tr\/wp-content\/uploads\/Vokali_Miksin_Icine_Nasil_Oturtabiliriz_00_Header-2-1536x864.jpg 1536w, https:\/\/www.ufukonen.com\/tr\/wp-content\/uploads\/Vokali_Miksin_Icine_Nasil_Oturtabiliriz_00_Header-2-1140x641.jpg 1140w, https:\/\/www.ufukonen.com\/tr\/wp-content\/uploads\/Vokali_Miksin_Icine_Nasil_Oturtabiliriz_00_Header-2-552x311.jpg 552w, https:\/\/www.ufukonen.com\/tr\/wp-content\/uploads\/Vokali_Miksin_Icine_Nasil_Oturtabiliriz_00_Header-2.jpg 1920w\" sizes=\"(max-width: 1024px) 100vw, 1024px\" \/><\/a><\/figure>\n\n\n\n<p>Mikste vokalin seviyesini ayarl\u0131yoruz, genel olarak kula\u011fa iyi geliyor ama yer yer d\u00fc\u015f\u00fck kal\u0131yor veya zaman zaman y\u00fcksek geliyor ve miksin d\u0131\u015f\u0131na \u00e7\u0131k\u0131yormu\u015f gibi duyuluyor\u2026 \u00dcstelik bu durum kompres\u00f6r kulland\u0131\u011f\u0131m\u0131z halde oluyor\u2026 Kompres\u00f6r\u00fcn amac\u0131 zaten bu seviye farklar\u0131n\u0131 ortadan kald\u0131rmak de\u011fil miydi? B\u00f6yle bir durumda ne yapmam\u0131z gerekiyor? Vokali miksin i\u00e7ine nas\u0131l oturtabiliriz?<\/p>\n\n\n\n<div style=\"height:50px\" aria-hidden=\"true\" class=\"wp-block-spacer\"><\/div>\n\n\n\n<h3>5- <a href=\"https:\/\/www.ufukonen.com\/tr\/mikste-frekans-cakismasi.html\" data-type=\"post\" data-id=\"7866\" target=\"_blank\" rel=\"noreferrer noopener\">Mikste Frekans \u00c7ak\u0131\u015fmalar\u0131n\u0131 \u00d6nlemenin 8 Yolu<\/a><\/h3>\n\n\n\n<figure class=\"wp-block-image size-large\"><a href=\"https:\/\/www.ufukonen.com\/tr\/mikste-frekans-cakismasi.html\" target=\"_blank\" rel=\"noopener\"><img loading=\"lazy\" width=\"1024\" height=\"576\" src=\"https:\/\/www.ufukonen.com\/tr\/wp-content\/uploads\/Mikste_Frekans_Cakismasi_00_Header-1024x576.jpg\" alt=\"\" class=\"wp-image-7874\" srcset=\"https:\/\/www.ufukonen.com\/tr\/wp-content\/uploads\/Mikste_Frekans_Cakismasi_00_Header-1024x576.jpg 1024w, https:\/\/www.ufukonen.com\/tr\/wp-content\/uploads\/Mikste_Frekans_Cakismasi_00_Header-300x169.jpg 300w, https:\/\/www.ufukonen.com\/tr\/wp-content\/uploads\/Mikste_Frekans_Cakismasi_00_Header-768x432.jpg 768w, https:\/\/www.ufukonen.com\/tr\/wp-content\/uploads\/Mikste_Frekans_Cakismasi_00_Header-1536x864.jpg 1536w, https:\/\/www.ufukonen.com\/tr\/wp-content\/uploads\/Mikste_Frekans_Cakismasi_00_Header-1140x641.jpg 1140w, https:\/\/www.ufukonen.com\/tr\/wp-content\/uploads\/Mikste_Frekans_Cakismasi_00_Header-552x311.jpg 552w, https:\/\/www.ufukonen.com\/tr\/wp-content\/uploads\/Mikste_Frekans_Cakismasi_00_Header.jpg 1920w\" sizes=\"(max-width: 1024px) 100vw, 1024px\" \/><\/a><\/figure>\n\n\n\n<p>Bu yaz\u0131mda sizlerle mikste frekans \u00e7ak\u0131\u015fmalar\u0131n\u0131 \u00f6nlemek i\u00e7in sekiz y\u00f6ntem payla\u015f\u0131yorum. Y\u00f6ntemlere ge\u00e7meden \u00f6nce frekans \u00e7ak\u0131\u015fmas\u0131n\u0131n tan\u0131m\u0131n\u0131 yap\u0131yorum. E\u011fer miks yap\u0131yorsan\u0131z bu yaz\u0131y\u0131 mutlaka okuyun!<\/p>\n\n\n\n<div style=\"height:50px\" aria-hidden=\"true\" class=\"wp-block-spacer\"><\/div>\n\n\n\n<h3>4- <a href=\"https:\/\/www.ufukonen.com\/tr\/vokal-miksi-rehber-1.html\" data-type=\"post\" data-id=\"6445\" target=\"_blank\" rel=\"noreferrer noopener\">Vokal Miksi i\u00e7in Mini Rehber<\/a><\/h3>\n\n\n\n<figure class=\"wp-block-image size-large\"><a href=\"https:\/\/www.ufukonen.com\/tr\/vokal-miksi-rehber-1.html\" target=\"_blank\" rel=\"noopener\"><img loading=\"lazy\" width=\"1024\" height=\"576\" src=\"https:\/\/www.ufukonen.com\/tr\/wp-content\/uploads\/Vokal_Miksi_Mini_Rehber_00_Header-1024x576.jpg\" alt=\"\" class=\"wp-image-6449\" srcset=\"https:\/\/www.ufukonen.com\/tr\/wp-content\/uploads\/Vokal_Miksi_Mini_Rehber_00_Header-1024x576.jpg 1024w, https:\/\/www.ufukonen.com\/tr\/wp-content\/uploads\/Vokal_Miksi_Mini_Rehber_00_Header-300x169.jpg 300w, https:\/\/www.ufukonen.com\/tr\/wp-content\/uploads\/Vokal_Miksi_Mini_Rehber_00_Header-768x432.jpg 768w, https:\/\/www.ufukonen.com\/tr\/wp-content\/uploads\/Vokal_Miksi_Mini_Rehber_00_Header-1536x864.jpg 1536w, https:\/\/www.ufukonen.com\/tr\/wp-content\/uploads\/Vokal_Miksi_Mini_Rehber_00_Header-1140x641.jpg 1140w, https:\/\/www.ufukonen.com\/tr\/wp-content\/uploads\/Vokal_Miksi_Mini_Rehber_00_Header-552x311.jpg 552w, https:\/\/www.ufukonen.com\/tr\/wp-content\/uploads\/Vokal_Miksi_Mini_Rehber_00_Header.jpg 1920w\" sizes=\"(max-width: 1024px) 100vw, 1024px\" \/><\/a><\/figure>\n\n\n\n<p>\u0130ki b\u00f6l\u00fcmden olu\u015fan bu yaz\u0131mda vokal miksi i\u00e7in kullanabilece\u011finiz sekiz ba\u015fl\u0131ktan olu\u015fan bir mini rehber haz\u0131rlad\u0131m.<\/p>\n\n\n\n<div style=\"height:50px\" aria-hidden=\"true\" class=\"wp-block-spacer\"><\/div>\n\n\n\n<h3>3- <a href=\"https:\/\/www.ufukonen.com\/tr\/gain-volume-arasindaki-fark.html\" data-type=\"post\" data-id=\"5991\" target=\"_blank\" rel=\"noreferrer noopener\">Gain ile Volume Aras\u0131ndaki Fark<\/a><\/h3>\n\n\n\n<figure class=\"wp-block-image size-large\"><a href=\"https:\/\/www.ufukonen.com\/tr\/gain-volume-arasindaki-fark.html\" target=\"_blank\" rel=\"noopener\"><img loading=\"lazy\" width=\"1024\" height=\"576\" src=\"https:\/\/www.ufukonen.com\/tr\/wp-content\/uploads\/Gain_Volume_Arasindaki_Fark_00_Header-1024x576.jpg\" alt=\"\" class=\"wp-image-5996\" srcset=\"https:\/\/www.ufukonen.com\/tr\/wp-content\/uploads\/Gain_Volume_Arasindaki_Fark_00_Header-1024x576.jpg 1024w, https:\/\/www.ufukonen.com\/tr\/wp-content\/uploads\/Gain_Volume_Arasindaki_Fark_00_Header-300x169.jpg 300w, https:\/\/www.ufukonen.com\/tr\/wp-content\/uploads\/Gain_Volume_Arasindaki_Fark_00_Header-768x432.jpg 768w, https:\/\/www.ufukonen.com\/tr\/wp-content\/uploads\/Gain_Volume_Arasindaki_Fark_00_Header-1536x864.jpg 1536w, https:\/\/www.ufukonen.com\/tr\/wp-content\/uploads\/Gain_Volume_Arasindaki_Fark_00_Header-1140x641.jpg 1140w, https:\/\/www.ufukonen.com\/tr\/wp-content\/uploads\/Gain_Volume_Arasindaki_Fark_00_Header-552x311.jpg 552w, https:\/\/www.ufukonen.com\/tr\/wp-content\/uploads\/Gain_Volume_Arasindaki_Fark_00_Header.jpg 1920w\" sizes=\"(max-width: 1024px) 100vw, 1024px\" \/><\/a><\/figure>\n\n\n\n<p>Zaman zaman \u2018gain\u2019 ve \u2018volume\u2019 (vol\u00fcm) terimlerinin sanki aralar\u0131nda herhangi bir fark yokmu\u015f gibi birbiri ile de\u011fi\u015fimli olarak kullan\u0131ld\u0131\u011f\u0131na denk geliyorum. Gain, \u201cfiziksel\u201d ve \u201cdijital\u201d olarak ses kartlar\u0131ndan plug-in\u2019lere kadar bir\u00e7ok yerde kar\u015f\u0131m\u0131za \u00e7\u0131k\u0131yor. Gain ayar\u0131n\u0131 y\u00fckseltti\u011fimizde sinyal seviyesi de y\u00fckseliyor. Ayn\u0131 \u015fekilde, volume (veya \u2018fader\u2019 ya da \u2018output\u2019) ayar\u0131n\u0131 y\u00fckseltti\u011fimizde de sinyal seviyesi y\u00fckseliyor. Gain ve volume ayarlar\u0131n\u0131n ayn\u0131 i\u015fe yarad\u0131\u011f\u0131 d\u00fc\u015f\u00fcncesi san\u0131r\u0131m buradan kaynaklan\u0131yor. Peki, bu do\u011fru mu? Gain ve volume ayn\u0131 \u015fey mi?<\/p>\n\n\n\n<div style=\"height:50px\" aria-hidden=\"true\" class=\"wp-block-spacer\"><\/div>\n\n\n\n<h3>2- <a href=\"https:\/\/www.ufukonen.com\/tr\/awg-metrik-kablo-kalinliklari.html\" data-type=\"post\" data-id=\"7255\" target=\"_blank\" rel=\"noreferrer noopener\">AWG ve Metrik Sistemde Kablo Kal\u0131nl\u0131klar\u0131<\/a><\/h3>\n\n\n\n<figure class=\"wp-block-image size-large\"><a href=\"https:\/\/www.ufukonen.com\/tr\/awg-metrik-kablo-kalinliklari.html\" target=\"_blank\" rel=\"noopener\"><img loading=\"lazy\" width=\"1024\" height=\"576\" src=\"https:\/\/www.ufukonen.com\/tr\/wp-content\/uploads\/AWG_Metrik_Kablo_Kalinliklari_00_Header-1024x576.jpg\" alt=\"\" class=\"wp-image-7262\" srcset=\"https:\/\/www.ufukonen.com\/tr\/wp-content\/uploads\/AWG_Metrik_Kablo_Kalinliklari_00_Header-1024x576.jpg 1024w, https:\/\/www.ufukonen.com\/tr\/wp-content\/uploads\/AWG_Metrik_Kablo_Kalinliklari_00_Header-300x169.jpg 300w, https:\/\/www.ufukonen.com\/tr\/wp-content\/uploads\/AWG_Metrik_Kablo_Kalinliklari_00_Header-768x432.jpg 768w, https:\/\/www.ufukonen.com\/tr\/wp-content\/uploads\/AWG_Metrik_Kablo_Kalinliklari_00_Header-1536x864.jpg 1536w, https:\/\/www.ufukonen.com\/tr\/wp-content\/uploads\/AWG_Metrik_Kablo_Kalinliklari_00_Header-1140x641.jpg 1140w, https:\/\/www.ufukonen.com\/tr\/wp-content\/uploads\/AWG_Metrik_Kablo_Kalinliklari_00_Header-552x311.jpg 552w, https:\/\/www.ufukonen.com\/tr\/wp-content\/uploads\/AWG_Metrik_Kablo_Kalinliklari_00_Header.jpg 1920w\" sizes=\"(max-width: 1024px) 100vw, 1024px\" \/><\/a><\/figure>\n\n\n\n<p>Kablo (iletken tel) kal\u0131nl\u0131\u011f\u0131 \u00f6l\u00e7\u00fcm\u00fc i\u00e7in birim olarak Amerikan sisteminde AWG (American Gauge Wire), metrik sistemde ise mm (\u00e7ap) veya mm<sup>2<\/sup> (kesit alan\u0131) kullan\u0131l\u0131r. AWG ile mm\/mm<sup>2<\/sup> ters orant\u0131l\u0131d\u0131r. Tel kal\u0131nl\u0131\u011f\u0131 art\u0131k\u00e7a AWG k\u00fc\u00e7\u00fcl\u00fcr. Yaz\u0131da payla\u015ft\u0131\u011f\u0131m tabloda AWG de\u011ferlerinin mm ve mm<sup>2<\/sup> cinsinden kar\u015f\u0131l\u0131klar\u0131n\u0131 bulabilirsiniz.<\/p>\n\n\n\n<div style=\"height:50px\" aria-hidden=\"true\" class=\"wp-block-spacer\"><\/div>\n\n\n\n<h3>1- <a href=\"https:\/\/www.ufukonen.com\/tr\/kompresor-kullaniminda-yapilan-7-yanlis.html\" data-type=\"post\" data-id=\"8136\" target=\"_blank\" rel=\"noreferrer noopener\">Kompres\u00f6r Kullan\u0131m\u0131nda Yap\u0131lan 7 Yanl\u0131\u015f<\/a><\/h3>\n\n\n\n<figure class=\"wp-block-image size-large\"><a href=\"https:\/\/www.ufukonen.com\/tr\/kompresor-kullaniminda-yapilan-7-yanlis.html\" target=\"_blank\" rel=\"noopener\"><img loading=\"lazy\" width=\"1024\" height=\"576\" src=\"https:\/\/www.ufukonen.com\/tr\/wp-content\/uploads\/Kompresor_Kullanirken_Yapilan_7_Yanlis_00_Header-1024x576.jpg\" alt=\"\" class=\"wp-image-8146\" srcset=\"https:\/\/www.ufukonen.com\/tr\/wp-content\/uploads\/Kompresor_Kullanirken_Yapilan_7_Yanlis_00_Header-1024x576.jpg 1024w, https:\/\/www.ufukonen.com\/tr\/wp-content\/uploads\/Kompresor_Kullanirken_Yapilan_7_Yanlis_00_Header-300x169.jpg 300w, https:\/\/www.ufukonen.com\/tr\/wp-content\/uploads\/Kompresor_Kullanirken_Yapilan_7_Yanlis_00_Header-768x432.jpg 768w, https:\/\/www.ufukonen.com\/tr\/wp-content\/uploads\/Kompresor_Kullanirken_Yapilan_7_Yanlis_00_Header-1536x864.jpg 1536w, https:\/\/www.ufukonen.com\/tr\/wp-content\/uploads\/Kompresor_Kullanirken_Yapilan_7_Yanlis_00_Header-1140x641.jpg 1140w, https:\/\/www.ufukonen.com\/tr\/wp-content\/uploads\/Kompresor_Kullanirken_Yapilan_7_Yanlis_00_Header-552x311.jpg 552w, https:\/\/www.ufukonen.com\/tr\/wp-content\/uploads\/Kompresor_Kullanirken_Yapilan_7_Yanlis_00_Header.jpg 1920w\" sizes=\"(max-width: 1024px) 100vw, 1024px\" \/><\/a><\/figure>\n\n\n\n<p>Bu yaz\u0131mda sizlerle \u00f6zellikle m\u00fczik prod\u00fcksiyonuna yeni ba\u015flayanlar\u0131n kompres\u00f6r kullan\u0131m\u0131nda s\u0131kl\u0131kla yapt\u0131\u011f\u0131 yedi yanl\u0131\u015f\u0131 payla\u015f\u0131yorum. Bu yanl\u0131\u015flardan birini veya birka\u00e7\u0131n\u0131 siz de yap\u0131yor olabilirsiniz. Yap\u0131yorsan\u0131z sorun de\u011fil. Yanl\u0131\u015flar\u0131 d\u00fczeltmek o kadar da zor de\u011fil. \u00d6nemli olan yanl\u0131\u015f\u0131n yanl\u0131\u015f oldu\u011funu tespit edebilmek.<\/p>\n\n\n\n<div style=\"height:100px\" aria-hidden=\"true\" class=\"wp-block-spacer\"><\/div>\n\n\n\n<figure class=\"wp-block-image size-large\"><a href=\"https:\/\/www.ufukonen.com\/tr\/ufuk-onen-ses-muzik-teknolojisi-miks-kitaplar.html\" target=\"_blank\" rel=\"noopener\"><img loading=\"lazy\" width=\"1024\" height=\"333\" src=\"https:\/\/www.ufukonen.com\/tr\/wp-content\/uploads\/Books-Drop-Shadow-2022-10-22-1920x625_rfs-1024x333.jpg\" alt=\"\" class=\"wp-image-8148\" srcset=\"https:\/\/www.ufukonen.com\/tr\/wp-content\/uploads\/Books-Drop-Shadow-2022-10-22-1920x625_rfs-1024x333.jpg 1024w, https:\/\/www.ufukonen.com\/tr\/wp-content\/uploads\/Books-Drop-Shadow-2022-10-22-1920x625_rfs-300x98.jpg 300w, https:\/\/www.ufukonen.com\/tr\/wp-content\/uploads\/Books-Drop-Shadow-2022-10-22-1920x625_rfs-768x250.jpg 768w, https:\/\/www.ufukonen.com\/tr\/wp-content\/uploads\/Books-Drop-Shadow-2022-10-22-1920x625_rfs-1536x500.jpg 1536w, https:\/\/www.ufukonen.com\/tr\/wp-content\/uploads\/Books-Drop-Shadow-2022-10-22-1920x625_rfs-1140x371.jpg 1140w, https:\/\/www.ufukonen.com\/tr\/wp-content\/uploads\/Books-Drop-Shadow-2022-10-22-1920x625_rfs-552x180.jpg 552w, https:\/\/www.ufukonen.com\/tr\/wp-content\/uploads\/Books-Drop-Shadow-2022-10-22-1920x625_rfs.jpg 1920w\" sizes=\"(max-width: 1024px) 100vw, 1024px\" \/><\/a><figcaption><a href=\"https:\/\/www.ufukonen.com\/tr\/ufuk-onen-ses-muzik-teknolojisi-miks-kitaplar.html\" data-type=\"post\" data-id=\"5725\" target=\"_blank\" rel=\"noreferrer noopener\">Kitaplar: \u201cSes Kay\u0131t ve M\u00fczik Teknolojileri\u201d, \u201cMiks \u00dczerine\u201d ve \u201cSynthesizer Teknolojileri\u201d<\/a><\/figcaption><\/figure>\n\n\n\n<div style=\"height:20px\" aria-hidden=\"true\" class=\"wp-block-spacer\"><\/div>\n\n\n\n<p>Teknik terimler i\u00e7in <a href=\"http:\/\/www.ufukonen.com\/tr\/ses-kayit-muzik-teknolojisi-terimler-sozluk.html\">m\u00fczik teknolojisi, m\u00fczik prod\u00fcksiyonu ve ses kay\u0131t terimleri s\u00f6zl\u00fc\u011f\u00fcne<\/a> g\u00f6z atabilirsiniz.<\/p>\n\n\n\n<p>Benzer payla\u015f\u0131mlar i\u00e7in beni <a rel=\"noreferrer noopener\" href=\"https:\/\/www.facebook.com\/ufukonen.skmt\/\" target=\"_blank\">Facebook<\/a>, <a href=\"https:\/\/www.instagram.com\/ufukonen\/\" target=\"_blank\" rel=\"noreferrer noopener\" aria-label=\"Instagram (opens in a new tab)\">Instagram<\/a> ve <a rel=\"noreferrer noopener\" href=\"https:\/\/twitter.com\/UfukOnen\" target=\"_blank\">Twitter<\/a>&#8216;da takip edebilir, haberler i\u00e7in <a rel=\"noreferrer noopener\" href=\"http:\/\/ufukonen.com\/tr\/ses-kayit-muzik-teknolojisi-terimler-sozluk.html\" target=\"_blank\">mesaj listeme \u00fcye olabilirsiniz<\/a>. Te\u015fekk\u00fcrler.<\/p>\n\n\n\n<p>\u00a9 2023 Ufuk \u00d6nen. Her hakk\u0131 sakl\u0131d\u0131r. \u0130zinsiz kullan\u0131lamaz.<\/p>\n","protected":false},"excerpt":{"rendered":"<p class=\"post-excerpt\">Blog yaz\u0131lar\u0131m\u0131 takip edenler bilirler, her senenin sonunda o y\u0131l en \u00e7ok okunan blog yaz\u0131lar\u0131m\u0131 liste haline getirip okuyucular\u0131mla payla\u015f\u0131r\u0131m&#8230;.<\/p>\n","protected":false},"author":2,"featured_media":8222,"comment_status":"closed","ping_status":"open","sticky":false,"template":"","format":"standard","meta":{"_mi_skip_tracking":false,"spay_email":"","jetpack_publicize_message":"","jetpack_is_tweetstorm":false,"jetpack_publicize_feature_enabled":true},"categories":[17,16,19,18],"tags":[],"jetpack_featured_media_url":"https:\/\/www.ufukonen.com\/tr\/wp-content\/uploads\/2023_En_Cok_Okunan_00_Header.jpg","jetpack_publicize_connections":[],"jetpack_shortlink":"https:\/\/wp.me\/p3rjsG-287","jetpack_sharing_enabled":true,"jetpack-related-posts":[{"id":7824,"url":"https:\/\/www.ufukonen.com\/tr\/2022-en-cok-okunan-2.html","url_meta":{"origin":8191,"position":0},"title":"2022 \u0130\u00e7inde En \u00c7ok Okunan Blog Yaz\u0131lar\u0131m (2. B\u00f6l\u00fcm)","date":"December 19, 2022","format":false,"excerpt":"2022\u2019yi kapat\u0131rken y\u0131l i\u00e7inde en \u00e7ok okunan blog yaz\u0131lar\u0131m\u0131 sizlerle payla\u015fmak istedim. \u0130ki liste haz\u0131rlad\u0131m: 1- \u00d6nceki y\u0131llarda (2012-2021) yay\u0131nlanm\u0131\u015f olan yaz\u0131lardan 2022 i\u00e7inde en \u00e7ok okunanlar (buraya t\u0131klayarak g\u00f6r\u00fcnt\u00fcleyebilirsiniz). 2- En \u00e7ok okunan 2022 tarihli yaz\u0131lar\u0131m (a\u015fa\u011f\u0131daki liste). Yaz\u0131lar\u0131, ba\u015fl\u0131klar\u0131n\u0131n ya da g\u00f6rsellerinin \u00fczerine t\u0131klayarak okuyabilirsiniz. G\u00f6stermi\u015f oldu\u011funuz ilgi\u2026","rel":"","context":"In &quot;Konferans&quot;","img":{"alt_text":"","src":"https:\/\/i0.wp.com\/www.ufukonen.com\/tr\/wp-content\/uploads\/2022_En_Cok_Okunan_2_00_Header.jpg?resize=350%2C200&ssl=1","width":350,"height":200},"classes":[]},{"id":7811,"url":"https:\/\/www.ufukonen.com\/tr\/2022-en-cok-okunan-1.html","url_meta":{"origin":8191,"position":1},"title":"2022 \u0130\u00e7inde En \u00c7ok Okunan Blog Yaz\u0131lar\u0131m (1. B\u00f6l\u00fcm)","date":"December 12, 2022","format":false,"excerpt":"2022\u2019yi kapat\u0131rken y\u0131l i\u00e7inde en \u00e7ok okunan blog yaz\u0131lar\u0131m\u0131 sizlerle payla\u015fmak istedim. \u0130ki liste haz\u0131rlad\u0131m: 1- \u00d6nceki y\u0131llarda (2012-2021) yay\u0131nlanm\u0131\u015f olan yaz\u0131lardan 2022 i\u00e7inde en \u00e7ok okunanlar (a\u015fa\u011f\u0131daki liste). 2- En \u00e7ok okunan 2022 tarihli yaz\u0131lar\u0131m (19 Aral\u0131k 2022 tarihinde yay\u0131na girecek). Yaz\u0131lar\u0131, ba\u015fl\u0131klar\u0131n\u0131n ya da g\u00f6rsellerinin \u00fczerine t\u0131klayarak okuyabilirsiniz.\u2026","rel":"","context":"In &quot;Konferans&quot;","img":{"alt_text":"","src":"https:\/\/i0.wp.com\/www.ufukonen.com\/tr\/wp-content\/uploads\/2022_En_Cok_Okunan_1_00_Header.jpg?resize=350%2C200&ssl=1","width":350,"height":200},"classes":[]},{"id":5320,"url":"https:\/\/www.ufukonen.com\/tr\/2019-en-cok-okunan.html","url_meta":{"origin":8191,"position":2},"title":"2019 \u0130\u00e7inde En \u00c7ok Okunan Blog Yaz\u0131lar\u0131m","date":"December 23, 2019","format":false,"excerpt":"2019'u kapat\u0131rken y\u0131l i\u00e7inde en \u00e7ok okunan blog yaz\u0131lar\u0131m\u0131 sizlerle payla\u015fmak istedim. \u0130ki liste haz\u0131rlad\u0131m: Birincisi, en \u00e7ok okunan 2019 tarihli yaz\u0131lar\u0131m; ikincisi ise \u00f6nceki y\u0131llarda (2012-2018) yay\u0131nlanm\u0131\u015f olan yaz\u0131lardan 2019 i\u00e7inde en \u00e7ok okunanlar.\u00a0Yaz\u0131lar\u0131, ba\u015fl\u0131klar\u0131n\u0131n ya da g\u00f6rsellerinin \u00fczerine t\u0131klayarak okuyabilirsiniz. En \u00c7ok Okunan 2019 Tarihli Yaz\u0131lar\u0131m 1- LKFS\u2026","rel":"","context":"In &quot;M\u00fczik Prod\u00fcksiyonu&quot;","img":{"alt_text":"","src":"https:\/\/i0.wp.com\/www.ufukonen.com\/tr\/wp-content\/uploads\/2019_En_Cok_Okunan_Yazilar_720_.jpg?resize=350%2C200&ssl=1","width":350,"height":200},"classes":[]},{"id":6267,"url":"https:\/\/www.ufukonen.com\/tr\/2020-en-cok-okunan.html","url_meta":{"origin":8191,"position":3},"title":"2020 \u0130\u00e7inde En \u00c7ok Okunan Blog Yaz\u0131lar\u0131m","date":"December 21, 2020","format":false,"excerpt":"2020'yi kapat\u0131rken y\u0131l i\u00e7inde en \u00e7ok okunan blog yaz\u0131lar\u0131m\u0131 sizlerle payla\u015fmak istedim. \u0130ki liste haz\u0131rlad\u0131m: Birincisi, en \u00e7ok okunan 2020 tarihli yaz\u0131lar\u0131m; ikincisi ise \u00f6nceki y\u0131llarda (2012-2019) yay\u0131nlanm\u0131\u015f olan yaz\u0131lardan 2020 i\u00e7inde en \u00e7ok okunanlar. Yaz\u0131lar\u0131, ba\u015fl\u0131klar\u0131n\u0131n ya da g\u00f6rsellerinin \u00fczerine t\u0131klayarak okuyabilirsiniz. G\u00f6stermi\u015f oldu\u011funuz ilgi i\u00e7in \u00e7ok te\u015fekk\u00fcr ederim!\u2026","rel":"","context":"In &quot;M\u00fczik End\u00fcstrisi&quot;","img":{"alt_text":"","src":"https:\/\/i0.wp.com\/www.ufukonen.com\/tr\/wp-content\/uploads\/2020-en-cok-okunan_720.jpg?resize=350%2C200&ssl=1","width":350,"height":200},"classes":[]},{"id":8151,"url":"https:\/\/www.ufukonen.com\/tr\/dolby-atmos-bilkent-apple-music-uzamsal-ses-2023.html","url_meta":{"origin":8191,"position":4},"title":"Dolby Atmos St\u00fcdyomuzda Misafirlerimizi A\u011f\u0131rlad\u0131k, Apple Music \u00dczerinden Uzamsal Sesi Deneyimledik","date":"November 27, 2023","format":false,"excerpt":"Bilkent \u00dcniversitesi'nde yeni kurdu\u011fumuz 7.1.4 Dolby Atmos st\u00fcdyomuzda misafirlerimizi a\u011f\u0131rlad\u0131k. 17-18 Kas\u0131m tarihlerinde iki g\u00fcnde d\u00f6rt seans olarak ger\u00e7ekle\u015ftirdi\u011fimiz etkinlikte kat\u0131l\u0131mc\u0131lar Dolby standartlar\u0131na g\u00f6re tasarlanm\u0131\u015f \u00e7ok hoparl\u00f6rl\u00fc bir st\u00fcdyoda Apple Music \u00fczerinden uzamsal sesi ger\u00e7ek anlamda deneyimledi. Ekim ay\u0131nda faaliyete ge\u00e7en st\u00fcdyomuzda Apple Mac Studio bilgisayar, Pro Tools Ultimate yaz\u0131l\u0131m,\u2026","rel":"","context":"In &quot;Ders &amp; Workshop&quot;","img":{"alt_text":"","src":"https:\/\/i0.wp.com\/www.ufukonen.com\/tr\/wp-content\/uploads\/Dolby_Atmos_Bilkent_Apple_Music_00_Header.jpg?resize=350%2C200&ssl=1","width":350,"height":200},"classes":[]},{"id":7050,"url":"https:\/\/www.ufukonen.com\/tr\/2021-en-cok-okunan.html","url_meta":{"origin":8191,"position":5},"title":"2021 \u0130\u00e7inde En \u00c7ok Okunan Blog Yaz\u0131lar\u0131m","date":"December 20, 2021","format":false,"excerpt":"2021'i kapat\u0131rken y\u0131l i\u00e7inde en \u00e7ok okunan blog yaz\u0131lar\u0131m\u0131 sizlerle payla\u015fmak istedim. \u0130ki liste haz\u0131rlad\u0131m: 1- En \u00e7ok okunan 2021 tarihli yaz\u0131lar\u0131m. 2- \u00d6nceki y\u0131llarda (2012-2020) yay\u0131nlanm\u0131\u015f olan yaz\u0131lardan 2021 i\u00e7inde en \u00e7ok okunanlar. Yaz\u0131lar\u0131, ba\u015fl\u0131klar\u0131n\u0131n ya da g\u00f6rsellerinin \u00fczerine t\u0131klayarak okuyabilirsiniz. G\u00f6stermi\u015f oldu\u011funuz ilgi i\u00e7in \u00e7ok te\u015fekk\u00fcr ederim! 2022'de\u2026","rel":"","context":"In &quot;M\u00fczik&quot;","img":{"alt_text":"","src":"https:\/\/i0.wp.com\/www.ufukonen.com\/tr\/wp-content\/uploads\/2020-en-cok-okunan_720.jpg?resize=350%2C200&ssl=1","width":350,"height":200},"classes":[]}],"_links":{"self":[{"href":"https:\/\/www.ufukonen.com\/tr\/wp-json\/wp\/v2\/posts\/8191"}],"collection":[{"href":"https:\/\/www.ufukonen.com\/tr\/wp-json\/wp\/v2\/posts"}],"about":[{"href":"https:\/\/www.ufukonen.com\/tr\/wp-json\/wp\/v2\/types\/post"}],"author":[{"embeddable":true,"href":"https:\/\/www.ufukonen.com\/tr\/wp-json\/wp\/v2\/users\/2"}],"replies":[{"embeddable":true,"href":"https:\/\/www.ufukonen.com\/tr\/wp-json\/wp\/v2\/comments?post=8191"}],"version-history":[{"count":31,"href":"https:\/\/www.ufukonen.com\/tr\/wp-json\/wp\/v2\/posts\/8191\/revisions"}],"predecessor-version":[{"id":8223,"href":"https:\/\/www.ufukonen.com\/tr\/wp-json\/wp\/v2\/posts\/8191\/revisions\/8223"}],"wp:featuredmedia":[{"embeddable":true,"href":"https:\/\/www.ufukonen.com\/tr\/wp-json\/wp\/v2\/media\/8222"}],"wp:attachment":[{"href":"https:\/\/www.ufukonen.com\/tr\/wp-json\/wp\/v2\/media?parent=8191"}],"wp:term":[{"taxonomy":"category","embeddable":true,"href":"https:\/\/www.ufukonen.com\/tr\/wp-json\/wp\/v2\/categories?post=8191"},{"taxonomy":"post_tag","embeddable":true,"href":"https:\/\/www.ufukonen.com\/tr\/wp-json\/wp\/v2\/tags?post=8191"}],"curies":[{"name":"wp","href":"https:\/\/api.w.org\/{rel}","templated":true}]}}