{"id":8227,"date":"2024-01-22T01:00:00","date_gmt":"2024-01-21T22:00:00","guid":{"rendered":"https:\/\/www.ufukonen.com\/tr\/?p=8227"},"modified":"2024-09-01T00:43:52","modified_gmt":"2024-08-31T21:43:52","slug":"2023-daw-anketi-sonuclari","status":"publish","type":"post","link":"https:\/\/www.ufukonen.com\/tr\/2023-daw-anketi-sonuclari.html","title":{"rendered":"2023 DAW Anketi Sonu\u00e7lar\u0131"},"content":{"rendered":"\n<p>Bu y\u0131l sekizincisini d\u00fczenledi\u011fim DAW anketinin sonu\u00e7lar\u0131 belli oldu! 11 Aral\u0131k 2023 ile 18 Ocak 2024 tarihleri aras\u0131nda a\u00e7\u0131k kalan 2023 DAW anketine 1014 ki\u015fi kat\u0131ld\u0131. <\/p>\n\n\n\n<p>Bu y\u0131l anketimizde de\u011fi\u015fiklikler vard\u0131.<\/p>\n\n\n\n<p>\u201c\u0130kinci olarak kullanmakta oldu\u011funuz DAW\u201d sorusunu \u00e7\u0131kard\u0131m. 2023 anketi, ilk y\u0131llarda oldu\u011fu gibi, sadece esas olarak kulland\u0131\u011f\u0131m\u0131z DAW\u2019lar \u00fczerine odaklan\u0131yor.<\/p>\n\n\n\n<p>\u201cSon bir y\u0131l i\u00e7inde kullanmakta oldu\u011funuz DAW(lar) d\u0131\u015f\u0131nda ba\u015fka bir DAW denediniz mi?\u201d ve \u201cKullanmakta oldu\u011funuz DAW\u2019\u0131 2023 i\u00e7inde de\u011fi\u015ftirmeyi d\u00fc\u015f\u00fcn\u00fcyor musunuz?\u201d sorular\u0131n\u0131 anketten \u00e7\u0131kard\u0131m. Ge\u00e7ti\u011fimiz y\u0131llar\u0131n anket sonu\u00e7lar\u0131n\u0131 incelerseniz g\u00f6receksiniz, sonu\u00e7lar her sene tekrar ediyor. Fazla yarar\u0131 olmayan bu iki soruyu kald\u0131rarak anketi k\u0131saltm\u0131\u015f oldum.<\/p>\n\n\n\n<p>2023 anketinden \u00fc\u00e7 soru eksildi ama yeni bir soru geldi!<\/p>\n\n\n\n<p>Yeni soru Dolby Atmos ve uzamsal ses (spatial audio) ile ilgili.<\/p>\n\n\n\n<p>Dolby Atmos ile uzamsal ses art\u0131k Pro Tools, Logic Pro, Studio One, Cubase ve Ableton Live gibi DAW\u2019lara entegre edilmi\u015f durumda. K\u0131sa bir s\u00fcre i\u00e7inde daha bir\u00e7ok DAW, Dolby Atmos\u2019u desteklemeye ba\u015flayacak. Bunu tahmin etmesi g\u00fc\u00e7 de\u011fil \u00e7\u00fcnk\u00fc uzamsal ses yak\u0131n zamanda bir standart olma yolunda ilerliyor. Tabii bunda Apple\u2019\u0131n da etkisi b\u00fcy\u00fck.<\/p>\n\n\n\n<p>E\u011fer okumad\u0131ysan\u0131z \u201c<a rel=\"noreferrer noopener\" href=\"https:\/\/www.ufukonen.com\/tr\/apple-music-dolby-atmos-uzamsal-ses.html\" target=\"_blank\">Apple Music ve Dolby Atmos Destekli Uzamsal Ses<\/a>\u201d ve \u201c<a rel=\"noreferrer noopener\" href=\"https:\/\/www.ufukonen.com\/tr\/dolby-atmos-bilkent-apple-music-uzamsal-ses-2023.html\" target=\"_blank\">Dolby Atmos St\u00fcdyomuzda Misafirlerimizi A\u011f\u0131rlad\u0131k, Apple Music \u00dczerinden Uzamsal Sesi Deneyimledik<\/a>\u201d ba\u015fl\u0131kl\u0131 yaz\u0131lar\u0131m\u0131 okuman\u0131z\u0131 tavsiye ederim.<\/p>\n\n\n\n<p>2023 anketinin sonu\u00e7lar\u0131n\u0131 a\u015fa\u011f\u0131da detayl\u0131 bir \u015fekilde sizlere aktaraca\u011f\u0131m. Ondan \u00f6nce, e\u011fer incelemek isterseniz ge\u00e7mi\u015f y\u0131llar\u0131n anket sonu\u00e7lar\u0131na a\u015fa\u011f\u0131daki linklerden ula\u015fabilirsiniz:<\/p>\n\n\n\n<ul><li><a href=\"https:\/\/www.ufukonen.com\/tr\/2022-daw-anketi-sonuclari.html\" data-type=\"post\" data-id=\"7882\" target=\"_blank\" rel=\"noreferrer noopener\">2022 DAW Anketi Sonu\u00e7lar\u0131<\/a><\/li><li><a rel=\"noreferrer noopener\" href=\"https:\/\/www.ufukonen.com\/tr\/2021-daw-anketi-sonuclari.html\" target=\"_blank\" data-type=\"post\" data-id=\"7109\">2021 DAW Anketi Sonu\u00e7lar\u0131<\/a><\/li><li><a rel=\"noreferrer noopener\" href=\"https:\/\/www.ufukonen.com\/tr\/2020-daw-anketi-sonuclari.html\" target=\"_blank\" data-type=\"post\" data-id=\"6311\">2020 DAW Anketi Sonu\u00e7lar\u0131<\/a><\/li><li><a rel=\"noreferrer noopener\" href=\"https:\/\/www.ufukonen.com\/tr\/2019-daw-anketi-sonuclari.html\" target=\"_blank\">2019 DAW Anketi Sonu\u00e7lar\u0131<\/a><\/li><li><a rel=\"noreferrer noopener\" href=\"https:\/\/www.ufukonen.com\/tr\/2018-daw-anketi-sonuclari.html\" target=\"_blank\">2018 DAW Anketi Sonu\u00e7lar\u0131<\/a><\/li><li><a rel=\"noreferrer noopener\" href=\"https:\/\/www.ufukonen.com\/tr\/2017-daw-anketi-sonuclari.html\" target=\"_blank\">2017 DAW Anketi Sonu\u00e7lar\u0131<\/a><\/li><li><a rel=\"noreferrer noopener\" href=\"https:\/\/www.ufukonen.com\/tr\/2016-daw-tercihiniz-anket.html\" target=\"_blank\">2016 DAW Anketi Sonu\u00e7lar\u0131<\/a><\/li><\/ul>\n\n\n\n<p>\u015eimdi gelelim 2023 anketinin sonu\u00e7lar\u0131na&#8230;<\/p>\n\n\n\n<div style=\"height:25px\" aria-hidden=\"true\" class=\"wp-block-spacer\"><\/div>\n\n\n\n<h3>Soru 1: \u201c\u00c7al\u0131\u015fma alan\u0131n\u0131z\u201d<\/h3>\n\n\n\n<p>1014 kat\u0131l\u0131mc\u0131dan 520&#8217;si m\u00fczik prod\u00fcksiyonu ile profesyonel olarak ilgilendi\u011fini (%51); 432\u2019si m\u00fczik prod\u00fcksiyonu ile hobi olarak ilgilendi\u011fini (%43), 78\u2019i ise post-prod\u00fcksiyon (g\u00f6r\u00fcnt\u00fcl\u00fc medya i\u00e7in ses) alan\u0131nda \u00e7al\u0131\u015ft\u0131\u011f\u0131n\u0131 (%6) s\u00f6ylemi\u015f.<\/p>\n\n\n\n<p>Ge\u00e7ti\u011fimiz y\u0131l kat\u0131l\u0131mc\u0131lar\u0131n %39\u2019u profesyonel, %54\u2019\u00fc hobi olarak ilgilenen, %6&#8217;s\u0131 ise post-prod\u00fcksiyon alan\u0131nda \u00e7al\u0131\u015fan kullan\u0131c\u0131lardan olu\u015fuyordu.<\/p>\n\n\n\n<figure class=\"wp-block-image size-large\"><a href=\"https:\/\/www.ufukonen.com\/tr\/wp-content\/uploads\/2023_DAW_Anketi_Sonuclar_01.png\" target=\"_blank\" rel=\"noopener noreferrer\"><img loading=\"lazy\" width=\"1024\" height=\"425\" src=\"https:\/\/www.ufukonen.com\/tr\/wp-content\/uploads\/2023_DAW_Anketi_Sonuclar_01-1024x425.png\" alt=\"\" class=\"wp-image-8246\" srcset=\"https:\/\/www.ufukonen.com\/tr\/wp-content\/uploads\/2023_DAW_Anketi_Sonuclar_01-1024x425.png 1024w, https:\/\/www.ufukonen.com\/tr\/wp-content\/uploads\/2023_DAW_Anketi_Sonuclar_01-300x124.png 300w, https:\/\/www.ufukonen.com\/tr\/wp-content\/uploads\/2023_DAW_Anketi_Sonuclar_01-768x318.png 768w, https:\/\/www.ufukonen.com\/tr\/wp-content\/uploads\/2023_DAW_Anketi_Sonuclar_01-1536x637.png 1536w, https:\/\/www.ufukonen.com\/tr\/wp-content\/uploads\/2023_DAW_Anketi_Sonuclar_01-1140x473.png 1140w, https:\/\/www.ufukonen.com\/tr\/wp-content\/uploads\/2023_DAW_Anketi_Sonuclar_01-552x229.png 552w, https:\/\/www.ufukonen.com\/tr\/wp-content\/uploads\/2023_DAW_Anketi_Sonuclar_01.png 1775w\" sizes=\"(max-width: 1024px) 100vw, 1024px\" \/><\/a><\/figure>\n\n\n\n<div style=\"height:25px\" aria-hidden=\"true\" class=\"wp-block-spacer\"><\/div>\n\n\n\n<h3>Soru 2: \u201cA\u011f\u0131rl\u0131kl\u0131 olarak kulland\u0131\u011f\u0131n\u0131z bilgisayar i\u015fletim sistemi\u201d<\/h3>\n\n\n\n<p>1014 kat\u0131l\u0131mc\u0131dan 563\u2019\u00fc i\u015fletim sistemi olarak Windows\u2019u (yakla\u015f\u0131k %56), 448&#8217;i Mac OS X&#8217;i (%44), 3&#8217;\u00fc ise Linux&#8217;u tercih etti\u011fini s\u00f6ylemi\u015f.<\/p>\n\n\n\n<p>Ge\u00e7ti\u011fimiz y\u0131l Windows tercih edenlerin y\u00fczdesi %67&#8217;ydi.<\/p>\n\n\n\n<figure class=\"wp-block-image size-large\"><a href=\"https:\/\/www.ufukonen.com\/tr\/wp-content\/uploads\/2023_DAW_Anketi_Sonuclar_02.png\" target=\"_blank\" rel=\"noopener noreferrer\"><img loading=\"lazy\" width=\"1024\" height=\"420\" src=\"https:\/\/www.ufukonen.com\/tr\/wp-content\/uploads\/2023_DAW_Anketi_Sonuclar_02-1024x420.png\" alt=\"\" class=\"wp-image-8247\" srcset=\"https:\/\/www.ufukonen.com\/tr\/wp-content\/uploads\/2023_DAW_Anketi_Sonuclar_02-1024x420.png 1024w, https:\/\/www.ufukonen.com\/tr\/wp-content\/uploads\/2023_DAW_Anketi_Sonuclar_02-300x123.png 300w, https:\/\/www.ufukonen.com\/tr\/wp-content\/uploads\/2023_DAW_Anketi_Sonuclar_02-768x315.png 768w, https:\/\/www.ufukonen.com\/tr\/wp-content\/uploads\/2023_DAW_Anketi_Sonuclar_02-1536x630.png 1536w, https:\/\/www.ufukonen.com\/tr\/wp-content\/uploads\/2023_DAW_Anketi_Sonuclar_02-1140x468.png 1140w, https:\/\/www.ufukonen.com\/tr\/wp-content\/uploads\/2023_DAW_Anketi_Sonuclar_02-552x226.png 552w, https:\/\/www.ufukonen.com\/tr\/wp-content\/uploads\/2023_DAW_Anketi_Sonuclar_02.png 1775w\" sizes=\"(max-width: 1024px) 100vw, 1024px\" \/><\/a><\/figure>\n\n\n\n<div style=\"height:25px\" aria-hidden=\"true\" class=\"wp-block-spacer\"><\/div>\n\n\n\n<h3>Soru 3: \u201cBirinci tercih olarak kullanmakta oldu\u011funuz DAW\u201d<\/h3>\n\n\n\n<p>2023 DAW anketinin galibini a\u00e7\u0131klamadan \u00f6nce hemen belirtmek isterim, DAW tercihleri profesyoneller, hobi olarak ilgilenenler ve post-prod\u00fcksiyon alan\u0131nda \u00e7al\u0131\u015fanlar aras\u0131nda farkl\u0131l\u0131klar g\u00f6steriyor. Bunlar\u0131 a\u015fa\u011f\u0131da detayl\u0131 olarak inceleyece\u011fim.<\/p>\n\n\n\n<p>\u015eimdi gelelim 2023 DAW anketinin galibine\u2026<\/p>\n\n\n\n<h3>#1<\/h3>\n\n\n\n<p>2023 DAW anketinin bir numaras\u0131 <strong>STUDIO ONE<\/strong> (Presonus). Studio One, oylar\u0131n %22&#8217;sini alarak anketi t\u0131pk\u0131 2018, 2019, 2020 ve 2021 y\u0131llar\u0131nda oldu\u011fu gibi birincilikle tamamlad\u0131. Studio One, 2022 y\u0131l\u0131nda anketimizi ikinci olarak tamamlam\u0131\u015ft\u0131. <\/p>\n\n\n\n<p>Studio One i\u00e7in oy verenlerin yakla\u015f\u0131k olarak yar\u0131s\u0131 profesyoneller, di\u011fer yar\u0131s\u0131 da hobi olarak ilgilenenler. Studio One i\u00e7in oy kullananlar\u0131n b\u00fcy\u00fck \u00e7o\u011funlu\u011fu Windows kullan\u0131c\u0131lar\u0131 (%81).<\/p>\n\n\n\n<h3>#2<\/h3>\n\n\n\n<p>\u0130kinci s\u0131rada \u00e7ok k\u00fc\u00e7\u00fck bir fark ile birincili\u011fi kapt\u0131ran <strong>LOGIC PRO<\/strong> (Apple) var. Bu y\u0131l\u0131n birincisi Studio One ile ikincisi Logic Pro aras\u0131ndaki oy say\u0131s\u0131 fark\u0131 sadece 16 oy.<\/p>\n\n\n\n<p>Logic Pro&#8217;nun sadece Mac OS X i\u015fletim sisteminde bulundu\u011funu d\u00fc\u015f\u00fcnd\u00fc\u011f\u00fcm\u00fczde bu bence \u00e7ok b\u00fcy\u00fck bir ba\u015far\u0131. <\/p>\n\n\n\n<p>Logic Pro i\u00e7in oy verenlerin %63&#8217;\u00fcn\u00fc profesyoneller, %34&#8217;\u00fcn\u00fc hobi olarak ilgilenenler, %3&#8217;\u00fcn\u00fc ise post-prod\u00fcksiyon alan\u0131nda \u00e7al\u0131\u015fanlar olu\u015fturuyor.<\/p>\n\n\n\n<h3>#3<\/h3>\n\n\n\n<p>\u00dc\u00e7\u00fcnc\u00fc s\u0131rada <strong>FL Studio<\/strong> (Image Line) var. 2022 anketinin bir numaras\u0131 FL Studio bu y\u0131l \u00fc\u00e7\u00fcnc\u00fcl\u00fc\u011fe geriledi.<\/p>\n\n\n\n<h3>#4<\/h3>\n\n\n\n<p>D\u00f6rd\u00fcnc\u00fc s\u0131rada <strong>LIVE<\/strong> (Ableton) yer al\u0131yor. Live, istikrarl\u0131 bir \u015fekilde anketleri genelde hep d\u00f6rd\u00fcnc\u00fc ve be\u015finci s\u0131ralarda tamaml\u0131yor, bu sene de bir de\u011fi\u015fiklik olmad\u0131.<\/p>\n\n\n\n<h3>#5<\/h3>\n\n\n\n<p>Be\u015finci s\u0131rada <strong>CUBASE<\/strong> (Steinberg) var. Bu y\u0131l sekizincisini yapt\u0131\u011f\u0131m DAW anketinde en \u00e7ok yer de\u011fi\u015ftiren Cubase oldu. Anketi iki defa birincilikle tamamlay\u0131p sonra d\u00fc\u015f\u00fc\u015fe ge\u00e7ti. 2020 y\u0131l\u0131nda tekrar y\u00fckselip birincili\u011fi sadece bir oy farkla Studio One\u2019a kapt\u0131rd\u0131. 2021\u2019de ciddi bir d\u00fc\u015f\u00fc\u015f ile be\u015finci s\u0131raya geriledi. 2022 ve 2023 y\u0131llar\u0131n\u0131 da be\u015finci s\u0131rada tamamlad\u0131.<\/p>\n\n\n\n<h3>#6<\/h3>\n\n\n\n<p>Alt\u0131nc\u0131 s\u0131rada <strong>PRO TOOLS<\/strong> (Avid) yer al\u0131yor. Pro Tools son y\u0131llarda anketi alt\u0131nc\u0131 ve yedinci s\u0131ralarda tamaml\u0131yor, bu sene de bir de\u011fi\u015fiklik olmam\u0131\u015f.<\/p>\n\n\n\n<h3>#7<\/h3>\n\n\n\n<p>Yedinci s\u0131rada <strong>REAPER<\/strong> (Cockos) var. Reaper da t\u0131pk\u0131 Live ve Pro Tools gibi istikrarl\u0131 bir \u015fekilde s\u0131ralamadaki yerini hep koruyor.<\/p>\n\n\n\n<p>A\u015fa\u011f\u0131da 2023 DAW anketinin ilk yedi s\u0131ras\u0131n\u0131 liste halinde g\u00f6rebilirsiniz. K\u00f6\u015feli parantez i\u00e7indeki rakamlar o DAW\u2019\u0131n s\u0131ras\u0131yla 2016, 2017, 2018, 2019, 2020, 2021 ve 2022 y\u0131llar\u0131ndaki pozisyonlar\u0131n\u0131 g\u00f6steriyor.<\/p>\n\n\n\n<ol><li>Studio One (Presonus) [6 \/ 3 \/ 1 \/ 1 \/ 1 \/ 1 \/ 2]<\/li><li>Logic Pro (Apple) [2 \/ 2 \/ 2 \/ 2 \/ 3 \/ 3 \/ 3]<\/li><li>FL Studio (Image-Line) [5 \/ 4 \/ 4 \/ 3 \/ 4 \/ 2 \/ 1]<\/li><li>Live (Ableton) [4 \/ 5 \/ 5 \/ 4 \/ 5 \/ 4 \/ 4]<\/li><li>Cubase (Steinberg) [1 \/ 1 \/ 3 \/ 5 \/ 2 \/ 5 \/ 5]<\/li><li>Pro Tools (Avid) [3 \/ 6 \/ 6 \/ 7 \/ 7 \/ 6 \/ 6]<\/li><li>Reaper (Cockos) [7 \/ 7 \/ 7 \/ 6 \/ 6 \/ 7 \/ 7]<\/li><\/ol>\n\n\n\n<figure class=\"wp-block-image size-large\"><a href=\"https:\/\/www.ufukonen.com\/tr\/wp-content\/uploads\/2023_DAW_Anketi_Sonuclar_03_1_all.png\" target=\"_blank\" rel=\"noopener noreferrer\"><img loading=\"lazy\" width=\"1024\" height=\"687\" src=\"https:\/\/www.ufukonen.com\/tr\/wp-content\/uploads\/2023_DAW_Anketi_Sonuclar_03_1_all-1024x687.png\" alt=\"\" class=\"wp-image-8249\" srcset=\"https:\/\/www.ufukonen.com\/tr\/wp-content\/uploads\/2023_DAW_Anketi_Sonuclar_03_1_all-1024x687.png 1024w, https:\/\/www.ufukonen.com\/tr\/wp-content\/uploads\/2023_DAW_Anketi_Sonuclar_03_1_all-300x201.png 300w, https:\/\/www.ufukonen.com\/tr\/wp-content\/uploads\/2023_DAW_Anketi_Sonuclar_03_1_all-768x515.png 768w, https:\/\/www.ufukonen.com\/tr\/wp-content\/uploads\/2023_DAW_Anketi_Sonuclar_03_1_all-1536x1031.png 1536w, https:\/\/www.ufukonen.com\/tr\/wp-content\/uploads\/2023_DAW_Anketi_Sonuclar_03_1_all-1140x765.png 1140w, https:\/\/www.ufukonen.com\/tr\/wp-content\/uploads\/2023_DAW_Anketi_Sonuclar_03_1_all-552x370.png 552w, https:\/\/www.ufukonen.com\/tr\/wp-content\/uploads\/2023_DAW_Anketi_Sonuclar_03_1_all.png 1775w\" sizes=\"(max-width: 1024px) 100vw, 1024px\" \/><\/a><\/figure>\n\n\n\n<div style=\"height:25px\" aria-hidden=\"true\" class=\"wp-block-spacer\"><\/div>\n\n\n\n<h3>Profesyoneller ile Hobi Olarak \u0130lgilenenleri Tercihleri Farkl\u0131<\/h3>\n\n\n\n<p>M\u00fczik prod\u00fcksiyonu alan\u0131nda profesyoneller ile hobi olarak ilgilenenlerinin cevaplar\u0131n\u0131 ay\u0131rd\u0131\u011f\u0131m\u0131zda tabloda baz\u0131 de\u011fi\u015fiklikler oluyor.<\/p>\n\n\n\n<p>2023 DAW anketinde <strong>profesyonellerin<\/strong> tercihi <strong>LOGIC PRO<\/strong> oldu. \u0130kinci s\u0131rada <strong>STUDIO ONE<\/strong>, \u00fc\u00e7\u00fcnc\u00fc s\u0131rada ise <strong>FL STUDIO<\/strong> var.<\/p>\n\n\n\n<p>Profesyonellerin listesinde d\u00f6rd\u00fcnc\u00fc s\u0131rada CUBASE, be\u015finci s\u0131rada PRO TOOLS, alt\u0131nc\u0131 s\u0131rada LIVE, yedinci s\u0131rada ise REAPER yer al\u0131yor.<\/p>\n\n\n\n<p>Profesyonellerin tercihleri ile olu\u015fturulan listeyi ve DAW\u2019lar\u0131n oy y\u00fczdelerini a\u015fa\u011f\u0131daki tabloda bulabilirsiniz (%1&#8217;in alt\u0131nda kalan DAW&#8217;lar dahil edilmemi\u015ftir).<\/p>\n\n\n\n<figure class=\"wp-block-image size-large\"><a href=\"https:\/\/www.ufukonen.com\/tr\/wp-content\/uploads\/2023_DAW_Anketi_Sonuclar_03_2_pro.png\" target=\"_blank\" rel=\"noopener noreferrer\"><img loading=\"lazy\" width=\"1024\" height=\"572\" src=\"https:\/\/www.ufukonen.com\/tr\/wp-content\/uploads\/2023_DAW_Anketi_Sonuclar_03_2_pro-1024x572.png\" alt=\"\" class=\"wp-image-8251\" srcset=\"https:\/\/www.ufukonen.com\/tr\/wp-content\/uploads\/2023_DAW_Anketi_Sonuclar_03_2_pro-1024x572.png 1024w, https:\/\/www.ufukonen.com\/tr\/wp-content\/uploads\/2023_DAW_Anketi_Sonuclar_03_2_pro-300x167.png 300w, https:\/\/www.ufukonen.com\/tr\/wp-content\/uploads\/2023_DAW_Anketi_Sonuclar_03_2_pro-768x429.png 768w, https:\/\/www.ufukonen.com\/tr\/wp-content\/uploads\/2023_DAW_Anketi_Sonuclar_03_2_pro-1536x858.png 1536w, https:\/\/www.ufukonen.com\/tr\/wp-content\/uploads\/2023_DAW_Anketi_Sonuclar_03_2_pro-1140x636.png 1140w, https:\/\/www.ufukonen.com\/tr\/wp-content\/uploads\/2023_DAW_Anketi_Sonuclar_03_2_pro-552x308.png 552w, https:\/\/www.ufukonen.com\/tr\/wp-content\/uploads\/2023_DAW_Anketi_Sonuclar_03_2_pro.png 1775w\" sizes=\"(max-width: 1024px) 100vw, 1024px\" \/><\/a><\/figure>\n\n\n\n<p>2023 DAW anketinde m\u00fczik prod\u00fcksiyonu ile <strong>hobi olarak ilgilenenlerin<\/strong> tercihi <strong>STUDIO ONE<\/strong> oldu. \u0130kinci s\u0131rada <strong>FL STUDIO<\/strong>, \u00fc\u00e7\u00fcnc\u00fc s\u0131rada ise <strong>LIVE<\/strong> var.<\/p>\n\n\n\n<p>Hobi olarak ilgilenenlerin listesinde d\u00f6rd\u00fcnc\u00fc s\u0131rada LOGIC PRO, be\u015finci s\u0131rada CUBASE, alt\u0131nc\u0131 s\u0131rada REAPER, yedinci s\u0131rada ise GARAGEBAND yer al\u0131yor.<\/p>\n\n\n\n<p>Hobi olarak ilgilenenlerin tercihleri ile olu\u015fturulan listeyi ve DAW\u2019lar\u0131n oy y\u00fczdelerini a\u015fa\u011f\u0131daki tabloda bulabilirsiniz (%1&#8217;in alt\u0131nda kalan DAW&#8217;lar dahil edilmemi\u015ftir).<\/p>\n\n\n\n<figure class=\"wp-block-image size-large\"><a href=\"https:\/\/www.ufukonen.com\/tr\/wp-content\/uploads\/2023_DAW_Anketi_Sonuclar_03_3_hobi.png\" target=\"_blank\" rel=\"noopener noreferrer\"><img loading=\"lazy\" width=\"1024\" height=\"743\" src=\"https:\/\/www.ufukonen.com\/tr\/wp-content\/uploads\/2023_DAW_Anketi_Sonuclar_03_3_hobi-1024x743.png\" alt=\"\" class=\"wp-image-8252\" srcset=\"https:\/\/www.ufukonen.com\/tr\/wp-content\/uploads\/2023_DAW_Anketi_Sonuclar_03_3_hobi-1024x743.png 1024w, https:\/\/www.ufukonen.com\/tr\/wp-content\/uploads\/2023_DAW_Anketi_Sonuclar_03_3_hobi-300x218.png 300w, https:\/\/www.ufukonen.com\/tr\/wp-content\/uploads\/2023_DAW_Anketi_Sonuclar_03_3_hobi-768x557.png 768w, https:\/\/www.ufukonen.com\/tr\/wp-content\/uploads\/2023_DAW_Anketi_Sonuclar_03_3_hobi-1536x1115.png 1536w, https:\/\/www.ufukonen.com\/tr\/wp-content\/uploads\/2023_DAW_Anketi_Sonuclar_03_3_hobi-1140x827.png 1140w, https:\/\/www.ufukonen.com\/tr\/wp-content\/uploads\/2023_DAW_Anketi_Sonuclar_03_3_hobi-552x401.png 552w, https:\/\/www.ufukonen.com\/tr\/wp-content\/uploads\/2023_DAW_Anketi_Sonuclar_03_3_hobi.png 1775w\" sizes=\"(max-width: 1024px) 100vw, 1024px\" \/><\/a><\/figure>\n\n\n\n<p>\u0130\u015fletim sistemi olarak profesyonellerin %52&#8217;si Mac OS X, hobi olarak ilgilenenlerin %68&#8217;si ise Windows&#8217;u tercih etmi\u015f.<\/p>\n\n\n\n<div style=\"height:25px\" aria-hidden=\"true\" class=\"wp-block-spacer\"><\/div>\n\n\n\n<h3>Post Prod\u00fcksiyon (G\u00f6rsel Medya \u0130\u00e7in Ses)<\/h3>\n\n\n\n<p>Yukar\u0131da da belirtti\u011fim gibi, post prod\u00fcksiyon alan\u0131nda faaliyet g\u00f6sterenlerin neredeyse tamam\u0131 profesyonel olarak \u00e7al\u0131\u015ft\u0131klar\u0131 i\u00e7in bu kategoride \u201cprofesyonel\u201d ve \u201chobi\u201d ayr\u0131m\u0131 yapmad\u0131m.<\/p>\n\n\n\n<p>2023 anketinde post prod\u00fcksiyon \u00fczerine \u00e7al\u0131\u015fanlar\u0131n tercihi a\u00e7\u0131k ara ile PRO TOOLS oldu (%60). Pro Tools \u00f6zellikle ev kullan\u0131c\u0131lar\u0131n\u0131n artmas\u0131yla m\u00fczik prod\u00fcksiyon alan\u0131nda pop\u00fclerli\u011fini kaybetmeye devam etse de post prod\u00fcksiyon alan\u0131nda liderli\u011fini koruyor. \u0130kinci s\u0131rada LOGIC PRO, \u00fc\u00e7\u00fcnc\u00fc s\u0131rada ise STUDIO ONE var.<\/p>\n\n\n\n<p>Post prod\u00fcksiyon \u00fczerine \u00e7al\u0131\u015fanlar\u0131n tercihleri ile olu\u015fturulan tam listeyi ve DAW\u2019lar\u0131n ald\u0131klar\u0131 oy say\u0131lar\u0131 ile y\u00fczdeleri a\u015fa\u011f\u0131daki tabloda bulabilirsiniz.<\/p>\n\n\n\n<figure class=\"wp-block-image size-large\"><a href=\"https:\/\/www.ufukonen.com\/tr\/wp-content\/uploads\/2023_DAW_Anketi_Sonuclar_03_4_post.png\" target=\"_blank\" rel=\"noopener\"><img loading=\"lazy\" width=\"1024\" height=\"693\" src=\"https:\/\/www.ufukonen.com\/tr\/wp-content\/uploads\/2023_DAW_Anketi_Sonuclar_03_4_post-1024x693.png\" alt=\"\" class=\"wp-image-8253\" srcset=\"https:\/\/www.ufukonen.com\/tr\/wp-content\/uploads\/2023_DAW_Anketi_Sonuclar_03_4_post-1024x693.png 1024w, https:\/\/www.ufukonen.com\/tr\/wp-content\/uploads\/2023_DAW_Anketi_Sonuclar_03_4_post-300x203.png 300w, https:\/\/www.ufukonen.com\/tr\/wp-content\/uploads\/2023_DAW_Anketi_Sonuclar_03_4_post-768x520.png 768w, https:\/\/www.ufukonen.com\/tr\/wp-content\/uploads\/2023_DAW_Anketi_Sonuclar_03_4_post-1536x1039.png 1536w, https:\/\/www.ufukonen.com\/tr\/wp-content\/uploads\/2023_DAW_Anketi_Sonuclar_03_4_post-1140x771.png 1140w, https:\/\/www.ufukonen.com\/tr\/wp-content\/uploads\/2023_DAW_Anketi_Sonuclar_03_4_post-552x373.png 552w, https:\/\/www.ufukonen.com\/tr\/wp-content\/uploads\/2023_DAW_Anketi_Sonuclar_03_4_post.png 1775w\" sizes=\"(max-width: 1024px) 100vw, 1024px\" \/><\/a><\/figure>\n\n\n\n<p>Post-prod\u00fcksiyon kategorisinde tercih eilen i\u015fletim sistemi a\u011f\u0131rl\u0131kl\u0131 olarak Mac OS X (yakla\u015f\u0131k %71).<\/p>\n\n\n\n<div style=\"height:25px\" aria-hidden=\"true\" class=\"wp-block-spacer\"><\/div>\n\n\n\n<h3>Soru 4: &#8220;Bu DAW&#8217;\u0131 ka\u00e7 y\u0131ldan beri kullan\u0131yorsunuz?&#8221;<\/h3>\n\n\n\n<p>Genel olarak DAW tercihinin bir al\u0131\u015fkanl\u0131k oldu\u011fu ve al\u0131\u015fkanl\u0131klar\u0131n kolay kolay de\u011fi\u015fmedi\u011fi d\u00fc\u015f\u00fcn\u00fcl\u00fcr. Bu sorunun sonucu t\u0131pk\u0131 ge\u00e7en sene oldu\u011fu gibi bu y\u0131lda bu genel d\u00fc\u015f\u00fcncenin tersinde bir noktada duruyor. 1014 kat\u0131l\u0131mc\u0131dan 338\u2019si (%33) birinci tercih olarak kulland\u0131\u011f\u0131 DAW\u2019\u0131 1-3 y\u0131ldan beri, 297\u2019si (%29) ise 4-6 y\u0131ldan beri kulland\u0131\u011f\u0131n\u0131 ifade etmi\u015f. Bu sonu\u00e7 bize al\u0131\u015fkanl\u0131klar\u0131n de\u011fi\u015febildi\u011fini g\u00f6steriyor.<\/p>\n\n\n\n<figure class=\"wp-block-image size-large\"><a href=\"https:\/\/www.ufukonen.com\/tr\/wp-content\/uploads\/2023_DAW_Anketi_Sonuclar_04.png\" target=\"_blank\" rel=\"noopener noreferrer\"><img loading=\"lazy\" width=\"1024\" height=\"569\" src=\"https:\/\/www.ufukonen.com\/tr\/wp-content\/uploads\/2023_DAW_Anketi_Sonuclar_04-1024x569.png\" alt=\"\" class=\"wp-image-8255\" srcset=\"https:\/\/www.ufukonen.com\/tr\/wp-content\/uploads\/2023_DAW_Anketi_Sonuclar_04-1024x569.png 1024w, https:\/\/www.ufukonen.com\/tr\/wp-content\/uploads\/2023_DAW_Anketi_Sonuclar_04-300x167.png 300w, https:\/\/www.ufukonen.com\/tr\/wp-content\/uploads\/2023_DAW_Anketi_Sonuclar_04-768x427.png 768w, https:\/\/www.ufukonen.com\/tr\/wp-content\/uploads\/2023_DAW_Anketi_Sonuclar_04-1536x853.png 1536w, https:\/\/www.ufukonen.com\/tr\/wp-content\/uploads\/2023_DAW_Anketi_Sonuclar_04-1140x633.png 1140w, https:\/\/www.ufukonen.com\/tr\/wp-content\/uploads\/2023_DAW_Anketi_Sonuclar_04-552x307.png 552w, https:\/\/www.ufukonen.com\/tr\/wp-content\/uploads\/2023_DAW_Anketi_Sonuclar_04.png 1775w\" sizes=\"(max-width: 1024px) 100vw, 1024px\" \/><\/a><\/figure>\n\n\n\n<div style=\"height:25px\" aria-hidden=\"true\" class=\"wp-block-spacer\"><\/div>\n\n\n\n<h3>Soru 5: Dolby Atmos ile uzamsal ses art\u0131k Pro Tools, Logic Pro, Studio One, Cubase ve Ableton Live gibi DAW&#8217;lara entegre edilmi\u015f durumda. Deneme ya da \u00e7al\u0131\u015fma \u015fans\u0131n\u0131z oldu mu?<\/h3>\n\n\n\n<p>Dolby Atmos, 2021&#8217;de Apple Music&#8217;in uzamsal sese ge\u00e7mesi ve ard\u0131ndan hemen hemen b\u00fct\u00fcn DAW&#8217;lar\u0131n Atmos&#8217;u sistemlerine entegre etmesiyle birlike sadece pahal\u0131 st\u00fcdyolarda ses post-prod\u00fcksiyonu i\u00e7in kullan\u0131lan bir sistem olmaktan \u00e7\u0131kt\u0131, yava\u015f yava\u015f pop\u00fclerle\u015fmeye ba\u015flad\u0131. Ben de bunun \u00fczerine DAW anketi kat\u0131l\u0131mc\u0131lar\u0131na Dolby Atmos&#8217;u deneyimleme ya da Atmos ile \u00e7al\u0131\u015fma f\u0131rsatlar\u0131 olup olmad\u0131\u011f\u0131n\u0131 sordum.<\/p>\n\n\n\n<p>Kat\u0131l\u0131mc\u0131lar\u0131n %7&#8217;si \u015fu anda Dolby Atmos ile \u00e7al\u0131\u015ft\u0131klar\u0131n\u0131 s\u00f6ylemi\u015f. <\/p>\n\n\n\n<p>Kat\u0131l\u0131mc\u0131lar\u0131n %26&#8217;s\u0131 Atmos&#8217;u deneyimlediklerini belirtmi\u015f. Deneyimleyenler aras\u0131nda %58&#8217;i (t\u00fcm kat\u0131l\u0131mc\u0131lar i\u00e7inde %15&#8217;i) Atmos&#8217;u i\u015f ak\u0131\u015flar\u0131na dahil etmeyi planlad\u0131klar\u0131n\u0131 s\u00f6ylemi\u015f. <\/p>\n\n\n\n<p>Kat\u0131l\u0131mc\u0131lar\u0131n %54&#8217;\u00fc Atmos sistemini hen\u00fcz deneyimlememi\u015f. Kat\u0131l\u0131mc\u0131lar\u0131n %13&#8217;\u00fc ise Dolby Atmos veya uzamsal sesin ne oldu\u011funu bilmediklerini belirtmi\u015f. <\/p>\n\n\n\n<p>Oy da\u011f\u0131l\u0131m\u0131n\u0131 a\u015fa\u011f\u0131daki tabloda bulabilirsiniz.<\/p>\n\n\n\n<figure class=\"wp-block-image size-large\"><a href=\"https:\/\/www.ufukonen.com\/tr\/wp-content\/uploads\/2023_DAW_Anketi_Sonuclar_05.png\" target=\"_blank\" rel=\"noopener noreferrer\"><img loading=\"lazy\" width=\"1024\" height=\"556\" src=\"https:\/\/www.ufukonen.com\/tr\/wp-content\/uploads\/2023_DAW_Anketi_Sonuclar_05-1024x556.png\" alt=\"\" class=\"wp-image-8256\" srcset=\"https:\/\/www.ufukonen.com\/tr\/wp-content\/uploads\/2023_DAW_Anketi_Sonuclar_05-1024x556.png 1024w, https:\/\/www.ufukonen.com\/tr\/wp-content\/uploads\/2023_DAW_Anketi_Sonuclar_05-300x163.png 300w, https:\/\/www.ufukonen.com\/tr\/wp-content\/uploads\/2023_DAW_Anketi_Sonuclar_05-768x417.png 768w, https:\/\/www.ufukonen.com\/tr\/wp-content\/uploads\/2023_DAW_Anketi_Sonuclar_05-1536x834.png 1536w, https:\/\/www.ufukonen.com\/tr\/wp-content\/uploads\/2023_DAW_Anketi_Sonuclar_05-1140x619.png 1140w, https:\/\/www.ufukonen.com\/tr\/wp-content\/uploads\/2023_DAW_Anketi_Sonuclar_05-552x300.png 552w, https:\/\/www.ufukonen.com\/tr\/wp-content\/uploads\/2023_DAW_Anketi_Sonuclar_05.png 1775w\" sizes=\"(max-width: 1024px) 100vw, 1024px\" \/><\/a><\/figure>\n\n\n\n<p>Post-prod\u00fcksiyon alan\u0131nda durum \u00e7ok farkl\u0131&#8230;<\/p>\n\n\n\n<p>Post-prod\u00fcksiyon alan\u0131nda Dolby Atmos ile \u00e7al\u0131\u015fanlar %32&#8217;yi, Dolby Atmos&#8217;u deneyip i\u015f ak\u0131\u015f\u0131na dahil etmeyi planlayanlar ise %39&#8217;u olu\u015fturuyor.<\/p>\n\n\n\n<p>Post-prod\u00fcksiyon alan\u0131nda Dolby Atmos&#8217;u hen\u00fcz deneyimlememi\u015f olanlar %19, Dolby Atmos veya uzamsal sesin ne oldu\u011funu bilmeyenler ise sadece %2&#8217;lik bir kesimi olu\u015fturuyor.<\/p>\n\n\n\n<div style=\"height:25px\" aria-hidden=\"true\" class=\"wp-block-spacer\"><\/div>\n\n\n\n<h3>Soru 6: &#8220;Mobil cihazlar \u00fczerinde DAW kullan\u0131yor musunuz?&#8221;<\/h3>\n\n\n\n<p>Kat\u0131l\u0131mc\u0131lar\u0131n %75\u2019i mobil cihazlar \u00fczerinde DAW kullanmad\u0131\u011f\u0131n\u0131 ifade etmi\u015f. Ge\u00e7ti\u011fimiz y\u0131llarda da sonu\u00e7lar %75-78\u2019di. \u00d6nemli bir de\u011fi\u015fiklik olmam\u0131\u015f.<\/p>\n\n\n\n<p>Oy da\u011f\u0131l\u0131m\u0131n\u0131 a\u015fa\u011f\u0131daki tabloda bulabilirsiniz.<\/p>\n\n\n\n<figure class=\"wp-block-image size-large\"><a href=\"https:\/\/www.ufukonen.com\/tr\/wp-content\/uploads\/2023_DAW_Anketi_Sonuclar_06.png\" target=\"_blank\" rel=\"noopener\"><img loading=\"lazy\" width=\"1024\" height=\"515\" src=\"https:\/\/www.ufukonen.com\/tr\/wp-content\/uploads\/2023_DAW_Anketi_Sonuclar_06-1024x515.png\" alt=\"\" class=\"wp-image-8258\" srcset=\"https:\/\/www.ufukonen.com\/tr\/wp-content\/uploads\/2023_DAW_Anketi_Sonuclar_06-1024x515.png 1024w, https:\/\/www.ufukonen.com\/tr\/wp-content\/uploads\/2023_DAW_Anketi_Sonuclar_06-300x151.png 300w, https:\/\/www.ufukonen.com\/tr\/wp-content\/uploads\/2023_DAW_Anketi_Sonuclar_06-768x386.png 768w, https:\/\/www.ufukonen.com\/tr\/wp-content\/uploads\/2023_DAW_Anketi_Sonuclar_06-1536x773.png 1536w, https:\/\/www.ufukonen.com\/tr\/wp-content\/uploads\/2023_DAW_Anketi_Sonuclar_06-1140x574.png 1140w, https:\/\/www.ufukonen.com\/tr\/wp-content\/uploads\/2023_DAW_Anketi_Sonuclar_06-552x278.png 552w, https:\/\/www.ufukonen.com\/tr\/wp-content\/uploads\/2023_DAW_Anketi_Sonuclar_06.png 1775w\" sizes=\"(max-width: 1024px) 100vw, 1024px\" \/><\/a><\/figure>\n\n\n\n<div style=\"height:25px\" aria-hidden=\"true\" class=\"wp-block-spacer\"><\/div>\n\n\n\n<h3>\u00d6zet Olarak\u2026<\/h3>\n\n\n\n<p>2023&#8217;\u00fcn \u00f6zetini a\u015fa\u011f\u0131daki tabloda bulabilirsiniz.<\/p>\n\n\n\n<figure class=\"wp-block-image size-large\"><a href=\"https:\/\/www.ufukonen.com\/tr\/wp-content\/uploads\/2023_DAW_Anketi_Sonuclar_07.png\" target=\"_blank\" rel=\"noopener noreferrer\"><img loading=\"lazy\" width=\"1024\" height=\"362\" src=\"https:\/\/www.ufukonen.com\/tr\/wp-content\/uploads\/2023_DAW_Anketi_Sonuclar_07-1024x362.png\" alt=\"\" class=\"wp-image-8262\" srcset=\"https:\/\/www.ufukonen.com\/tr\/wp-content\/uploads\/2023_DAW_Anketi_Sonuclar_07-1024x362.png 1024w, https:\/\/www.ufukonen.com\/tr\/wp-content\/uploads\/2023_DAW_Anketi_Sonuclar_07-300x106.png 300w, https:\/\/www.ufukonen.com\/tr\/wp-content\/uploads\/2023_DAW_Anketi_Sonuclar_07-768x272.png 768w, https:\/\/www.ufukonen.com\/tr\/wp-content\/uploads\/2023_DAW_Anketi_Sonuclar_07-1536x543.png 1536w, https:\/\/www.ufukonen.com\/tr\/wp-content\/uploads\/2023_DAW_Anketi_Sonuclar_07-1140x403.png 1140w, https:\/\/www.ufukonen.com\/tr\/wp-content\/uploads\/2023_DAW_Anketi_Sonuclar_07-552x195.png 552w, https:\/\/www.ufukonen.com\/tr\/wp-content\/uploads\/2023_DAW_Anketi_Sonuclar_07.png 1775w\" sizes=\"(max-width: 1024px) 100vw, 1024px\" \/><\/a><\/figure>\n\n\n\n<div style=\"height:25px\" aria-hidden=\"true\" class=\"wp-block-spacer\"><\/div>\n\n\n\n<h3>Benim Cevaplar\u0131m<\/h3>\n\n\n\n<p>2016 ve 2017 anketlerinden sonra benim cevaplar\u0131m\u0131 ve DAW se\u00e7imlerimi soranlar olmu\u015ftu. 2018 ve sonraki y\u0131llarda a\u00e7\u0131klam\u0131\u015ft\u0131m, bu sene de a\u00e7\u0131klayay\u0131m.<\/p>\n\n\n\n<p>\u00c7al\u0131\u015fma alan\u0131m: <strong>Profesyonel olarak m\u00fczik prod\u00fcksiyonu + post prod\u00fcksiyon (g\u00f6r\u00fcnt\u00fcl\u00fc medya i\u00e7in ses) alanlar\u0131nda \u00e7al\u0131\u015f\u0131yorum.<\/strong> Gelirimi bu alanlardaki projeler \u00fczerinde \u00e7al\u0131\u015farak ve yine bu alanlar \u00fczerine dersler vererek kazan\u0131yorum.<\/p>\n\n\n\n<p>A\u011f\u0131rl\u0131kl\u0131 olarak kulland\u0131\u011f\u0131m bilgisayar i\u015fletim sistemim: <strong>Mac OS X<\/strong>. 1992\u2019den bu yana Mac kullan\u0131c\u0131s\u0131y\u0131m. Baz\u0131 akustik ve \u00f6l\u00e7\u00fcm programlar\u0131 d\u0131\u015f\u0131nda b\u00fct\u00fcn i\u015flerim i\u00e7in Mac kullan\u0131yorum<\/p>\n\n\n\n<p>Birinci tercih olarak kullanmakta oldu\u011fum DAW: <strong>Pro Tools<\/strong>.<\/p>\n\n\n\n<p>1995\u2019ten bu yana kulland\u0131\u011f\u0131m ve \u00e7ok al\u0131\u015ft\u0131\u011f\u0131m i\u00e7in Pro Tools ile \u00e7al\u0131\u015f\u0131rken kendimi evde hissediyorum. Di\u011fer yandan Avid\u2019in fiyat politikas\u0131n\u0131 ve kullan\u0131c\u0131lar\u0131na uzak durmas\u0131n\u0131 hi\u00e7 be\u011fenmiyorum. Ancak hem profesyonel m\u00fczik ve ses post prod\u00fcksiyon piyasas\u0131nda h\u00e2l\u00e2 standart olmas\u0131ndan hem de sinyal ak\u0131\u015f\u0131 ve ta\u015f\u0131ma konusunda kullan\u0131c\u0131lar\u0131na sundu\u011fu esneklik ve imkanlardan dolay\u0131 yak\u0131n zamanda Pro Tools\u2019u b\u0131rakaca\u011f\u0131m\u0131 sanm\u0131yorum. Eyl\u00fcl 2023 y\u0131l\u0131nda Bilkent \u00dcniversitesi&#8217;nde Atmos st\u00fcdyosunu kurduktan sonra &#8220;iyi ki Pro Tools kullan\u0131yorum&#8221; dedim, demeye de devam ediyorum.<\/p>\n\n\n\n<p>Bu DAW\u2019\u0131 ka\u00e7 y\u0131ldan beri kullan\u0131yorum? 1995\u2019ten bu yana\u2026 <strong>28 y\u0131l<\/strong>\u0131 devirmi\u015fim.<\/p>\n\n\n\n<p><strong>Dolby Atmos ile \u00e7al\u0131\u015f\u0131yorum.<\/strong> Yukar\u0131da da belirtti\u011fim gibi ge\u00e7ti\u011fimiz y\u0131l\u0131n Eyl\u00fcl ay\u0131nda Bilkent \u00dcniversitesi&#8217;ne 7.1.4 Dolby Atmos st\u00fcdyosu kurduk. Bununla ilgili bir de yaz\u0131 yazm\u0131\u015ft\u0131m: <a href=\"https:\/\/www.ufukonen.com\/tr\/dolby-atmos-bilkent-apple-music-uzamsal-ses-2023.html\" data-type=\"post\" data-id=\"8151\" target=\"_blank\" rel=\"noreferrer noopener\">Dolby Atmos St\u00fcdyomuzda Misafirlerimizi A\u011f\u0131rlad\u0131k, Apple Music \u00dczerinden Uzamsal Sesi Deneyimledik<\/a><\/p>\n\n\n\n<p>Mobil cihazlar \u00fczerinde DAW kullan\u0131yor muyum? Ge\u00e7en sene bu soruyu &#8220;Evet, iPhone \/ iPad \u00fczerinde kullan\u0131yorum&#8221; olarak cevaplam\u0131\u015ft\u0131m. 2022 i\u00e7inde deneme ama\u00e7l\u0131 olarak kullan\u0131yordum. Bu sene &#8220;<strong>Hay\u0131r<\/strong>&#8221; olarak cevaplad\u0131m.<\/p>\n\n\n\n<div style=\"height:25px\" aria-hidden=\"true\" class=\"wp-block-spacer\"><\/div>\n\n\n\n<h3>Te\u015fekk\u00fcrler!<\/h3>\n\n\n\n<p>Ankete kat\u0131lan ve destek veren herkese \u00e7ok te\u015fekk\u00fcr ediyorum. Bakal\u0131m 2024 neler getirecek, ne gibi de\u011fi\u015fiklikler olacak\u2026<\/p>\n\n\n\n<div style=\"height:50px\" aria-hidden=\"true\" class=\"wp-block-spacer\"><\/div>\n\n\n\n<figure class=\"wp-block-image size-large\"><a href=\"https:\/\/www.ufukonen.com\/tr\/ufuk-onen-ses-muzik-teknolojisi-miks-kitaplar.html\" target=\"_blank\" rel=\"noopener noreferrer\"><img loading=\"lazy\" width=\"1024\" height=\"333\" src=\"https:\/\/www.ufukonen.com\/tr\/wp-content\/uploads\/Books-Drop-Shadow-2022-10-22-1920x625_rfs-1024x333.jpg\" alt=\"\" class=\"wp-image-8148\" srcset=\"https:\/\/www.ufukonen.com\/tr\/wp-content\/uploads\/Books-Drop-Shadow-2022-10-22-1920x625_rfs-1024x333.jpg 1024w, https:\/\/www.ufukonen.com\/tr\/wp-content\/uploads\/Books-Drop-Shadow-2022-10-22-1920x625_rfs-300x98.jpg 300w, https:\/\/www.ufukonen.com\/tr\/wp-content\/uploads\/Books-Drop-Shadow-2022-10-22-1920x625_rfs-768x250.jpg 768w, https:\/\/www.ufukonen.com\/tr\/wp-content\/uploads\/Books-Drop-Shadow-2022-10-22-1920x625_rfs-1536x500.jpg 1536w, https:\/\/www.ufukonen.com\/tr\/wp-content\/uploads\/Books-Drop-Shadow-2022-10-22-1920x625_rfs-1140x371.jpg 1140w, https:\/\/www.ufukonen.com\/tr\/wp-content\/uploads\/Books-Drop-Shadow-2022-10-22-1920x625_rfs-552x180.jpg 552w, https:\/\/www.ufukonen.com\/tr\/wp-content\/uploads\/Books-Drop-Shadow-2022-10-22-1920x625_rfs.jpg 1920w\" sizes=\"(max-width: 1024px) 100vw, 1024px\" \/><\/a><figcaption>Ses kay\u0131t, m\u00fczik teknolojileri ve m\u00fczik prod\u00fcksiyonu \u00fczerine kaynak kitaplar.<br><a href=\"https:\/\/www.ufukonen.com\/tr\/ufuk-onen-ses-muzik-teknolojisi-miks-kitaplar.html\" target=\"_blank\" rel=\"noreferrer noopener\">Bilgi i\u00e7in t\u0131klay\u0131n\u0131z.<\/a><\/figcaption><\/figure>\n\n\n\n<div style=\"height:50px\" aria-hidden=\"true\" class=\"wp-block-spacer\"><\/div>\n\n\n\n<p>Teknik terimler i\u00e7in <a href=\"http:\/\/www.ufukonen.com\/tr\/ses-kayit-muzik-teknolojisi-terimler-sozluk.html\">m\u00fczik teknolojisi, m\u00fczik prod\u00fcksiyonu ve ses kay\u0131t terimleri s\u00f6zl\u00fc\u011f\u00fcne<\/a> g\u00f6z atabilirsiniz.<\/p>\n\n\n\n<p>Benzer payla\u015f\u0131mlar i\u00e7in beni <a rel=\"noreferrer noopener\" href=\"https:\/\/www.facebook.com\/ufukonen.skmt\/\" target=\"_blank\">Facebook<\/a>, <a rel=\"noreferrer noopener\" aria-label=\"Instagram (opens in a new tab)\" href=\"https:\/\/www.instagram.com\/ufukonen\/\" target=\"_blank\">Instagram<\/a> ve <a rel=\"noreferrer noopener\" href=\"https:\/\/twitter.com\/UfukOnen\" target=\"_blank\">Twitter<\/a>&#8216;da takip edebilir, haberler i\u00e7in <a rel=\"noreferrer noopener\" href=\"http:\/\/ufukonen.com\/tr\/ses-kayit-muzik-teknolojisi-terimler-sozluk.html\" target=\"_blank\">mesaj listeme \u00fcye olabilirsiniz<\/a>. Te\u015fekk\u00fcrler.<\/p>\n\n\n\n<p>Ba\u015fl\u0131k foto\u011fraf\u0131:&nbsp;<a rel=\"noreferrer noopener\" href=\"https:\/\/www.pexels.com\/@cottonbro?utm_content=attributionCopyText&amp;utm_medium=referral&amp;utm_source=pexels\" target=\"_blank\">cottonbro<\/a>&nbsp;|&nbsp;<a rel=\"noreferrer noopener\" href=\"https:\/\/www.pexels.com\/photo\/man-people-woman-desk-5657727\/?utm_content=attributionCopyText&amp;utm_medium=referral&amp;utm_source=pexels\" target=\"_blank\">Pexels<\/a><\/p>\n\n\n\n<p>\u00a9 2024 Ufuk \u00d6nen. Her hakk\u0131 sakl\u0131d\u0131r. \u0130zinsiz kullan\u0131lamaz.<\/p>\n","protected":false},"excerpt":{"rendered":"<p class=\"post-excerpt\">Bu y\u0131l sekizincisini d\u00fczenledi\u011fim DAW anketinin sonu\u00e7lar\u0131 belli oldu! 11 Aral\u0131k 2023 ile 18 Ocak 2024 tarihleri aras\u0131nda a\u00e7\u0131k kalan&#8230;<\/p>\n","protected":false},"author":2,"featured_media":8264,"comment_status":"closed","ping_status":"open","sticky":false,"template":"","format":"standard","meta":{"_mi_skip_tracking":false,"spay_email":"","jetpack_publicize_message":"","jetpack_is_tweetstorm":false,"jetpack_publicize_feature_enabled":true},"categories":[18],"tags":[],"jetpack_featured_media_url":"https:\/\/www.ufukonen.com\/tr\/wp-content\/uploads\/2023_DAW_Anketi_Sonuclari.jpg","jetpack_publicize_connections":[],"jetpack_shortlink":"https:\/\/wp.me\/p3rjsG-28H","jetpack_sharing_enabled":true,"jetpack-related-posts":[{"id":8174,"url":"https:\/\/www.ufukonen.com\/tr\/2023-daw-anketi.html","url_meta":{"origin":8227,"position":0},"title":"2023 DAW Anketi","date":"December 11, 2023","format":false,"excerpt":"\u26a0\ufe0f Anket formu bu sayfan\u0131n alt k\u0131sm\u0131nda yer almaktad\u0131r, siteden ayr\u0131lmadan kat\u0131labilirsiniz. 2016 y\u0131l\u0131nda T\u00fcrkiye'de m\u00fczik teknolojisi alan\u0131nda \u00e7al\u0131\u015fanlar\u0131n ve bu alana ilgisi olanlar\u0131n DAW (Digital Audio Workstation) tercihlerini tespit edebilmek amac\u0131yla bir anket d\u00fczenledim. \u0130ki sorudan olu\u015fan bu anket olduk\u00e7a b\u00fcy\u00fck ilgi g\u00f6rd\u00fc. Sonu\u00e7lar\u0131 sizlerle payla\u015ft\u0131m, sosyal medya platformlar\u0131nda\u2026","rel":"","context":"In &quot;Ses ve M\u00fczik Teknolojileri&quot;","img":{"alt_text":"","src":"https:\/\/i0.wp.com\/www.ufukonen.com\/tr\/wp-content\/uploads\/2023_DAW_Anketi.jpg?resize=350%2C200&ssl=1","width":350,"height":200},"classes":[]},{"id":7109,"url":"https:\/\/www.ufukonen.com\/tr\/2021-daw-anketi-sonuclari.html","url_meta":{"origin":8227,"position":1},"title":"2021 DAW Anketi Sonu\u00e7lar\u0131","date":"January 10, 2022","format":false,"excerpt":"Bu y\u0131l alt\u0131nc\u0131s\u0131n\u0131 d\u00fczenledi\u011fim DAW anketinin sonu\u00e7lar\u0131 belli oldu! 15 Kas\u0131m 2021 ile 5 Ocak 2022 tarihleri aras\u0131nda a\u00e7\u0131k kalan 2021 DAW anketine 1579 ki\u015fi kat\u0131ld\u0131. Bu sene ankete yeni eklenen sorular da vard\u0131. Sonu\u00e7lar\u0131 a\u015fa\u011f\u0131da detayl\u0131 bir \u015fekilde sizlere aktaraca\u011f\u0131m. Ondan \u00f6nce, e\u011fer incelemek isterseniz ge\u00e7mi\u015f y\u0131llar\u0131n anket sonu\u00e7lar\u0131na\u2026","rel":"","context":"In &quot;Ses ve M\u00fczik Teknolojileri&quot;","img":{"alt_text":"","src":"https:\/\/i0.wp.com\/www.ufukonen.com\/tr\/wp-content\/uploads\/2021_DAW_Anketi.jpg?resize=350%2C200&ssl=1","width":350,"height":200},"classes":[]},{"id":7882,"url":"https:\/\/www.ufukonen.com\/tr\/2022-daw-anketi-sonuclari.html","url_meta":{"origin":8227,"position":2},"title":"2022 DAW Anketi Sonu\u00e7lar\u0131","date":"January 9, 2023","format":false,"excerpt":"Bu y\u0131l yedincisini d\u00fczenledi\u011fim DAW anketinin sonu\u00e7lar\u0131 belli oldu! 7 Kas\u0131m 2022 ile 4 Ocak 2023 tarihleri aras\u0131nda a\u00e7\u0131k kalan 2022 DAW anketine 1271 ki\u015fi kat\u0131ld\u0131. Bu sene ankete yeni eklenen bir kategori vard\u0131: Post-prod\u00fcksiyon (g\u00f6r\u00fcnt\u00fcl\u00fc medya i\u00e7in ses). Ge\u00e7ti\u011fimiz y\u0131llarda anketimiz \u015fu soruyla a\u00e7\u0131l\u0131yordu: \u201cM\u00fczik ve ses teknolojileri ile\u2026","rel":"","context":"In &quot;Ses ve M\u00fczik Teknolojileri&quot;","img":{"alt_text":"","src":"https:\/\/i0.wp.com\/www.ufukonen.com\/tr\/wp-content\/uploads\/2022_DAW_Anketi.jpg?resize=350%2C200&ssl=1","width":350,"height":200},"classes":[]},{"id":8608,"url":"https:\/\/www.ufukonen.com\/tr\/2025-daw-anketi.html","url_meta":{"origin":8227,"position":3},"title":"2025 DAW Anketi","date":"November 23, 2025","format":false,"excerpt":"T\u00fcrkiye'nin DAW Anketi 10 ya\u015f\u0131nda! Anket formu a\u015fa\u011f\u0131dad\u0131r, bu sayfadan ayr\u0131lmadan ankete kat\u0131labilirsiniz. 2016 y\u0131l\u0131nda ba\u015flayan DAW Anketi yolculu\u011fu sizlerin ilgisi ve deste\u011fi ile devam etti. Gelenek bu y\u0131l da bozulmuyor: 2025 DAW Anketi sizlerle. Ge\u00e7mi\u015fe K\u0131sa Bir Bak\u0131\u015f 2016 y\u0131l\u0131nda sadece iki sorudan olu\u015fan basit bir anketle yola \u00e7\u0131kt\u0131m.\u2026","rel":"","context":"In &quot;M\u00fczik Prod\u00fcksiyonu&quot;","img":{"alt_text":"","src":"https:\/\/i0.wp.com\/www.ufukonen.com\/tr\/wp-content\/uploads\/2025_DAW_Anketi.jpg?resize=350%2C200&ssl=1","width":350,"height":200},"classes":[]},{"id":3575,"url":"https:\/\/www.ufukonen.com\/tr\/2017-daw-anketi-sonuclari.html","url_meta":{"origin":8227,"position":4},"title":"2017 DAW Anketi Sonu\u00e7lar\u0131","date":"January 1, 2018","format":false,"excerpt":"\u00a0 Bu y\u0131l ikincisini d\u00fczenledi\u011fim DAW (Digital Audio Workstation) anketinin sonu\u00e7lar\u0131 belli oldu. 4-31 Aral\u0131k 2017 tarihleri aras\u0131nda a\u00e7\u0131k kalan ankete 1009 ki\u015fi kat\u0131ld\u0131. \u00a0 Birinci Soru: \"Kullanmakta Oldu\u011funuz DAW\" Anketin galibi 185 oy ile t\u00fcm oylar\u0131n %18.33'\u00fcn\u00fc alan Cubase (Steinberg) oldu. Onu hemen arkas\u0131ndan \u00e7ok az bir farkla Logic\u2026","rel":"","context":"In &quot;Ses ve M\u00fczik Teknolojileri&quot;","img":{"alt_text":"","src":"https:\/\/i0.wp.com\/www.ufukonen.com\/tr\/wp-content\/uploads\/2017_DAW_Anketi_1024x768.jpg?resize=350%2C200&ssl=1","width":350,"height":200},"classes":[]},{"id":6311,"url":"https:\/\/www.ufukonen.com\/tr\/2020-daw-anketi-sonuclari.html","url_meta":{"origin":8227,"position":5},"title":"2020 DAW Anketi Sonu\u00e7lar\u0131","date":"January 4, 2021","format":false,"excerpt":"Bu y\u0131l be\u015fincisini d\u00fczenledi\u011fim DAW anketinin sonu\u00e7lar\u0131 belli oldu! Bu sene birinci olan DAW sadece bir oy farkla (evet, do\u011fru okudunuz, sadece bir oy farkla) birinci oldu. Bu ilgin\u00e7 bir nokta. Bu y\u0131l sonu\u00e7lar\u0131 analiz ederken t\u00fcm oylar\u0131n yan\u0131 s\u0131ra ses teknolojileri ile profesyonel ve hobi olarak ilgilenen kat\u0131l\u0131mc\u0131lar\u0131n oylar\u0131n\u0131\u2026","rel":"","context":"In &quot;M\u00fczik Prod\u00fcksiyonu&quot;","img":{"alt_text":"","src":"https:\/\/i0.wp.com\/www.ufukonen.com\/tr\/wp-content\/uploads\/2019_DAW_Anketi_1280x853_rfs.jpg?resize=350%2C200&ssl=1","width":350,"height":200},"classes":[]}],"_links":{"self":[{"href":"https:\/\/www.ufukonen.com\/tr\/wp-json\/wp\/v2\/posts\/8227"}],"collection":[{"href":"https:\/\/www.ufukonen.com\/tr\/wp-json\/wp\/v2\/posts"}],"about":[{"href":"https:\/\/www.ufukonen.com\/tr\/wp-json\/wp\/v2\/types\/post"}],"author":[{"embeddable":true,"href":"https:\/\/www.ufukonen.com\/tr\/wp-json\/wp\/v2\/users\/2"}],"replies":[{"embeddable":true,"href":"https:\/\/www.ufukonen.com\/tr\/wp-json\/wp\/v2\/comments?post=8227"}],"version-history":[{"count":26,"href":"https:\/\/www.ufukonen.com\/tr\/wp-json\/wp\/v2\/posts\/8227\/revisions"}],"predecessor-version":[{"id":8263,"href":"https:\/\/www.ufukonen.com\/tr\/wp-json\/wp\/v2\/posts\/8227\/revisions\/8263"}],"wp:featuredmedia":[{"embeddable":true,"href":"https:\/\/www.ufukonen.com\/tr\/wp-json\/wp\/v2\/media\/8264"}],"wp:attachment":[{"href":"https:\/\/www.ufukonen.com\/tr\/wp-json\/wp\/v2\/media?parent=8227"}],"wp:term":[{"taxonomy":"category","embeddable":true,"href":"https:\/\/www.ufukonen.com\/tr\/wp-json\/wp\/v2\/categories?post=8227"},{"taxonomy":"post_tag","embeddable":true,"href":"https:\/\/www.ufukonen.com\/tr\/wp-json\/wp\/v2\/tags?post=8227"}],"curies":[{"name":"wp","href":"https:\/\/api.w.org\/{rel}","templated":true}]}}