{"id":8272,"date":"2024-02-05T01:00:00","date_gmt":"2024-02-04T22:00:00","guid":{"rendered":"https:\/\/www.ufukonen.com\/tr\/?p=8272"},"modified":"2024-02-04T20:30:38","modified_gmt":"2024-02-04T17:30:38","slug":"miks-referans-parca-karsilastirirken","status":"publish","type":"post","link":"https:\/\/www.ufukonen.com\/tr\/miks-referans-parca-karsilastirirken.html","title":{"rendered":"Miksinizi Referans Par\u00e7a \u0130le Kar\u015f\u0131la\u015ft\u0131r\u0131rken Dikkat Etmeniz Gereken 4 Nokta"},"content":{"rendered":"\n<p>Yapt\u0131\u011f\u0131m\u0131z miksi referans ald\u0131\u011f\u0131m\u0131z bir par\u00e7a ile kar\u015f\u0131la\u015ft\u0131rmak hepimizin s\u0131kl\u0131kla uygulad\u0131\u011f\u0131 bir y\u00f6ntem. Peki, bunu yaparken nelere dikkat etmeliyiz?<\/p>\n\n\n\n<p>Bu yaz\u0131mda miksinizi referans par\u00e7a ile kar\u015f\u0131la\u015ft\u0131r\u0131rken dikkat etmeniz gereken d\u00f6rt noktay\u0131 sizlerle payla\u015fmak istiyorum.<\/p>\n\n\n\n<div style=\"height:20px\" aria-hidden=\"true\" class=\"wp-block-spacer\"><\/div>\n\n\n\n<h3>1- Vokal<\/h3>\n\n\n\n<p>Amat\u00f6r ve profesyonel miksleri birbirlerinden ay\u0131ran en belirgin farklardan biri vokalin miksteki yeridir.<\/p>\n\n\n\n<p>Amat\u00f6r mikslerde vokal bazen &#8220;tam karar\u0131nda&#8221;, bazen miksin i\u00e7inde g\u00f6m\u00fclm\u00fc\u015f gitmi\u015f, di\u011fer zamanlarda da miksin i\u00e7inden f\u0131rlam\u0131\u015f gibi duyulur.<\/p>\n\n\n\n<p>Profesyonel mikslerde ise b\u00f6yle bir \u015fey olmaz. Vokal hep olmas\u0131 gereken yerdedir. Par\u00e7an\u0131n i\u00e7inde enstr\u00fcmanlar\u0131n seviyeleri de\u011fi\u015fiyor olabilir, d\u00fczenlemeye ba\u011fl\u0131 olarak farkl\u0131 enstr\u00fcmanlar girip \u00e7\u0131kabilir ya da bunun gibi bir\u00e7ok farkl\u0131l\u0131klar meydana gelebilir. Ne olursa olsun, profesyonel mikslerde vokal mutlaka yerini korur. Vokal her zaman par\u00e7an\u0131n i\u00e7ine oturur. Ne g\u00f6m\u00fcl\u00fcp gider, ne de miksten d\u0131\u015far\u0131 f\u0131rlar.<\/p>\n\n\n\n<p>Miksinizi referans par\u00e7a ile kar\u015f\u0131la\u015ft\u0131r\u0131rken dikkat etmeniz gereken ilk nokta vokaldir.<\/p>\n\n\n\n<p>Vokal miksi konusunda a\u015fa\u011f\u0131da listeledi\u011fim makalelerimden yard\u0131m alabilirsiniz:<\/p>\n\n\n\n<figure class=\"wp-block-image size-large\"><a href=\"https:\/\/www.ufukonen.com\/tr\/vokali-miksin-icine-nasil-oturtabiliriz.html\" target=\"_blank\" rel=\"noopener\"><img loading=\"lazy\" width=\"1024\" height=\"576\" src=\"https:\/\/www.ufukonen.com\/tr\/wp-content\/uploads\/Vokali_Miksin_Icine_Nasil_Oturtabiliriz_00_Header-2-1024x576.jpg\" alt=\"\" class=\"wp-image-7746\" srcset=\"https:\/\/www.ufukonen.com\/tr\/wp-content\/uploads\/Vokali_Miksin_Icine_Nasil_Oturtabiliriz_00_Header-2-1024x576.jpg 1024w, https:\/\/www.ufukonen.com\/tr\/wp-content\/uploads\/Vokali_Miksin_Icine_Nasil_Oturtabiliriz_00_Header-2-300x169.jpg 300w, https:\/\/www.ufukonen.com\/tr\/wp-content\/uploads\/Vokali_Miksin_Icine_Nasil_Oturtabiliriz_00_Header-2-768x432.jpg 768w, https:\/\/www.ufukonen.com\/tr\/wp-content\/uploads\/Vokali_Miksin_Icine_Nasil_Oturtabiliriz_00_Header-2-1536x864.jpg 1536w, https:\/\/www.ufukonen.com\/tr\/wp-content\/uploads\/Vokali_Miksin_Icine_Nasil_Oturtabiliriz_00_Header-2-1140x641.jpg 1140w, https:\/\/www.ufukonen.com\/tr\/wp-content\/uploads\/Vokali_Miksin_Icine_Nasil_Oturtabiliriz_00_Header-2-552x311.jpg 552w, https:\/\/www.ufukonen.com\/tr\/wp-content\/uploads\/Vokali_Miksin_Icine_Nasil_Oturtabiliriz_00_Header-2.jpg 1920w\" sizes=\"(max-width: 1024px) 100vw, 1024px\" \/><\/a><figcaption><strong><a href=\"https:\/\/www.ufukonen.com\/tr\/vokali-miksin-icine-nasil-oturtabiliriz.html\" data-type=\"post\" data-id=\"7735\" target=\"_blank\" rel=\"noreferrer noopener\">Vokali Miksin \u0130\u00e7ine Nas\u0131l Oturtabiliriz?<\/a><\/strong><\/figcaption><\/figure>\n\n\n\n<figure class=\"wp-block-image size-large\"><a href=\"https:\/\/www.ufukonen.com\/tr\/mikste-vokali-one-cikartmak.html\" target=\"_blank\" rel=\"noopener\"><img loading=\"lazy\" width=\"1024\" height=\"576\" src=\"https:\/\/www.ufukonen.com\/tr\/wp-content\/uploads\/Mikste_Vokali_One_Cikartmak_00_Header-1024x576.jpg\" alt=\"\" class=\"wp-image-6357\" srcset=\"https:\/\/www.ufukonen.com\/tr\/wp-content\/uploads\/Mikste_Vokali_One_Cikartmak_00_Header-1024x576.jpg 1024w, https:\/\/www.ufukonen.com\/tr\/wp-content\/uploads\/Mikste_Vokali_One_Cikartmak_00_Header-300x169.jpg 300w, https:\/\/www.ufukonen.com\/tr\/wp-content\/uploads\/Mikste_Vokali_One_Cikartmak_00_Header-768x432.jpg 768w, https:\/\/www.ufukonen.com\/tr\/wp-content\/uploads\/Mikste_Vokali_One_Cikartmak_00_Header-1536x864.jpg 1536w, https:\/\/www.ufukonen.com\/tr\/wp-content\/uploads\/Mikste_Vokali_One_Cikartmak_00_Header-1140x641.jpg 1140w, https:\/\/www.ufukonen.com\/tr\/wp-content\/uploads\/Mikste_Vokali_One_Cikartmak_00_Header-552x311.jpg 552w, https:\/\/www.ufukonen.com\/tr\/wp-content\/uploads\/Mikste_Vokali_One_Cikartmak_00_Header.jpg 1920w\" sizes=\"(max-width: 1024px) 100vw, 1024px\" \/><\/a><figcaption><strong><a href=\"https:\/\/www.ufukonen.com\/tr\/mikste-vokali-one-cikartmak.html\" data-type=\"post\" data-id=\"6345\" target=\"_blank\" rel=\"noreferrer noopener\">Mikste Vokali \u00d6ne \u00c7\u0131kartmak \u0130\u00e7in Bir Teknik<\/a><\/strong><\/figcaption><\/figure>\n\n\n\n<figure class=\"wp-block-image size-large\"><a href=\"https:\/\/www.ufukonen.com\/tr\/vokal-hava-parlaklik.html\" target=\"_blank\" rel=\"noopener\"><img loading=\"lazy\" width=\"1024\" height=\"576\" src=\"https:\/\/www.ufukonen.com\/tr\/wp-content\/uploads\/Vokal_Hava_Parlaklik_00_Header-1024x576.jpg\" alt=\"\" class=\"wp-image-7528\" srcset=\"https:\/\/www.ufukonen.com\/tr\/wp-content\/uploads\/Vokal_Hava_Parlaklik_00_Header-1024x576.jpg 1024w, https:\/\/www.ufukonen.com\/tr\/wp-content\/uploads\/Vokal_Hava_Parlaklik_00_Header-300x169.jpg 300w, https:\/\/www.ufukonen.com\/tr\/wp-content\/uploads\/Vokal_Hava_Parlaklik_00_Header-768x432.jpg 768w, https:\/\/www.ufukonen.com\/tr\/wp-content\/uploads\/Vokal_Hava_Parlaklik_00_Header-1536x864.jpg 1536w, https:\/\/www.ufukonen.com\/tr\/wp-content\/uploads\/Vokal_Hava_Parlaklik_00_Header-1140x641.jpg 1140w, https:\/\/www.ufukonen.com\/tr\/wp-content\/uploads\/Vokal_Hava_Parlaklik_00_Header-552x311.jpg 552w, https:\/\/www.ufukonen.com\/tr\/wp-content\/uploads\/Vokal_Hava_Parlaklik_00_Header.jpg 1920w\" sizes=\"(max-width: 1024px) 100vw, 1024px\" \/><\/a><figcaption><strong><a href=\"https:\/\/www.ufukonen.com\/tr\/vokal-hava-parlaklik.html\" data-type=\"post\" data-id=\"7515\" target=\"_blank\" rel=\"noreferrer noopener\">Vokale \u201cHava\u201d ve \u201cParlakl\u0131k\u201d Katmak \u0130\u00e7in Bir Teknik<\/a><\/strong><\/figcaption><\/figure>\n\n\n\n<figure class=\"wp-block-image size-large\"><a href=\"https:\/\/www.ufukonen.com\/tr\/vokal-miksi-rehber-1.html\" target=\"_blank\" rel=\"noopener\"><img loading=\"lazy\" width=\"1024\" height=\"576\" src=\"https:\/\/www.ufukonen.com\/tr\/wp-content\/uploads\/Vokal_Miksi_Mini_Rehber_00_Header-1024x576.jpg\" alt=\"\" class=\"wp-image-6449\" srcset=\"https:\/\/www.ufukonen.com\/tr\/wp-content\/uploads\/Vokal_Miksi_Mini_Rehber_00_Header-1024x576.jpg 1024w, https:\/\/www.ufukonen.com\/tr\/wp-content\/uploads\/Vokal_Miksi_Mini_Rehber_00_Header-300x169.jpg 300w, https:\/\/www.ufukonen.com\/tr\/wp-content\/uploads\/Vokal_Miksi_Mini_Rehber_00_Header-768x432.jpg 768w, https:\/\/www.ufukonen.com\/tr\/wp-content\/uploads\/Vokal_Miksi_Mini_Rehber_00_Header-1536x864.jpg 1536w, https:\/\/www.ufukonen.com\/tr\/wp-content\/uploads\/Vokal_Miksi_Mini_Rehber_00_Header-1140x641.jpg 1140w, https:\/\/www.ufukonen.com\/tr\/wp-content\/uploads\/Vokal_Miksi_Mini_Rehber_00_Header-552x311.jpg 552w, https:\/\/www.ufukonen.com\/tr\/wp-content\/uploads\/Vokal_Miksi_Mini_Rehber_00_Header.jpg 1920w\" sizes=\"(max-width: 1024px) 100vw, 1024px\" \/><\/a><figcaption><strong><a href=\"https:\/\/www.ufukonen.com\/tr\/vokal-miksi-rehber-1.html\" data-type=\"post\" data-id=\"6445\" target=\"_blank\" rel=\"noreferrer noopener\">Vokal Miksi i\u00e7in Mini Rehber<\/a><\/strong><\/figcaption><\/figure>\n\n\n\n<div style=\"height:20px\" aria-hidden=\"true\" class=\"wp-block-spacer\"><\/div>\n\n\n\n<h3>2- Frekans Dengeleri<\/h3>\n\n\n\n<p>Kar\u015f\u0131la\u015ft\u0131rma yaparken ikinci nokta, frekans dengeleridir. &#8220;Dengesi&#8221; de\u011fil de &#8220;dengeleri&#8221; diyorum \u00e7\u00fcnk\u00fc kar\u015f\u0131la\u015ft\u0131rma yapmak i\u00e7in miksi frekans olarak en az \u00fc\u00e7 aral\u0131\u011fa b\u00f6lmemiz gerekiyor: Alt, orta ve \u00fcst.<\/p>\n\n\n\n<p>Miks yaparken genellikle alt ve \u00fcst frekans aral\u0131klar\u0131 \u00fczerinde duruldu\u011funu g\u00f6r\u00fcyorum ama bence bu yanl\u0131\u015f yakla\u015f\u0131m. Alt frekans ve \u00fcst frekans dengeleri, di\u011fer bir deyi\u015fle bas ve tiz dengeleri, elbette \u00e7ok \u00f6nemli. Di\u011fer yandan \u015funu da unutmamak gerekiyor: Bir par\u00e7an\u0131n ses olarak tan\u0131m\u0131n\u0131 sa\u011flayan aral\u0131k, orta frekans aral\u0131\u011f\u0131d\u0131r. Bu aral\u0131\u011f\u0131n di\u011fer bir \u00f6nemi de vokalin a\u011f\u0131rl\u0131kl\u0131 olarak bu alanda yer almas\u0131d\u0131r. Uzun laf\u0131n k\u0131sas\u0131, baslar ve tizler ne kadar \u00f6nemliyse &#8220;mid&#8221;ler de o kadar \u00f6nemlidir.<\/p>\n\n\n\n<p>Kar\u015f\u0131la\u015ft\u0131rma yaparken alt, orta ve \u00fcst frekans aral\u0131klar\u0131 i\u00e7in ayr\u0131 ayr\u0131 olacak \u015fekilde kendinize \u015fu sorular\u0131 sorabilirsiniz:<\/p>\n\n\n\n<ul><li>Yapt\u0131\u011f\u0131m miksteki alt \/ orta \/ \u00fcst frekans dengesi ile referans par\u00e7adaki alt \/orta \/ \u00fcst frekans dengesi birbirlerine benziyor mu? Aralar\u0131nda \u00e7ok belirgin farklar var m\u0131? Varsa, bu farklar\u0131n sebepleri neler?<\/li><li>Yapt\u0131\u011f\u0131m miksteki alt \/ orta \/ \u00fcst frekans aral\u0131klar\u0131nda hangi enstr\u00fcmanlar hakim? Referans par\u00e7as\u0131ndaki alt \/ orta \/ \u00fcst frekans aral\u0131klar\u0131nda hangi enstr\u00fcmanlar hakim? Arada farkl\u0131l\u0131klar var m\u0131? Varsa bu farkl\u0131l\u0131klar miksi genel olarak nas\u0131l etkiliyor?<\/li><\/ul>\n\n\n\n<p>Konu ile ilgili olarak a\u015fa\u011f\u0131da listeledi\u011fim makalelerimi okuyabilirsiniz:<\/p>\n\n\n\n<figure class=\"wp-block-image size-large\"><a href=\"https:\/\/www.ufukonen.com\/tr\/miks-alt-frekans-dengesi-tavsiyeler.html\" target=\"_blank\" rel=\"noopener\"><img loading=\"lazy\" width=\"1024\" height=\"576\" src=\"https:\/\/www.ufukonen.com\/tr\/wp-content\/uploads\/Miks_Alt_Frekans_Dengesi_Tavsiyeler_00_Header-1024x576.jpg\" alt=\"\" class=\"wp-image-6880\" srcset=\"https:\/\/www.ufukonen.com\/tr\/wp-content\/uploads\/Miks_Alt_Frekans_Dengesi_Tavsiyeler_00_Header-1024x576.jpg 1024w, https:\/\/www.ufukonen.com\/tr\/wp-content\/uploads\/Miks_Alt_Frekans_Dengesi_Tavsiyeler_00_Header-300x169.jpg 300w, https:\/\/www.ufukonen.com\/tr\/wp-content\/uploads\/Miks_Alt_Frekans_Dengesi_Tavsiyeler_00_Header-768x432.jpg 768w, https:\/\/www.ufukonen.com\/tr\/wp-content\/uploads\/Miks_Alt_Frekans_Dengesi_Tavsiyeler_00_Header-1536x864.jpg 1536w, https:\/\/www.ufukonen.com\/tr\/wp-content\/uploads\/Miks_Alt_Frekans_Dengesi_Tavsiyeler_00_Header-1140x641.jpg 1140w, https:\/\/www.ufukonen.com\/tr\/wp-content\/uploads\/Miks_Alt_Frekans_Dengesi_Tavsiyeler_00_Header-552x311.jpg 552w, https:\/\/www.ufukonen.com\/tr\/wp-content\/uploads\/Miks_Alt_Frekans_Dengesi_Tavsiyeler_00_Header.jpg 1920w\" sizes=\"(max-width: 1024px) 100vw, 1024px\" \/><\/a><figcaption><strong><a href=\"https:\/\/www.ufukonen.com\/tr\/miks-alt-frekans-dengesi-tavsiyeler.html\" data-type=\"post\" data-id=\"6869\" target=\"_blank\" rel=\"noreferrer noopener\">Mikste Sa\u011flam Bir Alt Frekans Dengesi Yakalamak \u0130\u00e7in Tavsiyeler<\/a><\/strong><\/figcaption><\/figure>\n\n\n\n<figure class=\"wp-block-image size-large\"><a href=\"https:\/\/www.ufukonen.com\/tr\/mikste-frekans-cakismasi.html\" target=\"_blank\" rel=\"noopener\"><img loading=\"lazy\" width=\"1024\" height=\"576\" src=\"https:\/\/www.ufukonen.com\/tr\/wp-content\/uploads\/Mikste_Frekans_Cakismasi_00_Header-1024x576.jpg\" alt=\"\" class=\"wp-image-7874\" srcset=\"https:\/\/www.ufukonen.com\/tr\/wp-content\/uploads\/Mikste_Frekans_Cakismasi_00_Header-1024x576.jpg 1024w, https:\/\/www.ufukonen.com\/tr\/wp-content\/uploads\/Mikste_Frekans_Cakismasi_00_Header-300x169.jpg 300w, https:\/\/www.ufukonen.com\/tr\/wp-content\/uploads\/Mikste_Frekans_Cakismasi_00_Header-768x432.jpg 768w, https:\/\/www.ufukonen.com\/tr\/wp-content\/uploads\/Mikste_Frekans_Cakismasi_00_Header-1536x864.jpg 1536w, https:\/\/www.ufukonen.com\/tr\/wp-content\/uploads\/Mikste_Frekans_Cakismasi_00_Header-1140x641.jpg 1140w, https:\/\/www.ufukonen.com\/tr\/wp-content\/uploads\/Mikste_Frekans_Cakismasi_00_Header-552x311.jpg 552w, https:\/\/www.ufukonen.com\/tr\/wp-content\/uploads\/Mikste_Frekans_Cakismasi_00_Header.jpg 1920w\" sizes=\"(max-width: 1024px) 100vw, 1024px\" \/><\/a><figcaption><strong><a href=\"https:\/\/www.ufukonen.com\/tr\/mikste-frekans-cakismasi.html\" data-type=\"post\" data-id=\"7866\" target=\"_blank\" rel=\"noreferrer noopener\">Mikste Frekans \u00c7ak\u0131\u015fmalar\u0131n\u0131 \u00d6nlemenin 8 Yolu<\/a><\/strong><\/figcaption><\/figure>\n\n\n\n<p>ISOL8 adl\u0131 \u00fccretsiz plug-in\u2019i kullanarak istedi\u011finiz bir frekans aral\u0131\u011f\u0131n\u0131 solo olarak dinleyebilirsiniz. ISOL8, sinyali LF (Low Frequency), LMF (Low Mid Frequency), MF (Mid Frequency), HMF (High Mid Frequency) ve HF (High Frequency) olarak be\u015f frekans aral\u0131\u011f\u0131na b\u00f6l\u00fcyor. \u0130ndirme linki i\u00e7in\u00a0<a rel=\"noreferrer noopener\" href=\"https:\/\/www.ufukonen.com\/tr\/ucretsiz-pluginler-13.html\" data-type=\"post\" data-id=\"3851\" target=\"_blank\">buraya t\u0131klay\u0131n<\/a>.<\/p>\n\n\n\n<figure class=\"wp-block-image size-full\"><a href=\"https:\/\/www.ufukonen.com\/tr\/ucretsiz-pluginler-13.html\" target=\"_blank\" rel=\"noopener\"><img loading=\"lazy\" width=\"994\" height=\"940\" src=\"https:\/\/www.ufukonen.com\/tr\/wp-content\/uploads\/TBProAudio_ISOL8.jpg\" alt=\"\" class=\"wp-image-3854\" srcset=\"https:\/\/www.ufukonen.com\/tr\/wp-content\/uploads\/TBProAudio_ISOL8.jpg 994w, https:\/\/www.ufukonen.com\/tr\/wp-content\/uploads\/TBProAudio_ISOL8-300x284.jpg 300w, https:\/\/www.ufukonen.com\/tr\/wp-content\/uploads\/TBProAudio_ISOL8-768x726.jpg 768w\" sizes=\"(max-width: 994px) 100vw, 994px\" \/><\/a><\/figure>\n\n\n\n<div style=\"height:20px\" aria-hidden=\"true\" class=\"wp-block-spacer\"><\/div>\n\n\n\n<h3>3- Reverb Kullan\u0131m\u0131<\/h3>\n\n\n\n<p>Miksinizi referans par\u00e7a ile kar\u015f\u0131la\u015ft\u0131r\u0131rken dikkat etmeniz gereken di\u011fer bir nokta da reverb kullan\u0131m\u0131d\u0131r.<\/p>\n\n\n\n<p>Reverb kullan\u0131m\u0131 \u00fc\u00e7 sebepten dolay\u0131 \u00f6nemlidir. Birincisi, \u00fczerinde \u00e7al\u0131\u015ft\u0131\u011f\u0131n\u0131z par\u00e7an\u0131n t\u00fcr\u00fcn\u00fcn (janr\u0131n) estetik beklentilerini kar\u015f\u0131lamak ad\u0131na. \u0130kincisi, mikste derinlik sa\u011flamak a\u00e7\u0131s\u0131ndan. \u00dc\u00e7\u00fcnc\u00fcs\u00fc de, baz\u0131 sesleri ayn\u0131 mekanda toplamak amac\u0131yla.<\/p>\n\n\n\n<p>M\u00fczik t\u00fcrlerinin oturmu\u015f estetik de\u011ferleri oluyor. Par\u00e7an\u0131n prod\u00fcksiyonunu yaparken ister istemez bu de\u011ferleri dikkate almak gerekiyor. Bu de\u011ferler ve beklentiler y\u0131llar i\u00e7inde farkl\u0131l\u0131klar g\u00f6sterebiliyor. \u00d6rnek olarak 80&#8217;li y\u0131llarda pop ve rock par\u00e7alar\u0131nda rahatl\u0131kla duyulan kocaman reverb&#8217;ler kullan\u0131l\u0131rd\u0131. Daha sonralar\u0131 bu kocaman reverb&#8217;ler, yerini daha az duyulan, miksin i\u00e7ine iyice yedirilmi\u015f daha k\u00fc\u00e7\u00fck reverb&#8217;lere b\u0131rakt\u0131.<\/p>\n\n\n\n<p>Reverb, yukar\u0131da da belirtti\u011fim gibi, par\u00e7adaki derinlik hissiyat\u0131 a\u00e7\u0131s\u0131ndan da \u00e7ok \u00f6nemli. Reverb sayesinde bir sesi veya enstr\u00fcman\u0131 mikste biraz daha \u00f6ne veya geriye yerle\u015ftirmek m\u00fcmk\u00fcn. Buna ek olarak reverb ile bir sese kendine has bir alan a\u00e7mak ya da hacim katmak da olas\u0131.<\/p>\n\n\n\n<p>Miks s\u0131ras\u0131nda bazen farkl\u0131 seslerin ayn\u0131 odan\u0131n i\u00e7inde ve yan yanaym\u0131\u015f gibi duyulmas\u0131 isteriz. Bunu elde etmek i\u00e7in de s\u0131kl\u0131kla kullan\u0131lan y\u00f6ntemlerden biri bu sesleri \u2018send\u2019 yoluyla ayn\u0131 reverb \u00fcnitesine g\u00f6ndermek. Bu sayede farkl\u0131 sesleri ayn\u0131 akustik alan i\u00e7inde toplam\u0131\u015f oluyoruz.<\/p>\n\n\n\n<p>Miksinizi referans par\u00e7a ile kar\u015f\u0131la\u015ft\u0131r\u0131rken \u015fu sorular\u0131 sorabilirsiniz:<\/p>\n\n\n\n<ul><li>Miksteki reverb kullan\u0131m\u0131m referans par\u00e7ada oldu\u011fu gibi estetik a\u00e7\u0131dan m\u00fczik t\u00fcr\u00fcn\u00fcn olarak beklentilerini kar\u015f\u0131l\u0131yor mu?<\/li><li>Miksteki reverb kullan\u0131m\u0131m referans par\u00e7adaki derinlik hissiyat\u0131na benzer veya yak\u0131n bir hissiyat yarat\u0131yor mu?<\/li><\/ul>\n\n\n\n<figure class=\"wp-block-image size-large\"><a href=\"https:\/\/www.ufukonen.com\/tr\/muzik-produksiyonlarinda-reverb-kullanimi.html\" target=\"_blank\" rel=\"noopener\"><img loading=\"lazy\" width=\"1024\" height=\"576\" src=\"https:\/\/www.ufukonen.com\/tr\/wp-content\/uploads\/Muzik_Produksiyonlarinda_Reverb-1024x576.jpg\" alt=\"\" class=\"wp-image-3647\" srcset=\"https:\/\/www.ufukonen.com\/tr\/wp-content\/uploads\/Muzik_Produksiyonlarinda_Reverb-1024x576.jpg 1024w, https:\/\/www.ufukonen.com\/tr\/wp-content\/uploads\/Muzik_Produksiyonlarinda_Reverb-300x169.jpg 300w, https:\/\/www.ufukonen.com\/tr\/wp-content\/uploads\/Muzik_Produksiyonlarinda_Reverb-768x432.jpg 768w, https:\/\/www.ufukonen.com\/tr\/wp-content\/uploads\/Muzik_Produksiyonlarinda_Reverb.jpg 1920w\" sizes=\"(max-width: 1024px) 100vw, 1024px\" \/><\/a><figcaption><strong><a href=\"https:\/\/www.ufukonen.com\/tr\/muzik-produksiyonlarinda-reverb-kullanimi.html\" data-type=\"post\" data-id=\"3637\" target=\"_blank\" rel=\"noreferrer noopener\">M\u00fczik Prod\u00fcksiyonlar\u0131nda Reverb Kullan\u0131m\u0131<\/a><\/strong><\/figcaption><\/figure>\n\n\n\n<div style=\"height:20px\" aria-hidden=\"true\" class=\"wp-block-spacer\"><\/div>\n\n\n\n<h3>4- Stereo Da\u011f\u0131l\u0131m<\/h3>\n\n\n\n<p>Amat\u00f6r ve profesyonel miksleri birbirlerinden ay\u0131ran di\u011fer bir nokta ise stereo da\u011f\u0131l\u0131md\u0131r.<\/p>\n\n\n\n<p>Mikse yeni ba\u015flayanlar\u0131n \u00e7o\u011fu, sesleri stereo panorama i\u00e7inde da\u011f\u0131tman\u0131n EQ veya kompres\u00f6r kullanmak kadar etkili bir y\u00f6ntem oldu\u011funu fark edemiyorlar. Profesyonel mikslerde o hayran olunan geni\u015flik hissiyat\u0131, b\u00fcy\u00fck \u00f6l\u00e7\u00fcde, enstr\u00fcmanlar\u0131n ve efektlerinin stereo panorama i\u00e7indeki da\u011f\u0131l\u0131mlar\u0131 ile elde ediliyor. Bu sebepten dolay\u0131 miksinizi referans par\u00e7a ile kar\u015f\u0131la\u015ft\u0131r\u0131rken mutlaka stereo da\u011f\u0131l\u0131ma da dikkat etmelisiniz.<\/p>\n\n\n\n<p>Referans miksini stereo olarak dinlerken aralarda mono dinlemeye ge\u00e7in. Stereo &#8211; mono aras\u0131nda gidip gelin. Arada ne gibi farklar oluyor. Monoya ald\u0131\u011f\u0131n\u0131da geni\u015flik ne kadar etkileniyor?<\/p>\n\n\n\n<p>Sonra kendi miksinizi stereo olarak dinlerken aralarda mono dinlemeye ge\u00e7in. Referans par\u00e7as\u0131nda yapt\u0131\u011f\u0131n\u0131z gibi stereo &#8211; mono aras\u0131nda gidip gelin. Monoya ald\u0131\u011f\u0131n\u0131zda geni\u015flik ne kadar etkileniyor? Referans par\u00e7as\u0131ndaki etkiye yak\u0131n bir etki oluyor mu?<\/p>\n\n\n\n<p>E\u011fer monoya ald\u0131\u011f\u0131n\u0131zda geni\u015flik ve stereo da\u011f\u0131l\u0131m a\u00e7\u0131s\u0131ndan duyulabilen bir fark olmuyorsa bu, sizin stereo da\u011f\u0131l\u0131m\u0131 ba\u015far\u0131l\u0131 bir \u015fekilde yapamad\u0131\u011f\u0131n\u0131z\u0131 g\u00f6sterir. Bu durumda miks en az\u0131ndan bu a\u00e7\u0131dan tekrar masaya yat\u0131rmak isabetli bir karar olacakt\u0131r.<\/p>\n\n\n\n<p>\u00d6nemli bir nokta: Burada bahsetti\u011fim geni\u015fli\u011fin daralmas\u0131 ile faz kayb\u0131 \/ faz \u00e7ak\u0131\u015fmas\u0131 ayn\u0131 \u015feyler de\u011fil! Mono dinleme ve faz \u00e7al\u0131\u015fmas\u0131 ile ilgili olarak a\u015fa\u011f\u0131da listeledi\u011fim makalelerimi okuyabilirsiniz:<\/p>\n\n\n\n<figure class=\"wp-block-image size-large\"><a href=\"https:\/\/www.ufukonen.com\/tr\/mono-uyumluluk-kontrol.html\" target=\"_blank\" rel=\"noopener\"><img loading=\"lazy\" width=\"1024\" height=\"576\" src=\"https:\/\/www.ufukonen.com\/tr\/wp-content\/uploads\/Mono_Uyumlulugu_720-1024x576.jpg\" alt=\"\" class=\"wp-image-5045\" srcset=\"https:\/\/www.ufukonen.com\/tr\/wp-content\/uploads\/Mono_Uyumlulugu_720-1024x576.jpg 1024w, https:\/\/www.ufukonen.com\/tr\/wp-content\/uploads\/Mono_Uyumlulugu_720-300x169.jpg 300w, https:\/\/www.ufukonen.com\/tr\/wp-content\/uploads\/Mono_Uyumlulugu_720-768x432.jpg 768w, https:\/\/www.ufukonen.com\/tr\/wp-content\/uploads\/Mono_Uyumlulugu_720.jpg 1280w\" sizes=\"(max-width: 1024px) 100vw, 1024px\" \/><\/a><figcaption><strong><a href=\"https:\/\/www.ufukonen.com\/tr\/mono-uyumluluk-kontrol.html\" data-type=\"post\" data-id=\"5068\" target=\"_blank\" rel=\"noreferrer noopener\">Mono Uyumlulu\u011funu Nas\u0131l Kontrol Ederiz?<\/a><\/strong><\/figcaption><\/figure>\n\n\n\n<figure class=\"wp-block-image size-large\"><a href=\"https:\/\/www.ufukonen.com\/tr\/faz-kaymasi-cakismasi-nedir.html\" target=\"_blank\" rel=\"noopener\"><img loading=\"lazy\" width=\"1024\" height=\"576\" src=\"https:\/\/www.ufukonen.com\/tr\/wp-content\/uploads\/Faz_Kaymasi_720-1024x576.jpg\" alt=\"\" class=\"wp-image-5122\" srcset=\"https:\/\/www.ufukonen.com\/tr\/wp-content\/uploads\/Faz_Kaymasi_720-1024x576.jpg 1024w, https:\/\/www.ufukonen.com\/tr\/wp-content\/uploads\/Faz_Kaymasi_720-300x169.jpg 300w, https:\/\/www.ufukonen.com\/tr\/wp-content\/uploads\/Faz_Kaymasi_720-768x432.jpg 768w, https:\/\/www.ufukonen.com\/tr\/wp-content\/uploads\/Faz_Kaymasi_720.jpg 1280w\" sizes=\"(max-width: 1024px) 100vw, 1024px\" \/><\/a><figcaption><strong><a href=\"https:\/\/www.ufukonen.com\/tr\/faz-kaymasi-cakismasi-nedir.html\" data-type=\"post\" data-id=\"5112\" target=\"_blank\" rel=\"noreferrer noopener\">Faz Kaymas\u0131 \/ \u00c7ak\u0131\u015fmas\u0131 Nedir ve Nas\u0131l Duyulur?<\/a><\/strong><\/figcaption><\/figure>\n\n\n\n<div style=\"height:20px\" aria-hidden=\"true\" class=\"wp-block-spacer\"><\/div>\n\n\n\n<h3>Sonu\u00e7<\/h3>\n\n\n\n<p>Vokalin miksteki yeri, frekans dengeleri, reverb kullan\u0131m\u0131 ve stereo da\u011f\u0131l\u0131m amat\u00f6r ve profesyonel miksleri birbirlerinden ay\u0131ran en belirgin noktalard\u0131r. Miksinizi referans ald\u0131\u011f\u0131n\u0131z bir par\u00e7a ile bu konular\u0131n \u00fczerinde durarak kar\u015f\u0131la\u015ft\u0131r\u0131r ve gerekli g\u00f6rd\u00fc\u011f\u00fcn\u00fcz yerlerde miksiniz \u00fczerinde de\u011fi\u015fiklikler yaparsan\u0131z, elde edece\u011finiz sonu\u00e7 \u00e7ok daha ba\u015far\u0131l\u0131 olacakt\u0131r.<\/p>\n\n\n\n<div style=\"height:50px\" aria-hidden=\"true\" class=\"wp-block-spacer\"><\/div>\n\n\n\n<p>Teknik terimler i\u00e7in <a href=\"http:\/\/www.ufukonen.com\/tr\/ses-kayit-muzik-teknolojisi-terimler-sozluk.html\">m\u00fczik teknolojisi, m\u00fczik prod\u00fcksiyonu ve ses kay\u0131t terimleri s\u00f6zl\u00fc\u011f\u00fcne<\/a> g\u00f6z atabilirsiniz.<\/p>\n\n\n\n<p>Benzer payla\u015f\u0131mlar i\u00e7in beni <a rel=\"noreferrer noopener\" href=\"https:\/\/www.facebook.com\/ufukonen.skmt\/\" target=\"_blank\">Facebook<\/a>, <a href=\"https:\/\/www.instagram.com\/ufukonen\/\" target=\"_blank\" rel=\"noreferrer noopener\" aria-label=\"Instagram (opens in a new tab)\">Instagram<\/a> ve <a rel=\"noreferrer noopener\" href=\"https:\/\/twitter.com\/UfukOnen\" target=\"_blank\">Twitter<\/a>&#8216;da takip edebilir, haberler i\u00e7in <a rel=\"noreferrer noopener\" href=\"http:\/\/ufukonen.com\/tr\/ses-kayit-muzik-teknolojisi-terimler-sozluk.html\" target=\"_blank\">mesaj listeme \u00fcye olabilirsiniz<\/a>. Te\u015fekk\u00fcrler.<\/p>\n\n\n\n<p>\u00a9 2024 Ufuk \u00d6nen. Her hakk\u0131 sakl\u0131d\u0131r. \u0130zinsiz kullan\u0131lamaz.<\/p>\n","protected":false},"excerpt":{"rendered":"<p class=\"post-excerpt\">Yapt\u0131\u011f\u0131m\u0131z miksi referans ald\u0131\u011f\u0131m\u0131z bir par\u00e7a ile kar\u015f\u0131la\u015ft\u0131rmak hepimizin s\u0131kl\u0131kla uygulad\u0131\u011f\u0131 bir y\u00f6ntem. Peki, bunu yaparken nelere dikkat etmeliyiz? Bu&#8230;<\/p>\n","protected":false},"author":2,"featured_media":8275,"comment_status":"closed","ping_status":"open","sticky":true,"template":"","format":"standard","meta":{"_mi_skip_tracking":false,"spay_email":"","jetpack_publicize_message":"","jetpack_is_tweetstorm":false,"jetpack_publicize_feature_enabled":true},"categories":[16],"tags":[],"jetpack_featured_media_url":"https:\/\/www.ufukonen.com\/tr\/wp-content\/uploads\/Miks_Referans_Parca_Karsilastirirken_00_Header.jpg","jetpack_publicize_connections":[],"jetpack_shortlink":"https:\/\/wp.me\/p3rjsG-29q","jetpack_sharing_enabled":true,"jetpack-related-posts":[{"id":4974,"url":"https:\/\/www.ufukonen.com\/tr\/mikste-referans-parca-kullanimi.html","url_meta":{"origin":8272,"position":0},"title":"Mikste Referans Par\u00e7a Kullan\u0131m\u0131","date":"August 19, 2019","format":false,"excerpt":"Miks s\u0131ras\u0131nda yapt\u0131\u011f\u0131m\u0131z i\u015fi, kalitesinden emin oldu\u011fumuz bir prod\u00fcksiyon ile k\u0131yaslamak amac\u0131yla kulland\u0131\u011f\u0131m\u0131z par\u00e7alara referans par\u00e7a ad\u0131 veriliyor. Baz\u0131lar\u0131 referans par\u00e7alar\u0131 sadece amat\u00f6rlerin ya da i\u015fe yeni ba\u015flayan miks m\u00fchendislerinin kulland\u0131\u011f\u0131n\u0131 d\u00fc\u015f\u00fcn\u00fcyor, ancak bu do\u011fru de\u011fil. Referans par\u00e7alar deneyimli miks m\u00fchendisleri taraf\u0131ndan da s\u0131kl\u0131kla kullan\u0131l\u0131yor. Referans par\u00e7a kullan\u0131m\u0131 \u00e7al\u0131\u015fmakta oldu\u011funuz\u2026","rel":"","context":"In &quot;M\u00fczik Prod\u00fcksiyonu&quot;","img":{"alt_text":"","src":"https:\/\/i0.wp.com\/www.ufukonen.com\/tr\/wp-content\/uploads\/Mikste_Referans_Parca_Kullanimi_720.jpg?resize=350%2C200&ssl=1","width":350,"height":200},"classes":[]},{"id":8522,"url":"https:\/\/www.ufukonen.com\/tr\/vokalde-eq-kullanimi.html","url_meta":{"origin":8272,"position":1},"title":"Vokalde EQ Kullan\u0131m\u0131: Modern, Profesyonel ve Temiz Bir Ses \u0130\u00e7in \u0130pu\u00e7lar\u0131","date":"April 23, 2025","format":false,"excerpt":"Bana en \u00e7ok sorulan sorulardan biri \u015fu: \"Vokal i\u00e7in EQ ayarlar\u0131n\u0131 nas\u0131l yapmal\u0131y\u0131m?\" Hangi frekanslar\u0131 se\u00e7meli, ne kadar a\u00e7mal\u0131, ne kadar azaltmal\u0131... A\u00e7\u0131k\u00e7as\u0131 m\u00fczik prod\u00fcksiyonuna ilk ba\u015flad\u0131\u011f\u0131mda benim de en \u00e7ok merak etti\u011fim konulardan biri buydu...\u00a0 Benim m\u00fczik prod\u00fcksiyonuna ba\u015flad\u0131\u011f\u0131m zaman internet yoktu. Evet, baya\u011f\u0131 uzun bir zaman \u00f6ncesinden bahsediyoruz!\u2026","rel":"","context":"In &quot;M\u00fczik Prod\u00fcksiyonu&quot;","img":{"alt_text":"","src":"https:\/\/i0.wp.com\/www.ufukonen.com\/tr\/wp-content\/uploads\/Vokalde_EQ_Kullanimi_00_Header.jpg?resize=350%2C200&ssl=1","width":350,"height":200},"classes":[]},{"id":6345,"url":"https:\/\/www.ufukonen.com\/tr\/mikste-vokali-one-cikartmak.html","url_meta":{"origin":8272,"position":2},"title":"Mikste Vokali \u00d6ne \u00c7\u0131kartmak \u0130\u00e7in Bir Teknik","date":"January 18, 2021","format":false,"excerpt":"Vokalin par\u00e7an\u0131n i\u00e7inde baz\u0131 yerlerde miksin i\u00e7ine g\u00f6m\u00fcld\u00fc\u011f\u00fcn\u00fc ya da miks i\u00e7inde sahip oldu\u011fu alan\u0131 kaybetti\u011fini hissedebilirsiniz. Bu, daha \u00e7ok nakarat gibi enstr\u00fcman ve kanal say\u0131s\u0131n\u0131n artt\u0131\u011f\u0131 yerlerde kar\u015f\u0131m\u0131za \u00e7\u0131kan bir durumdur. B\u00f6yle bir durumda genel olarak ilk yap\u0131lan hareket otomasyon ile vokalin seviyesini birka\u00e7 dB y\u00fckseltmek oluyor. \u00c7o\u011fu zaman\u2026","rel":"","context":"In &quot;M\u00fczik Prod\u00fcksiyonu&quot;","img":{"alt_text":"","src":"https:\/\/i0.wp.com\/www.ufukonen.com\/tr\/wp-content\/uploads\/Mikste_Vokali_One_Cikartmak_00_Header.jpg?resize=350%2C200&ssl=1","width":350,"height":200},"classes":[]},{"id":3105,"url":"https:\/\/www.ufukonen.com\/tr\/queen-bowie-under-pressure-vokal-kanallari.html","url_meta":{"origin":8272,"position":3},"title":"Queen &#038; Bowie &#8220;Under Pressure&#8221; Vokal Kanallar\u0131","date":"June 19, 2017","format":false,"excerpt":"Queen, 1981 yaz\u0131nda\u00a0Hot Space alb\u00fcm\u00fcn\u00fcn kayd\u0131 i\u00e7in \u0130svi\u00e7re'de Mountain st\u00fcdyolar\u0131ndayken, David Bowie de ayn\u0131 st\u00fcdyoda Cat People filminin m\u00fcziklerini kaydediyormu\u015f. Bir gece Bowie, Queen'in \"Cool Cat\" par\u00e7as\u0131na geri vokal yapmak i\u00e7in Queen'in kayd\u0131na u\u011fram\u0131\u015f, bu s\u0131rada hep birlikte yeni bir par\u00e7a yazmaya karar vermi\u015fler. John Deacon'\u0131n bas gitar partisyonu \u00fczerine\u2026","rel":"","context":"In &quot;M\u00fczik&quot;","img":{"alt_text":"","src":"https:\/\/i0.wp.com\/www.ufukonen.com\/tr\/wp-content\/uploads\/Queen-David_Bowie-Under_Pressure_1981_mod.jpg?resize=350%2C200&ssl=1","width":350,"height":200},"classes":[]},{"id":6445,"url":"https:\/\/www.ufukonen.com\/tr\/vokal-miksi-rehber-1.html","url_meta":{"origin":8272,"position":4},"title":"Vokal Miksi i\u00e7in Mini Rehber (1. B\u00f6l\u00fcm)","date":"March 15, 2021","format":false,"excerpt":"Bu yaz\u0131mda vokal miksi i\u00e7in kullanabilece\u011finiz sekiz ba\u015fl\u0131ktan olu\u015fan bir mini rehber haz\u0131rlad\u0131m. Her ba\u015fl\u0131\u011f\u0131n alt\u0131nda ilgili yaz\u0131lar\u0131n linklerini ekledim. \u0130lk olarak 22 Mart 2021'de yay\u0131nlanm\u0131\u015f olan bu mini rehber, 8 A\u011fustos 2022, 28 Kas\u0131m 2022, 20 Mart 2023 ve 7 A\u011fustos 2025 tarihlerinde g\u00fcncellenmi\u015ftir. Filtre ve EQKompres\u00f6rEQDe-esserSidechain Kompres\u00f6r Kullan\u0131m\u0131Saturation,\u2026","rel":"","context":"In &quot;M\u00fczik Prod\u00fcksiyonu&quot;","img":{"alt_text":"","src":"https:\/\/i0.wp.com\/www.ufukonen.com\/tr\/wp-content\/uploads\/Vokal_Miksi_Mini_Rehber_00_Header.jpg?resize=350%2C200&ssl=1","width":350,"height":200},"classes":[]},{"id":6447,"url":"https:\/\/www.ufukonen.com\/tr\/vokal-miksi-rehber-2.html","url_meta":{"origin":8272,"position":5},"title":"Vokal Miksi i\u00e7in Mini Rehber (2. B\u00f6l\u00fcm)","date":"March 22, 2021","format":false,"excerpt":"Bu yaz\u0131mda vokal miksi i\u00e7in kullanabilece\u011finiz sekiz ba\u015fl\u0131ktan olu\u015fan bir mini rehber haz\u0131rlad\u0131m. Her ba\u015fl\u0131\u011f\u0131n alt\u0131nda ilgili yaz\u0131lar\u0131n linklerini ekledim. \u0130lk olarak 22 Mart 2021'de yay\u0131nlanm\u0131\u015f olan bu mini rehber, 8 A\u011fustos 2022, 28 Kas\u0131m 2022, 20 Mart 2023 ve 7 A\u011fustos 2025 tarihlerinde g\u00fcncellenmi\u015ftir. Filtre ve EQKompres\u00f6rEQDe-esserSidechain Kompres\u00f6r Kullan\u0131m\u0131Saturation,\u2026","rel":"","context":"In &quot;M\u00fczik Prod\u00fcksiyonu&quot;","img":{"alt_text":"","src":"https:\/\/i0.wp.com\/www.ufukonen.com\/tr\/wp-content\/uploads\/Vokal_Miksi_Mini_Rehber_00_Header.jpg?resize=350%2C200&ssl=1","width":350,"height":200},"classes":[]}],"_links":{"self":[{"href":"https:\/\/www.ufukonen.com\/tr\/wp-json\/wp\/v2\/posts\/8272"}],"collection":[{"href":"https:\/\/www.ufukonen.com\/tr\/wp-json\/wp\/v2\/posts"}],"about":[{"href":"https:\/\/www.ufukonen.com\/tr\/wp-json\/wp\/v2\/types\/post"}],"author":[{"embeddable":true,"href":"https:\/\/www.ufukonen.com\/tr\/wp-json\/wp\/v2\/users\/2"}],"replies":[{"embeddable":true,"href":"https:\/\/www.ufukonen.com\/tr\/wp-json\/wp\/v2\/comments?post=8272"}],"version-history":[{"count":10,"href":"https:\/\/www.ufukonen.com\/tr\/wp-json\/wp\/v2\/posts\/8272\/revisions"}],"predecessor-version":[{"id":8283,"href":"https:\/\/www.ufukonen.com\/tr\/wp-json\/wp\/v2\/posts\/8272\/revisions\/8283"}],"wp:featuredmedia":[{"embeddable":true,"href":"https:\/\/www.ufukonen.com\/tr\/wp-json\/wp\/v2\/media\/8275"}],"wp:attachment":[{"href":"https:\/\/www.ufukonen.com\/tr\/wp-json\/wp\/v2\/media?parent=8272"}],"wp:term":[{"taxonomy":"category","embeddable":true,"href":"https:\/\/www.ufukonen.com\/tr\/wp-json\/wp\/v2\/categories?post=8272"},{"taxonomy":"post_tag","embeddable":true,"href":"https:\/\/www.ufukonen.com\/tr\/wp-json\/wp\/v2\/tags?post=8272"}],"curies":[{"name":"wp","href":"https:\/\/api.w.org\/{rel}","templated":true}]}}