{"id":829,"date":"2013-03-22T21:17:09","date_gmt":"2013-03-22T19:17:09","guid":{"rendered":"http:\/\/ufukonen.com\/tr\/?p=829"},"modified":"2013-03-23T21:20:50","modified_gmt":"2013-03-23T19:20:50","slug":"one-minute-lunch-film-competition-2013","status":"publish","type":"post","link":"https:\/\/www.ufukonen.com\/tr\/one-minute-lunch-film-competition-2013.html","title":{"rendered":"One Minute Lunch Film Competition 2013"},"content":{"rendered":"<p><img loading=\"lazy\" class=\"aligncenter size-full wp-image-834\" alt=\"OneMinuteLunchLogo_\" src=\"http:\/\/ufukonen.com\/tr\/wp-content\/uploads\/OneMinuteLunchLogo_.jpg\" width=\"480\" height=\"187\" srcset=\"https:\/\/www.ufukonen.com\/tr\/wp-content\/uploads\/OneMinuteLunchLogo_.jpg 480w, https:\/\/www.ufukonen.com\/tr\/wp-content\/uploads\/OneMinuteLunchLogo_-300x116.jpg 300w\" sizes=\"(max-width: 480px) 100vw, 480px\" \/><\/p>\n<p style=\"text-align: center;\"><img loading=\"lazy\" class=\"aligncenter  wp-image-833\" alt=\"One_Minute_Lunch_2013\" src=\"http:\/\/ufukonen.com\/tr\/wp-content\/uploads\/One_Minute_Lunch_2013.jpeg\" width=\"480\" height=\"295\" srcset=\"https:\/\/www.ufukonen.com\/tr\/wp-content\/uploads\/One_Minute_Lunch_2013.jpeg 800w, https:\/\/www.ufukonen.com\/tr\/wp-content\/uploads\/One_Minute_Lunch_2013-300x184.jpeg 300w\" sizes=\"(max-width: 480px) 100vw, 480px\" \/><\/p>\n<p>\u00dc\u00e7 seneden beri\u00a0B\u00f6l\u00fcm\u00fcm\u00fcz <a href=\"http:\/\/comd.bilkent.edu.tr\" target=\"_blank\">\u0130leti\u015fim ve Tasar\u0131m<\/a>&#8216;da (<a href=\"http:\/\/www.bilkent.edu.tr\" target=\"_blank\">Bilkent<\/a> COMD) \u00f6\u011frencilerimizin \u00e7ekti\u011fi bir dakikal\u0131k filmlerin yar\u0131\u015ft\u0131\u011f\u0131 &#8220;One Minute Lunch Film Competition&#8221; ad\u0131nda bir yar\u0131\u015fma d\u00fczenliyoruz. Oylama internet \u00fczerinden herkese a\u00e7\u0131k oluyor. On g\u00fcn devam eden oylamaya bu y\u0131l yakla\u015f\u0131k 3200 ki\u015fi kat\u0131ld\u0131. Bu say\u0131, ge\u00e7en senenin hemen hemen iki kat\u0131. A\u015fa\u011f\u0131ya ilk \u00fc\u00e7e giren filmlerin videolar\u0131n\u0131 ekliyorum. Di\u011fer filmleri\u00a0<a href=\"http:\/\/oneminute.bilkent.edu.tr\/\" target=\"_blank\">http:\/\/oneminute.bilkent.edu.tr<\/a>\u00a0adresinden izleyebilirsiniz.<\/p>\n<p>&#8220;One Minute Lunch Film Competition&#8221;, \u015fu anda T\u00fcrkiye&#8217;deki tek bir dakikal\u0131k film yar\u0131\u015fmas\u0131. \u00d6n\u00fcm\u00fczdeki y\u0131llarda yar\u0131\u015fmay\u0131 sadece bizim b\u00f6l\u00fcm\u00fcn \u00f6\u011frencilerine de\u011fil di\u011fer \u00fcniversitelerde okuyanlara da a\u00e7may\u0131 planl\u0131yoruz.<\/p>\n<p>&#8220;One Minute Lunch Film Competition&#8221; 2013&#8217;\u00fcm \u00f6d\u00fcl t\u00f6reni 22 Mart 2013 Cuma g\u00fcn\u00fc (ismine yak\u0131\u015f\u0131r bir \u015fekilde) \u00f6\u011fle tatilinde yap\u0131ld\u0131!<\/p>\n<p>Evet, i\u015fte 2013\u00a0&#8220;One Minute Lunch Film Competition&#8221;\u0131n ilk \u00fc\u00e7 s\u0131ras\u0131&#8230;<\/p>\n<p>&nbsp;<\/p>\n<p><span style=\"color: #ff6600;\"><strong>#1 ROY<\/strong><\/span><br \/>\nBurcu Erdo\u011fan &#8211; Emrah M\u00fcderriso\u011flu &#8211; Nikolas Tomaidis &#8211; Volkan K\u00f6l\u00fcks\u00fcz<br \/>\n<span class=\"embed-youtube\" style=\"text-align:center; display: block;\"><iframe loading=\"lazy\" class=\"youtube-player\" width=\"700\" height=\"394\" src=\"https:\/\/www.youtube.com\/embed\/JG_fgXXE8ZI?version=3&#038;rel=1&#038;showsearch=0&#038;showinfo=1&#038;iv_load_policy=1&#038;fs=1&#038;hl=en-US&#038;autohide=2&#038;wmode=transparent\" allowfullscreen=\"true\" style=\"border:0;\" sandbox=\"allow-scripts allow-same-origin allow-popups allow-presentation\"><\/iframe><\/span><\/p>\n<p>&nbsp;<\/p>\n<p><strong><span style=\"color: #ff6600;\">#2 PS\u0130KOLOG<\/span><\/strong><br \/>\nB\u00fcke G\u00f6ksel &#8211; Demirhan \u015eeker &#8211; G\u00f6ksel Alt\u00fcl<br \/>\n<span class=\"embed-youtube\" style=\"text-align:center; display: block;\"><iframe loading=\"lazy\" class=\"youtube-player\" width=\"700\" height=\"394\" src=\"https:\/\/www.youtube.com\/embed\/rz2aSzinGCY?version=3&#038;rel=1&#038;showsearch=0&#038;showinfo=1&#038;iv_load_policy=1&#038;fs=1&#038;hl=en-US&#038;autohide=2&#038;wmode=transparent\" allowfullscreen=\"true\" style=\"border:0;\" sandbox=\"allow-scripts allow-same-origin allow-popups allow-presentation\"><\/iframe><\/span><\/p>\n<p>&nbsp;<\/p>\n<p><strong><span style=\"color: #ff6600;\">#3 THE CONFLICT<\/span><\/strong><br \/>\nGamze \u00d6geer &#8211; Melis I\u015f\u0131ky\u0131ld\u0131z<br \/>\n<span class=\"embed-youtube\" style=\"text-align:center; display: block;\"><iframe loading=\"lazy\" class=\"youtube-player\" width=\"700\" height=\"394\" src=\"https:\/\/www.youtube.com\/embed\/4MBnFhe6-wY?version=3&#038;rel=1&#038;showsearch=0&#038;showinfo=1&#038;iv_load_policy=1&#038;fs=1&#038;hl=en-US&#038;autohide=2&#038;wmode=transparent\" allowfullscreen=\"true\" style=\"border:0;\" sandbox=\"allow-scripts allow-same-origin allow-popups allow-presentation\"><\/iframe><\/span><\/p>\n<p>&nbsp;<\/p>\n<p>&nbsp;<\/p>\n<p>Ses ve m\u00fczik teknolojileri, m\u00fczik prod\u00fcksiyonu, ses tasar\u0131m\u0131 ve benzeri alanlar ile ilgili haberler, d\u00fc\u015f\u00fcnceler ve payla\u015f\u0131mlar i\u00e7in beni Twitter\u2019da takip edebilirsiniz:\u00a0<a href=\"https:\/\/twitter.com\/UfukOnen\" target=\"_blank\">https:\/\/twitter.com\/UfukOnen<\/a><\/p>\n","protected":false},"excerpt":{"rendered":"<p class=\"post-excerpt\">\u00dc\u00e7 seneden beri\u00a0B\u00f6l\u00fcm\u00fcm\u00fcz \u0130leti\u015fim ve Tasar\u0131m&#8216;da (Bilkent COMD) \u00f6\u011frencilerimizin \u00e7ekti\u011fi bir dakikal\u0131k filmlerin yar\u0131\u015ft\u0131\u011f\u0131 &#8220;One Minute Lunch Film Competition&#8221; ad\u0131nda&#8230;<\/p>\n","protected":false},"author":2,"featured_media":834,"comment_status":"closed","ping_status":"open","sticky":false,"template":"","format":"standard","meta":{"_mi_skip_tracking":false,"spay_email":"","jetpack_publicize_message":"","jetpack_is_tweetstorm":false,"jetpack_publicize_feature_enabled":true},"categories":[4],"tags":[],"jetpack_featured_media_url":"https:\/\/www.ufukonen.com\/tr\/wp-content\/uploads\/OneMinuteLunchLogo_.jpg","jetpack_publicize_connections":[],"jetpack_shortlink":"https:\/\/wp.me\/p3rjsG-dn","jetpack_sharing_enabled":true,"jetpack-related-posts":[{"id":4309,"url":"https:\/\/www.ufukonen.com\/tr\/monitor-kalibrasyon-seviyeleri-1.html","url_meta":{"origin":829,"position":0},"title":"Monit\u00f6r Kalibrasyon Seviyeleri \u00dczerine&#8230; (1. B\u00f6l\u00fcm)","date":"November 5, 2018","format":false,"excerpt":"Bu yaz\u0131 dizisi \u00fc\u00e7 b\u00f6l\u00fcmden olu\u015fmaktad\u0131r. \u0130kinci b\u00f6l\u00fcm i\u00e7in t\u0131klay\u0131n\u0131z. \u00dc\u00e7\u00fcnc\u00fc b\u00f6l\u00fcm i\u00e7in t\u0131klay\u0131n\u0131z. \u00a0 St\u00fcdyo monit\u00f6rlerinin kalibrasyonu arkas\u0131nda yatan mant\u0131k asl\u0131nda sinema end\u00fcstrisine dayanmaktad\u0131r. Filmlerin st\u00fcdyolarda yap\u0131lan ses miksleri, st\u00fcdyo ve sinema salonlar\u0131 aras\u0131ndaki ses seviyesi farkl\u0131l\u0131klar\u0131ndan dolay\u0131 ama\u00e7land\u0131\u011f\u0131 gibi duyulmuyordu. Bu yetmiyormu\u015f gibi ayn\u0131 film baz\u0131 salonlarda \u00e7ok\u2026","rel":"","context":"In &quot;Ses ve M\u00fczik Teknolojileri&quot;","img":{"alt_text":"","src":"https:\/\/i0.wp.com\/www.ufukonen.com\/tr\/wp-content\/uploads\/Monitor_Kalibrasyon_Seviyeleri_1.jpg?resize=350%2C200&ssl=1","width":350,"height":200},"classes":[]},{"id":4087,"url":"https:\/\/www.ufukonen.com\/tr\/film-sesleri-2.html","url_meta":{"origin":829,"position":1},"title":"Film Sesleri (2. B\u00f6l\u00fcm)","date":"September 3, 2018","format":false,"excerpt":"Yaz\u0131n\u0131n birinci b\u00f6l\u00fcm\u00fcn\u00fc okumak i\u00e7in t\u0131klay\u0131n\u0131z. \u00a0 Ses Efektleri (1. b\u00f6l\u00fcmden devam) Ses efektleri bunlarla s\u0131n\u0131rl\u0131 de\u011fildir. \u0130nsan ve e\u015fyalara ba\u011fl\u0131 sesler, ses efektleri i\u00e7inde ayr\u0131 bir grubu olu\u015fturur. Bu gruba \u00f6rnek olarak ayak sesleri, barda\u011f\u0131 masaya koydu\u011fumuzda \u00e7\u0131kan ses ve elbise h\u0131\u015f\u0131rt\u0131lar\u0131n\u0131 g\u00f6sterebiliriz. \u0130nsan ve e\u015fyalara ba\u011fl\u0131 sesler st\u00fcdyoda\u2026","rel":"","context":"In &quot;Ses Tasar\u0131m\u0131&quot;","img":{"alt_text":"","src":"https:\/\/i0.wp.com\/www.ufukonen.com\/tr\/wp-content\/uploads\/film_sesleri_2.jpg?resize=350%2C200&ssl=1","width":350,"height":200},"classes":[]},{"id":8608,"url":"https:\/\/www.ufukonen.com\/tr\/2025-daw-anketi.html","url_meta":{"origin":829,"position":2},"title":"2025 DAW Anketi","date":"November 23, 2025","format":false,"excerpt":"T\u00fcrkiye'nin DAW Anketi 10 ya\u015f\u0131nda! Anket formu a\u015fa\u011f\u0131dad\u0131r, bu sayfadan ayr\u0131lmadan ankete kat\u0131labilirsiniz. 2016 y\u0131l\u0131nda ba\u015flayan DAW Anketi yolculu\u011fu sizlerin ilgisi ve deste\u011fi ile devam etti. Gelenek bu y\u0131l da bozulmuyor: 2025 DAW Anketi sizlerle. Ge\u00e7mi\u015fe K\u0131sa Bir Bak\u0131\u015f 2016 y\u0131l\u0131nda sadece iki sorudan olu\u015fan basit bir anketle yola \u00e7\u0131kt\u0131m.\u2026","rel":"","context":"In &quot;M\u00fczik Prod\u00fcksiyonu&quot;","img":{"alt_text":"","src":"https:\/\/i0.wp.com\/www.ufukonen.com\/tr\/wp-content\/uploads\/2025_DAW_Anketi.jpg?resize=350%2C200&ssl=1","width":350,"height":200},"classes":[]},{"id":4018,"url":"https:\/\/www.ufukonen.com\/tr\/print-through.html","url_meta":{"origin":829,"position":3},"title":"Print-Through","date":"July 9, 2018","format":false,"excerpt":"Ge\u00e7ti\u011fimiz haftalarda eskilerden kalma bir analog makara band\u0131 dijital ortama aktarmam gerekti. Eski bantlarla \u00e7al\u0131\u015f\u0131rken bir\u00e7ok s\u00fcrprizle kar\u015f\u0131la\u015fmak olas\u0131l\u0131k dahilinde. Haz\u0131rl\u0131kl\u0131 olmal\u0131s\u0131n\u0131z! Neyse ki felaket boyutunda bir \u015feyle kar\u015f\u0131la\u015fmad\u0131m ama band\u0131n saklama \u015feklini g\u00f6rd\u00fc\u011f\u00fcm zaman akl\u0131ma gelen ilk \u015fey tabii ki ba\u015f\u0131ma geldi: 'print-through'. Peki, nedir bu print-through? Onu a\u00e7\u0131klamadan\u2026","rel":"","context":"In &quot;Ses ve M\u00fczik Teknolojileri&quot;","img":{"alt_text":"","src":"https:\/\/i0.wp.com\/www.ufukonen.com\/tr\/wp-content\/uploads\/Print-Through-1.jpg?resize=350%2C200&ssl=1","width":350,"height":200},"classes":[]},{"id":5096,"url":"https:\/\/www.ufukonen.com\/tr\/foley-filmler-icin-ses-efektleri.html","url_meta":{"origin":829,"position":4},"title":"Foley: S\u0131radan Objelerle Filmler \u0130\u00e7in Ses Efektleri Yapma Sanat\u0131","date":"October 7, 2019","format":false,"excerpt":"Ayak sesleri, \u00e7e\u015fitli objelerin masaya veya yere konuldu\u011funda \u00e7\u0131kartt\u0131\u011f\u0131 sesler, sandalye g\u0131c\u0131rt\u0131lar\u0131, ka\u011f\u0131t h\u0131\u015f\u0131rt\u0131lar\u0131, s\u00fcrt\u00fcnd\u00fck\u00e7e giysilerden \u00e7\u0131kan sesler, k\u0131saca film \u00e7ekimi s\u0131ras\u0131nda kaydedilemeyen veya kaydedilmi\u015f olsa bile kalite olarak yeterli bulunmayan t\u00fcm bu sesler post prod\u00fcksiyon a\u015famas\u0131nda st\u00fcdyoda tekrar kaydedilip g\u00f6r\u00fcnt\u00fcye eklenir. Bu tekni\u011fe foley ad\u0131 verilir. Foley ad\u0131 Hollywood\u2019da\u2026","rel":"","context":"In &quot;Ses Tasar\u0131m\u0131&quot;","img":{"alt_text":"","src":"https:\/\/i0.wp.com\/www.ufukonen.com\/tr\/wp-content\/uploads\/Foley_1280x720_processed_compressed.jpg?resize=350%2C200&ssl=1","width":350,"height":200},"classes":[]},{"id":7308,"url":"https:\/\/www.ufukonen.com\/tr\/muzik-endustrisine-bakis-10.html","url_meta":{"origin":829,"position":5},"title":"M\u00fczik End\u00fcstrisine Bak\u0131\u015f (10. B\u00f6l\u00fcm)","date":"April 11, 2022","format":false,"excerpt":"\u201cM\u00fczik End\u00fcstrisine Bak\u0131\u015f\u201d adl\u0131 yaz\u0131 dizimin onuncu b\u00f6l\u00fcm\u00fcnde IFPI (International Federation of the Phonographic Industry) taraf\u0131ndan 2022 Nisan ay\u0131 i\u00e7inde yay\u0131nlanan IFPI Global Music Report 2022: State of the Industry ba\u015fl\u0131kl\u0131 global m\u00fczik raporundaki 2021 y\u0131l\u0131 verilerini inceleyip, ge\u00e7mi\u015f y\u0131llar\u0131n verileri ile kar\u015f\u0131la\u015ft\u0131raca\u011f\u0131m. Yaz\u0131 dizisinin \u00f6nceki b\u00f6l\u00fcmlerini okumak i\u00e7in t\u0131klay\u0131n\u0131z:\u2026","rel":"","context":"In &quot;M\u00fczik End\u00fcstrisi&quot;","img":{"alt_text":"","src":"https:\/\/i0.wp.com\/www.ufukonen.com\/tr\/wp-content\/uploads\/muzik_endustrisi_10_header.jpg?resize=350%2C200&ssl=1","width":350,"height":200},"classes":[]}],"_links":{"self":[{"href":"https:\/\/www.ufukonen.com\/tr\/wp-json\/wp\/v2\/posts\/829"}],"collection":[{"href":"https:\/\/www.ufukonen.com\/tr\/wp-json\/wp\/v2\/posts"}],"about":[{"href":"https:\/\/www.ufukonen.com\/tr\/wp-json\/wp\/v2\/types\/post"}],"author":[{"embeddable":true,"href":"https:\/\/www.ufukonen.com\/tr\/wp-json\/wp\/v2\/users\/2"}],"replies":[{"embeddable":true,"href":"https:\/\/www.ufukonen.com\/tr\/wp-json\/wp\/v2\/comments?post=829"}],"version-history":[{"count":11,"href":"https:\/\/www.ufukonen.com\/tr\/wp-json\/wp\/v2\/posts\/829\/revisions"}],"predecessor-version":[{"id":842,"href":"https:\/\/www.ufukonen.com\/tr\/wp-json\/wp\/v2\/posts\/829\/revisions\/842"}],"wp:featuredmedia":[{"embeddable":true,"href":"https:\/\/www.ufukonen.com\/tr\/wp-json\/wp\/v2\/media\/834"}],"wp:attachment":[{"href":"https:\/\/www.ufukonen.com\/tr\/wp-json\/wp\/v2\/media?parent=829"}],"wp:term":[{"taxonomy":"category","embeddable":true,"href":"https:\/\/www.ufukonen.com\/tr\/wp-json\/wp\/v2\/categories?post=829"},{"taxonomy":"post_tag","embeddable":true,"href":"https:\/\/www.ufukonen.com\/tr\/wp-json\/wp\/v2\/tags?post=829"}],"curies":[{"name":"wp","href":"https:\/\/api.w.org\/{rel}","templated":true}]}}