{"id":8402,"date":"2024-11-18T01:00:00","date_gmt":"2024-11-17T22:00:00","guid":{"rendered":"https:\/\/www.ufukonen.com\/tr\/?p=8402"},"modified":"2025-01-20T09:58:29","modified_gmt":"2025-01-20T06:58:29","slug":"2024-daw-anketi","status":"publish","type":"post","link":"https:\/\/www.ufukonen.com\/tr\/2024-daw-anketi.html","title":{"rendered":"2024 DAW Anketi"},"content":{"rendered":"\n<blockquote class=\"wp-block-quote\"><p><strong> Anket formu a\u015fa\u011f\u0131dad\u0131r, bu sayfadan ayr\u0131lmadan ankete kat\u0131labilirsiniz.<\/strong><\/p><\/blockquote>\n\n\n\n<p>DAW Anketi, sekiz y\u0131l boyunca T\u00fcrkiye&#8217;deki DAW (Digital Audio Workstation) kullan\u0131c\u0131lar\u0131n\u0131n tercihlerini mercek alt\u0131nda ald\u0131. 2016 y\u0131l\u0131nda yapt\u0131\u011f\u0131m ilk anketle ba\u015flayan bu yolculuk, sizlerin ilgisi ve deste\u011fiyle devam etti. Bu y\u0131l da gelenek bozulmuyor: 2024 DAW Anketi sizlerle!<\/p>\n\n\n\n<h3>Ge\u00e7mi\u015fe K\u0131sa Bir Bak\u0131\u015f<\/h3>\n\n\n\n<p>2016 y\u0131l\u0131nda sadece iki sorudan olu\u015fan basit bir anketle yola \u00e7\u0131kt\u0131m. Gelen yo\u011fun ilgiyle birlikte her y\u0131l yeni sorular ekleyerek daha detayl\u0131 ve anlaml\u0131 analizler yapmay\u0131 ba\u015fard\u0131m.<\/p>\n\n\n\n<ul><li><strong>\u0130\u015fletim sistemiyle ilgili bir soru ekledim.<\/strong>&nbsp;Bu sayede, hangi i\u015fletim sistemini kullananlar\u0131n hangi DAW&#8217;lar\u0131 tercih etti\u011fini analiz etmeye ba\u015flad\u0131m.<\/li><li><strong>Kullan\u0131c\u0131lar\u0131n profesyonel ya da hobi ama\u00e7l\u0131 oldu\u011funu tespit etmek i\u00e7in bir soru haz\u0131rlad\u0131m.<\/strong>&nbsp;Bu ekleme, sonu\u00e7lar\u0131 daha iyi analiz etmemi sa\u011flad\u0131.<\/li><li><strong>G\u00f6r\u00fcnt\u00fcl\u00fc medya i\u00e7in ses post-prod\u00fcksiyonu ile ilgili bir se\u00e7enek ekledim.<\/strong>&nbsp;B\u00f6ylece yaln\u0131zca m\u00fczik prod\u00fcksiyonu alan\u0131nda profesyonel ve hobi ama\u00e7l\u0131 kullan\u0131c\u0131lar\u0131n de\u011fil, ayn\u0131 zamanda ses post-prod\u00fcksiyonu alan\u0131ndaki kullan\u0131c\u0131lar\u0131n tercihlerini de analiz etmeye ba\u015flad\u0131m.<\/li><li><strong>Dolby Atmos ve uzamsal sesle ilgili bir soru ekledim.<\/strong>&nbsp;Dolby Atmos, 2021 y\u0131l\u0131nda Apple Music ve Dolby aras\u0131ndaki i\u015f birli\u011finin sonucu olarak m\u00fczik prod\u00fcksiyon alan\u0131nda da kullan\u0131lmaya ba\u015fland\u0131. Sadece Pro Tools ve Apple Logic Pro de\u011fil, hemen hemen t\u00fcm DAW&#8217;lar Dolby Atmos&#8217;u sistemlerine entegre etti.<\/li><\/ul>\n\n\n\n<p>Sekiz y\u0131l boyunca bu anket sayesinde T\u00fcrkiye&#8217;deki DAW kullan\u0131c\u0131lar\u0131n\u0131n tercihleri hakk\u0131nda hep birlikte fikirler edindik. Bazen s\u00fcrprizlerle kar\u015f\u0131la\u015ft\u0131k. Bazen \u015fa\u015f\u0131rd\u0131k. Bir yandan da de\u011fi\u015fimlere tan\u0131kl\u0131k ettik. <\/p>\n\n\n\n<p><strong>Geldik bug\u00fcnlere&#8230;<\/strong><\/p>\n\n\n\n<h4><strong><span style=\"color:#545b99\" class=\"has-inline-color\">T\u00fcrkiye&#8217;nin DAW Anketi 9 ya\u015f\u0131nda!<\/span><\/strong><\/h4>\n\n\n\n<div style=\"height:25px\" aria-hidden=\"true\" class=\"wp-block-spacer\"><\/div>\n\n\n\n<h3>&#8220;En \u0130yi DAW Anketi&#8221; De\u011fil!<\/h3>\n\n\n\n<p>Her sene yapt\u0131\u011f\u0131m gibi bu y\u0131l da yine \u00f6zellikle alt\u0131n\u0131 \u00e7izmek isterim: <strong>Bu anket, \u201cen iyi DAW\u201d anketi de\u011fil.<\/strong> Hi\u00e7bir zaman \u00f6yle olmad\u0131.<\/p>\n\n\n\n<p>\u0130lk g\u00fcnden bu yana bu anketin amac\u0131, <strong>T\u00fcrkiye&#8217;de en \u00e7ok tercih edilen DAW<\/strong>&#8216;\u0131 tespit edebilmek oldu. Bu y\u0131l da farkl\u0131 de\u011fil.<\/p>\n\n\n\n<p>E\u011fer bu ankete ilk kez denk geliyorsan\u0131z ge\u00e7mi\u015f y\u0131llar\u0131n sonu\u00e7lar\u0131na a\u015fa\u011f\u0131daki linklerden ula\u015fabilirsiniz:<\/p>\n\n\n\n<ul><li><strong><a href=\"https:\/\/www.ufukonen.com\/tr\/2023-daw-anketi-sonuclari.html\" data-type=\"post\" data-id=\"8227\" target=\"_blank\" rel=\"noreferrer noopener\">2023 DAW Anketi Sonu\u00e7lar\u0131<\/a><\/strong><\/li><li><a rel=\"noreferrer noopener\" href=\"https:\/\/www.ufukonen.com\/tr\/2022-daw-anketi-sonuclari.html\" data-type=\"post\" data-id=\"7882\" target=\"_blank\">2022 DAW Anketi Sonu\u00e7lar\u0131<\/a><\/li><li><a rel=\"noreferrer noopener\" href=\"https:\/\/www.ufukonen.com\/tr\/2021-daw-anketi-sonuclari.html\" data-type=\"post\" data-id=\"7109\" target=\"_blank\">2021 DAW Anketi Sonu\u00e7lar\u0131<\/a><\/li><li><a rel=\"noreferrer noopener\" href=\"https:\/\/www.ufukonen.com\/tr\/2020-daw-anketi-sonuclari.html\" data-type=\"URL\" data-id=\"https:\/\/www.ufukonen.com\/tr\/2020-daw-anketi-sonuclari.html\" target=\"_blank\">2020 DAW Anketi Sonu\u00e7lar\u0131<\/a><\/li><li><a rel=\"noreferrer noopener\" href=\"https:\/\/www.ufukonen.com\/tr\/2019-daw-anketi-sonuclari.html\" data-type=\"post\" data-id=\"5363\" target=\"_blank\">2019 DAW Anketi Sonu\u00e7lar\u0131<\/a><\/li><li><a rel=\"noreferrer noopener\" href=\"https:\/\/www.ufukonen.com\/tr\/2018-daw-anketi-sonuclari.html\" data-type=\"post\" data-id=\"4480\" target=\"_blank\">2018 DAW Anketi Sonu\u00e7lar\u0131<\/a><\/li><li><a rel=\"noreferrer noopener\" href=\"https:\/\/www.ufukonen.com\/tr\/2017-daw-anketi-sonuclari.html\" data-type=\"post\" data-id=\"3575\" target=\"_blank\">2017 DAW Anketi Sonu\u00e7lar\u0131<\/a><\/li><li><a rel=\"noreferrer noopener\" href=\"https:\/\/www.ufukonen.com\/tr\/2016-daw-tercihiniz-anket.html\" data-type=\"post\" data-id=\"2825\" target=\"_blank\">2016 DAW Anketi Sonu\u00e7lar\u0131<\/a><\/li><\/ul>\n\n\n\n<hr class=\"wp-block-separator is-style-wide\"\/>\n\n\n\n<figure class=\"wp-block-image size-large\"><a href=\"https:\/\/www.ufukonen.com\/tr\/ufuk-onen-ses-muzik-teknolojisi-miks-kitaplar.html\" target=\"_blank\" rel=\"noopener noreferrer\"><img loading=\"lazy\" width=\"1024\" height=\"333\" src=\"https:\/\/www.ufukonen.com\/tr\/wp-content\/uploads\/Books-Drop-Shadow-2022-10-22-1920x625_rfs-1024x333.jpg\" alt=\"\" class=\"wp-image-8148\" srcset=\"https:\/\/www.ufukonen.com\/tr\/wp-content\/uploads\/Books-Drop-Shadow-2022-10-22-1920x625_rfs-1024x333.jpg 1024w, https:\/\/www.ufukonen.com\/tr\/wp-content\/uploads\/Books-Drop-Shadow-2022-10-22-1920x625_rfs-300x98.jpg 300w, https:\/\/www.ufukonen.com\/tr\/wp-content\/uploads\/Books-Drop-Shadow-2022-10-22-1920x625_rfs-768x250.jpg 768w, https:\/\/www.ufukonen.com\/tr\/wp-content\/uploads\/Books-Drop-Shadow-2022-10-22-1920x625_rfs-1536x500.jpg 1536w, https:\/\/www.ufukonen.com\/tr\/wp-content\/uploads\/Books-Drop-Shadow-2022-10-22-1920x625_rfs-1140x371.jpg 1140w, https:\/\/www.ufukonen.com\/tr\/wp-content\/uploads\/Books-Drop-Shadow-2022-10-22-1920x625_rfs-552x180.jpg 552w, https:\/\/www.ufukonen.com\/tr\/wp-content\/uploads\/Books-Drop-Shadow-2022-10-22-1920x625_rfs.jpg 1920w\" sizes=\"(max-width: 1024px) 100vw, 1024px\" \/><\/a><figcaption><a href=\"https:\/\/www.ufukonen.com\/tr\/ufuk-onen-ses-muzik-teknolojisi-miks-kitaplar.html\" data-type=\"post\" data-id=\"5725\" target=\"_blank\" rel=\"noreferrer noopener\">Ufuk \u00d6nen\u2019in ses ve m\u00fczik teknolojileri, m\u00fczik prod\u00fcksiyonu, m\u00fczik miksi ve synthesizer \u00fczerine yazm\u0131\u015f oldu\u011fu kitaplar\u0131n tan\u0131t\u0131m metinleri ve online sat\u0131\u015f linkleri i\u00e7in t\u0131klay\u0131n.<\/a><\/figcaption><\/figure>\n\n\n\n<hr class=\"wp-block-separator is-style-wide\"\/>\n\n\n\n<h3>2024 DAW Anketi: Tarihler<\/h3>\n\n\n\n<p>Anket <strong>18 Kas\u0131m 2024 &#8211; 16 Ocak 2025<\/strong> tarihleri aras\u0131nda a\u00e7\u0131k kalacakt\u0131r. <\/p>\n\n\n\n<p>Sonu\u00e7lar\u0131 20 Ocak 2025 tarihinde a\u00e7\u0131klayaca\u011f\u0131m.<\/p>\n\n\n\n<div style=\"height:25px\" aria-hidden=\"true\" class=\"wp-block-spacer\"><\/div>\n\n\n\n<h3>Hemen Kat\u0131l\u0131n!<\/h3>\n\n\n\n<p>2024 DAW anketine sayfan\u0131n alt\u0131ndaki kutu i\u00e7inde bulunan sorular\u0131 cevaplayarak hemen kat\u0131labilirsiniz. <\/p>\n\n\n\n<p><strong>Ankete kat\u0131lmak i\u00e7in isim veya e-posta adresi verme zorunlulu\u011fu bulunmamaktad\u0131r.<\/strong><\/p>\n\n\n\n<p>Pro Tools, Cubase, Logic Pro, Studio One, Reaper, Ableton Live, FL Studio veya bir ba\u015fkas\u0131\u2026 Sizin tercihiniz hangisi?<\/p>\n\n\n\n<p><strong><span style=\"color:#545b99\" class=\"has-inline-color\">Sesinizi duyurun!<\/span><\/strong><\/p>\n\n\n\n<div style=\"height:20px\" aria-hidden=\"true\" class=\"wp-block-spacer\"><\/div>\n\n\n\n<h3>Anket Formu<\/h3>\n\n\n\n<p><strong>&#8211;<span class=\"has-inline-color has-accent-color\">&#8211;>>><\/span> <span style=\"color:#0056a3\" class=\"has-inline-color\">2<\/span><span style=\"color:#005fa3\" class=\"has-inline-color\">024 DAW Anketi i\u00e7in kat\u0131l\u0131m s\u00fcresi dolmu\u015ftur. Sonu\u00e7lar 20 Ocak 2025 Pazartesi g\u00fcn\u00fc a\u00e7\u0131klanacakt\u0131r.<\/span><\/strong><\/p>\n\n\n\n<p>Anket formunu a\u015fa\u011f\u0131daki kutu i\u00e7inde g\u00f6r\u00fcnt\u00fcleyemiyorsan\u0131z yeni bir pencerede a\u00e7mak i\u00e7in <a rel=\"noreferrer noopener\" href=\"https:\/\/tr.surveymonkey.com\/r\/7SVJ76G\" target=\"_blank\">buraya t\u0131klayabilirsiniz<\/a>.<\/p>\n\n\n\n<p>Bu sayfay\u0131 ya da yukar\u0131daki ba\u011flant\u0131y\u0131 payla\u015farak anketin daha fazla ki\u015fiye ula\u015fmas\u0131n\u0131 sa\u011flayabilirsiniz. Te\u015fekk\u00fcrler!<\/p>\n\n\n<p><script>(function(t,e,s,n){var o,a,c;t.SMCX=t.SMCX||[],e.getElementById(n)||(o=e.getElementsByTagName(s),a=o[o.length-1],c=e.createElement(s),c.type=\"text\/javascript\",c.async=!0,c.id=n,c.src=\"https:\/\/widget.surveymonkey.com\/collect\/website\/js\/tRaiETqnLgj758hTBazgdz_2FHaU2gCuQObq44BWC6gKtv97r9Bi3zIh9LVER5CoT9.js\",a.parentNode.insertBefore(c,a))})(window,document,\"script\",\"smcx-sdk\");<\/script><a style=\"font: 12px Helvetica, sans-serif; color: #999; text-decoration: none;\" href=\"tr.surveymonkey.com\"> Kendi kullan\u0131c\u0131 geri bildirimi anketinizi olu\u015fturun <\/a><\/p>\n\n\n\n<p><span class=\"has-inline-color has-accent-color\"><strong>* Sonu\u00e7lar 20 Ocak 2025 tarihinde a\u00e7\u0131klanacakt\u0131r.<\/strong><\/span><\/p>\n\n\n\n<div style=\"height:50px\" aria-hidden=\"true\" class=\"wp-block-spacer\"><\/div>\n\n\n\n<p>Teknik terimler i\u00e7in <a href=\"http:\/\/www.ufukonen.com\/tr\/ses-kayit-muzik-teknolojisi-terimler-sozluk.html\">m\u00fczik teknolojisi, m\u00fczik prod\u00fcksiyonu ve ses kay\u0131t terimleri s\u00f6zl\u00fc\u011f\u00fcne<\/a> g\u00f6z atabilirsiniz.<\/p>\n\n\n\n<p>Benzer payla\u015f\u0131mlar i\u00e7in beni <a rel=\"noreferrer noopener\" href=\"https:\/\/www.facebook.com\/ufukonen.skmt\/\" target=\"_blank\">Facebook<\/a>, <a rel=\"noreferrer noopener\" aria-label=\"Instagram (opens in a new tab)\" href=\"https:\/\/www.instagram.com\/ufukonen\/\" target=\"_blank\">Instagram<\/a> ve <a rel=\"noreferrer noopener\" href=\"https:\/\/twitter.com\/UfukOnen\" target=\"_blank\">Twitter<\/a>&#8216;da takip edebilir, haberler i\u00e7in <a rel=\"noreferrer noopener\" href=\"http:\/\/ufukonen.com\/tr\/ses-kayit-muzik-teknolojisi-terimler-sozluk.html\" target=\"_blank\">mesaj listeme \u00fcye olabilirsiniz<\/a>. Te\u015fekk\u00fcrler.<\/p>\n\n\n\n<p>Ba\u015fl\u0131k foto\u011fraf\u0131: <a rel=\"noreferrer noopener\" href=\"https:\/\/www.pexels.com\/@cottonbro?utm_content=attributionCopyText&amp;utm_medium=referral&amp;utm_source=pexels\" target=\"_blank\">cottonbro<\/a>&nbsp;|&nbsp;<a rel=\"noreferrer noopener\" href=\"https:\/\/www.pexels.com\/photo\/man-people-woman-desk-5657727\/?utm_content=attributionCopyText&amp;utm_medium=referral&amp;utm_source=pexels\" target=\"_blank\">Pexels<\/a><\/p>\n\n\n\n<p>\u00a9 2024-2025 Ufuk \u00d6nen. Her hakk\u0131 sakl\u0131d\u0131r. \u0130zinsiz kullan\u0131lamaz.<\/p>\n","protected":false},"excerpt":{"rendered":"<p class=\"post-excerpt\">Anket formu a\u015fa\u011f\u0131dad\u0131r, bu sayfadan ayr\u0131lmadan ankete kat\u0131labilirsiniz. DAW Anketi, sekiz y\u0131l boyunca T\u00fcrkiye&#8217;deki DAW (Digital Audio Workstation) kullan\u0131c\u0131lar\u0131n\u0131n tercihlerini&#8230;<\/p>\n","protected":false},"author":2,"featured_media":8419,"comment_status":"closed","ping_status":"open","sticky":false,"template":"","format":"standard","meta":{"_mi_skip_tracking":false,"spay_email":"","jetpack_publicize_message":"","jetpack_is_tweetstorm":false,"jetpack_publicize_feature_enabled":true},"categories":[16,19,18],"tags":[],"jetpack_featured_media_url":"https:\/\/www.ufukonen.com\/tr\/wp-content\/uploads\/2024_DAW_Anketi-1.jpg","jetpack_publicize_connections":[],"jetpack_shortlink":"https:\/\/wp.me\/p3rjsG-2bw","jetpack_sharing_enabled":true,"jetpack-related-posts":[{"id":8608,"url":"https:\/\/www.ufukonen.com\/tr\/2025-daw-anketi.html","url_meta":{"origin":8402,"position":0},"title":"2025 DAW Anketi","date":"November 23, 2025","format":false,"excerpt":"T\u00fcrkiye'nin DAW Anketi 10 ya\u015f\u0131nda! Anket formu a\u015fa\u011f\u0131dad\u0131r, bu sayfadan ayr\u0131lmadan ankete kat\u0131labilirsiniz. 2016 y\u0131l\u0131nda ba\u015flayan DAW Anketi yolculu\u011fu sizlerin ilgisi ve deste\u011fi ile devam etti. Gelenek bu y\u0131l da bozulmuyor: 2025 DAW Anketi sizlerle. Ge\u00e7mi\u015fe K\u0131sa Bir Bak\u0131\u015f 2016 y\u0131l\u0131nda sadece iki sorudan olu\u015fan basit bir anketle yola \u00e7\u0131kt\u0131m.\u2026","rel":"","context":"In &quot;M\u00fczik Prod\u00fcksiyonu&quot;","img":{"alt_text":"","src":"https:\/\/i0.wp.com\/www.ufukonen.com\/tr\/wp-content\/uploads\/2025_DAW_Anketi.jpg?resize=350%2C200&ssl=1","width":350,"height":200},"classes":[]},{"id":6993,"url":"https:\/\/www.ufukonen.com\/tr\/2021-daw-anketi.html","url_meta":{"origin":8402,"position":1},"title":"2021 DAW Anketi","date":"November 15, 2021","format":false,"excerpt":"2016 y\u0131l\u0131nda, T\u00fcrkiye'deki DAW kullan\u0131c\u0131lar\u0131n\u0131n tercihlerini tespit edebilmek amac\u0131yla bir anket d\u00fczenledim. \u0130ki sorudan olu\u015fan bu anket olduk\u00e7a b\u00fcy\u00fck ilgi g\u00f6rd\u00fc. Takip eden y\u0131llarda da devam ettim. Sonu\u00e7lar\u0131 sizlerle payla\u015ft\u0131m. Bu anket sayesinde kullan\u0131c\u0131lar\u0131n tercihleri hakk\u0131nda hep birlikte fikirler edindik. Her ne kadar be\u015f y\u0131l \u00e7ok uzun bir s\u00fcre olmasa\u2026","rel":"","context":"In &quot;Ses ve M\u00fczik Teknolojileri&quot;","img":{"alt_text":"","src":"https:\/\/i0.wp.com\/www.ufukonen.com\/tr\/wp-content\/uploads\/2021_DAW_Anketi.jpg?resize=350%2C200&ssl=1","width":350,"height":200},"classes":[]},{"id":7685,"url":"https:\/\/www.ufukonen.com\/tr\/2022-daw-anketi.html","url_meta":{"origin":8402,"position":2},"title":"2022 DAW Anketi","date":"November 7, 2022","format":false,"excerpt":"\u26a0\ufe0f Anket formu bu sayfan\u0131n alt k\u0131sm\u0131nda yer almaktad\u0131r, siteden ayr\u0131lmadan kat\u0131labilirsiniz. 2016 y\u0131l\u0131nda, T\u00fcrkiye'deki DAW kullan\u0131c\u0131lar\u0131n\u0131n tercihlerini tespit edebilmek amac\u0131yla bir anket d\u00fczenledim. \u0130ki sorudan olu\u015fan bu anket olduk\u00e7a b\u00fcy\u00fck ilgi g\u00f6rd\u00fc. Sonu\u00e7lar\u0131 sizlerle payla\u015ft\u0131m, sosyal medya platformlar\u0131nda birlikte yorumlad\u0131k. 2016 sonras\u0131nda anketi d\u00fczenlemeye devam ettim. Soru say\u0131s\u0131n\u0131 artt\u0131rd\u0131m.\u2026","rel":"","context":"In &quot;Ses ve M\u00fczik Teknolojileri&quot;","img":{"alt_text":"","src":"https:\/\/i0.wp.com\/www.ufukonen.com\/tr\/wp-content\/uploads\/2022_DAW_Anketi.jpg?resize=350%2C200&ssl=1","width":350,"height":200},"classes":[]},{"id":8227,"url":"https:\/\/www.ufukonen.com\/tr\/2023-daw-anketi-sonuclari.html","url_meta":{"origin":8402,"position":3},"title":"2023 DAW Anketi Sonu\u00e7lar\u0131","date":"January 22, 2024","format":false,"excerpt":"Bu y\u0131l sekizincisini d\u00fczenledi\u011fim DAW anketinin sonu\u00e7lar\u0131 belli oldu! 11 Aral\u0131k 2023 ile 18 Ocak 2024 tarihleri aras\u0131nda a\u00e7\u0131k kalan 2023 DAW anketine 1014 ki\u015fi kat\u0131ld\u0131. Bu y\u0131l anketimizde de\u011fi\u015fiklikler vard\u0131. \u201c\u0130kinci olarak kullanmakta oldu\u011funuz DAW\u201d sorusunu \u00e7\u0131kard\u0131m. 2023 anketi, ilk y\u0131llarda oldu\u011fu gibi, sadece esas olarak kulland\u0131\u011f\u0131m\u0131z DAW\u2019lar \u00fczerine\u2026","rel":"","context":"In &quot;Ses ve M\u00fczik Teknolojileri&quot;","img":{"alt_text":"","src":"https:\/\/i0.wp.com\/www.ufukonen.com\/tr\/wp-content\/uploads\/2023_DAW_Anketi_Sonuclari.jpg?resize=350%2C200&ssl=1","width":350,"height":200},"classes":[]},{"id":8174,"url":"https:\/\/www.ufukonen.com\/tr\/2023-daw-anketi.html","url_meta":{"origin":8402,"position":4},"title":"2023 DAW Anketi","date":"December 11, 2023","format":false,"excerpt":"\u26a0\ufe0f Anket formu bu sayfan\u0131n alt k\u0131sm\u0131nda yer almaktad\u0131r, siteden ayr\u0131lmadan kat\u0131labilirsiniz. 2016 y\u0131l\u0131nda T\u00fcrkiye'de m\u00fczik teknolojisi alan\u0131nda \u00e7al\u0131\u015fanlar\u0131n ve bu alana ilgisi olanlar\u0131n DAW (Digital Audio Workstation) tercihlerini tespit edebilmek amac\u0131yla bir anket d\u00fczenledim. \u0130ki sorudan olu\u015fan bu anket olduk\u00e7a b\u00fcy\u00fck ilgi g\u00f6rd\u00fc. Sonu\u00e7lar\u0131 sizlerle payla\u015ft\u0131m, sosyal medya platformlar\u0131nda\u2026","rel":"","context":"In &quot;Ses ve M\u00fczik Teknolojileri&quot;","img":{"alt_text":"","src":"https:\/\/i0.wp.com\/www.ufukonen.com\/tr\/wp-content\/uploads\/2023_DAW_Anketi.jpg?resize=350%2C200&ssl=1","width":350,"height":200},"classes":[]},{"id":8431,"url":"https:\/\/www.ufukonen.com\/tr\/2024-daw-anketi-sonuclari.html","url_meta":{"origin":8402,"position":5},"title":"2024 DAW Anketi Sonu\u00e7lar\u0131","date":"January 20, 2025","format":false,"excerpt":"Bu y\u0131l dokuzuncusunu d\u00fczenledi\u011fim DAW anketinin sonu\u00e7lar\u0131 belli oldu! 18 Kas\u0131m 2024 ile 16 Ocak 2025 tarihleri aras\u0131nda a\u00e7\u0131k kalan 2024 DAW anketine 1247 ki\u015fi kat\u0131ld\u0131. 2024 anketinin sonu\u00e7lar\u0131 \u00f6nceki anketlerin sonu\u00e7lar\u0131na g\u00f6re daha farkl\u0131 (ve bence olduk\u00e7a da ilgin\u00e7)! Anketin sonu\u00e7lar\u0131n\u0131 detayl\u0131 bir \u015fekilde aktaraca\u011f\u0131m ve d\u00fc\u015f\u00fcncelerimi sizlerle payla\u015faca\u011f\u0131m.\u2026","rel":"","context":"In &quot;M\u00fczik Prod\u00fcksiyonu&quot;","img":{"alt_text":"","src":"https:\/\/i0.wp.com\/www.ufukonen.com\/tr\/wp-content\/uploads\/2024_DAW_Anketi_Sonuclari.jpg?resize=350%2C200&ssl=1","width":350,"height":200},"classes":[]}],"_links":{"self":[{"href":"https:\/\/www.ufukonen.com\/tr\/wp-json\/wp\/v2\/posts\/8402"}],"collection":[{"href":"https:\/\/www.ufukonen.com\/tr\/wp-json\/wp\/v2\/posts"}],"about":[{"href":"https:\/\/www.ufukonen.com\/tr\/wp-json\/wp\/v2\/types\/post"}],"author":[{"embeddable":true,"href":"https:\/\/www.ufukonen.com\/tr\/wp-json\/wp\/v2\/users\/2"}],"replies":[{"embeddable":true,"href":"https:\/\/www.ufukonen.com\/tr\/wp-json\/wp\/v2\/comments?post=8402"}],"version-history":[{"count":23,"href":"https:\/\/www.ufukonen.com\/tr\/wp-json\/wp\/v2\/posts\/8402\/revisions"}],"predecessor-version":[{"id":8430,"href":"https:\/\/www.ufukonen.com\/tr\/wp-json\/wp\/v2\/posts\/8402\/revisions\/8430"}],"wp:featuredmedia":[{"embeddable":true,"href":"https:\/\/www.ufukonen.com\/tr\/wp-json\/wp\/v2\/media\/8419"}],"wp:attachment":[{"href":"https:\/\/www.ufukonen.com\/tr\/wp-json\/wp\/v2\/media?parent=8402"}],"wp:term":[{"taxonomy":"category","embeddable":true,"href":"https:\/\/www.ufukonen.com\/tr\/wp-json\/wp\/v2\/categories?post=8402"},{"taxonomy":"post_tag","embeddable":true,"href":"https:\/\/www.ufukonen.com\/tr\/wp-json\/wp\/v2\/tags?post=8402"}],"curies":[{"name":"wp","href":"https:\/\/api.w.org\/{rel}","templated":true}]}}