{"id":8522,"date":"2025-04-23T15:35:25","date_gmt":"2025-04-23T12:35:25","guid":{"rendered":"https:\/\/www.ufukonen.com\/tr\/?p=8522"},"modified":"2025-07-15T02:04:25","modified_gmt":"2025-07-14T23:04:25","slug":"vokalde-eq-kullanimi","status":"publish","type":"post","link":"https:\/\/www.ufukonen.com\/tr\/vokalde-eq-kullanimi.html","title":{"rendered":"Vokalde EQ Kullan\u0131m\u0131: Modern, Profesyonel ve Temiz Bir Ses \u0130\u00e7in \u0130pu\u00e7lar\u0131"},"content":{"rendered":"\n<p>Bana en \u00e7ok sorulan sorulardan biri \u015fu: &#8220;Vokal i\u00e7in EQ ayarlar\u0131n\u0131 nas\u0131l yapmal\u0131y\u0131m?&#8221; Hangi frekanslar\u0131 se\u00e7meli, ne kadar a\u00e7mal\u0131, ne kadar azaltmal\u0131&#8230; A\u00e7\u0131k\u00e7as\u0131 m\u00fczik prod\u00fcksiyonuna ilk ba\u015flad\u0131\u011f\u0131mda benim de en \u00e7ok merak etti\u011fim konulardan biri buydu&#8230;&nbsp;<\/p>\n\n\n\n<p>Benim m\u00fczik prod\u00fcksiyonuna ba\u015flad\u0131\u011f\u0131m zaman internet yoktu. Evet, baya\u011f\u0131 uzun bir zaman \u00f6ncesinden bahsediyoruz! \u0130nternet olmad\u0131\u011f\u0131 i\u00e7in tahmin edebilece\u011finiz gibi her \u015fey \u00e7ok s\u0131n\u0131rl\u0131yd\u0131. B\u00fcy\u00fck bir \u00e7aba ile ara\u015ft\u0131r\u0131r, bulabildi\u011fim t\u00fcm kaynaklar\u0131 okur, denk geldi\u011fim herkese sorard\u0131m: &#8220;Vokal i\u00e7in ideal EQ ayar\u0131 nedir?&#8221;<\/p>\n\n\n\n<p>Cevaplar genellikle ayn\u0131yd\u0131: &#8220;EQ ayar\u0131nda ezber olmaz. Her zaman kula\u011f\u0131nla karar ver.&#8221;&nbsp;<\/p>\n\n\n\n<p>Elbette do\u011fru ama bu cevap \u00f6zellikle yolun ba\u015f\u0131ndaki biri i\u00e7in pek tatmin edici olmuyor. \u00c7\u00fcnk\u00fc kula\u011f\u0131n e\u011fitilmesi hem teknik bilgi hem de zaman isteyen bir s\u00fcre\u00e7.&nbsp;<\/p>\n\n\n\n<p>G\u00fcn\u00fcm\u00fczde bilgiye ula\u015fmak art\u0131k \u00e7ok daha kolay. YouTube videolar\u0131, forumlar, makaleler, say\u0131s\u0131z kaynak\u2026 Ama bu bilgiler genellikle par\u00e7a par\u00e7a kar\u015f\u0131m\u0131za \u00e7\u0131k\u0131yor. O y\u00fczden b\u00f6yle bir konuyu tek bir yaz\u0131da, derli toplu bir \u015fekilde ele almak istedim.<\/p>\n\n\n\n<p>Bu yaz\u0131da size vokalde EQ uygularken i\u015fe yarayabilecek baz\u0131 ba\u015flang\u0131\u00e7 noktalar\u0131 payla\u015fmak istiyorum. Bunlar kural de\u011fil, rehber. Buradaki \u00f6nerileri kula\u011f\u0131n\u0131za g\u00fcvenmeniz i\u00e7in ilk ad\u0131mlar\u0131 kolayla\u015ft\u0131racak k\u00fc\u00e7\u00fck ipu\u00e7lar\u0131 gibi d\u00fc\u015f\u00fcnebilirsiniz.<\/p>\n\n\n\n<div style=\"height:25px\" aria-hidden=\"true\" class=\"wp-block-spacer\"><\/div>\n\n\n\n<h3>Vokale G\u00fc\u00e7 Katmak m\u0131? \u00d6nce Alt Frekanslara Bak\u0131n!<\/h3>\n\n\n\n<p>Vokal kayd\u0131nda sesi g\u00fc\u00e7l\u00fc, s\u0131cak ve dolgun duyurmak istiyorsan\u0131z, i\u015fe alt frekanslardan ba\u015flamak iyi bir fikir olabilir. 80 ila 250 Hz aras\u0131, vokalin g\u00f6vdesini olu\u015fturan frekans aral\u0131\u011f\u0131d\u0131r. Bu b\u00f6lgeye \u00f6zenli bir \u015fekilde dokunmak, vokalin hem sa\u011flam durmas\u0131n\u0131 hem de miksin i\u00e7inde kendine yer bulmas\u0131n\u0131 sa\u011flar.<\/p>\n\n\n\n<p>Yaln\u0131z dikkat! Bu frekans b\u00f6lgesine fazla y\u00fcklenirsek i\u015fler kar\u0131\u015fabiliyor: Bo\u011fukluk, u\u011fultu, netlik kayb\u0131\u2026 \u00d6zellikle yak\u0131n mesafeden al\u0131nan kay\u0131tlarda mikrofonun proximity effect&#8217;inden dolay\u0131 bu b\u00f6lge kolayca \u015fi\u015febiliyor.<\/p>\n\n\n\n<p>Peki ne yapmak laz\u0131m? \u0130\u015fte baz\u0131 pratik \u00f6neriler:<\/p>\n\n\n\n<h5><strong>\u0130lk i\u015f: dip frekanslar\u0131 temizlemek<\/strong><\/h5>\n\n\n\n<ul><li>Vokalde i\u015fimize yaramayacak d\u00fc\u015f\u00fck frekanslar\u0131 kesmek i\u00e7in low-cut filtre neredeyse her zaman i\u015fe yarar. Erkek vokallerde genelde 75-100 Hz alt\u0131n\u0131, kad\u0131n vokallerdeyse 100-120 Hz alt\u0131n\u0131 kesmek iyi bir ba\u015flang\u0131\u00e7 noktas\u0131 olabilir.<\/li><\/ul>\n\n\n\n<h5><strong>\u0130nce ve c\u0131l\u0131z gelen vokaller i\u00e7in:<\/strong><\/h5>\n\n\n\n<ul><li>125-250 Hz aras\u0131nda hafif bir boost (mesela +1 ila +3 dB) vokale s\u0131cakl\u0131k ve g\u00f6vde kazand\u0131rabilir. Ama k\u00fc\u00e7\u00fck dokunu\u015flarla! Bu b\u00f6lge fazla \u015fi\u015ferse vokal bulan\u0131kla\u015fabilir.<\/li><\/ul>\n\n\n\n<h5><strong>Bo\u011fuk mu geliyor?<\/strong><\/h5>\n\n\n\n<ul><li>150-250 Hz civar\u0131nda hafif bir kesme (yakla\u015f\u0131k -3 dB gibi) vokalin daha net ve a\u00e7\u0131k duyulmas\u0131n\u0131 sa\u011flar.<\/li><\/ul>\n\n\n\n<h5><strong>Vokal, baslar\u0131 bask\u0131n bir miksin i\u00e7inde kayboluyorsa:<\/strong><\/h5>\n\n\n\n<ul><li>Kick, bas gitar gibi enstr\u00fcmanlarda bu frekans b\u00f6lgesinde (100-250 Hz) dar bantl\u0131 azaltmalar yapmak, vokalin ortaya \u00e7\u0131kmas\u0131na yard\u0131mc\u0131 olabilir.<\/li><\/ul>\n\n\n\n<p>Bu b\u00f6lgeyle ilgili en \u00f6nemli ipucu ise \u015fu: <strong>&#8220;Az, \u00e7oktur&#8221; (&#8220;less is more&#8221;)<\/strong>. K\u00fc\u00e7\u00fck ayarlarla b\u00fcy\u00fck farklar yaratabilirsiniz. Dengeyi korumak her zaman ilk \u00f6ncelik olmal\u0131.<\/p>\n\n\n\n<div style=\"height:25px\" aria-hidden=\"true\" class=\"wp-block-spacer\"><\/div>\n\n\n\n<h3>Vokal Neden Bulan\u0131k, S\u0131k\u0131\u015f\u0131k veya \u0130nce \u0130nce Geliyor? Su\u00e7lu Alt-Orta Frekanslar Olabilir<\/h3>\n\n\n\n<p>250 ila 800 Hz aras\u0131, vokalin dolgunlu\u011funu ve s\u0131cakl\u0131\u011f\u0131n\u0131 belirleyen b\u00f6lge. Ama ayn\u0131 zamanda miksin en s\u0131k kar\u0131\u015f\u0131kl\u0131k \u00e7\u0131kard\u0131\u011f\u0131 alan da buras\u0131. Buras\u0131 \u00f6yle bir b\u00f6lge ki, dikkatli davranmazsan\u0131z vokal, gitar, piyano, bas ve synth&#8217;ler birbirlerine girer. Sonu\u00e7 olarak elimizde \u00e7amurlu, kapal\u0131, bo\u011fuk bir ses y\u0131\u011f\u0131n\u0131 kal\u0131r.<\/p>\n\n\n\n<p>Peki \u00e7\u00f6z\u00fcm ne? K\u00fc\u00e7\u00fck ama bilin\u00e7li EQ dokunu\u015flar\u0131. \u0130\u015fte bu b\u00f6lgeyle ilgili baz\u0131 pratik t\u00fcyolar:<\/p>\n\n\n\n<h5><strong>\u00c7amuru temizlemek istiyorsan\u0131z 300-400 Hz aral\u0131\u011f\u0131n\u0131 dinleyin:<\/strong><\/h5>\n\n\n\n<ul><li>Vokal bulan\u0131k geliyorsa, bu aral\u0131ktaki fazlal\u0131klar\u0131 hafif\u00e7e kesmek (\u00f6rne\u011fin -1 ila -3 dB civar\u0131) vokalin a\u00e7\u0131lmas\u0131n\u0131 sa\u011flar.<\/li><\/ul>\n\n\n\n<h5><strong>Kutu gibi duyulan vokallere dikkat!<\/strong><\/h5>\n\n\n\n<ul><li>Vokal sanki bir kutunun i\u00e7inden geliyormu\u015f gibi mi? 500-800 Hz aral\u0131\u011f\u0131n\u0131 deneyin. K\u00fc\u00e7\u00fck bir azaltma (mesela -2 ila -4 dB) daha ferah bir sonu\u00e7 verebilir.<\/li><\/ul>\n\n\n\n<h5><strong>Nazal tonlar\u0131 yumu\u015fatmak isterseniz:<\/strong><\/h5>\n\n\n\n<ul><li>800 Hz \u2013 2 kHz aras\u0131nda bir yerlerde hafif bir kesme, o burun t\u0131n\u0131s\u0131n\u0131 biraz t\u00f6rp\u00fcleyebilir.<\/li><\/ul>\n\n\n\n<h5><strong>Vokal \u00e7ok ince ve zay\u0131f m\u0131 geliyor?<\/strong><\/h5>\n\n\n\n<ul><li>Erkek vokallerde 200-500 Hz, kad\u0131n vokallerde 400-800 Hz aral\u0131\u011f\u0131nda hafif bir art\u0131rma (+1 ila +3 dB) sesi biraz daha &#8220;toparlar&#8221;, g\u00f6vde kazand\u0131r\u0131r.<\/li><\/ul>\n\n\n\n<h5><strong>Sadece vokale de\u011fil, di\u011fer enstr\u00fcmanlara da dikkat!<\/strong><\/h5>\n\n\n\n<ul><li>Vokali maskeleyen gitar, synth veya bas gibi enstr\u00fcmanlar\u0131n da bu b\u00f6lgede fazla yer kaplad\u0131\u011f\u0131n\u0131 fark edebilirsiniz. Onlara k\u00fc\u00e7\u00fck EQ kesintileri yaparak vokale yer a\u00e7abilirsiniz.<\/li><\/ul>\n\n\n\n<p>T\u0131pk\u0131 alt frekans b\u00f6lgesinde oldu\u011fu gibi, burada da ayn\u0131 alt\u0131n kural ge\u00e7erli: <strong>&#8220;Az, \u00e7oktur&#8221; (&#8220;less is more&#8221;)<\/strong>. Ufak m\u00fcdahalelerle b\u00fcy\u00fck fark yaratabilirsiniz. A\u015f\u0131r\u0131ya ka\u00e7arsan\u0131z vokal dengesini kaybeder, do\u011fal olmayan bir hale gelir.<\/p>\n\n\n\n<div style=\"height:25px\" aria-hidden=\"true\" class=\"wp-block-spacer\"><\/div>\n\n\n\n<h2>Vokal Neden Geri Planda Kal\u0131yor? \u00dcst-Orta Frekanslara Bir Bakal\u0131m<\/h2>\n\n\n\n<p>Vokal miksin i\u00e7inde geri planda kal\u0131yor, s\u00f6zler net anla\u015f\u0131lm\u0131yor mu? Sorunun kayna\u011f\u0131 \u00fcst-orta frekanslar olabilir. \u00d6zellikle 2.5\u20134.5 kHz aras\u0131, vokalin anla\u015f\u0131labilirli\u011fi i\u00e7in kritik bir b\u00f6lge. Buras\u0131 insan kula\u011f\u0131n\u0131n en hassas oldu\u011fu frekans aral\u0131\u011f\u0131. 5-6 kHz aras\u0131 ise vokalin yak\u0131nl\u0131\u011f\u0131, yani dinleyiciye &#8220;yak\u0131ndan konu\u015fuyormu\u015f&#8221; hissi vermesi a\u00e7\u0131s\u0131ndan olduk\u00e7a \u00f6nemli.<\/p>\n\n\n\n<p>\u0130\u015fte birka\u00e7 pratik \u00f6neri:<\/p>\n\n\n\n<h5><strong>Vokal net gelmiyor mu?<\/strong><\/h5>\n\n\n\n<ul><li>E\u011fer vokal tam olarak anla\u015f\u0131lm\u0131yorsa, 2.5\u20134.5 kHz aras\u0131nda hafif bir boost (+1 ila +3 dB) vokalin daha belirgin ve anla\u015f\u0131l\u0131r duyulmas\u0131n\u0131 sa\u011flar.<\/li><\/ul>\n\n\n\n<h5><strong>Vokal \u00e7ok uzaktan m\u0131 geliyor?<\/strong><\/h5>\n\n\n\n<ul><li>Dinleyiciye \u201cyak\u0131n\u201d bir his vermeyen, geri planda kalan vokaller i\u00e7in 5\u20136 kHz civar\u0131na geni\u015f Q ile yap\u0131lacak k\u00fc\u00e7\u00fck bir art\u0131rma, sesi \u00f6ne ta\u015f\u0131yabilir.<\/li><\/ul>\n\n\n\n<h5><strong>Sertlik ve metalik t\u0131n\u0131ya dikkat!<\/strong><\/h5>\n\n\n\n<ul><li>Bu aral\u0131ktaki fazla boost, vokalin kula\u011fa sert, yapay ya da metalik gelmesine neden olabilir. Bu y\u00fczden m\u00fcdahaleleri k\u00fc\u00e7\u00fck tutmakta fayda var.<\/li><\/ul>\n\n\n\n<h5><strong>EQ ile de\u011fil, seviye ile ilgili olabilir mi?<\/strong><\/h5>\n\n\n\n<ul><li>E\u011fer bu b\u00f6lgeye boost yapmana ra\u011fmen vokal h\u00e2l\u00e2 duyulmuyorsa, belki de sorun EQ de\u011fildir. Vokal kanal\u0131n\u0131n genel seviyesi miks i\u00e7inde yeterince y\u00fcksek olmayabilir.<\/li><\/ul>\n\n\n\n<p>Ve son bir t\u00fcyo: <strong>E\u011fer vokal zaten do\u011fal haliyle bu aral\u0131kta iyiyse, dokunmay\u0131n. <\/strong>Onun yerine vokali g\u00f6lgeleyen di\u011fer enstr\u00fcmanlar\u0131n bu frekanslar\u0131n\u0131 biraz keserek vokale alan a\u00e7abilirsiniz. Bazen &#8220;yer a\u00e7mak&#8221;, &#8220;ses a\u00e7mak&#8221;tan daha etkili olur!<\/p>\n\n\n\n<div style=\"height:25px\" aria-hidden=\"true\" class=\"wp-block-spacer\"><\/div>\n\n\n\n<h3>O &#8220;Profesyonel Miks&#8221; Hissini Veren Frekanslar Hangileri?<\/h3>\n\n\n\n<p>Vokalinizin daha a\u00e7\u0131k, ferah ve hem modern hem de profesyonel duyulmas\u0131n\u0131 istiyorsan\u0131z, \u00fcst frekanslarla aran\u0131z iyi olmal\u0131. 8 kHz ve \u00fczeri, sese parlakl\u0131k, a\u00e7\u0131kl\u0131k ve o me\u015fhur &#8220;hava&#8221; hissini verir. \u00d6zellikle modern prod\u00fcksiyonlarda vokali parlatmak i\u00e7in bu b\u00f6lgeye mutlaka baz\u0131 dokunu\u015flar yap\u0131l\u0131r.&nbsp;<\/p>\n\n\n\n<h5><strong>Vokal biraz daha parlak olabilir mi?<\/strong><\/h5>\n\n\n\n<ul><li>8-12 kHz aras\u0131nda shelving EQ ile yap\u0131lan +2 ila +4 dB civar\u0131nda hafif bir art\u0131rma, vokale netlik ve parlakl\u0131k kazand\u0131r\u0131r.<\/li><\/ul>\n\n\n\n<h5><strong>Kad\u0131n vokale \u201cipeksi\u201d bir his mi laz\u0131m?<\/strong><\/h5>\n\n\n\n<ul><li>Kad\u0131n vokallerde 15 kHz ve \u00fcst\u00fcnde yap\u0131lacak hafif bir boost, sesi daha ferah ve havadar duyurabilir. Tabii ki yine k\u00fc\u00e7\u00fck miktarlarla.<\/li><\/ul>\n\n\n\n<h5><strong>Ferah olsun ama hiss sesi mi geliyor?<\/strong><\/h5>\n\n\n\n<ul><li>E\u011fer 8 kHz \u00fcst\u00fc hiss sesleri dikkat \u00e7ekmeye ba\u015flad\u0131ysa, klasik shelf EQ yerine parametric EQ ile 4\u20137 kHz aras\u0131nda daha kontroll\u00fc bir art\u0131rma deneyin. Alternatif olarak hiss frekanslar\u0131n\u0131 \u00f6nce bir spectral edit\u00f6rle temizleyip sonra EQ uygulayabilirsiniz.<\/li><\/ul>\n\n\n\n<h5><strong>Sibilans m\u0131 yap\u0131yor?<\/strong><\/h5>\n\n\n\n<ul><li>7-9 kHz civar\u0131ndaki boost\u2019lar sibilans\u0131 art\u0131rabilir. Bu durumda ya boost miktar\u0131n\u0131 azaltmal\u0131, ya da iyi bir de-esser ile kontrol alt\u0131na almal\u0131s\u0131n\u0131z. De-esser yeterli gelmiyorsa, bu frekans aral\u0131\u011f\u0131n\u0131 parametric EQ ile manuel olarak da yumu\u015fatabilirsiniz.<\/li><\/ul>\n\n\n\n<p><strong>Az ama \u00f6z kural\u0131 burada da ge\u00e7erli.<\/strong> Y\u00fcksek frekanslarda fazla boost yapmak sesi yapay ve plastik duyurabilir. +1 ila +4 dB gibi k\u00fc\u00e7\u00fck art\u0131\u015flarla \u00e7ok daha do\u011fal ve etkili sonu\u00e7lar elde edersiniz.<\/p>\n\n\n\n<div style=\"height:25px\" aria-hidden=\"true\" class=\"wp-block-spacer\"><\/div>\n\n\n\n<h3>Her vokal e\u015fsizdir.<\/h3>\n\n\n\n<p>Vokalin e\u015fsizli\u011fi koruyarak sesin karakterini \u00f6ne \u00e7\u0131karmak, iyi bir prod\u00fcksiyonun belki de en \u00f6nemli ad\u0131m\u0131d\u0131r.<\/p>\n\n\n\n<p>Bu yaz\u0131da payla\u015ft\u0131\u011f\u0131m\u0131z bilgiler, kesin kurallar de\u011fil, kula\u011f\u0131n\u0131za yol g\u00f6sterecek ba\u015flang\u0131\u00e7 noktalar\u0131d\u0131r. Bu bilgiler rehberlik etsin, denemelerinizde size yol g\u00f6stersin ama son karar\u0131 her zaman kula\u011f\u0131n\u0131z versin.<\/p>\n\n\n\n<div style=\"height:50px\" aria-hidden=\"true\" class=\"wp-block-spacer\"><\/div>\n\n\n\n<p>Teknik terimler i\u00e7in <a href=\"http:\/\/www.ufukonen.com\/tr\/ses-kayit-muzik-teknolojisi-terimler-sozluk.html\">m\u00fczik teknolojisi, m\u00fczik prod\u00fcksiyonu ve ses kay\u0131t terimleri s\u00f6zl\u00fc\u011f\u00fcne<\/a> g\u00f6z atabilirsiniz.<\/p>\n\n\n\n<p>Benzer payla\u015f\u0131mlar i\u00e7in beni <a rel=\"noreferrer noopener\" href=\"https:\/\/www.facebook.com\/ufukonen.skmt\/\" target=\"_blank\">Facebook<\/a>, <a href=\"https:\/\/www.instagram.com\/ufukonen\/\" target=\"_blank\" rel=\"noreferrer noopener\" aria-label=\"Instagram (opens in a new tab)\">Instagram<\/a> ve <a rel=\"noreferrer noopener\" href=\"https:\/\/twitter.com\/UfukOnen\" target=\"_blank\">Twitter<\/a>&#8216;da takip edebilir, haberler i\u00e7in <a rel=\"noreferrer noopener\" href=\"http:\/\/ufukonen.com\/tr\/ses-kayit-muzik-teknolojisi-terimler-sozluk.html\" target=\"_blank\">mesaj listeme \u00fcye olabilirsiniz<\/a>. Te\u015fekk\u00fcrler.<\/p>\n\n\n\n<p>\u00a9 2025 Ufuk \u00d6nen. Her hakk\u0131 sakl\u0131d\u0131r. \u0130zinsiz kullan\u0131lamaz.<\/p>\n\n\n\n<p>Ba\u015fl\u0131k foto\u011fraf\u0131: <a rel=\"noreferrer noopener\" href=\"https:\/\/pixabay.com\/users\/pexels-2286921\/?utm_source=link-attribution&amp;utm_medium=referral&amp;utm_campaign=image&amp;utm_content=1844798\" target=\"_blank\">Pexels<\/a> from <a rel=\"noreferrer noopener\" href=\"https:\/\/pixabay.com\/\/?utm_source=link-attribution&amp;utm_medium=referral&amp;utm_campaign=image&amp;utm_content=1844798\" target=\"_blank\">Pixabay<\/a><\/p>\n","protected":false},"excerpt":{"rendered":"<p class=\"post-excerpt\">Bana en \u00e7ok sorulan sorulardan biri \u015fu: &#8220;Vokal i\u00e7in EQ ayarlar\u0131n\u0131 nas\u0131l yapmal\u0131y\u0131m?&#8221; Hangi frekanslar\u0131 se\u00e7meli, ne kadar a\u00e7mal\u0131, ne&#8230;<\/p>\n","protected":false},"author":2,"featured_media":8544,"comment_status":"closed","ping_status":"open","sticky":true,"template":"","format":"standard","meta":{"_mi_skip_tracking":false,"spay_email":"","jetpack_publicize_message":"","jetpack_is_tweetstorm":false,"jetpack_publicize_feature_enabled":true},"categories":[16],"tags":[],"jetpack_featured_media_url":"https:\/\/www.ufukonen.com\/tr\/wp-content\/uploads\/Vokalde_EQ_Kullanimi_00_Header.jpg","jetpack_publicize_connections":[],"jetpack_shortlink":"https:\/\/wp.me\/p3rjsG-2ds","jetpack_sharing_enabled":true,"jetpack-related-posts":[{"id":6445,"url":"https:\/\/www.ufukonen.com\/tr\/vokal-miksi-rehber-1.html","url_meta":{"origin":8522,"position":0},"title":"Vokal Miksi i\u00e7in Mini Rehber (1. B\u00f6l\u00fcm)","date":"March 15, 2021","format":false,"excerpt":"Bu yaz\u0131mda vokal miksi i\u00e7in kullanabilece\u011finiz sekiz ba\u015fl\u0131ktan olu\u015fan bir mini rehber haz\u0131rlad\u0131m. Her ba\u015fl\u0131\u011f\u0131n alt\u0131nda ilgili yaz\u0131lar\u0131n linklerini ekledim. \u0130lk olarak 22 Mart 2021'de yay\u0131nlanm\u0131\u015f olan bu mini rehber, 8 A\u011fustos 2022, 28 Kas\u0131m 2022, 20 Mart 2023 ve 7 A\u011fustos 2025 tarihlerinde g\u00fcncellenmi\u015ftir. Filtre ve EQKompres\u00f6rEQDe-esserSidechain Kompres\u00f6r Kullan\u0131m\u0131Saturation,\u2026","rel":"","context":"In &quot;M\u00fczik Prod\u00fcksiyonu&quot;","img":{"alt_text":"","src":"https:\/\/i0.wp.com\/www.ufukonen.com\/tr\/wp-content\/uploads\/Vokal_Miksi_Mini_Rehber_00_Header.jpg?resize=350%2C200&ssl=1","width":350,"height":200},"classes":[]},{"id":4234,"url":"https:\/\/www.ufukonen.com\/tr\/vokal-kaydi-birkac-tavsiye.html","url_meta":{"origin":8522,"position":1},"title":"Vokal Kayd\u0131: Birka\u00e7 Tavsiye","date":"October 8, 2018","format":false,"excerpt":"Bu yaz\u0131mda vokal kayd\u0131 ile ilgili birka\u00e7 tavsiyede bulunmak istiyorum. Ses Kay\u0131t ve M\u00fczik Teknolojileri (SKMT) adl\u0131 kitab\u0131mda vokal kayd\u0131 ile daha detayl\u0131 bilgiler bulabilirsiniz. Yine konu ile ilgili olarak, \"Bruce Swedien ile Vokal Kayd\u0131 \u00dczerine\" ba\u015fl\u0131kl\u0131 blog yaz\u0131m\u0131 okuyabilirsiniz. Mikrofon Se\u00e7imi Vokal kay\u0131tlar\u0131 i\u00e7in mikrofon se\u00e7erken ilk tercih genelde\u2026","rel":"","context":"In &quot;M\u00fczik Prod\u00fcksiyonu&quot;","img":{"alt_text":"","src":"https:\/\/i0.wp.com\/www.ufukonen.com\/tr\/wp-content\/uploads\/Vokal_Kaydi_Birkac_Tavsiye.jpg?resize=350%2C200&ssl=1","width":350,"height":200},"classes":[]},{"id":3896,"url":"https:\/\/www.ufukonen.com\/tr\/kompresor-eq-kullaniminda-siralama.html","url_meta":{"origin":8522,"position":2},"title":"\u00d6nce Kompres\u00f6r m\u00fc, Yoksa EQ mu? Kompres\u00f6r ve EQ Kullan\u0131m\u0131nda S\u0131ralama Nas\u0131l Olmal\u0131?","date":"May 14, 2018","format":false,"excerpt":"\u00d6nce kompres\u00f6r m\u00fc, yoksa EQ mu? Bu, hep sorulan ve tart\u0131\u015f\u0131lan klasik bir konu. Tek bir cevab\u0131 yok. Cevap hem duruma g\u00f6re hem de miksi yapan ki\u015finin teknik ve estetik yakla\u015f\u0131m\u0131na g\u00f6re de\u011fi\u015fiyor. Bu soruyu Miks \u00dczerine: M\u00fczik Prod\u00fcksiyonlar\u0131nda Miks Teknikleri ve \u00c7e\u015fitli Yakla\u015f\u0131mlar adl\u0131 kitab\u0131m i\u00e7in r\u00f6portaj yapt\u0131\u011f\u0131m t\u00fcm\u2026","rel":"","context":"In &quot;M\u00fczik Prod\u00fcksiyonu&quot;","img":{"alt_text":"","src":"https:\/\/i0.wp.com\/www.ufukonen.com\/tr\/wp-content\/uploads\/Kompresor_EQ_Once_Hangisi_720.jpg?resize=350%2C200&ssl=1","width":350,"height":200},"classes":[]},{"id":4452,"url":"https:\/\/www.ufukonen.com\/tr\/2018i-kapatirken.html","url_meta":{"origin":8522,"position":3},"title":"2018&#8217;i Kapat\u0131rken&#8230;","date":"December 31, 2018","format":false,"excerpt":"2018'i kapat\u0131rken bir yandan y\u0131l i\u00e7indeki projelerin ve geli\u015fmelerin bir \u00f6zetini sizlerle payla\u015fmak, di\u011fer yandan da yeni y\u0131l\u0131n\u0131z\u0131 kutlamak istedim. \u00d6ncelikle, blog yaz\u0131lar\u0131ma g\u00f6sterdi\u011finiz ilgiden dolay\u0131 \u00e7ok te\u015fekk\u00fcr ederim! 2012 y\u0131l\u0131nda bu adreste ara s\u0131ra yaz\u0131lar payla\u015fmaya ba\u015flam\u0131\u015ft\u0131m. 2017 Temmuz ay\u0131ndan bu yana ise her Pazartesi ses ve m\u00fczik teknolojileri\u2026","rel":"","context":"In &quot;Ders &amp; Workshop&quot;","img":{"alt_text":"","src":"https:\/\/i0.wp.com\/www.ufukonen.com\/tr\/wp-content\/uploads\/2018_Kapatirken_1280x720.jpg?resize=350%2C200&ssl=1","width":350,"height":200},"classes":[]},{"id":3999,"url":"https:\/\/www.ufukonen.com\/tr\/eq-kullanimi-birkac-tavsiye.html","url_meta":{"origin":8522,"position":4},"title":"EQ Kullan\u0131m\u0131: Birka\u00e7 Tavsiye","date":"June 18, 2018","format":false,"excerpt":"Bu yaz\u0131mda EQ kullan\u0131m\u0131 ile ilgili birka\u00e7 tavsiyede bulunmak istiyorum. Ses Kay\u0131t ve M\u00fczik Teknolojisi\u00a0(SKMT) adl\u0131 kitab\u0131mda EQ ile detayl\u0131 bilgiler, Miks \u00dczerine: M\u00fczik Prod\u00fcksiyonlar\u0131nda Miks Teknikleri ve \u00c7e\u015fitli Yakla\u015f\u0131mlar\u00a0(MPMT) adl\u0131 kitab\u0131mda ise EQ kullan\u0131m\u0131 hakk\u0131nda bir\u00e7ok miks m\u00fchendisinin g\u00f6r\u00fc\u015f ve tavsiyelerini\u00a0bulabilirsiniz. Ekim 2019 g\u00fcncelleme:\u00a0Gelen talepleri ve sorular\u0131 g\u00f6z \u00f6n\u00fcne\u2026","rel":"","context":"In &quot;M\u00fczik Prod\u00fcksiyonu&quot;","img":{"alt_text":"","src":"https:\/\/i0.wp.com\/www.ufukonen.com\/tr\/wp-content\/uploads\/EQ_Kullanimi_Birkac_Tavsiye_1080.jpg?resize=350%2C200&ssl=1","width":350,"height":200},"classes":[]},{"id":8191,"url":"https:\/\/www.ufukonen.com\/tr\/2023-en-cok-okunan.html","url_meta":{"origin":8522,"position":5},"title":"2023 Y\u0131l\u0131nda En \u00c7ok Okunan Blog Yaz\u0131lar\u0131m","date":"December 27, 2023","format":false,"excerpt":"Blog yaz\u0131lar\u0131m\u0131 takip edenler bilirler, her senenin sonunda o y\u0131l en \u00e7ok okunan blog yaz\u0131lar\u0131m\u0131 liste haline getirip okuyucular\u0131mla payla\u015f\u0131r\u0131m. 2023 i\u00e7in de farkl\u0131 bir durum yok. Liste haz\u0131r ancak listeden \u00f6nce bu y\u0131l beni mesleki a\u00e7\u0131dan en \u00e7ok heyecanland\u0131ran geli\u015fmeyi payla\u015fmak istiyorum. 2023 y\u0131l\u0131nda beni en \u00e7ok heyecanland\u0131ran geli\u015fme,\u2026","rel":"","context":"In &quot;M\u00fczik End\u00fcstrisi&quot;","img":{"alt_text":"","src":"https:\/\/i0.wp.com\/www.ufukonen.com\/tr\/wp-content\/uploads\/2023_En_Cok_Okunan_00_Header.jpg?resize=350%2C200&ssl=1","width":350,"height":200},"classes":[]}],"_links":{"self":[{"href":"https:\/\/www.ufukonen.com\/tr\/wp-json\/wp\/v2\/posts\/8522"}],"collection":[{"href":"https:\/\/www.ufukonen.com\/tr\/wp-json\/wp\/v2\/posts"}],"about":[{"href":"https:\/\/www.ufukonen.com\/tr\/wp-json\/wp\/v2\/types\/post"}],"author":[{"embeddable":true,"href":"https:\/\/www.ufukonen.com\/tr\/wp-json\/wp\/v2\/users\/2"}],"replies":[{"embeddable":true,"href":"https:\/\/www.ufukonen.com\/tr\/wp-json\/wp\/v2\/comments?post=8522"}],"version-history":[{"count":18,"href":"https:\/\/www.ufukonen.com\/tr\/wp-json\/wp\/v2\/posts\/8522\/revisions"}],"predecessor-version":[{"id":8559,"href":"https:\/\/www.ufukonen.com\/tr\/wp-json\/wp\/v2\/posts\/8522\/revisions\/8559"}],"wp:featuredmedia":[{"embeddable":true,"href":"https:\/\/www.ufukonen.com\/tr\/wp-json\/wp\/v2\/media\/8544"}],"wp:attachment":[{"href":"https:\/\/www.ufukonen.com\/tr\/wp-json\/wp\/v2\/media?parent=8522"}],"wp:term":[{"taxonomy":"category","embeddable":true,"href":"https:\/\/www.ufukonen.com\/tr\/wp-json\/wp\/v2\/categories?post=8522"},{"taxonomy":"post_tag","embeddable":true,"href":"https:\/\/www.ufukonen.com\/tr\/wp-json\/wp\/v2\/tags?post=8522"}],"curies":[{"name":"wp","href":"https:\/\/api.w.org\/{rel}","templated":true}]}}