{"id":8554,"date":"2025-07-15T02:17:18","date_gmt":"2025-07-14T23:17:18","guid":{"rendered":"https:\/\/www.ufukonen.com\/tr\/?p=8554"},"modified":"2025-11-10T00:33:51","modified_gmt":"2025-11-09T21:33:51","slug":"mikrofon-hocalarda-2025","status":"publish","type":"post","link":"https:\/\/www.ufukonen.com\/tr\/mikrofon-hocalarda-2025.html","title":{"rendered":"Kay\u0131tta m\u0131s\u0131n? &#8211; Mikrofon Hocalarda (YouTube Serisi)"},"content":{"rendered":"\n<p>Bir YouTube serisine ba\u015flad\u0131m: <strong>KAYITTA MISIN?<\/strong> Bu serinin ilk sezonunun ad\u0131 <strong>M\u0130KROFON HOCALARDA<\/strong>. T\u00fcrkiye\u2019deki \u00e7e\u015fitli \u00fcniversitelerin m\u00fczik teknolojisi b\u00f6l\u00fcmlerinden hocalarla sohbet ediyorum.<\/p>\n\n\n\n<p>Her b\u00f6l\u00fcmde \u015fu konulara de\u011finiyoruz:<\/p>\n\n\n\n<ul><li>B\u00f6l\u00fcm yap\u0131lar\u0131<\/li><li>E\u011fitim i\u00e7erikleri<\/li><li>Giri\u015f s\u0131navlar\u0131<\/li><li>Adaylarda aranan \u00f6zellikler<\/li><\/ul>\n\n\n\n<p>Yeni b\u00f6l\u00fcmler geldik\u00e7e bu sayfaya ekleyece\u011fim. Takipte kal\u0131n!<\/p>\n\n\n\n<hr class=\"wp-block-separator is-style-wide\"\/>\n\n\n\n<figure class=\"wp-block-image size-large\"><img loading=\"lazy\" width=\"1024\" height=\"247\" src=\"https:\/\/www.ufukonen.com\/tr\/wp-content\/uploads\/SKMT_Egitim_Programi_Header-1024x247.png\" alt=\"\" class=\"wp-image-8603\" srcset=\"https:\/\/www.ufukonen.com\/tr\/wp-content\/uploads\/SKMT_Egitim_Programi_Header-1024x247.png 1024w, https:\/\/www.ufukonen.com\/tr\/wp-content\/uploads\/SKMT_Egitim_Programi_Header-300x72.png 300w, https:\/\/www.ufukonen.com\/tr\/wp-content\/uploads\/SKMT_Egitim_Programi_Header-768x185.png 768w, https:\/\/www.ufukonen.com\/tr\/wp-content\/uploads\/SKMT_Egitim_Programi_Header-1140x275.png 1140w, https:\/\/www.ufukonen.com\/tr\/wp-content\/uploads\/SKMT_Egitim_Programi_Header-552x133.png 552w, https:\/\/www.ufukonen.com\/tr\/wp-content\/uploads\/SKMT_Egitim_Programi_Header.png 1280w\" sizes=\"(max-width: 1024px) 100vw, 1024px\" \/><\/figure>\n\n\n\n<blockquote class=\"wp-block-quote has-text-align-center\"><p>Ses Kay\u0131t ve M\u00fczik Teknolojileri E\u011fitim Program\u0131&#8217;n\u0131n yeni d\u00f6nemi Ocak 2026&#8217;da ba\u015fl\u0131yor. \u00dcniversitelerin m\u00fczik teknolojileri b\u00f6l\u00fcmlerine haz\u0131rlananlar, yeni ba\u015flayanlar ve &#8220;neyi neden yapt\u0131\u011f\u0131n\u0131 bilerek&#8221; \u00fcretmek isteyenler, bilgi almak i\u00e7in l\u00fctfen formu doldurun:<\/p><p><a rel=\"noreferrer noopener\" href=\"https:\/\/forms.gle\/vZC2i2kptXRu8Myz5\" target=\"_blank\">https:\/\/forms.gle\/vZC2i2kptXRu8Myz5<\/a><\/p><\/blockquote>\n\n\n\n<hr class=\"wp-block-separator is-style-wide\"\/>\n\n\n\n<h3>1. B\u00f6l\u00fcm: Bah\u00e7e\u015fehir \u00dcniversitesi<\/h3>\n\n\n\n<p>\u0130lk b\u00f6l\u00fcmde konuklar\u0131m <strong>Bah\u00e7e\u015fehir \u00dcniversitesi<\/strong>, M\u00fczik Teknolojisi B\u00f6l\u00fcm\u00fc&#8217;nden <strong>Burak Tamer<\/strong> ve <strong>Bark\u0131n Engin<\/strong>.<\/p>\n\n\n\n<figure class=\"wp-block-embed is-type-video is-provider-youtube wp-block-embed-youtube wp-embed-aspect-16-9 wp-has-aspect-ratio\"><div class=\"wp-block-embed__wrapper\">\n<span class=\"embed-youtube\" style=\"text-align:center; display: block;\"><iframe loading=\"lazy\" class=\"youtube-player\" width=\"700\" height=\"394\" src=\"https:\/\/www.youtube.com\/embed\/OUpmkTtzqs8?version=3&#038;rel=1&#038;showsearch=0&#038;showinfo=1&#038;iv_load_policy=1&#038;fs=1&#038;hl=en-US&#038;autohide=2&#038;wmode=transparent\" allowfullscreen=\"true\" style=\"border:0;\" sandbox=\"allow-scripts allow-same-origin allow-popups allow-presentation\"><\/iframe><\/span>\n<\/div><\/figure>\n\n\n\n<p class=\"has-text-align-center\"><a rel=\"noreferrer noopener\" href=\"https:\/\/youtu.be\/OUpmkTtzqs8\" target=\"_blank\">Videoyu YouTube sitesinde \/ uygulamas\u0131nda izlemek i\u00e7in t\u0131klay\u0131n<\/a><\/p>\n\n\n\n<p>Bah\u00e7e\u015fehir \u00dcniversitesi (BAU) Konservatuvar\u0131 Ba\u011flant\u0131lar (2025):<\/p>\n\n\n\n<ul><li><a href=\"https:\/\/bau.edu.tr\/icerik\/17174-muzik-teknolojisi\" target=\"_blank\" rel=\"noreferrer noopener\">B\u00f6l\u00fcm Sayfas\u0131<\/a><\/li><li><a rel=\"noreferrer noopener\" href=\"https:\/\/bau.edu.tr\/haber\/19296-bau-konservatuvar-ozel-yetenek-sinavi-basvurulari-basladi\" target=\"_blank\">Ba\u015fvuru Sayfas\u0131<\/a><\/li><li><a rel=\"noreferrer noopener\" href=\"https:\/\/cdn.bau.edu.tr\/content\/uaz6ryxy6oykt-BAU%20KONSERVATUVAR%20&amp;%20%C3%96zel%20Yetenek%20S%C4%B1nav%20K%C4%B1lavuzu%202025-2026%20Taslak%20son%2013.06.2025.pdf\" target=\"_blank\">\u00d6zel Yetenek S\u0131nav K\u0131lavuzu<\/a><\/li><li><a rel=\"noreferrer noopener\" href=\"https:\/\/cdn.bau.edu.tr\/content\/d5d0xtejoujtf-Konservatuvar-%C3%96zel-Yetenek-S%C4%B1nav%C4%B1-Soru-%C3%96rnekleri.pdf\" target=\"_blank\">\u00d6rnek Sorular<\/a><\/li><\/ul>\n\n\n\n<hr class=\"wp-block-separator is-style-wide\"\/>\n\n\n\n<h3>2. B\u00f6l\u00fcm: Y\u0131ld\u0131z Teknik \u00dcniversitesi<\/h3>\n\n\n\n<p>\u0130kinci b\u00f6l\u00fcmde konu\u011fum <strong>Y\u0131ld\u0131z Tenik \u00dcniversitesi<\/strong>, Ses Sanatlar\u0131 Tasar\u0131m\u0131 Lisans Program\u0131&#8217;ndan <strong>Arda Eden<\/strong>.<\/p>\n\n\n\n<figure class=\"wp-block-embed is-type-video is-provider-youtube wp-block-embed-youtube wp-embed-aspect-16-9 wp-has-aspect-ratio\"><div class=\"wp-block-embed__wrapper\">\n<span class=\"embed-youtube\" style=\"text-align:center; display: block;\"><iframe loading=\"lazy\" class=\"youtube-player\" width=\"700\" height=\"394\" src=\"https:\/\/www.youtube.com\/embed\/M1N3C91jLRI?version=3&#038;rel=1&#038;showsearch=0&#038;showinfo=1&#038;iv_load_policy=1&#038;fs=1&#038;hl=en-US&#038;autohide=2&#038;wmode=transparent\" allowfullscreen=\"true\" style=\"border:0;\" sandbox=\"allow-scripts allow-same-origin allow-popups allow-presentation\"><\/iframe><\/span>\n<\/div><\/figure>\n\n\n\n<p class=\"has-text-align-center\"><a href=\"https:\/\/youtu.be\/M1N3C91jLRI\" target=\"_blank\" rel=\"noreferrer noopener\">Videoyu YouTube sitesinde \/ uygulamas\u0131nda izlemek i\u00e7in t\u0131klay\u0131n<\/a><\/p>\n\n\n\n<p>Y\u0131ld\u0131z Teknik \u00dcniversitesi, Ses Sanatlar\u0131 Tasar\u0131m\u0131 Lisans Program\u0131 Ba\u011flant\u0131lar (2025):<\/p>\n\n\n\n<ul><li><a rel=\"noreferrer noopener\" href=\"http:\/\/www.bologna.yildiz.edu.tr\/index.php?r=program%2Fview&amp;id=206&amp;aid=43\" target=\"_blank\">B\u00f6l\u00fcm Sayfas\u0131<\/a><\/li><\/ul>\n\n\n\n<hr class=\"wp-block-separator is-style-wide\"\/>\n\n\n\n<figure class=\"wp-block-image size-large\"><a href=\"https:\/\/www.ufukonen.com\/tr\/ufuk-onen-ses-muzik-teknolojisi-miks-kitaplar.html\" target=\"_blank\" rel=\"noopener noreferrer\"><img loading=\"lazy\" width=\"1024\" height=\"333\" src=\"https:\/\/www.ufukonen.com\/tr\/wp-content\/uploads\/Books-Drop-Shadow-2022-10-22-1920x625_rfs-1024x333.jpg\" alt=\"\" class=\"wp-image-8148\" srcset=\"https:\/\/www.ufukonen.com\/tr\/wp-content\/uploads\/Books-Drop-Shadow-2022-10-22-1920x625_rfs-1024x333.jpg 1024w, https:\/\/www.ufukonen.com\/tr\/wp-content\/uploads\/Books-Drop-Shadow-2022-10-22-1920x625_rfs-300x98.jpg 300w, https:\/\/www.ufukonen.com\/tr\/wp-content\/uploads\/Books-Drop-Shadow-2022-10-22-1920x625_rfs-768x250.jpg 768w, https:\/\/www.ufukonen.com\/tr\/wp-content\/uploads\/Books-Drop-Shadow-2022-10-22-1920x625_rfs-1536x500.jpg 1536w, https:\/\/www.ufukonen.com\/tr\/wp-content\/uploads\/Books-Drop-Shadow-2022-10-22-1920x625_rfs-1140x371.jpg 1140w, https:\/\/www.ufukonen.com\/tr\/wp-content\/uploads\/Books-Drop-Shadow-2022-10-22-1920x625_rfs-552x180.jpg 552w, https:\/\/www.ufukonen.com\/tr\/wp-content\/uploads\/Books-Drop-Shadow-2022-10-22-1920x625_rfs.jpg 1920w\" sizes=\"(max-width: 1024px) 100vw, 1024px\" \/><\/a><figcaption>Ses kay\u0131t, m\u00fczik teknolojileri ve m\u00fczik prod\u00fcksiyonu \u00fczerine kaynak kitaplar.<br><a rel=\"noreferrer noopener\" href=\"https:\/\/www.ufukonen.com\/tr\/ufuk-onen-ses-muzik-teknolojisi-miks-kitaplar.html\" target=\"_blank\">Bilgi ve imzal\u0131 sat\u0131\u015f linkleri i\u00e7in t\u0131klay\u0131n\u0131z.<\/a><\/figcaption><\/figure>\n\n\n\n<hr class=\"wp-block-separator is-style-wide\"\/>\n\n\n\n<h3>3. B\u00f6l\u00fcm: \u0130stanbul Teknik \u00dcniversitesi<\/h3>\n\n\n\n<p>\u00dc\u00e7\u00fcnc\u00fc b\u00f6l\u00fcmde konu\u011fum, <strong>\u0130stanbul Teknik \u00dcniversitesi (\u0130T\u00dc)<\/strong>, M\u00fczik Teknolojisi B\u00f6l\u00fcm\u00fc&#8217;nden <strong>Can Karado\u011fan<\/strong>.<\/p>\n\n\n\n<figure class=\"wp-block-embed is-type-video is-provider-youtube wp-block-embed-youtube wp-embed-aspect-16-9 wp-has-aspect-ratio\"><div class=\"wp-block-embed__wrapper\">\n<span class=\"embed-youtube\" style=\"text-align:center; display: block;\"><iframe loading=\"lazy\" class=\"youtube-player\" width=\"700\" height=\"394\" src=\"https:\/\/www.youtube.com\/embed\/M-EMzv566II?version=3&#038;rel=1&#038;showsearch=0&#038;showinfo=1&#038;iv_load_policy=1&#038;fs=1&#038;hl=en-US&#038;autohide=2&#038;wmode=transparent\" allowfullscreen=\"true\" style=\"border:0;\" sandbox=\"allow-scripts allow-same-origin allow-popups allow-presentation\"><\/iframe><\/span>\n<\/div><\/figure>\n\n\n\n<p class=\"has-text-align-center\"><a href=\"https:\/\/youtu.be\/M-EMzv566II\" target=\"_blank\" rel=\"noreferrer noopener\">Videoyu YouTube sitesinde \/ uygulamas\u0131nda izlemek i\u00e7in t\u0131klay\u0131n<\/a><\/p>\n\n\n\n<p>\u0130stanbul Teknik \u00dcniversitesi (\u0130T\u00dc) Konservatuvar\u0131 Ba\u011flant\u0131lar (2025):<\/p>\n\n\n\n<ul><li><a rel=\"noreferrer noopener\" href=\"https:\/\/tmdk.itu.edu.tr\/akademik\/lisans\/muzik-teknolojisi\" target=\"_blank\">B\u00f6l\u00fcm Sayfas\u0131<\/a><\/li><li><a rel=\"noreferrer noopener\" href=\"https:\/\/www.tyyc.itu.edu.tr\/ProgramHakkinda.php?Program=MZT_LS\" target=\"_blank\">Ba\u015fvuru Sayfas\u0131<\/a><\/li><\/ul>\n\n\n\n<hr class=\"wp-block-separator is-style-wide\"\/>\n\n\n\n<h3>4. B\u00f6l\u00fcm: Ankara M\u00fczik ve G\u00fczel Sanatlar \u00dcniversitesi (MG\u00dc)<\/h3>\n\n\n\n<p>D\u00f6rd\u00fcnc\u00fc b\u00f6l\u00fcmde konu\u011fum <strong>Ankara M\u00fczik ve G\u00fczel Sanatlar \u00dcniversitesi<\/strong> (MG\u00dc), M\u00fczik Teknolojisi B\u00f6l\u00fcm\u00fc&#8217;nden <strong>Abdurrahman Tarikci<\/strong>.<\/p>\n\n\n\n<figure class=\"wp-block-embed is-type-video is-provider-youtube wp-block-embed-youtube wp-embed-aspect-16-9 wp-has-aspect-ratio\"><div class=\"wp-block-embed__wrapper\">\n<span class=\"embed-youtube\" style=\"text-align:center; display: block;\"><iframe loading=\"lazy\" class=\"youtube-player\" width=\"700\" height=\"394\" src=\"https:\/\/www.youtube.com\/embed\/-wQGZU_Mehk?version=3&#038;rel=1&#038;showsearch=0&#038;showinfo=1&#038;iv_load_policy=1&#038;fs=1&#038;hl=en-US&#038;autohide=2&#038;wmode=transparent\" allowfullscreen=\"true\" style=\"border:0;\" sandbox=\"allow-scripts allow-same-origin allow-popups allow-presentation\"><\/iframe><\/span>\n<\/div><\/figure>\n\n\n\n<p class=\"has-text-align-center\"><a href=\"https:\/\/youtu.be\/-wQGZU_Mehk\" target=\"_blank\" rel=\"noreferrer noopener\">Videoyu YouTube sitesinde \/ uygulamas\u0131nda izlemek i\u00e7in t\u0131klay\u0131n<\/a><\/p>\n\n\n\n<p>Ankara M\u00fczik ve G\u00fczel Sanatlar \u00dcniversitesi, M\u00fczik Teknolojisi B\u00f6l\u00fcm\u00fc Ba\u011flant\u0131lar (2025):<\/p>\n\n\n\n<ul><li><a rel=\"noreferrer noopener\" href=\"https:\/\/www.mgu.edu.tr\/muzik-teknolojisi-bolumu\/\" target=\"_blank\">B\u00f6l\u00fcm Sayfas\u0131<\/a><\/li><li><a href=\"https:\/\/www.mgu.edu.tr\/ankara-muzik-ve-guzel-sanatlar-universitesi-2025-2026-egitim-ogretim-yili-lisans-ozel-yetenek-basvuru-ve-sinav-takvimi\/\" target=\"_blank\" rel=\"noreferrer noopener\">Ba\u015fvuru Sayfas\u0131<\/a><\/li><\/ul>\n\n\n\n<hr class=\"wp-block-separator is-style-wide\"\/>\n\n\n\n<h3>5. B\u00f6l\u00fcm: Dokuz Eyl\u00fcl \u00dcniversitesi<\/h3>\n\n\n\n<p>Be\u015finci b\u00f6l\u00fcmde konu\u011fum <strong>Dokuz Eyl\u00fcl \u00dcniversitesi<\/strong>, M\u00fczik Teknolojisi Anabilim Dal\u0131&#8217;ndan <strong>Cihan I\u015f\u0131khan<\/strong>.<\/p>\n\n\n\n<figure class=\"wp-block-embed is-type-video is-provider-youtube wp-block-embed-youtube wp-embed-aspect-16-9 wp-has-aspect-ratio\"><div class=\"wp-block-embed__wrapper\">\n<span class=\"embed-youtube\" style=\"text-align:center; display: block;\"><iframe loading=\"lazy\" class=\"youtube-player\" width=\"700\" height=\"394\" src=\"https:\/\/www.youtube.com\/embed\/0rpHH5xrSiM?version=3&#038;rel=1&#038;showsearch=0&#038;showinfo=1&#038;iv_load_policy=1&#038;fs=1&#038;hl=en-US&#038;autohide=2&#038;wmode=transparent\" allowfullscreen=\"true\" style=\"border:0;\" sandbox=\"allow-scripts allow-same-origin allow-popups allow-presentation\"><\/iframe><\/span>\n<\/div><\/figure>\n\n\n\n<p class=\"has-text-align-center\"><a href=\"https:\/\/youtu.be\/0rpHH5xrSiM\" target=\"_blank\" rel=\"noreferrer noopener\">Videoyu YouTube sitesinde \/ uygulamas\u0131nda izlemek i\u00e7in t\u0131klay\u0131n<\/a><\/p>\n\n\n\n<p>Dokuz Eyl\u00fcl \u00dcniversitesi Anabilim Dal\u0131 Ba\u011flant\u0131lar (2025):<\/p>\n\n\n\n<ul><li><a rel=\"noreferrer noopener\" href=\"https:\/\/gsf.deu.edu.tr\/tr\/muzikoloji\/muzik-teknolojisi-anabilim-dali\/\" target=\"_blank\">Anabilim Dal\u0131 Sayfas\u0131<\/a><\/li><li><a rel=\"noreferrer noopener\" href=\"https:\/\/www.deu.edu.tr\/file\/2025\/07\/Ozel_Yetenek_Sinavlari_Tablosu.pdf\" target=\"_blank\">Ba\u015fvuru Sayfas\u0131<\/a><\/li><\/ul>\n\n\n\n<hr class=\"wp-block-separator is-style-wide\"\/>\n\n\n\n<figure class=\"wp-block-image size-large\"><a href=\"https:\/\/www.ufukonen.com\/tr\/ufuk-onen-ses-muzik-teknolojisi-miks-kitaplar.html\" target=\"_blank\" rel=\"noopener noreferrer\"><img loading=\"lazy\" width=\"1024\" height=\"333\" src=\"https:\/\/www.ufukonen.com\/tr\/wp-content\/uploads\/Books-Drop-Shadow-2022-10-22-1920x625_rfs-1024x333.jpg\" alt=\"\" class=\"wp-image-8148\" srcset=\"https:\/\/www.ufukonen.com\/tr\/wp-content\/uploads\/Books-Drop-Shadow-2022-10-22-1920x625_rfs-1024x333.jpg 1024w, https:\/\/www.ufukonen.com\/tr\/wp-content\/uploads\/Books-Drop-Shadow-2022-10-22-1920x625_rfs-300x98.jpg 300w, https:\/\/www.ufukonen.com\/tr\/wp-content\/uploads\/Books-Drop-Shadow-2022-10-22-1920x625_rfs-768x250.jpg 768w, https:\/\/www.ufukonen.com\/tr\/wp-content\/uploads\/Books-Drop-Shadow-2022-10-22-1920x625_rfs-1536x500.jpg 1536w, https:\/\/www.ufukonen.com\/tr\/wp-content\/uploads\/Books-Drop-Shadow-2022-10-22-1920x625_rfs-1140x371.jpg 1140w, https:\/\/www.ufukonen.com\/tr\/wp-content\/uploads\/Books-Drop-Shadow-2022-10-22-1920x625_rfs-552x180.jpg 552w, https:\/\/www.ufukonen.com\/tr\/wp-content\/uploads\/Books-Drop-Shadow-2022-10-22-1920x625_rfs.jpg 1920w\" sizes=\"(max-width: 1024px) 100vw, 1024px\" \/><\/a><figcaption>Ses kay\u0131t, m\u00fczik teknolojileri ve m\u00fczik prod\u00fcksiyonu \u00fczerine kaynak kitaplar.<br><a rel=\"noreferrer noopener\" href=\"https:\/\/www.ufukonen.com\/tr\/ufuk-onen-ses-muzik-teknolojisi-miks-kitaplar.html\" target=\"_blank\">Bilgi ve imzal\u0131 sat\u0131\u015f linkleri i\u00e7in t\u0131klay\u0131n\u0131z.<\/a><\/figcaption><\/figure>\n\n\n\n<hr class=\"wp-block-separator is-style-wide\"\/>\n\n\n\n<p>Benzer payla\u015f\u0131mlar i\u00e7in beni <a rel=\"noreferrer noopener\" href=\"https:\/\/www.facebook.com\/ufukonen.skmt\/\" target=\"_blank\">Facebook<\/a>, <a rel=\"noreferrer noopener\" aria-label=\"Instagram (opens in a new tab)\" href=\"https:\/\/www.instagram.com\/ufukonen\/\" target=\"_blank\">Instagram<\/a> ve <a rel=\"noreferrer noopener\" href=\"https:\/\/twitter.com\/UfukOnen\" target=\"_blank\">Twitter<\/a>&#8216;da takip edebilir, haberler i\u00e7in <a rel=\"noreferrer noopener\" href=\"http:\/\/ufukonen.com\/tr\/ses-kayit-muzik-teknolojisi-terimler-sozluk.html\" target=\"_blank\">mesaj listeme \u00fcye olabilirsiniz<\/a>. Te\u015fekk\u00fcrler.<\/p>\n\n\n\n<p>\u00a9 2025 Ufuk \u00d6nen. Her hakk\u0131 sakl\u0131d\u0131r. \u0130zinsiz kullan\u0131lamaz.<\/p>\n","protected":false},"excerpt":{"rendered":"<p class=\"post-excerpt\">Bir YouTube serisine ba\u015flad\u0131m: KAYITTA MISIN? Bu serinin ilk sezonunun ad\u0131 M\u0130KROFON HOCALARDA. T\u00fcrkiye\u2019deki \u00e7e\u015fitli \u00fcniversitelerin m\u00fczik teknolojisi b\u00f6l\u00fcmlerinden hocalarla&#8230;<\/p>\n","protected":false},"author":2,"featured_media":8573,"comment_status":"closed","ping_status":"open","sticky":true,"template":"","format":"standard","meta":{"_mi_skip_tracking":false,"spay_email":"","jetpack_publicize_message":"","jetpack_is_tweetstorm":false,"jetpack_publicize_feature_enabled":true},"categories":[18],"tags":[],"jetpack_featured_media_url":"https:\/\/www.ufukonen.com\/tr\/wp-content\/uploads\/Mikrofon-Hocalarda-YouTube-Thumbnail-YTU-1080-Compressed.jpg","jetpack_publicize_connections":[],"jetpack_shortlink":"https:\/\/wp.me\/p3rjsG-2dY","jetpack_sharing_enabled":true,"jetpack-related-posts":[{"id":4032,"url":"https:\/\/www.ufukonen.com\/tr\/decca-tree.html","url_meta":{"origin":8554,"position":0},"title":"Decca Tree Stereo Mikrofonlama Tekni\u011fi","date":"July 16, 2018","format":false,"excerpt":"\u0130ki mikrofonun aralar\u0131nda belli bir mesafe b\u0131rak\u0131larak ses kayna\u011f\u0131n\u0131n \u00f6n\u00fcne yerle\u015ftirildi\u011fi stereo mikrofonlama tekni\u011fine AB veya 'spaced pair' ad\u0131 verilir. Spaced pair, T\u00fcrk\u00e7ede aralar\u0131nda mesafe olan \u00e7ift anlam\u0131na gelmektedir. Bu isim, bu teknikte iki mikrofonun birbirleri aras\u0131nda mesafe bulunmas\u0131 sebebi ile verilmi\u015ftir. Mikrofonlar\u0131n birbirlerine olan uzakl\u0131\u011f\u0131 kaydedilen ses kayna\u011f\u0131na ve\u2026","rel":"","context":"In &quot;M\u00fczik Prod\u00fcksiyonu&quot;","img":{"alt_text":"","src":"https:\/\/i0.wp.com\/www.ufukonen.com\/tr\/wp-content\/uploads\/decca_tree_io-vector_deccatree_1280x720.jpg?resize=350%2C200&ssl=1","width":350,"height":200},"classes":[]},{"id":4234,"url":"https:\/\/www.ufukonen.com\/tr\/vokal-kaydi-birkac-tavsiye.html","url_meta":{"origin":8554,"position":1},"title":"Vokal Kayd\u0131: Birka\u00e7 Tavsiye","date":"October 8, 2018","format":false,"excerpt":"Bu yaz\u0131mda vokal kayd\u0131 ile ilgili birka\u00e7 tavsiyede bulunmak istiyorum. Ses Kay\u0131t ve M\u00fczik Teknolojileri (SKMT) adl\u0131 kitab\u0131mda vokal kayd\u0131 ile daha detayl\u0131 bilgiler bulabilirsiniz. Yine konu ile ilgili olarak, \"Bruce Swedien ile Vokal Kayd\u0131 \u00dczerine\" ba\u015fl\u0131kl\u0131 blog yaz\u0131m\u0131 okuyabilirsiniz. Mikrofon Se\u00e7imi Vokal kay\u0131tlar\u0131 i\u00e7in mikrofon se\u00e7erken ilk tercih genelde\u2026","rel":"","context":"In &quot;M\u00fczik Prod\u00fcksiyonu&quot;","img":{"alt_text":"","src":"https:\/\/i0.wp.com\/www.ufukonen.com\/tr\/wp-content\/uploads\/Vokal_Kaydi_Birkac_Tavsiye.jpg?resize=350%2C200&ssl=1","width":350,"height":200},"classes":[]},{"id":4756,"url":"https:\/\/www.ufukonen.com\/tr\/gunumuzde-elektrogitar-kaydetmenin-5-yolu.html","url_meta":{"origin":8554,"position":2},"title":"G\u00fcn\u00fcm\u00fczde Elektrogitar Kaydetmenin 5 Yolu","date":"April 29, 2019","format":false,"excerpt":"Bir gitarist ve bir ses kay\u0131t m\u00fchendisi olarak y\u0131llarca gitar kay\u0131tlar\u0131yla u\u011fra\u015ft\u0131m. Her ne kadar gitar denilince akla h\u0131zla ilerleyen bir teknoloji gelmese de asl\u0131nda resmin tamam\u0131n\u0131 d\u00fc\u015f\u00fcnd\u00fc\u011f\u00fcm\u00fczde durum \u00f6yle de\u011fil. Gitar\u0131n kendisi ile ilgili b\u00fcy\u00fck de\u011fi\u015fiklikler olmad\u0131\u011f\u0131 do\u011fru. Di\u011fer yandan dijital teknoloji sayesinde gitar amplifikat\u00f6rlerini ve efekt pedallar\u0131n\u0131 modelleyip\u2026","rel":"","context":"In &quot;Ses ve M\u00fczik Teknolojileri&quot;","img":{"alt_text":"","src":"https:\/\/i0.wp.com\/www.ufukonen.com\/tr\/wp-content\/uploads\/Gitar_Kaydetmenin_5_Yolu.jpg?resize=350%2C200&ssl=1","width":350,"height":200},"classes":[]},{"id":3744,"url":"https:\/\/www.ufukonen.com\/tr\/gunumuzde-elektrogitar-kaydetmenin-4-yolu.html","url_meta":{"origin":8554,"position":3},"title":"G\u00fcn\u00fcm\u00fczde Elektrogitar Kaydetmenin 4 Yolu","date":"March 12, 2018","format":false,"excerpt":"Bir gitarist ve bir ses kay\u0131t m\u00fchendisi olarak y\u0131llarca gitar kay\u0131tlar\u0131yla u\u011fra\u015ft\u0131m. Her ne kadar gitar denilince akla h\u0131zla ilerleyen bir teknoloji gelmese de asl\u0131nda resmin tamam\u0131n\u0131 d\u00fc\u015f\u00fcnd\u00fc\u011f\u00fcm\u00fczde durum \u00f6yle de\u011fil. Gitar\u0131n kendisi ile ilgili b\u00fcy\u00fck de\u011fi\u015fiklikler olmad\u0131\u011f\u0131 do\u011fru. Di\u011fer yandan dijital teknoloji sayesinde gitar amplifikat\u00f6rlerini ve efekt pedallar\u0131n\u0131 modelleyip\u2026","rel":"","context":"In &quot;Ses ve M\u00fczik Teknolojileri&quot;","img":{"alt_text":"","src":"https:\/\/i0.wp.com\/www.ufukonen.com\/tr\/wp-content\/uploads\/Gitar_Kaydetmenin_4_Yolu.jpg?resize=350%2C200&ssl=1","width":350,"height":200},"classes":[]},{"id":7152,"url":"https:\/\/www.ufukonen.com\/tr\/ilk-mikrofonunu-alacaklar-tavsiye.html","url_meta":{"origin":8554,"position":4},"title":"\u0130lk Mikrofonunu Alacaklar \u0130\u00e7in Tavsiye","date":"January 17, 2022","format":false,"excerpt":"\"\u0130lk mikrofonumu alaca\u011f\u0131m, ne tavsiye edersiniz?\" \"Mikrofon al\u0131rken hangi \u00f6zelliklere dikkat etmeliyim?\" \"Bu i\u015fe yeni ba\u015fl\u0131yorum, nas\u0131l bir mikrofon almal\u0131y\u0131m?\" Bug\u00fcne kadar bir\u00e7ok ki\u015fi e-posta ve sosyal medya arac\u0131l\u0131\u011f\u0131 ile ya da y\u00fcz y\u00fcze g\u00f6r\u00fc\u015ft\u00fc\u011f\u00fcm\u00fczde s\u00f6zl\u00fc olarak bana bu sorular\u0131 sordular. \u0130lk mikrofonunu alacaklara bug\u00fcne kadar gerek yaz\u0131l\u0131 gerek s\u00f6zl\u00fc\u2026","rel":"","context":"In &quot;Ses ve M\u00fczik Teknolojileri&quot;","img":{"alt_text":"","src":"https:\/\/i0.wp.com\/www.ufukonen.com\/tr\/wp-content\/uploads\/Ilk_Mikrofon_00_Header.jpg?resize=350%2C200&ssl=1","width":350,"height":200},"classes":[]},{"id":6426,"url":"https:\/\/www.ufukonen.com\/tr\/kamera-mikrofon-tek-kanal-ses.html","url_meta":{"origin":8554,"position":5},"title":"Kamera, Mikrofon ve Tek Kanal Ses Sorunu","date":"March 1, 2021","format":false,"excerpt":"\"Kameraya XLR giri\u015fi \u00fczerinden mikrofon ba\u011fl\u0131yorum ama ses sadece tek taraftan geliyor, sesin her iki taraftan da gelmesi i\u00e7in nas\u0131l bir ba\u011flant\u0131 yapmam gerekiyor?\" Bu ve buna benzer sorular bana bir\u00e7ok defa soruldu. Ayn\u0131 \u015feyi defalarca anlatmak yerine bir blog yaz\u0131s\u0131 yazay\u0131m, soran olursa linki payla\u015f\u0131r\u0131m diye d\u00fc\u015f\u00fcnd\u00fcm! \u00d6ncelikle problemin\u2026","rel":"","context":"In &quot;Ses ve M\u00fczik Teknolojileri&quot;","img":{"alt_text":"","src":"https:\/\/i0.wp.com\/www.ufukonen.com\/tr\/wp-content\/uploads\/Kamera_Mikrofon_Tek_Kanal_00_Header_v3.jpg?resize=350%2C200&ssl=1","width":350,"height":200},"classes":[]}],"_links":{"self":[{"href":"https:\/\/www.ufukonen.com\/tr\/wp-json\/wp\/v2\/posts\/8554"}],"collection":[{"href":"https:\/\/www.ufukonen.com\/tr\/wp-json\/wp\/v2\/posts"}],"about":[{"href":"https:\/\/www.ufukonen.com\/tr\/wp-json\/wp\/v2\/types\/post"}],"author":[{"embeddable":true,"href":"https:\/\/www.ufukonen.com\/tr\/wp-json\/wp\/v2\/users\/2"}],"replies":[{"embeddable":true,"href":"https:\/\/www.ufukonen.com\/tr\/wp-json\/wp\/v2\/comments?post=8554"}],"version-history":[{"count":26,"href":"https:\/\/www.ufukonen.com\/tr\/wp-json\/wp\/v2\/posts\/8554\/revisions"}],"predecessor-version":[{"id":8606,"href":"https:\/\/www.ufukonen.com\/tr\/wp-json\/wp\/v2\/posts\/8554\/revisions\/8606"}],"wp:featuredmedia":[{"embeddable":true,"href":"https:\/\/www.ufukonen.com\/tr\/wp-json\/wp\/v2\/media\/8573"}],"wp:attachment":[{"href":"https:\/\/www.ufukonen.com\/tr\/wp-json\/wp\/v2\/media?parent=8554"}],"wp:term":[{"taxonomy":"category","embeddable":true,"href":"https:\/\/www.ufukonen.com\/tr\/wp-json\/wp\/v2\/categories?post=8554"},{"taxonomy":"post_tag","embeddable":true,"href":"https:\/\/www.ufukonen.com\/tr\/wp-json\/wp\/v2\/tags?post=8554"}],"curies":[{"name":"wp","href":"https:\/\/api.w.org\/{rel}","templated":true}]}}