{"id":861,"date":"2012-09-09T19:18:03","date_gmt":"2012-09-09T16:18:03","guid":{"rendered":"http:\/\/ufukonen.com\/tr\/?p=861"},"modified":"2013-04-05T19:49:06","modified_gmt":"2013-04-05T16:49:06","slug":"iaspm-konferansi-2012-manchester","status":"publish","type":"post","link":"https:\/\/www.ufukonen.com\/tr\/iaspm-konferansi-2012-manchester.html","title":{"rendered":"IASPM Konferans\u0131 2012 Manchester"},"content":{"rendered":"<p style=\"text-align: center;\"><a href=\"http:\/\/ufukonen.com\/tr\/wp-content\/uploads\/Salford_IASPM_2012-09_01.jpg\" target=\"_blank\"><img loading=\"lazy\" class=\"aligncenter  wp-image-868\" alt=\"Salford_IASPM_2012-09_01\" src=\"http:\/\/ufukonen.com\/tr\/wp-content\/uploads\/Salford_IASPM_2012-09_01-1024x768.jpg\" width=\"430\" height=\"322\" srcset=\"https:\/\/www.ufukonen.com\/tr\/wp-content\/uploads\/Salford_IASPM_2012-09_01-1024x768.jpg 1024w, https:\/\/www.ufukonen.com\/tr\/wp-content\/uploads\/Salford_IASPM_2012-09_01-300x225.jpg 300w, https:\/\/www.ufukonen.com\/tr\/wp-content\/uploads\/Salford_IASPM_2012-09_01.jpg 1600w\" sizes=\"(max-width: 430px) 100vw, 430px\" \/><\/a><\/p>\n<p>5-7 Eyl\u00fcl tarihlerinde ger\u00e7ekle\u015ftirilen, <a href=\"http:\/\/www.iaspm.org.uk\/imagining-communities-musically-putting-popular-music-in-its-place\/\" target=\"_blank\"><em>Imagining Communities Musically: Putting Popular Music in its Place<\/em><\/a> temal\u0131\u00a0<a href=\"http:\/\/www.iaspm.net\/\" target=\"_blank\">IASPM<\/a> (International Association for the Study of Popular Music) 2012 konferans\u0131 i\u00e7in <a href=\"http:\/\/www.mediacityuk.com\/\" target=\"_blank\">MediaCityUK<\/a>, Manchester&#8217;a gittim. Konferansa <a href=\"http:\/\/www.salford.ac.uk\" target=\"_blank\">University of Salford<\/a>, <a href=\"http:\/\/www.salford.ac.uk\/mmp\" target=\"_blank\">School of Media, Music and Performance<\/a> ev sahipli\u011fi yapt\u0131. 1980&#8217;ler ve 1990&#8217;larda Ankara&#8217;da yap\u0131lan rock m\u00fczi\u011fi etkileyen fakt\u00f6rler \u00fczerine bir sunum yapt\u0131m. Sunumumun odak noktas\u0131 m\u00fczik \u00fczerinde \u015fehrin kendisinin yani Ankara&#8217;n\u0131n etkisiydi. Bir panelde de ba\u015fkanl\u0131k yapt\u0131m. <a href=\"http:\/\/www.billbruford.com\/\" target=\"_blank\">Bill Bruford<\/a> (Yes, King Crimson, Genesis) ve <a href=\"http:\/\/en.wikipedia.org\/wiki\/Barney_Hoskyns\" target=\"_blank\">Barney Hoskyns<\/a> (<em>Waiting for the Sun: A Rock and Roll History of Los Angeles<\/em>, <em>Trampled Under Foot: The Power and Excess of Led Zeppelin<\/em> ve daha bir \u00e7ok m\u00fczik kitab\u0131n\u0131n yazar\u0131) ile yemek yedim&#8230; Eh, daha ne olsun&#8230;!<\/p>\n<p style=\"text-align: center;\"><a href=\"http:\/\/ufukonen.com\/tr\/wp-content\/uploads\/Salford_IASPM_2012-09_02.jpg\" target=\"_blank\"><img loading=\"lazy\" class=\"aligncenter  wp-image-869\" alt=\"Salford_IASPM_2012-09_02\" src=\"http:\/\/ufukonen.com\/tr\/wp-content\/uploads\/Salford_IASPM_2012-09_02-1024x768.jpg\" width=\"430\" height=\"322\" srcset=\"https:\/\/www.ufukonen.com\/tr\/wp-content\/uploads\/Salford_IASPM_2012-09_02-1024x768.jpg 1024w, https:\/\/www.ufukonen.com\/tr\/wp-content\/uploads\/Salford_IASPM_2012-09_02-300x225.jpg 300w, https:\/\/www.ufukonen.com\/tr\/wp-content\/uploads\/Salford_IASPM_2012-09_02.jpg 1600w\" sizes=\"(max-width: 430px) 100vw, 430px\" \/><\/a><\/p>\n<p style=\"text-align: center;\"><a href=\"http:\/\/ufukonen.com\/tr\/wp-content\/uploads\/Salford_IASPM_2012-09_03.jpg\" target=\"_blank\"><img loading=\"lazy\" class=\"aligncenter  wp-image-870\" alt=\"Salford_IASPM_2012-09_03\" src=\"http:\/\/ufukonen.com\/tr\/wp-content\/uploads\/Salford_IASPM_2012-09_03-1024x768.jpg\" width=\"430\" height=\"322\" srcset=\"https:\/\/www.ufukonen.com\/tr\/wp-content\/uploads\/Salford_IASPM_2012-09_03-1024x768.jpg 1024w, https:\/\/www.ufukonen.com\/tr\/wp-content\/uploads\/Salford_IASPM_2012-09_03-300x225.jpg 300w, https:\/\/www.ufukonen.com\/tr\/wp-content\/uploads\/Salford_IASPM_2012-09_03.jpg 1600w\" sizes=\"(max-width: 430px) 100vw, 430px\" \/><\/a><\/p>\n<p style=\"text-align: center;\"><a href=\"http:\/\/ufukonen.com\/tr\/wp-content\/uploads\/Salford_IASPM_2012-09_05.jpg\" target=\"_blank\"><img loading=\"lazy\" class=\"aligncenter  wp-image-872\" alt=\"Salford_IASPM_2012-09_05\" src=\"http:\/\/ufukonen.com\/tr\/wp-content\/uploads\/Salford_IASPM_2012-09_05-1024x768.jpg\" width=\"430\" height=\"322\" srcset=\"https:\/\/www.ufukonen.com\/tr\/wp-content\/uploads\/Salford_IASPM_2012-09_05-1024x768.jpg 1024w, https:\/\/www.ufukonen.com\/tr\/wp-content\/uploads\/Salford_IASPM_2012-09_05-300x225.jpg 300w, https:\/\/www.ufukonen.com\/tr\/wp-content\/uploads\/Salford_IASPM_2012-09_05.jpg 1600w\" sizes=\"(max-width: 430px) 100vw, 430px\" \/><\/a><\/p>\n<p style=\"text-align: center;\"><a href=\"http:\/\/ufukonen.com\/tr\/wp-content\/uploads\/Salford_IASPM_2012-09_04.jpg\" target=\"_blank\"><img loading=\"lazy\" class=\"aligncenter  wp-image-871\" alt=\"Salford_IASPM_2012-09_04\" src=\"http:\/\/ufukonen.com\/tr\/wp-content\/uploads\/Salford_IASPM_2012-09_04-1024x768.jpg\" width=\"430\" height=\"322\" srcset=\"https:\/\/www.ufukonen.com\/tr\/wp-content\/uploads\/Salford_IASPM_2012-09_04-1024x768.jpg 1024w, https:\/\/www.ufukonen.com\/tr\/wp-content\/uploads\/Salford_IASPM_2012-09_04-300x225.jpg 300w, https:\/\/www.ufukonen.com\/tr\/wp-content\/uploads\/Salford_IASPM_2012-09_04.jpg 1600w\" sizes=\"(max-width: 430px) 100vw, 430px\" \/><\/a><\/p>\n","protected":false},"excerpt":{"rendered":"<p class=\"post-excerpt\">5-7 Eyl\u00fcl tarihlerinde ger\u00e7ekle\u015ftirilen, Imagining Communities Musically: Putting Popular Music in its Place temal\u0131\u00a0IASPM (International Association for the Study of&#8230;<\/p>\n","protected":false},"author":2,"featured_media":868,"comment_status":"closed","ping_status":"open","sticky":false,"template":"","format":"standard","meta":{"_mi_skip_tracking":false,"spay_email":"","jetpack_publicize_message":"","jetpack_is_tweetstorm":false,"jetpack_publicize_feature_enabled":true},"categories":[21],"tags":[],"jetpack_featured_media_url":"https:\/\/www.ufukonen.com\/tr\/wp-content\/uploads\/Salford_IASPM_2012-09_01.jpg","jetpack_publicize_connections":[],"jetpack_shortlink":"https:\/\/wp.me\/p3rjsG-dT","jetpack_sharing_enabled":true,"jetpack-related-posts":[{"id":164,"url":"https:\/\/www.ufukonen.com\/tr\/atmm-2012-muzik-ve-medya-icin-ses-teknolojileri-konferansi.html","url_meta":{"origin":861,"position":0},"title":"&#8220;ATMM 2012: M\u00fczik ve Medya i\u00e7in Ses Teknolojileri Konferans\u0131&#8221;","date":"June 17, 2012","format":false,"excerpt":"1-2 Kas\u0131m 2012 tarihlerinde Ankara, Bilkent \u00dcniversitesi'nde, \u0130leti\u015fim ve Tasar\u0131m B\u00f6l\u00fcm\u00fc'n\u00fcn (COMD) ev sahipli\u011finde ger\u00e7ekle\u015ftirilen Audio Technologies for Music and Media (ATMM) konferans\u0131 ile ilgili olarak yazd\u0131\u011f\u0131m ve Sound dergisinin 2012 May\u0131s say\u0131s\u0131nda yay\u0131nlanan\u00a0\"ATMM 2012: M\u00fczik ve Medya i\u00e7in Ses Teknolojileri Konferans\u0131\" ba\u015fl\u0131kl\u0131 yaz\u0131m... \u00a0 ATMM 2012: M\u00fczik ve Medya\u2026","rel":"","context":"In &quot;ATMM&quot;","img":{"alt_text":"","src":"https:\/\/i0.wp.com\/www.ufukonen.com\/tr\/wp-content\/uploads\/ATMM-AD_20121015.jpg?resize=350%2C200&ssl=1","width":350,"height":200},"classes":[]},{"id":1478,"url":"https:\/\/www.ufukonen.com\/tr\/atmm-ekibe-katilmak-ister-misiniz.html","url_meta":{"origin":861,"position":1},"title":"ATMM 2014: Ekibe Kat\u0131lmak \u0130ster misiniz?","date":"June 6, 2014","format":false,"excerpt":"ATMM (Audio Technologies for Music and Media \u2013 M\u00fczik ve Medya i\u00e7in Ses Teknolojileri), ses ve m\u00fczik teknolojileri ile g\u00f6rsel-i\u015fitsel ara\u00e7lar\u0131n farkl\u0131 y\u00f6nlerine odaklanan, ses, m\u00fczik, g\u00f6r\u00fcnt\u00fc ve insan etkile\u015fimi gibi konular\u0131n birbirleri ile olan etkile\u015fimlerini hem \u2018geleneksel\u2019 hem de \u2018yeni\u2019 medya a\u00e7\u0131s\u0131ndan inceleyen disiplinleraras\u0131 ve uluslararas\u0131 bir konferanst\u0131r. Web\u2026","rel":"","context":"In &quot;ATMM&quot;","img":{"alt_text":"","src":"https:\/\/i0.wp.com\/www.ufukonen.com\/tr\/wp-content\/uploads\/cropped-ATMM_2014_INT_Header_2_960px.jpg?resize=350%2C200&ssl=1","width":350,"height":200},"classes":[]},{"id":2464,"url":"https:\/\/www.ufukonen.com\/tr\/muzik-endustrisine-bakis-1.html","url_meta":{"origin":861,"position":2},"title":"M\u00fczik End\u00fcstrisine Bak\u0131\u015f (1. B\u00f6l\u00fcm)","date":"April 22, 2016","format":false,"excerpt":"\"M\u00fczik Prod\u00fcksiyonu i\u00e7in Alternatif Y\u00f6ntemler ve Amanda Palmer \u00d6rne\u011fi\" ba\u015fl\u0131kl\u0131 yaz\u0131m olduk\u00e7a ilgi toplam\u0131\u015ft\u0131. Anla\u015f\u0131lan o ki m\u00fczik prod\u00fcksiyonu, finansman, da\u011f\u0131t\u0131m ve benzeri konularda yeni ve alternatif y\u00f6ntemler bir\u00e7ok m\u00fczisyenin ve m\u00fczik prod\u00fckt\u00f6r\u00fcn\u00fcn ilgisini \u00e7ekiyor. Ba\u015flang\u0131c\u0131ndan sonra uzun y\u0131llar ayn\u0131 \u015fekilde devam edem m\u00fczik end\u00fcstrisinde son 10-15 y\u0131lda b\u00fcy\u00fck de\u011fi\u015fimler\u2026","rel":"","context":"In &quot;M\u00fczik End\u00fcstrisi&quot;","img":{"alt_text":"","src":"https:\/\/i0.wp.com\/www.ufukonen.com\/tr\/wp-content\/uploads\/Muzik_Endustrisine_Bakis_1.jpg?resize=350%2C200&ssl=1","width":350,"height":200},"classes":[]},{"id":2008,"url":"https:\/\/www.ufukonen.com\/tr\/atmm-2014.html","url_meta":{"origin":861,"position":3},"title":"ATMM 2014: 12-13 Kas\u0131m Ankara, 14 Kas\u0131m \u0130stanbul","date":"September 28, 2014","format":false,"excerpt":"ATMM (Audio Technologies for Music and Media \u2013 M\u00fczik ve Medya i\u00e7in Ses Teknolojileri), ses ve m\u00fczik teknolojileri ile g\u00f6rsel-i\u015fitsel ara\u00e7lar\u0131n farkl\u0131 y\u00f6nlerine odaklanan, ses, m\u00fczik, g\u00f6r\u00fcnt\u00fc ve insan etkile\u015fimi gibi konular\u0131n birbirleri ile olan etkile\u015fimlerini hem \u2018geleneksel\u2019 hem de \u2018yeni\u2019 medya a\u00e7\u0131s\u0131ndan inceleyen disiplinleraras\u0131 ve uluslararas\u0131 bir konferanst\u0131r. ATMM\u2026","rel":"","context":"In &quot;ATMM&quot;","img":{"alt_text":"","src":"https:\/\/i0.wp.com\/www.ufukonen.com\/tr\/wp-content\/uploads\/ATMM_2014_TwitterPost_1024x512_140922.jpg?resize=350%2C200&ssl=1","width":350,"height":200},"classes":[]},{"id":5027,"url":"https:\/\/www.ufukonen.com\/tr\/profesyonel-muzik-insaninin-10-ozelligi.html","url_meta":{"origin":861,"position":4},"title":"Profesyonel Bir M\u00fczik \u0130nsan\u0131n\u0131n 10 \u00d6zelli\u011fi","date":"August 26, 2019","format":false,"excerpt":"De\u011ferli dostum Bobby Owsinski \"The 10 Traits of a Music Professional\" ba\u015fl\u0131kl\u0131 bir blog yaz\u0131s\u0131 yay\u0131mlad\u0131. Bobby'nin bu yaz\u0131daki tespitleri o kadar isabetli ki, onun bu yaz\u0131s\u0131nda kendi okuyucular\u0131 ile payla\u015ft\u0131klar\u0131n\u0131 ben de burada sizlerle payla\u015fmak istiyorum. Bobby'nin yaz\u0131s\u0131 asl\u0131nda profesyonel m\u00fczisyenler i\u00e7in yaz\u0131lm\u0131\u015f olsa da, yaz\u0131dakiler bence m\u00fczik \u00fczerine\u2026","rel":"","context":"In &quot;M\u00fczik&quot;","img":{"alt_text":"","src":"https:\/\/i0.wp.com\/www.ufukonen.com\/tr\/wp-content\/uploads\/Profesyonel_Muzik_Insaninin_10_Ozelligi_720.jpg?resize=350%2C200&ssl=1","width":350,"height":200},"classes":[]},{"id":4803,"url":"https:\/\/www.ufukonen.com\/tr\/aes-turkiye-2019-mayis.html","url_meta":{"origin":861,"position":5},"title":"AES T\u00fcrkiye 10 Y\u0131l Aradan Sonra \u0130lk Etkinli\u011fini Ger\u00e7ekle\u015ftirdi","date":"May 13, 2019","format":false,"excerpt":"Audio Engineering Society (AES) T\u00fcrkiye \u015fubesi olarak 10 y\u0131l aradan sonra ilk defa bir etkinli\u011fe imza att\u0131k. Yeni bir d\u00f6nemin ba\u015flang\u0131c\u0131n\u0131n ilk ad\u0131m\u0131 olarak g\u00f6rd\u00fc\u011f\u00fcm\u00fcz bu etkinlik, hepimiz i\u00e7in heyecan verici oldu! Audio Engineering Society, 1948 y\u0131l\u0131nda New York\u2019ta kurulmu\u015f olan bir birlik. \u015eu anda d\u00fcnyaya yay\u0131lm\u0131\u015f 87 profesyonel \u015fubesi,\u2026","rel":"","context":"In &quot;Konferans&quot;","img":{"alt_text":"","src":"https:\/\/i0.wp.com\/www.ufukonen.com\/tr\/wp-content\/uploads\/AES_Turkiye_Bilkent_20190510_Genel_1080-2.jpg?resize=350%2C200&ssl=1","width":350,"height":200},"classes":[]}],"_links":{"self":[{"href":"https:\/\/www.ufukonen.com\/tr\/wp-json\/wp\/v2\/posts\/861"}],"collection":[{"href":"https:\/\/www.ufukonen.com\/tr\/wp-json\/wp\/v2\/posts"}],"about":[{"href":"https:\/\/www.ufukonen.com\/tr\/wp-json\/wp\/v2\/types\/post"}],"author":[{"embeddable":true,"href":"https:\/\/www.ufukonen.com\/tr\/wp-json\/wp\/v2\/users\/2"}],"replies":[{"embeddable":true,"href":"https:\/\/www.ufukonen.com\/tr\/wp-json\/wp\/v2\/comments?post=861"}],"version-history":[{"count":12,"href":"https:\/\/www.ufukonen.com\/tr\/wp-json\/wp\/v2\/posts\/861\/revisions"}],"predecessor-version":[{"id":874,"href":"https:\/\/www.ufukonen.com\/tr\/wp-json\/wp\/v2\/posts\/861\/revisions\/874"}],"wp:featuredmedia":[{"embeddable":true,"href":"https:\/\/www.ufukonen.com\/tr\/wp-json\/wp\/v2\/media\/868"}],"wp:attachment":[{"href":"https:\/\/www.ufukonen.com\/tr\/wp-json\/wp\/v2\/media?parent=861"}],"wp:term":[{"taxonomy":"category","embeddable":true,"href":"https:\/\/www.ufukonen.com\/tr\/wp-json\/wp\/v2\/categories?post=861"},{"taxonomy":"post_tag","embeddable":true,"href":"https:\/\/www.ufukonen.com\/tr\/wp-json\/wp\/v2\/tags?post=861"}],"curies":[{"name":"wp","href":"https:\/\/api.w.org\/{rel}","templated":true}]}}