{"id":880,"date":"2013-11-03T17:00:12","date_gmt":"2013-11-03T15:00:12","guid":{"rendered":"http:\/\/ufukonen.com\/tr\/?p=880"},"modified":"2014-06-03T18:49:18","modified_gmt":"2014-06-03T15:49:18","slug":"atmm-2013-bilkent-ankara-31-ekim-1-kasim","status":"publish","type":"post","link":"https:\/\/www.ufukonen.com\/tr\/atmm-2013-bilkent-ankara-31-ekim-1-kasim.html","title":{"rendered":"ATMM 2013, Bilkent, Ankara (31 Ekim &#8211; 1 Kas\u0131m)"},"content":{"rendered":"<p><a href=\"http:\/\/www.atmm-conference.org\" target=\"_blank\"><img loading=\"lazy\" class=\"aligncenter size-full wp-image-1080\" alt=\"ATMM 2013 - Audio Technologies for Music and Media International Conference - Ufuk \u00d6nen\" src=\"http:\/\/ufukonen.com\/tr\/wp-content\/uploads\/ATMM_2013_Poster_131012_s.jpg\" width=\"400\" height=\"566\" srcset=\"https:\/\/www.ufukonen.com\/tr\/wp-content\/uploads\/ATMM_2013_Poster_131012_s.jpg 400w, https:\/\/www.ufukonen.com\/tr\/wp-content\/uploads\/ATMM_2013_Poster_131012_s-212x300.jpg 212w\" sizes=\"(max-width: 400px) 100vw, 400px\" \/><br \/>\nATMM<\/a> (Audio Technologies for Music and Media &#8211; M\u00fczik ve Medya i\u00e7in Ses Teknolojileri), ses ve m\u00fczik teknolojileri ile g\u00f6rsel-i\u015fitsel ara\u00e7lar\u0131n farkl\u0131 y\u00f6nlerine odaklanan, ses, m\u00fczik, g\u00f6r\u00fcnt\u00fc ve insan etkile\u015fimi gibi konular\u0131n birbirleri ile olan etkile\u015fimlerini hem &#8216;geleneksel&#8217; hem de &#8216;yeni&#8217; medya a\u00e7\u0131s\u0131ndan inceleyen disiplinleraras\u0131 ve uluslararas\u0131 bir konferanst\u0131r.<\/p>\n<p><strong>ATMM sadece akademisyen, \u00f6\u011frenci ve sekt\u00f6rde \u00e7al\u0131\u015fan profesyonellere de\u011fil, m\u00fczik-ses-medya teknolojileri alanlar\u0131na ilgi duyan herkese a\u00e7\u0131kt\u0131r.<\/strong><\/p>\n<p>Birincisi ge\u00e7ti\u011fimiz y\u0131l ba\u015far\u0131yla tamamlanan\u00a0<a title=\"ATMM 2012\" href=\"http:\/\/atmm-conference.org\/?page_id=61\" target=\"_blank\">ATMM<\/a>, bu y\u0131l daha yo\u011fun bir programla\u00a0<strong>31 Ekim &#8211; 1 Kas\u0131m 2013<\/strong>\u00a0tarihlerinde yine\u00a0<a href=\"http:\/\/www.bilkent.edu.tr\/bilkent-tr\/index.html\" target=\"_blank\">Bilkent \u00dcniversitesi<\/a>, G\u00fczel Sanatlar, Tasar\u0131m ve Mimarl\u0131k Fak\u00fcltesi&#8217;nde,<a href=\"http:\/\/comd.bilkent.edu.tr\/\" target=\"_blank\">\u00a0\u0130leti\u015fim ve Tasar\u0131m B\u00f6l\u00fcm\u00fc<\/a>&#8216;n\u00fcn ev sahipli\u011finde ger\u00e7ekle\u015fti.<\/p>\n<p>ATMM 2013, 27 sunum, iki workshop, bir panel ve bir performans ile bir de \u00f6\u011frenci i\u015fleri sergisine ev sahipli\u011fi yapt\u0131. ATMM 2013&#8217;e iki g\u00fcnde 400 ki\u015fi kat\u0131ld\u0131.<\/p>\n<p><strong>*<\/strong>\u00a0<a href=\"http:\/\/www.atmm-conference.org\/wp-content\/uploads\/2013\/2013_files\/ATMM_2013_Program_Booklet.pdf\" target=\"_blank\">Konferans program kitap\u00e7\u0131\u011f\u0131n\u0131 indirmek i\u00e7in t\u0131klay\u0131n\u0131z\u00a0(PDF 4.9 MB)<\/a>.<\/p>\n<p>*\u00a0<a href=\"http:\/\/www.atmm-conference.org\/wp-content\/uploads\/2013\/2013_files\/ATMM_2013_Leaflet.pdf\" target=\"_blank\">Konferans program\u0131n\u0131 indirmek i\u00e7in t\u0131klay\u0131n\u0131z (PDF 2.1 MB)<\/a>.<\/p>\n<p>A\u00e7\u0131l\u0131\u015f t\u00f6reni 31 Ekim Per\u015fembe g\u00fcn\u00fc saat 12:30 ger\u00e7ekle\u015ftirildi. T\u00f6rende Bilkent \u00dcniversitesi Rekt\u00f6r\u00fc Prof. Dr. Abdullah Atalar ve ATMM komite \u00fcyeleri Ufuk \u00d6nen (Bilkent \u00dcniversitesi) ve Teoman Pasinlio\u011flu (ba\u011f\u0131ms\u0131z ara\u015ft\u0131rmac\u0131) konu\u015fma yapt\u0131lar.<\/p>\n\n\t\t<style type=\"text\/css\">\n\t\t\t#gallery-1 {\n\t\t\t\tmargin: auto;\n\t\t\t}\n\t\t\t#gallery-1 .gallery-item {\n\t\t\t\tfloat: left;\n\t\t\t\tmargin-top: 10px;\n\t\t\t\ttext-align: center;\n\t\t\t\twidth: 33%;\n\t\t\t}\n\t\t\t#gallery-1 img {\n\t\t\t\tborder: 2px solid #cfcfcf;\n\t\t\t}\n\t\t\t#gallery-1 .gallery-caption {\n\t\t\t\tmargin-left: 0;\n\t\t\t}\n\t\t\t\/* see gallery_shortcode() in wp-includes\/media.php *\/\n\t\t<\/style>\n\t\t<div id='gallery-1' class='gallery galleryid-880 gallery-columns-3 gallery-size-thumbnail'><dl class='gallery-item'>\n\t\t\t<dt class='gallery-icon landscape'>\n\t\t\t\t<a href='https:\/\/www.ufukonen.com\/tr\/wp-content\/uploads\/ATMM-2013-IMG_8606.jpg'><img width=\"150\" height=\"150\" src=\"https:\/\/www.ufukonen.com\/tr\/wp-content\/uploads\/ATMM-2013-IMG_8606-150x150.jpg\" class=\"attachment-thumbnail size-thumbnail\" alt=\"\" loading=\"lazy\" aria-describedby=\"gallery-1-1114\" \/><\/a>\n\t\t\t<\/dt>\n\t\t\t\t<dd class='wp-caption-text gallery-caption' id='gallery-1-1114'>\n\t\t\t\tLennie Moore\n\t\t\t\t<\/dd><\/dl><dl class='gallery-item'>\n\t\t\t<dt class='gallery-icon landscape'>\n\t\t\t\t<a href='https:\/\/www.ufukonen.com\/tr\/wp-content\/uploads\/ATMM-2013-IMG_8590.jpg'><img width=\"150\" height=\"150\" src=\"https:\/\/www.ufukonen.com\/tr\/wp-content\/uploads\/ATMM-2013-IMG_8590-150x150.jpg\" class=\"attachment-thumbnail size-thumbnail\" alt=\"\" loading=\"lazy\" aria-describedby=\"gallery-1-1113\" \/><\/a>\n\t\t\t<\/dt>\n\t\t\t\t<dd class='wp-caption-text gallery-caption' id='gallery-1-1113'>\n\t\t\t\tAbdullah Atalar\n\t\t\t\t<\/dd><\/dl><dl class='gallery-item'>\n\t\t\t<dt class='gallery-icon landscape'>\n\t\t\t\t<a href='https:\/\/www.ufukonen.com\/tr\/wp-content\/uploads\/ATMM-2013-VarPre.jpg'><img width=\"150\" height=\"150\" src=\"https:\/\/www.ufukonen.com\/tr\/wp-content\/uploads\/ATMM-2013-VarPre-150x150.jpg\" class=\"attachment-thumbnail size-thumbnail\" alt=\"\" loading=\"lazy\" aria-describedby=\"gallery-1-1118\" srcset=\"https:\/\/www.ufukonen.com\/tr\/wp-content\/uploads\/ATMM-2013-VarPre-150x150.jpg 150w, https:\/\/www.ufukonen.com\/tr\/wp-content\/uploads\/ATMM-2013-VarPre-300x300.jpg 300w, https:\/\/www.ufukonen.com\/tr\/wp-content\/uploads\/ATMM-2013-VarPre.jpg 640w\" sizes=\"(max-width: 150px) 100vw, 150px\" \/><\/a>\n\t\t\t<\/dt>\n\t\t\t\t<dd class='wp-caption-text gallery-caption' id='gallery-1-1118'>\n\t\t\t\tATMM 2013\n\t\t\t\t<\/dd><\/dl><br style=\"clear: both\" \/><dl class='gallery-item'>\n\t\t\t<dt class='gallery-icon landscape'>\n\t\t\t\t<a href='https:\/\/www.ufukonen.com\/tr\/wp-content\/uploads\/ATMM-2013-IMG_8611.jpg'><img width=\"150\" height=\"150\" src=\"https:\/\/www.ufukonen.com\/tr\/wp-content\/uploads\/ATMM-2013-IMG_8611-150x150.jpg\" class=\"attachment-thumbnail size-thumbnail\" alt=\"\" loading=\"lazy\" aria-describedby=\"gallery-1-1115\" \/><\/a>\n\t\t\t<\/dt>\n\t\t\t\t<dd class='wp-caption-text gallery-caption' id='gallery-1-1115'>\n\t\t\t\tATMM 2013\n\t\t\t\t<\/dd><\/dl><dl class='gallery-item'>\n\t\t\t<dt class='gallery-icon landscape'>\n\t\t\t\t<a href='https:\/\/www.ufukonen.com\/tr\/wp-content\/uploads\/ATMM-2013-IMG_8584.jpg'><img width=\"150\" height=\"150\" src=\"https:\/\/www.ufukonen.com\/tr\/wp-content\/uploads\/ATMM-2013-IMG_8584-150x150.jpg\" class=\"attachment-thumbnail size-thumbnail\" alt=\"\" loading=\"lazy\" aria-describedby=\"gallery-1-1112\" \/><\/a>\n\t\t\t<\/dt>\n\t\t\t\t<dd class='wp-caption-text gallery-caption' id='gallery-1-1112'>\n\t\t\t\tTeoman Pasinlio\u011flu\n\t\t\t\t<\/dd><\/dl><dl class='gallery-item'>\n\t\t\t<dt class='gallery-icon landscape'>\n\t\t\t\t<a href='https:\/\/www.ufukonen.com\/tr\/wp-content\/uploads\/ATMM-2013-IMG_8579.jpg'><img width=\"150\" height=\"150\" src=\"https:\/\/www.ufukonen.com\/tr\/wp-content\/uploads\/ATMM-2013-IMG_8579-150x150.jpg\" class=\"attachment-thumbnail size-thumbnail\" alt=\"\" loading=\"lazy\" aria-describedby=\"gallery-1-1111\" \/><\/a>\n\t\t\t<\/dt>\n\t\t\t\t<dd class='wp-caption-text gallery-caption' id='gallery-1-1111'>\n\t\t\t\tUfuk \u00d6nen\n\t\t\t\t<\/dd><\/dl><br style=\"clear: both\" \/><dl class='gallery-item'>\n\t\t\t<dt class='gallery-icon landscape'>\n\t\t\t\t<a href='https:\/\/www.ufukonen.com\/tr\/wp-content\/uploads\/ATMM-2013-RegDesk.jpg'><img width=\"150\" height=\"150\" src=\"https:\/\/www.ufukonen.com\/tr\/wp-content\/uploads\/ATMM-2013-RegDesk-150x150.jpg\" class=\"attachment-thumbnail size-thumbnail\" alt=\"\" loading=\"lazy\" aria-describedby=\"gallery-1-1117\" \/><\/a>\n\t\t\t<\/dt>\n\t\t\t\t<dd class='wp-caption-text gallery-caption' id='gallery-1-1117'>\n\t\t\t\tRegistration desk\n\t\t\t\t<\/dd><\/dl><dl class='gallery-item'>\n\t\t\t<dt class='gallery-icon landscape'>\n\t\t\t\t<a href='https:\/\/www.ufukonen.com\/tr\/wp-content\/uploads\/ATMM-2013-LennieMoore1.jpg'><img width=\"150\" height=\"150\" src=\"https:\/\/www.ufukonen.com\/tr\/wp-content\/uploads\/ATMM-2013-LennieMoore1-150x150.jpg\" class=\"attachment-thumbnail size-thumbnail\" alt=\"\" loading=\"lazy\" aria-describedby=\"gallery-1-1116\" \/><\/a>\n\t\t\t<\/dt>\n\t\t\t\t<dd class='wp-caption-text gallery-caption' id='gallery-1-1116'>\n\t\t\t\tLennie Moore\n\t\t\t\t<\/dd><\/dl><dl class='gallery-item'>\n\t\t\t<dt class='gallery-icon landscape'>\n\t\t\t\t<a href='https:\/\/www.ufukonen.com\/tr\/wp-content\/uploads\/ATMM-2013-IMG_8565.jpg'><img width=\"150\" height=\"150\" src=\"https:\/\/www.ufukonen.com\/tr\/wp-content\/uploads\/ATMM-2013-IMG_8565-150x150.jpg\" class=\"attachment-thumbnail size-thumbnail\" alt=\"\" loading=\"lazy\" aria-describedby=\"gallery-1-1110\" \/><\/a>\n\t\t\t<\/dt>\n\t\t\t\t<dd class='wp-caption-text gallery-caption' id='gallery-1-1110'>\n\t\t\t\tLennie Moore, Phaedra Gwyn, Stephen Harwood Jr.\n\t\t\t\t<\/dd><\/dl><br style=\"clear: both\" \/>\n\t\t<\/div>\n\n<p><img loading=\"lazy\" class=\"alignleft  wp-image-1087\" alt=\"Lennie Moore\" src=\"http:\/\/ufukonen.com\/tr\/wp-content\/uploads\/Lennie_Moore.jpg\" width=\"115\" height=\"144\" srcset=\"https:\/\/www.ufukonen.com\/tr\/wp-content\/uploads\/Lennie_Moore.jpg 300w, https:\/\/www.ufukonen.com\/tr\/wp-content\/uploads\/Lennie_Moore-240x300.jpg 240w\" sizes=\"(max-width: 115px) 100vw, 115px\" \/>ATMM 2013 ana konu\u015fmas\u0131 (keynote) 25 y\u0131ld\u0131r bilgisayar oyunlar\u0131, film ve televizyon i\u00e7in yapt\u0131\u011f\u0131 m\u00fcziklerle alan\u0131n\u0131n duayenlerinden biri olan Lennie Moore taraf\u0131ndan ger\u00e7ekle\u015ftirildi.\u00a0<em>Star Wars: The Old Republic<\/em>,\u00a0<em>Kinect Disneyland Adventures<\/em>,\u00a0<em>The Walking Dead Motion Comic<\/em>, 2008 G.A.N.G. \u00f6d\u00fcll\u00fc\u00a0<em>Watchmen Motion Comic<\/em>\u00a0ve\u00a0<em>Dirty Harry<\/em>, Lennie Moore\u2019un \u00e7al\u0131\u015fmalar\u0131 aras\u0131nda yer alan yap\u0131mlardan sadece birka\u00e7 tanesidir. Profesyonel \u00e7al\u0131\u015fmalar\u0131 d\u0131\u015f\u0131nda e\u011fitimci kimli\u011fiyle de \u00f6ne \u00e7\u0131kan alan Moore, Pinnacle College\u2019da &#8220;Game Audio &amp; Interactive Media&#8221; (Oyun Sesi ve Etkile\u015fimli Medya) dal\u0131nda Amerika Birle\u015fik Devletleri&#8217;ndeki ilk akredite program\u0131 geli\u015ftirmi\u015ftir. Moore, bunun yan\u0131 s\u0131ra UCLA Extension ve USC Thornton School of Music i\u00e7in oyunlar ve ses\/m\u00fczik \u00fczerine \u00e7e\u015fitli dersler tasarlam\u0131\u015f ve uygulam\u0131\u015ft\u0131r..<\/p>\n<p>ATMM,\u00a0<a href=\"http:\/\/www.iasig.org\/\" target=\"_blank\">IASIG<\/a>\u00a0ile i\u015f birli\u011fi yaparak &#8220;Game Audio Theory and Practice&#8221; (Oyun Sesi Teorisi ve Prati\u011fi) ba\u015fl\u0131kl\u0131 bir panel d\u00fczenledi. Lennie Moore ve Stephen Harwood Jr. taraf\u0131ndan sunulan bu panelde, bilgisayar oyunlar\u0131 ve di\u011fer etkile\u015fimli medya i\u00e7in ses ve m\u00fczik yarat\u0131m\u0131nda kullan\u0131lan temel unsurlarla pratik yakla\u015f\u0131mlar ele al\u0131nd\u0131. Bu panel, oyun sekt\u00f6r\u00fcyle ilgilenip de sekt\u00f6rde yer almak i\u00e7in nereden ba\u015flayaca\u011f\u0131n\u0131 bilemeyen bestecilere ve\/veya ses tasar\u0131mc\u0131lar\u0131na \u00f6zellikle tavsiye edilen bir paneldi.<\/p>\n<p><img loading=\"lazy\" class=\"alignleft  wp-image-1089\" alt=\"Stephen Harwood Jr\" src=\"http:\/\/ufukonen.com\/tr\/wp-content\/uploads\/Stephen_Harwood.jpg\" width=\"115\" height=\"144\" srcset=\"https:\/\/www.ufukonen.com\/tr\/wp-content\/uploads\/Stephen_Harwood.jpg 300w, https:\/\/www.ufukonen.com\/tr\/wp-content\/uploads\/Stephen_Harwood-240x300.jpg 240w\" sizes=\"(max-width: 115px) 100vw, 115px\" \/><\/p>\n<p>Panelistler aras\u0131nda yer alacak Stephen Harwood Jr., SAE Institute New York ve Mercy College&#8217;da &#8220;game audio&#8221; \u00fczerine dersler vermektedir. Harwood Jr., daha \u00f6nceden New York University&#8217;de \u00f6\u011fretim \u00fcyesi ve Greensboro Senfoni Orkestras\u0131&#8217;nda d\u00fczenlemeci olarak \u00e7al\u0131\u015fm\u0131\u015ft\u0131r.\u00a0<em>Brothers in Arms: Road to Hill 30<\/em>,\u00a0<em>Brothers in Arms: D-Day<\/em>\u00a0ve\u00a0<em>Propaganda Lander<\/em>\u00a0Harwood Jr.&#8217;\u0131n besteci ve ses tasar\u0131mc\u0131s\u0131 olarak yer ald\u0131\u011f\u0131 oyunlardan sadece birka\u00e7 tanesidir.<\/p>\n<p><img loading=\"lazy\" class=\"alignleft  wp-image-1088\" alt=\"Pieter Snapper\" src=\"http:\/\/ufukonen.com\/tr\/wp-content\/uploads\/Pieter_Snapper.jpg\" width=\"115\" height=\"144\" srcset=\"https:\/\/www.ufukonen.com\/tr\/wp-content\/uploads\/Pieter_Snapper.jpg 300w, https:\/\/www.ufukonen.com\/tr\/wp-content\/uploads\/Pieter_Snapper-240x300.jpg 240w\" sizes=\"(max-width: 115px) 100vw, 115px\" \/>ATMM 2013\u2019\u00fcn heyecan verici bir ba\u015fka oturumu da\u00a0<a href=\"http:\/\/www.miam.itu.edu.tr\/\" target=\"_blank\">MIAM<\/a>\u00a0st\u00fcdyolar\u0131n\u0131n kurucusu ve\u00a0<a href=\"http:\/\/www.babajim.com\/\" target=\"_blank\">Babajim \u0130stanbul St\u00fcdyo &amp; Mastering<\/a>\u2019in kurucu orta\u011f\u0131 Pieter Snapper taraf\u0131ndan ger\u00e7ekle\u015ftirilen \u00e7a\u011fda\u015f opera yap\u0131m teknikleri \u00fczerine olan sunumdur. Yap\u0131mc\u0131, mastering m\u00fchendisi ve \u00e7a\u011fda\u015f klasik ve elektronik m\u00fczik bestecisi kimlikleriyle \u00f6n planda olan Snapper\u2019\u0131n \u00e7al\u0131\u015fmalar\u0131 ABD, Avrupa ve Asya gibi d\u00fcnyan\u0131n \u00e7e\u015fitli yerlerinde sergilenmi\u015f ve yay\u0131nlanm\u0131\u015ft\u0131r. BMI, ASCAP, UC Berkeley ve Union League Foundation&#8217;dan \u00f6d\u00fcller alan Snapper, Froom Foundation of Harvard University, Yamaha Corporation of America, \u00fc\u00e7 Grammy \u00f6d\u00fcll\u00fc Eighth Blackbird ve Memphis Senfoni Orkestras\u0131 ile birlikte \u00e7e\u015fitli \u00e7al\u0131\u015fmalara imza atm\u0131\u015ft\u0131r.<\/p>\n<p><img loading=\"lazy\" class=\"alignleft\" alt=\"Mehmet Ugur Memi\u015f\" src=\"http:\/\/atmm-conference.org\/wp-content\/uploads\/2013\/03\/Mehmet_Ugur_Memis.jpg\" width=\"115\" height=\"144\" \/>ATMM 2013 tan\u0131nm\u0131\u015f ses m\u00fchendislerinden Mehmet U\u011fur Memi\u015f taraf\u0131ndan ger\u00e7ekle\u015ftirilen miks at\u00f6lyesine de ev sahipli\u011fi yapt\u0131. \u0130skender Payda\u015f, Peter Murphy, Feridun D\u00fcza\u011fa\u00e7, Volkan Ba\u015faran ve Og\u00fcn Sanl\u0131soy, Mehmet U\u011fur Memi\u015f\u2019in birlikte \u00e7al\u0131\u015ft\u0131\u011f\u0131 isimlerden baz\u0131lar\u0131d\u0131r.<\/p>\n<p>&nbsp;<\/p>\n<p>&nbsp;<\/p>\n<p><img loading=\"lazy\" class=\"alignleft\" alt=\"Liz_Teutsch\" src=\"http:\/\/atmm-conference.org\/wp-content\/uploads\/2013\/03\/Liz_Teutsch.jpg\" width=\"115\" height=\"144\" \/>ATMM 2013 kapsam\u0131ndaki ger\u00e7ekle\u015ftirilen bir ba\u015fka oturum ise organizasyonu ve moderat\u00f6rl\u00fc\u011f\u00fc\u00a0<a href=\"http:\/\/www.berklee.edu\/\" target=\"_blank\">Berklee College of Music<\/a>\u2019ten Liz Teutsch taraf\u0131ndan yap\u0131lan &#8220;Preparing a Future in Audio Technology&#8221; ba\u015fl\u0131kl\u0131 ses ve m\u00fczik teknolojileri e\u011fitimi panelidir. Teutsch, Boston \u00dcniversitesi&#8217;nde bulunan &#8220;Center for Digital Imaging Arts&#8221;\u0131n y\u00f6neticili\u011fini yapm\u0131\u015ft\u0131r. Halen\u00a0<a href=\"http:\/\/valencia.berklee.edu\/\" target=\"_blank\">Berklee \u00dcniversitesi Valencia kamp\u00fcs\u00fcnde<\/a>\u00a0\u00f6\u011fretim \u00fcyesi olarak yeni a\u00e7\u0131lan\u00a0<a href=\"http:\/\/valencia.berklee.edu\/academic-programs\/master-degrees\/master-in-music-technology-innovation\/9\/\" target=\"_blank\">Music Technology Innovation<\/a>\u00a0adl\u0131 master program\u0131nda ders vermekte ve &#8220;Academic Technology&#8221; biriminin y\u00f6netici yard\u0131mc\u0131l\u0131\u011f\u0131n\u0131 yapmaktad\u0131r. Panele\u00a0Arda Eden (\u0130n\u00f6n\u00fc \u00dcniversitesi) and H\u00fcseyin Hacihabibo\u011flu (ODT\u00dc Enformatik Enstit\u00fcs\u00fc), IASIG \u00fcyeleri Stephen Harwood Jr, Lennie Moore ve Ufuk \u00d6nen (Bilkent \u00dcniversitesi) kat\u0131lm\u0131\u015ft\u0131r.<\/p>\n<p><img loading=\"lazy\" class=\"alignleft\" alt=\"Cem_Tuncer\" src=\"http:\/\/atmm-conference.org\/wp-content\/uploads\/2013\/03\/Cem_Tuncer.jpg\" width=\"115\" height=\"144\" \/>ATMM 2013 Ankara&#8217;n\u0131n tan\u0131nm\u0131\u015f bas gitaristlerinden Cem Tuncer&#8217;i konuk etti. Artun Ert\u00fcrk, Pamela, Volkan \u00d6ktem, Dave Weckl gibi isimlerle \u00e7al\u0131\u015fm\u0131\u015f olan Tuncer, bas gitar tonlar\u0131n\u0131n kalitesini etkileyen fakt\u00f6rlerini ele alan bir seminer ger\u00e7ekle\u015ftirdi.<\/p>\n<p>&nbsp;<\/p>\n<p>&nbsp;<\/p>\n<p>Odyoloji uzman\u0131 Handan Turan Dizdar, kulak anatomisi ve i\u015fitme fizyolojisi gibi konunun en temel noktalar\u0131 ba\u015fta olmak \u00fczere akustik travma ve\/veya g\u00fcr\u00fclt\u00fcye ba\u011fl\u0131 i\u015fitme kayb\u0131 ve insan sa\u011fl\u0131\u011f\u0131 \u00fczerindeki di\u011fer etkilerinin yan\u0131 s\u0131ra s\u00f6z konusu durumlar i\u00e7in uygulanan tedavi ve korunma y\u00f6netmlerini payla\u015fm\u0131\u015ft\u0131r.<\/p>\n<p>ATMM 2013, T\u00fcrkiye, Hollanda, Almanya, Yunanistan ve Bulgaristan\u2019daki sanat\u00e7\u0131lar\u0131n dahil oldu\u011fu \u201cRemote: Relocating Sound\u201d (Uzaktan: Sesi Yeniden Konumland\u0131rmak)\u00a0adl\u0131 projeye de ev sahipli\u011fi yapt\u0131. &#8220;Uzaktan: Sesi Yeniden Konumland\u0131rmak&#8221;, g\u00fcncel i\u015fitsel sanat alan\u0131nda \u00f6ne \u00e7\u0131kan konular\u0131 tart\u0131\u015fma platformalar\u0131 yaratmay\u0131 ama\u00e7layan bir projedir. Bu do\u011frultuda, projede yer alan sunum, at\u00f6lye ve performanslarda, i\u015fitsel-sanat performanslar\u0131n\u0131n ifade olanaklar\u0131, bilimsel verilerin sese d\u00f6n\u00fc\u015ft\u00fcr\u00fclmesi, uzak bilgilerin yorumlanmas\u0131 gibi konular ele al\u0131nmaktad\u0131r. 31 Ekim-1 Kas\u0131m 2013 tarihlerinde Goethe Enstit\u00fcs\u00fc-Ankara ve Bilkent \u00dcniversitesi&#8217;nde ger\u00e7ekle\u015fen bu proje, Bilkent \u00dcnivesitesi \u0130leti\u015fim ve Tasar\u0131m B\u00f6l\u00fcm\u00fc&#8217;n\u00fcn evsahipli\u011fini yapt\u0131\u011f\u0131 ATMM (Audio Technologies for Music and Media \u2013 M\u00fczik ve Medya i\u00e7in Ses Teknolojileri) konferans\u0131na paralel bir etkinlik olarak d\u00fczenlenmi\u015ftir. K\u00fcrat\u00f6rl\u00fc\u011f\u00fcn\u00fc Ba\u015fak \u015eenova&#8217;n\u0131n yapt\u0131\u011f\u0131 &#8220;Uzaktan: Sesi Yeniden Konumland\u0131rmak&#8221;, ArtUP!, NOMAD ve Bilkent \u00dcniversitesi&#8217;nin ortak projesidir. Projeye Marcus Schmickler (Almanya), HR Stamenov (Bulgaristan), 1000names (Bulgaristan), Medea Electronique (Yunanistan), and NOMAD (T\u00fcrkiye) kat\u0131lm\u0131\u015ft\u0131r.<\/p>\n<p>ATMM 2013&#8217;te \u00e7e\u015fitli akademik kurumlar\u0131n \u00f6\u011fretim elemanlar\u0131 taraf\u0131ndan g\u00f6nderilen ve hakem kurulunun uygun buldu\u011fu bildirilerin sunumlar\u0131 da ger\u00e7ekle\u015ftirilmi\u015ftir.<\/p>\n<p>&nbsp;<\/p>\n<p><b>ATMM 2013 Organizasyon Komitesi<\/b><\/p>\n<ul>\n<li>Ufuk \u00d6nen (Bilkent \u00dcniversitesi)<\/li>\n<li>Teoman Pasinlio\u011flu (Independent Researcher)<\/li>\n<li>Mustafa Ertan (Interelektro)<\/li>\n<li>Ahmet G\u00fcrata (Bilkent \u00dcniveristesi)<\/li>\n<li>B\u00fclent B\u0131y\u0131ko\u011flu (KV331 Audio)<\/li>\n<li>K\u00fcr\u015fat Pasinlio\u011flu (Voispectra)<\/li>\n<\/ul>\n<p><b>ATMM 2013 Organizasyon Komitesi Yard\u0131mc\u0131 \u00dcyeler<\/b><\/p>\n<ul>\n<li>\u0130pek Altun (Bilkent \u00dcniversitesi)<\/li>\n<li>Bilge Mira\u00e7 At\u0131c\u0131 (Bah\u00e7e\u015fehir \u00dcniversitesi)<\/li>\n<li>Giray Bayer (Bilkent \u00dcniversitesi)<\/li>\n<li>Ger\u00e7ek Dorman (\u00d6zdem M\u00fczik)<\/li>\n<li>U\u011fur Sat\u0131lm\u0131\u015f (Bilkent \u00dcniversitesi)<\/li>\n<\/ul>\n<p><b>ATMM 2013 Hakem Komitesi<\/b><\/p>\n<ul>\n<li>Teoman Pasinlio\u011flu (Ba\u011f\u0131ms\u0131z Ara\u015ft\u0131rmac\u0131)<\/li>\n<li>Cihan I\u015f\u0131khan (9 Eyl\u00fcl \u00dcniversitesi)<\/li>\n<li>Arda Eden (\u0130n\u00f6n\u00fc \u00dcniversitesi)<\/li>\n<li>Mahcem \u00d6zt\u00fcrk (M\u00fcziktek)<\/li>\n<\/ul>\n<p><b>ATMM 2013 \u00d6\u011frenci Ba\u011flant\u0131 Komitesi<\/b><\/p>\n<ul>\n<li>Yusuf Ak\u00e7ura (Bilkent \u00dcniversitesi)<\/li>\n<li>Arda Eden (\u0130n\u00f6n\u00fc \u00dcniversitesi)<\/li>\n<li>Bora Uslusoy (Plato Meslek Y\u00fcksekokulu)<\/li>\n<li>Suat Vergili (9 Eyl\u00fcl \u00dcniversitesi)<\/li>\n<\/ul>\n<p><b>ATMM 2013 Asistanlar<\/b><\/p>\n<ul>\n<li>Hasan \u00c7ulu (Bilkent \u00dcniversitesi)<\/li>\n<li>Altu\u011f Karakurt (Bilkent \u00dcniversitesi)<\/li>\n<li>B. Lila \u00d6zkazan\u00e7 (Bilkent \u00dcniversitesi)<\/li>\n<li>G\u00fcne\u015f Uyan\u0131k (Bilkent \u00dcniversitesi)<\/li>\n<li>Ezgi \u0130. Y\u00fccel (Bilkent \u00dcniversitesi)<\/li>\n<\/ul>\n<p>&nbsp;<\/p>\n<p><strong>ATMM 2012: 1-2 Kas\u0131m 2012 Bilkent \u00dcniversitesi<\/strong><\/p>\n<p><a href=\"http:\/\/atmm-conference.org\/wp-content\/uploads\/2013\/03\/ATMM-2012-Bobby_Owsinski-IMG_3668s.jpg\" target=\"_blank\"><img loading=\"lazy\" alt=\"ATMM-2012-Bobby_Owsinski-IMG_3668s\" src=\"http:\/\/atmm-conference.org\/wp-content\/uploads\/2013\/03\/ATMM-2012-Bobby_Owsinski-IMG_3668s-300x199.jpg\" width=\"270\" height=\"179\" \/><\/a><\/p>\n<p>ATMM 2012, 1-2 Kas\u0131m 2012 tarihlerinde G\u00fczel Sanatlar, Tasar\u0131m ve Mimarl\u0131k Fak\u00fcltesi,\u00a0<a href=\"http:\/\/comd.bilkent.edu.tr\/\" target=\"_blank\">\u0130leti\u015fim ve Tasar\u0131m B\u00f6l\u00fcm\u00fc<\/a>&#8216;n\u00fcn ev sahipli\u011finde\u00a0<a href=\"http:\/\/www.bilkent.edu.tr\/\" target=\"_blank\">Bilkent \u00dcniversitesi<\/a>&#8216;nde ger\u00e7ekle\u015ftirildi. ATMM 2012&#8217;nin ana konu\u015fmac\u0131s\u0131 (keynote speaker) ses kay\u0131t, m\u00fczik prod\u00fcksiyonu ve m\u00fczik end\u00fcstrisi \u00fczerine 19 kitab\u0131 yay\u0131nlanm\u0131\u015f, aralar\u0131nda Elvis Presley, Jimmy Hendrix, The Who, Willie Nelson, Neil Young, The Ramones ve Chicago gibi sanat\u00e7\u0131lar\u0131n da bulundu\u011fu say\u0131lar\u0131 100&#8217;den fazla olan &#8216;surround sound&#8217; projesinde imzas\u0131 bulunan\u00a0<a href=\"http:\/\/bobbyowsinski.com\/\" target=\"_blank\">Bobby Owsinski<\/a>&#8216;ydi. A\u00e7\u0131l\u0131\u015f konu\u015fmalar\u0131n\u0131n Bilkent \u00dcniversitesi Rekt\u00f6r\u00fc<a href=\"http:\/\/www.bilkent.edu.tr\/~atalar\/\" target=\"_blank\">\u00a0Prof. Dr. Abdullah Atalar<\/a>\u00a0ile\u00a0<a href=\"http:\/\/www.ufukonen.com\/\" target=\"_blank\">Ufuk \u00d6nen<\/a>\u00a0ve\u00a0<a href=\"http:\/\/www.teomanpasinlioglu.com\/\" target=\"_blank\">Teoman Pasinlio\u011flu<\/a>\u00a0taraf\u0131ndan yap\u0131ld\u0131\u011f\u0131 konferansta 24 sunum, st\u00fcdyo kay\u0131t \u00fczerine bir at\u00f6lye \u00e7al\u0131\u015fmas\u0131, \u00fc\u00e7 m\u00fczikal performans ve m\u00fczik teknolojisi \u00fczerine bir de panel ger\u00e7ekle\u015ftirildi. Alan\u0131nda bir ilk olan ATMM 2012 konferans\u0131 sadece T\u00fcrkiye i\u00e7inden de\u011fil, yurtd\u0131\u015f\u0131ndan da akademisyenleri, profesyonelleri ve \u00f6\u011frencileri bir araya getirdi.<\/p>\n<p>ATMM 2012,\u00a0<a href=\"http:\/\/www.bilkent.edu.tr\/\">Bilkent \u00dcniversitesi<\/a>,\u00a0<a href=\"http:\/\/turkey.usembassy.gov\/\">Amerikan B\u00fcy\u00fckel\u00e7ili\u011fi<\/a>,\u00a0<a href=\"http:\/\/istanbul.sae.edu\/tr\/home\/\">SAE Institute<\/a>,\u00a0<a href=\"http:\/\/www.sinerji-vass.com\/\" target=\"_blank\">Sinerji-Vass<\/a>,\u00a0<a href=\"http:\/\/www.muziktek.net\/\" target=\"_blank\">M\u00fcziktek<\/a>,\u00a0<a href=\"https:\/\/www.facebook.com\/SoundDergisi\" target=\"_blank\">Sound<\/a>\u00a0ve\u00a0<a href=\"http:\/\/www.cagdassanatmerkezi.com\/\" target=\"_blank\">\u00c7a\u011fda\u015f Sanat Merkezi<\/a>\u00a0(Ankara) taraf\u0131ndan desteklenmi\u015ftir.<\/p>\n<p>ATMM 2012 &#8220;proceedings&#8221; ve program kitap\u00e7\u0131\u011f\u0131n\u0131 PDF olarak indirmek i\u00e7in\u00a0<a title=\"ATMM 2012 Downloads\" href=\"http:\/\/atmm-conference.org\/?page_id=91\">t\u0131klay\u0131n\u0131z<\/a>.<strong>\u00a0<\/strong><\/p>\n<p><strong>&#8212;&#8211;\u00a0<\/strong><\/p>\n<p><b>\u0130leti\u015fim<\/b><\/p>\n<p>Bilkent \u00dcniversitesi<br \/>\nG\u00fczel Sanatlar, Tasar\u0131m ve Mimarl\u0131k Fak\u00fcltesi<br \/>\n\u0130leti\u015fim ve Tasar\u0131m B\u00f6l\u00fcm\u00fc<br \/>\nBilkent, 06800 Ankara<br \/>\n+90-312-290-1749<br \/>\ninfo@atmm-conference.org<\/p>\n<p>&nbsp;<\/p>\n","protected":false},"excerpt":{"rendered":"<p class=\"post-excerpt\">ATMM (Audio Technologies for Music and Media &#8211; M\u00fczik ve Medya i\u00e7in Ses Teknolojileri), ses ve m\u00fczik teknolojileri ile g\u00f6rsel-i\u015fitsel&#8230;<\/p>\n","protected":false},"author":2,"featured_media":1080,"comment_status":"closed","ping_status":"open","sticky":false,"template":"","format":"standard","meta":{"_mi_skip_tracking":false,"spay_email":"","jetpack_publicize_message":"","jetpack_is_tweetstorm":false,"jetpack_publicize_feature_enabled":true},"categories":[3,21],"tags":[],"jetpack_featured_media_url":"https:\/\/www.ufukonen.com\/tr\/wp-content\/uploads\/ATMM_2013_Poster_131012_s.jpg","jetpack_publicize_connections":[],"jetpack_shortlink":"https:\/\/wp.me\/p3rjsG-ec","jetpack_sharing_enabled":true,"jetpack-related-posts":[{"id":1478,"url":"https:\/\/www.ufukonen.com\/tr\/atmm-ekibe-katilmak-ister-misiniz.html","url_meta":{"origin":880,"position":0},"title":"ATMM 2014: Ekibe Kat\u0131lmak \u0130ster misiniz?","date":"June 6, 2014","format":false,"excerpt":"ATMM (Audio Technologies for Music and Media \u2013 M\u00fczik ve Medya i\u00e7in Ses Teknolojileri), ses ve m\u00fczik teknolojileri ile g\u00f6rsel-i\u015fitsel ara\u00e7lar\u0131n farkl\u0131 y\u00f6nlerine odaklanan, ses, m\u00fczik, g\u00f6r\u00fcnt\u00fc ve insan etkile\u015fimi gibi konular\u0131n birbirleri ile olan etkile\u015fimlerini hem \u2018geleneksel\u2019 hem de \u2018yeni\u2019 medya a\u00e7\u0131s\u0131ndan inceleyen disiplinleraras\u0131 ve uluslararas\u0131 bir konferanst\u0131r. Web\u2026","rel":"","context":"In &quot;ATMM&quot;","img":{"alt_text":"","src":"https:\/\/i0.wp.com\/www.ufukonen.com\/tr\/wp-content\/uploads\/cropped-ATMM_2014_INT_Header_2_960px.jpg?resize=350%2C200&ssl=1","width":350,"height":200},"classes":[]},{"id":164,"url":"https:\/\/www.ufukonen.com\/tr\/atmm-2012-muzik-ve-medya-icin-ses-teknolojileri-konferansi.html","url_meta":{"origin":880,"position":1},"title":"&#8220;ATMM 2012: M\u00fczik ve Medya i\u00e7in Ses Teknolojileri Konferans\u0131&#8221;","date":"June 17, 2012","format":false,"excerpt":"1-2 Kas\u0131m 2012 tarihlerinde Ankara, Bilkent \u00dcniversitesi'nde, \u0130leti\u015fim ve Tasar\u0131m B\u00f6l\u00fcm\u00fc'n\u00fcn (COMD) ev sahipli\u011finde ger\u00e7ekle\u015ftirilen Audio Technologies for Music and Media (ATMM) konferans\u0131 ile ilgili olarak yazd\u0131\u011f\u0131m ve Sound dergisinin 2012 May\u0131s say\u0131s\u0131nda yay\u0131nlanan\u00a0\"ATMM 2012: M\u00fczik ve Medya i\u00e7in Ses Teknolojileri Konferans\u0131\" ba\u015fl\u0131kl\u0131 yaz\u0131m... \u00a0 ATMM 2012: M\u00fczik ve Medya\u2026","rel":"","context":"In &quot;ATMM&quot;","img":{"alt_text":"","src":"https:\/\/i0.wp.com\/www.ufukonen.com\/tr\/wp-content\/uploads\/ATMM-AD_20121015.jpg?resize=350%2C200&ssl=1","width":350,"height":200},"classes":[]},{"id":2008,"url":"https:\/\/www.ufukonen.com\/tr\/atmm-2014.html","url_meta":{"origin":880,"position":2},"title":"ATMM 2014: 12-13 Kas\u0131m Ankara, 14 Kas\u0131m \u0130stanbul","date":"September 28, 2014","format":false,"excerpt":"ATMM (Audio Technologies for Music and Media \u2013 M\u00fczik ve Medya i\u00e7in Ses Teknolojileri), ses ve m\u00fczik teknolojileri ile g\u00f6rsel-i\u015fitsel ara\u00e7lar\u0131n farkl\u0131 y\u00f6nlerine odaklanan, ses, m\u00fczik, g\u00f6r\u00fcnt\u00fc ve insan etkile\u015fimi gibi konular\u0131n birbirleri ile olan etkile\u015fimlerini hem \u2018geleneksel\u2019 hem de \u2018yeni\u2019 medya a\u00e7\u0131s\u0131ndan inceleyen disiplinleraras\u0131 ve uluslararas\u0131 bir konferanst\u0131r. ATMM\u2026","rel":"","context":"In &quot;ATMM&quot;","img":{"alt_text":"","src":"https:\/\/i0.wp.com\/www.ufukonen.com\/tr\/wp-content\/uploads\/ATMM_2014_TwitterPost_1024x512_140922.jpg?resize=350%2C200&ssl=1","width":350,"height":200},"classes":[]},{"id":290,"url":"https:\/\/www.ufukonen.com\/tr\/atmm-2012nin-ardindan.html","url_meta":{"origin":880,"position":3},"title":"ATMM 2012&#8217;nin Ard\u0131ndan&#8230;","date":"January 11, 2013","format":false,"excerpt":"ATMM (Audio Technologies for Music and Media - M\u00fczik ve Medya i\u00e7in Ses Teknolojileri) konferans\u0131n\u0131n birincisi 1-2 Kas\u0131m 2012 tarihlerinde G\u00fczel Sanatlar, Tasar\u0131m ve Mimarl\u0131k Fak\u00fcltesi, \u0130leti\u015fim ve Tasar\u0131m B\u00f6l\u00fcm\u00fc'n\u00fcn ev sahipli\u011finde, Bilkent \u00dcniversitesi'nde ger\u00e7ekle\u015fti. Konferans fikrini ortaya ilk att\u0131\u011f\u0131m\u0131zda bunu tek seferlik de\u011fil, her sene tekrar edecek bir organizasyon\u2026","rel":"","context":"In &quot;ATMM&quot;","img":{"alt_text":"","src":"https:\/\/i0.wp.com\/www.ufukonen.com\/tr\/wp-content\/uploads\/ATMM_Closing-2.jpg?resize=350%2C200&ssl=1","width":350,"height":200},"classes":[]},{"id":2464,"url":"https:\/\/www.ufukonen.com\/tr\/muzik-endustrisine-bakis-1.html","url_meta":{"origin":880,"position":4},"title":"M\u00fczik End\u00fcstrisine Bak\u0131\u015f (1. B\u00f6l\u00fcm)","date":"April 22, 2016","format":false,"excerpt":"\"M\u00fczik Prod\u00fcksiyonu i\u00e7in Alternatif Y\u00f6ntemler ve Amanda Palmer \u00d6rne\u011fi\" ba\u015fl\u0131kl\u0131 yaz\u0131m olduk\u00e7a ilgi toplam\u0131\u015ft\u0131. Anla\u015f\u0131lan o ki m\u00fczik prod\u00fcksiyonu, finansman, da\u011f\u0131t\u0131m ve benzeri konularda yeni ve alternatif y\u00f6ntemler bir\u00e7ok m\u00fczisyenin ve m\u00fczik prod\u00fckt\u00f6r\u00fcn\u00fcn ilgisini \u00e7ekiyor. Ba\u015flang\u0131c\u0131ndan sonra uzun y\u0131llar ayn\u0131 \u015fekilde devam edem m\u00fczik end\u00fcstrisinde son 10-15 y\u0131lda b\u00fcy\u00fck de\u011fi\u015fimler\u2026","rel":"","context":"In &quot;M\u00fczik End\u00fcstrisi&quot;","img":{"alt_text":"","src":"https:\/\/i0.wp.com\/www.ufukonen.com\/tr\/wp-content\/uploads\/Muzik_Endustrisine_Bakis_1.jpg?resize=350%2C200&ssl=1","width":350,"height":200},"classes":[]},{"id":597,"url":"https:\/\/www.ufukonen.com\/tr\/ses-kayit-ve-muzik-teknolojileri.html","url_meta":{"origin":880,"position":5},"title":"Ses Kay\u0131t ve M\u00fczik Teknolojileri","date":"November 1, 2019","format":false,"excerpt":"Internet \u00fczerinden sat\u0131n almak i\u00e7in: G\u00f6r\u00fcnmez Adam: Trendyol - Shopier (imzal\u0131) (kargo bedava) D&R | KitapYurdu SES KAYIT VE M\u00dcZ\u0130K TEKNOLOJ\u0130LER\u0130 (SKMT), m\u00fczik, ses kay\u0131t ve ilgili alanlarda \u00e7al\u0131\u015fan veya \u00e7al\u0131\u015fmak isteyen ki\u015filer i\u00e7in yaz\u0131lm\u0131\u015f, hem teorik hem de g\u00fcnl\u00fck kullan\u0131ma y\u00f6nelik pratik bilgiler i\u00e7eren, geni\u015f konu ba\u015fl\u0131klar\u0131na sahip, alan\u0131ndaki\u2026","rel":"","context":"In &quot;Kitap&quot;","img":{"alt_text":"","src":"https:\/\/i0.wp.com\/www.ufukonen.com\/tr\/wp-content\/uploads\/Onen_SKMT_2020_color_1280x720.jpg?resize=350%2C200&ssl=1","width":350,"height":200},"classes":[]}],"_links":{"self":[{"href":"https:\/\/www.ufukonen.com\/tr\/wp-json\/wp\/v2\/posts\/880"}],"collection":[{"href":"https:\/\/www.ufukonen.com\/tr\/wp-json\/wp\/v2\/posts"}],"about":[{"href":"https:\/\/www.ufukonen.com\/tr\/wp-json\/wp\/v2\/types\/post"}],"author":[{"embeddable":true,"href":"https:\/\/www.ufukonen.com\/tr\/wp-json\/wp\/v2\/users\/2"}],"replies":[{"embeddable":true,"href":"https:\/\/www.ufukonen.com\/tr\/wp-json\/wp\/v2\/comments?post=880"}],"version-history":[{"count":26,"href":"https:\/\/www.ufukonen.com\/tr\/wp-json\/wp\/v2\/posts\/880\/revisions"}],"predecessor-version":[{"id":886,"href":"https:\/\/www.ufukonen.com\/tr\/wp-json\/wp\/v2\/posts\/880\/revisions\/886"}],"wp:featuredmedia":[{"embeddable":true,"href":"https:\/\/www.ufukonen.com\/tr\/wp-json\/wp\/v2\/media\/1080"}],"wp:attachment":[{"href":"https:\/\/www.ufukonen.com\/tr\/wp-json\/wp\/v2\/media?parent=880"}],"wp:term":[{"taxonomy":"category","embeddable":true,"href":"https:\/\/www.ufukonen.com\/tr\/wp-json\/wp\/v2\/categories?post=880"},{"taxonomy":"post_tag","embeddable":true,"href":"https:\/\/www.ufukonen.com\/tr\/wp-json\/wp\/v2\/tags?post=880"}],"curies":[{"name":"wp","href":"https:\/\/api.w.org\/{rel}","templated":true}]}}