{"id":924,"date":"2019-04-14T17:35:50","date_gmt":"2019-04-14T14:35:50","guid":{"rendered":"http:\/\/ufukonen.com\/tr\/?p=924"},"modified":"2021-09-10T19:51:47","modified_gmt":"2021-09-10T16:51:47","slug":"gri-degil-siyah-ankara-rocks","status":"publish","type":"post","link":"https:\/\/www.ufukonen.com\/tr\/gri-degil-siyah-ankara-rocks.html","title":{"rendered":"Gri De\u011fil, Siyah: Ankara Rocks!"},"content":{"rendered":"<p style=\"text-align: center;\"><a href=\"http:\/\/www.ufukonen.com\/tr\/wp-content\/uploads\/Ankara_Rocks_Afis_Ingilizce-1.jpg\" target=\"_blank\" rel=\"noopener noreferrer\"><img loading=\"lazy\" class=\"aligncenter wp-image-3029\" src=\"http:\/\/www.ufukonen.com\/tr\/wp-content\/uploads\/Ankara_Rocks_Afis_Ingilizce-1-724x1024.jpg\" alt=\"\" width=\"550\" height=\"778\" srcset=\"https:\/\/www.ufukonen.com\/tr\/wp-content\/uploads\/Ankara_Rocks_Afis_Ingilizce-1-724x1024.jpg 724w, https:\/\/www.ufukonen.com\/tr\/wp-content\/uploads\/Ankara_Rocks_Afis_Ingilizce-1-212x300.jpg 212w, https:\/\/www.ufukonen.com\/tr\/wp-content\/uploads\/Ankara_Rocks_Afis_Ingilizce-1-768x1086.jpg 768w\" sizes=\"(max-width: 550px) 100vw, 550px\" \/><\/a><\/p>\n<p style=\"text-align: center;\"><strong><a href=\"http:\/\/www.imdb.com\/title\/tt4794832\/\" target=\"_blank\" rel=\"noopener noreferrer\">IMDb sayfas\u0131 i\u00e7in t\u0131klay\u0131n\u0131z<\/a><\/strong><\/p>\n<p>Ge\u00e7mi\u015f tarihli g\u00f6sterimler:<\/p>\n<ul>\n<li>14 Nisan 2019 | Bilkent \u00dcniversitesi, Ankara<\/li>\n<li>17 Nisan 2018 | 37. \u0130stanbul Film Festivali, Kad\u0131k\u00f6y, \u0130stanbul<\/li>\n<li>12 Nisan 2018 | 37. \u0130stanbul Film Festivali, Beyo\u011flu, \u0130stanbul<\/li>\n<li>15 Mart 2018 | T\u00fcrk Amerikan Derne\u011fi, Ankara<\/li>\n<li>26 Ekim 2017 | Ortado\u011fu Teknik \u00dcniversitesi, Ankara<\/li>\n<li>04 Ekim 2017 | Bilkent \u00dcniversitesi, Ankara<\/li>\n<li>20 May\u0131s 2017 | CMS, Budape\u015fte, Macaristan<\/li>\n<li>10 May\u0131s 2017 | T\u00fcrk Amerikan Derne\u011fi, Ankara<\/li>\n<li>28 A\u011fustos 2016 | World Music and Independent Film Festival, ABD<\/li>\n<li>6 Haziran 2016 | Las Vegas Lift-Off Film Festival, ABD<\/li>\n<li>28 May\u0131s 2016 | Miami Independent Film Festival, ABD<\/li>\n<\/ul>\n<h2>10 May\u0131s 2017 Ankara Galas\u0131<\/h2>\n<p>Y\u00f6netmenli\u011fini yapt\u0131\u011f\u0131m <em><strong>Gri De\u011fil, Siyah: Ankara Rocks!<\/strong><\/em> isimli uzun metraj belgesel filmimizi, 10 May\u0131s 2017 tarihinde T\u00fcrk Amerikan Derne\u011fi, Tatbikat Sahnesi\u2019nde Ankara seyircisiyle bulu\u015fturduk. \u0130lk Ankara g\u00f6sterimini sadece filmde yer alanlar ve ekip i\u00e7in d\u00fc\u015f\u00fcnm\u00fc\u015ft\u00fck ama duyup kap\u0131ya gelen bir\u00e7ok ki\u015fi oldu, baz\u0131lar\u0131n\u0131 salona alabildik, di\u011ferlerini ise maalesef yer yoklu\u011fundan dolay\u0131 alamad\u0131k. Salondaki misafirlerimiz iki saat boyunca filmi b\u00fcy\u00fck bir ilgiyle ve (tam da istedi\u011fimiz gibi) tepki vererek\u2014g\u00fclerek, alk\u0131\u015flayarak ve biraz da a\u011flarak\u2014izlediler. Filmin sonunda salondaki duygu yo\u011funlu\u011fu inan\u0131lmazd\u0131. Benim ve t\u00fcm ekip i\u00e7in inan\u0131lmaz bir gece oldu.<\/p>\n<div id=\"attachment_3042\" style=\"width: 560px\" class=\"wp-caption aligncenter\"><img aria-describedby=\"caption-attachment-3042\" loading=\"lazy\" class=\"wp-image-3042\" src=\"http:\/\/www.ufukonen.com\/tr\/wp-content\/uploads\/Ankara_Rocks_AnkaraPremiere-OnStage_OK_s-1024x682.jpg\" alt=\"\" width=\"550\" height=\"366\" srcset=\"https:\/\/www.ufukonen.com\/tr\/wp-content\/uploads\/Ankara_Rocks_AnkaraPremiere-OnStage_OK_s-1024x682.jpg 1024w, https:\/\/www.ufukonen.com\/tr\/wp-content\/uploads\/Ankara_Rocks_AnkaraPremiere-OnStage_OK_s-300x200.jpg 300w, https:\/\/www.ufukonen.com\/tr\/wp-content\/uploads\/Ankara_Rocks_AnkaraPremiere-OnStage_OK_s-768x511.jpg 768w, https:\/\/www.ufukonen.com\/tr\/wp-content\/uploads\/Ankara_Rocks_AnkaraPremiere-OnStage_OK_s.jpg 1920w\" sizes=\"(max-width: 550px) 100vw, 550px\" \/><p id=\"caption-attachment-3042\" class=\"wp-caption-text\">10 May\u0131s 2017 Ankara T\u00fcrk Amerikan K\u00fclt\u00fcr Derne\u011fi. Soldan sa\u011fa: Aycan Y\u00fccel Uyan\u0131k, Ufuk \u00d6nen, Yusuf Ak\u00e7ura, G\u00fclden Treske, Neslihan Atcan Altan, Andreas Treske<\/p><\/div>\n<div id=\"attachment_3044\" style=\"width: 560px\" class=\"wp-caption aligncenter\"><img aria-describedby=\"caption-attachment-3044\" loading=\"lazy\" class=\"wp-image-3044\" src=\"http:\/\/www.ufukonen.com\/tr\/wp-content\/uploads\/AnkaraRocks_170510_AT-GT-UO-YA-1024x683.jpg\" alt=\"\" width=\"550\" height=\"367\" srcset=\"https:\/\/www.ufukonen.com\/tr\/wp-content\/uploads\/AnkaraRocks_170510_AT-GT-UO-YA-1024x683.jpg 1024w, https:\/\/www.ufukonen.com\/tr\/wp-content\/uploads\/AnkaraRocks_170510_AT-GT-UO-YA-300x200.jpg 300w, https:\/\/www.ufukonen.com\/tr\/wp-content\/uploads\/AnkaraRocks_170510_AT-GT-UO-YA-768x512.jpg 768w, https:\/\/www.ufukonen.com\/tr\/wp-content\/uploads\/AnkaraRocks_170510_AT-GT-UO-YA.jpg 1920w\" sizes=\"(max-width: 550px) 100vw, 550px\" \/><p id=\"caption-attachment-3044\" class=\"wp-caption-text\">Andreas Treske (Yap\u0131mc\u0131), G\u00fclden Treske (Yazar), Ufuk \u00d6nen (Y\u00f6netmen, Yap\u0131mc\u0131, Yazar), Yusuf Ak\u00e7ura (G\u00f6r\u00fcnt\u00fc Y\u00f6netmeni)<\/p><\/div>\n<div id=\"attachment_3045\" style=\"width: 560px\" class=\"wp-caption aligncenter\"><img aria-describedby=\"caption-attachment-3045\" loading=\"lazy\" class=\"wp-image-3045\" src=\"http:\/\/www.ufukonen.com\/tr\/wp-content\/uploads\/AnkaraRocks_170510_EE-UO-NAA-AYU-1024x683.jpg\" alt=\"\" width=\"550\" height=\"367\" srcset=\"https:\/\/www.ufukonen.com\/tr\/wp-content\/uploads\/AnkaraRocks_170510_EE-UO-NAA-AYU-1024x683.jpg 1024w, https:\/\/www.ufukonen.com\/tr\/wp-content\/uploads\/AnkaraRocks_170510_EE-UO-NAA-AYU-300x200.jpg 300w, https:\/\/www.ufukonen.com\/tr\/wp-content\/uploads\/AnkaraRocks_170510_EE-UO-NAA-AYU-768x512.jpg 768w, https:\/\/www.ufukonen.com\/tr\/wp-content\/uploads\/AnkaraRocks_170510_EE-UO-NAA-AYU.jpg 1920w\" sizes=\"(max-width: 550px) 100vw, 550px\" \/><p id=\"caption-attachment-3045\" class=\"wp-caption-text\">Esin Erdo\u011fan (Organizasyon), Ufuk \u00d6nen (Y\u00f6netmen, Yap\u0131mc\u0131, Yazar), Neslihan Atcan Altan (Yazar), Aycan Y\u00fccel Uyan\u0131k (Edit\u00f6r)<\/p><\/div>\n<p>10 May\u0131s 2017 filmimizin T\u00fcrkiye&#8217;de ilk g\u00f6sterildi\u011fi tarih ancak <em><strong>Gri De\u011fil, Siyah: Ankara Rocks!<\/strong><\/em>\u00a0daha \u00f6nce, 2016 y\u0131l\u0131 i\u00e7inde, Amerika Birle\u015fik Devletleri\u2019nde Miami Independent Film Festival, Las Vegas Lift Off Film Festival ve 7th Annual World Music and Independent Film Festival isimli uluslararas\u0131 film festivallerinde\u00a0g\u00f6sterilmi\u015fti.<\/p>\n<p><img loading=\"lazy\" class=\"aligncenter wp-image-2845\" src=\"http:\/\/www.ufukonen.com\/tr\/wp-content\/uploads\/AnkaraRocks_Laurels-1024x217.png\" alt=\"AnkaraRocks_Laurels\" width=\"500\" height=\"106\" srcset=\"https:\/\/www.ufukonen.com\/tr\/wp-content\/uploads\/AnkaraRocks_Laurels-1024x217.png 1024w, https:\/\/www.ufukonen.com\/tr\/wp-content\/uploads\/AnkaraRocks_Laurels-300x64.png 300w, https:\/\/www.ufukonen.com\/tr\/wp-content\/uploads\/AnkaraRocks_Laurels-768x163.png 768w, https:\/\/www.ufukonen.com\/tr\/wp-content\/uploads\/AnkaraRocks_Laurels.png 1200w\" sizes=\"(max-width: 500px) 100vw, 500px\" \/><\/p>\n<p>K\u0131saca filmden biraz bahsetmek istiyorum.\u00a070, 80 ve 90\u2019l\u0131 y\u0131llar\u2026 Ankara ve rock m\u00fczik\u2026 Ankara\u2019da yap\u0131lan ve ya\u015fan\u0131lan rock m\u00fczik\u2026 \u2018Ya\u015fan\u0131lan\u2019 diyorum \u00e7\u00fcnk\u00fc rock, sadece yap\u0131lan ya da dinlenilen bir m\u00fczik de\u011fildi. \u00d6zellikle o y\u0131llarda rock, bir ya\u015fam tarz\u0131yd\u0131. Bu ya\u015fam tarz\u0131n\u0131 zorluklara kar\u015f\u0131n s\u00fcren, s\u00fcrmek i\u00e7in m\u00fccadele eden, say\u0131lar\u0131 az de\u011filse de \u00e7ok da fazla olmayan gen\u00e7ler Ankara\u2019da bir alt k\u00fclt\u00fcr olu\u015fturdular. Ben de onlardan biriydim, o alt k\u00fclt\u00fcr\u00fcn par\u00e7as\u0131yd\u0131m.\u00a0<em><strong>Gri De\u011fil, Siyah: Ankara Rocks!<\/strong><\/em> benim g\u00f6z\u00fcmden, Ankaral\u0131 rock m\u00fczisyenlerinin 70\u2019li y\u0131llardan ba\u015flayarak 90\u2019l\u0131 y\u0131llar\u0131n ortas\u0131na kadar uzanan bir d\u00f6nemde Ankara\u2019n\u0131n do\u011fal dokusu, t\u00fcrl\u00fc imkans\u0131zl\u0131klar ve s\u0131n\u0131rlamalar gibi \u00e7e\u015fitli engellere kar\u015f\u0131 en b\u00fcy\u00fck tutkular\u0131 olan m\u00fczi\u011fin pe\u015finden gitme hikayesini anlat\u0131yor.<\/p>\n<p><a href=\"http:\/\/www.ufukonen.com\/tr\/wp-content\/uploads\/Ankara_Rocks_Gorsel-1.jpg\" target=\"_blank\" rel=\"noopener noreferrer\"><img loading=\"lazy\" class=\"aligncenter wp-image-3026\" src=\"http:\/\/www.ufukonen.com\/tr\/wp-content\/uploads\/Ankara_Rocks_Gorsel-1-1024x576.jpg\" alt=\"\" width=\"500\" height=\"281\" srcset=\"https:\/\/www.ufukonen.com\/tr\/wp-content\/uploads\/Ankara_Rocks_Gorsel-1-1024x576.jpg 1024w, https:\/\/www.ufukonen.com\/tr\/wp-content\/uploads\/Ankara_Rocks_Gorsel-1-300x169.jpg 300w, https:\/\/www.ufukonen.com\/tr\/wp-content\/uploads\/Ankara_Rocks_Gorsel-1-768x432.jpg 768w\" sizes=\"(max-width: 500px) 100vw, 500px\" \/><\/a><\/p>\n<p>M\u00fczisyenler ve Ankara aras\u0131ndaki a\u015fk-nefret hikayesine yapt\u0131\u011f\u0131m\u0131z vurgu ile <em><strong>Gri De\u011fil, Siyah: Ankara Rocks!<\/strong><\/em> bir m\u00fczik ve \u015fehir hikayesi haline geldi. Bu hikayeyi izleyiciye benim \u00fczerimden ikili bir anlat\u0131yla sunmay\u0131 tercih ettik: filmde ben bir yandan y\u00f6netmen, di\u011fer yandan da <a href=\"http:\/\/www.ufukonen.com\/tr\/hazy-hill.html\" target=\"_blank\" rel=\"noopener noreferrer\">Hazy Hill<\/a>&#8216;\u0131n gitar\/vokalisti olarak bir Ankaral\u0131 m\u00fczisyen olarak yer al\u0131yorum.<\/p>\n<h2>37. \u0130stanbul Film Festivali<\/h2>\n<p>Black, Not Gray: Ankara Rocks! \/ Gri De\u011fil, Siyah: Ankara Rocks! adl\u0131 belgeselimiz 37. \u0130stanbul Film Festivali kapsam\u0131nda 12 Nisan&#8217;da Beyo\u011flu, 17 Nisan&#8217;da da Kad\u0131k\u00f6y Rexx sinemalar\u0131nda g\u00f6sterildi.<\/p>\n<p><a href=\"http:\/\/www.ufukonen.com\/tr\/wp-content\/uploads\/2019_Newsletter_Ankara_Rocks_Beyoglu_Selfie_1920x1080.jpg\" target=\"_blank\" rel=\"noopener noreferrer\"><img loading=\"lazy\" class=\"aligncenter wp-image-4456\" src=\"http:\/\/www.ufukonen.com\/tr\/wp-content\/uploads\/2019_Newsletter_Ankara_Rocks_Beyoglu_Selfie_1920x1080-1024x576.jpg\" alt=\"\" width=\"575\" height=\"323\" srcset=\"https:\/\/www.ufukonen.com\/tr\/wp-content\/uploads\/2019_Newsletter_Ankara_Rocks_Beyoglu_Selfie_1920x1080-1024x576.jpg 1024w, https:\/\/www.ufukonen.com\/tr\/wp-content\/uploads\/2019_Newsletter_Ankara_Rocks_Beyoglu_Selfie_1920x1080-300x169.jpg 300w, https:\/\/www.ufukonen.com\/tr\/wp-content\/uploads\/2019_Newsletter_Ankara_Rocks_Beyoglu_Selfie_1920x1080-768x432.jpg 768w, https:\/\/www.ufukonen.com\/tr\/wp-content\/uploads\/2019_Newsletter_Ankara_Rocks_Beyoglu_Selfie_1920x1080.jpg 1920w\" sizes=\"(max-width: 575px) 100vw, 575px\" \/><\/a><\/p>\n<p><a href=\"http:\/\/www.ufukonen.com\/tr\/wp-content\/uploads\/2019_Newsletter_Ankara_Rocks_Beyoglu_1920x1141.jpg\" target=\"_blank\" rel=\"noopener noreferrer\"><img loading=\"lazy\" class=\"aligncenter wp-image-4455\" src=\"http:\/\/www.ufukonen.com\/tr\/wp-content\/uploads\/2019_Newsletter_Ankara_Rocks_Beyoglu_1920x1141-1024x609.jpg\" alt=\"\" width=\"575\" height=\"342\" srcset=\"https:\/\/www.ufukonen.com\/tr\/wp-content\/uploads\/2019_Newsletter_Ankara_Rocks_Beyoglu_1920x1141-1024x609.jpg 1024w, https:\/\/www.ufukonen.com\/tr\/wp-content\/uploads\/2019_Newsletter_Ankara_Rocks_Beyoglu_1920x1141-300x178.jpg 300w, https:\/\/www.ufukonen.com\/tr\/wp-content\/uploads\/2019_Newsletter_Ankara_Rocks_Beyoglu_1920x1141-768x456.jpg 768w, https:\/\/www.ufukonen.com\/tr\/wp-content\/uploads\/2019_Newsletter_Ankara_Rocks_Beyoglu_1920x1141.jpg 1920w\" sizes=\"(max-width: 575px) 100vw, 575px\" \/><\/a><\/p>\n<p>G\u00f6sterimlere ek olarak 12 Nisan ak\u015fam\u0131 Salon \u0130KSV&#8217;de filmimiz i\u00e7in bir de konser d\u00fczenlendi.<\/p>\n<p>O gece Demir Demirkan, Kalben, Son Feci Bisiklet, \u00d6zge F\u0131\u015fk\u0131n ve Asena (Karakedi) sahnede bizlere birlikte oldu.<a href=\"http:\/\/www.ufukonen.com\/tr\/wp-content\/uploads\/2019_Newsletter_Ankara_Rocks_Salon_IKSV_1920x1141.jpg\" target=\"_blank\" rel=\"noopener noreferrer\"><img loading=\"lazy\" class=\"aligncenter wp-image-4457\" src=\"http:\/\/www.ufukonen.com\/tr\/wp-content\/uploads\/2019_Newsletter_Ankara_Rocks_Salon_IKSV_1920x1141-1024x609.jpg\" alt=\"\" width=\"575\" height=\"342\" srcset=\"https:\/\/www.ufukonen.com\/tr\/wp-content\/uploads\/2019_Newsletter_Ankara_Rocks_Salon_IKSV_1920x1141-1024x609.jpg 1024w, https:\/\/www.ufukonen.com\/tr\/wp-content\/uploads\/2019_Newsletter_Ankara_Rocks_Salon_IKSV_1920x1141-300x178.jpg 300w, https:\/\/www.ufukonen.com\/tr\/wp-content\/uploads\/2019_Newsletter_Ankara_Rocks_Salon_IKSV_1920x1141-768x456.jpg 768w, https:\/\/www.ufukonen.com\/tr\/wp-content\/uploads\/2019_Newsletter_Ankara_Rocks_Salon_IKSV_1920x1141.jpg 1920w\" sizes=\"(max-width: 575px) 100vw, 575px\" \/><\/a><\/p>\n<p>Ayr\u0131ca Razor, Dr. Skull ve Hazy Hill par\u00e7alar\u0131 \u00e7ald\u0131. Ben de onlarla birlikte &#8220;Burning Shades&#8221; adl\u0131 par\u00e7am\u0131z\u0131 s\u00f6yledim.<\/p>\n<p>Y\u0131llar sonra bu par\u00e7ayla tekrar sahnede olmak benim i\u00e7in ger\u00e7ekten hem \u00e7ok garip hem de muhte\u015fem bir histi!<\/p>\n<p><a href=\"http:\/\/www.ufukonen.com\/tr\/wp-content\/uploads\/2019_Newsletter_Ankara_Rocks_Salon_IKSV_Razor_UfukOnen_1000x1341.jpg\" target=\"_blank\" rel=\"noopener noreferrer\"><img loading=\"lazy\" class=\"aligncenter wp-image-4458\" src=\"http:\/\/www.ufukonen.com\/tr\/wp-content\/uploads\/2019_Newsletter_Ankara_Rocks_Salon_IKSV_Razor_UfukOnen_1000x1341-764x1024.jpg\" alt=\"\" width=\"575\" height=\"771\" srcset=\"https:\/\/www.ufukonen.com\/tr\/wp-content\/uploads\/2019_Newsletter_Ankara_Rocks_Salon_IKSV_Razor_UfukOnen_1000x1341-764x1024.jpg 764w, https:\/\/www.ufukonen.com\/tr\/wp-content\/uploads\/2019_Newsletter_Ankara_Rocks_Salon_IKSV_Razor_UfukOnen_1000x1341-224x300.jpg 224w, https:\/\/www.ufukonen.com\/tr\/wp-content\/uploads\/2019_Newsletter_Ankara_Rocks_Salon_IKSV_Razor_UfukOnen_1000x1341-768x1030.jpg 768w, https:\/\/www.ufukonen.com\/tr\/wp-content\/uploads\/2019_Newsletter_Ankara_Rocks_Salon_IKSV_Razor_UfukOnen_1000x1341.jpg 1000w\" sizes=\"(max-width: 575px) 100vw, 575px\" \/><\/a><\/p>\n<p>Hem festival hem de Salon \u0130KSV&#8217;deki gece i\u00e7in b\u00fcy\u00fck yard\u0131mlar\u0131 dokunan de\u011ferli dostum \u00c7a\u011flan Tekil&#8217;e buradan te\u015fekk\u00fcr ediyorum.<\/p>\n<p style=\"text-align: left;\">Gri De\u011fil, Siyah: Ankara Rocks!&#8217;\u0131 yak\u0131nda m\u00fcmk\u00fcn oldu\u011funca \u00e7ok ki\u015fiye ula\u015ft\u0131rabilmek i\u00e7in \u00e7al\u0131\u015f\u0131yoruz. Haberler ve geli\u015fmeler i\u00e7in l\u00fctfen beni <a href=\"https:\/\/twitter.com\/UfukOnen\" target=\"_blank\" rel=\"noopener noreferrer\">Twitter&#8217;da takip edin<\/a>.<\/p>\n<p><strong>Ankara Rocks [Fragman]<\/strong><\/p>\n<div class=\"embed-vimeo\" style=\"text-align: center;\"><iframe loading=\"lazy\" src=\"https:\/\/player.vimeo.com\/video\/258312886\" width=\"700\" height=\"394\" frameborder=\"0\" webkitallowfullscreen mozallowfullscreen allowfullscreen><\/iframe><\/div>\n<p><strong>Ankara Rocks [Snippet #1]<\/strong><\/p>\n<p><span class=\"embed-youtube\" style=\"text-align:center; display: block;\"><iframe loading=\"lazy\" class=\"youtube-player\" width=\"700\" height=\"394\" src=\"https:\/\/www.youtube.com\/embed\/xwxrGPgyPGg?version=3&#038;rel=1&#038;showsearch=0&#038;showinfo=1&#038;iv_load_policy=1&#038;fs=1&#038;hl=en-US&#038;autohide=2&#038;wmode=transparent\" allowfullscreen=\"true\" style=\"border:0;\" sandbox=\"allow-scripts allow-same-origin allow-popups allow-presentation\"><\/iframe><\/span><\/p>\n<p><strong>Ankara Rocks Video [Snippet #2]<\/strong><\/p>\n<p><span class=\"embed-youtube\" style=\"text-align:center; display: block;\"><iframe loading=\"lazy\" class=\"youtube-player\" width=\"700\" height=\"394\" src=\"https:\/\/www.youtube.com\/embed\/O41MAgYxk9s?version=3&#038;rel=1&#038;showsearch=0&#038;showinfo=1&#038;iv_load_policy=1&#038;fs=1&#038;hl=en-US&#038;autohide=2&#038;wmode=transparent\" allowfullscreen=\"true\" style=\"border:0;\" sandbox=\"allow-scripts allow-same-origin allow-popups allow-presentation\"><\/iframe><\/span><\/p>\n<p><strong>Ankara Rocks [Snippet #3]<\/strong><\/p>\n<p><span class=\"embed-youtube\" style=\"text-align:center; display: block;\"><iframe loading=\"lazy\" class=\"youtube-player\" width=\"700\" height=\"394\" src=\"https:\/\/www.youtube.com\/embed\/FkPZ-IvtapE?version=3&#038;rel=1&#038;showsearch=0&#038;showinfo=1&#038;iv_load_policy=1&#038;fs=1&#038;hl=en-US&#038;autohide=2&#038;wmode=transparent\" allowfullscreen=\"true\" style=\"border:0;\" sandbox=\"allow-scripts allow-same-origin allow-popups allow-presentation\"><\/iframe><\/span><\/p>\n<ul>\n<li>Konserler (sinema konserleri, a\u00e7\u0131khava konserleri, ODT\u00dc&#8217;de yap\u0131lan konser ve festivaller, Hacettepe M salonu konserleri, Maltepe d\u00fc\u011f\u00fcn salonu konserleri ve di\u011ferleri)<\/li>\n<li>St\u00fcdyolar (Yenimahalle Selim Sar\u0131c\u0131, Necatibey Tempo Ufuk, Tunal\u0131 Pestilence, Esat Zoo ve di\u011ferleri)<\/li>\n<li>Y\u00fcksel Caddesi, Meclis Park\u0131, Tunal\u0131 Hilmi, Sakarya, di\u011fer cadde ve sokaklar (Farabi, \u00c7evre, Bestekar, Tunus vb.)<\/li>\n<li>Barlar (Siyah Beyaz, A-Bar, Dorian Gray, Manhattan, Graffiti, Nicky&#8217;s, Trio, &#8220;Bina&#8221; [Roadhouse, Val\u00f6r, Graveyard, Old School], Limon, G\u00f6lge vb.)<\/li>\n<li>Plak ve m\u00fczik d\u00fckkanlar\u0131 (Dorian Gray, Rockmania, Shades, Supersonic, Bonanza ve di\u011ferleri)<\/li>\n<li>Gruplar ve m\u00fczisyenler.<\/li>\n<\/ul>\n<p>Geli\u015fmeleri takip etmek i\u00e7in:\u00a0<a href=\"https:\/\/twitter.com\/UfukOnen\" target=\"_blank\" rel=\"noopener noreferrer\"><img loading=\"lazy\" class=\"alignnone wp-image-502\" src=\"http:\/\/ufukonen.com\/tr\/wp-content\/uploads\/twitter.png\" alt=\"twitter\" width=\"29\" height=\"29\" \/>\u00a0\/ufukonen<\/a><\/p>\n<p>\u0130lgili yaz\u0131lar:\u00a0<a title=\"Ge\u00e7mi\u015fe Yolculuk: 70\u2032ler, 80\u2032ler, 90\u2032lar\u2026 Ankara ve St\u00fcdyolar\u2026\" href=\"http:\/\/ufukonen.com\/tr\/?p=196\" target=\"_blank\" rel=\"noopener noreferrer\">Ge\u00e7mi\u015fe Yolculuk: 70\u2032ler, 80\u2032ler, 90\u2032lar\u2026 Ankara ve St\u00fcdyolar\u2026<\/a><\/p>\n<h4 style=\"text-align: center;\"><strong>Filmde yer alanlar, ekip ve \u00f6zel te\u015fekk\u00fcrler (\u0130ngilizce)<\/strong><\/h4>\n<p style=\"text-align: center;\">Director<br \/>\nUfuk \u00d6nen<\/p>\n<p style=\"text-align: center;\">Editor<br \/>\nAycan Y\u00fccel<\/p>\n<p style=\"text-align: center;\">Writers<br \/>\nUfuk \u00d6nen<br \/>\nAycan Y\u00fccel<br \/>\nNeslihan Atcan Altan<br \/>\nG\u00fclden Treske<\/p>\n<p style=\"text-align: center;\">Director of Photography<br \/>\nYusuf Ak\u00e7ura<\/p>\n<p style=\"text-align: center;\">Hazy Hill Old Footage Camera<br \/>\nCenk Erdil<\/p>\n<p style=\"text-align: center;\">Music By<br \/>\nG\u00fcrb\u00fcz Barlas<br \/>\nS\u00fcleyman Ba\u011fc\u0131o\u011flu<br \/>\nUfuk \u00d6nen<\/p>\n<p style=\"text-align: center;\">Producer<br \/>\nUfuk \u00d6nen<\/p>\n<p style=\"text-align: center;\">Co-Producer<br \/>\nAndreas Treske<\/p>\n<p style=\"text-align: center;\">Line Producer<br \/>\nZeynep I\u015f\u0131l I\u015f\u0131k Dursun<\/p>\n<p style=\"text-align: center;\">Interviews Camera<br \/>\nYusuf Ak\u00e7ura<br \/>\nAndreas Treske<\/p>\n<p style=\"text-align: center;\">Interviews Lighting<br \/>\nYusuf Ak\u00e7ura<\/p>\n<p style=\"text-align: center;\">Camera Operators (alphabetical order)<br \/>\nErhan Avc\u0131<br \/>\nG\u00fc\u00e7l\u00fc Aydo\u011fdu<br \/>\nAlihan Co\u015fkun<br \/>\nSera \u00c7ak\u0131ro\u011flu<br \/>\nCenk Erdil<br \/>\nEmirhan Gedele\u00e7<br \/>\nBa\u015fak &#8216;Lola&#8217; G\u00f6k\u00e7e<br \/>\n\u015eeref \u0130\u015fler<br \/>\nKubilay Pek\u015fen<br \/>\nKemal Tu\u011frul S\u00fcmer<br \/>\nB. \u00d6mer Uyan\u0131k<\/p>\n<p style=\"text-align: center;\">Digital Effects<br \/>\nAycan Y\u00fccel<br \/>\n\u00c7\u0131nar \u00c7ulfaz<\/p>\n<p style=\"text-align: center;\">Sound Editing<br \/>\nUfuk \u00d6nen<\/p>\n<p style=\"text-align: center;\">Sound Mixing<br \/>\nUfuk \u00d6nen<\/p>\n<p style=\"text-align: center;\">Boom Operators (alphabetical order)<br \/>\nMira\u00e7 At\u0131c\u0131<br \/>\nBeg\u00fcm Bilgeno\u011flu<br \/>\nSera \u00c7ak\u0131ro\u011flu<br \/>\nNeslim Cansu \u00c7avu\u015fo\u011flu<br \/>\nAlev De\u011fim<br \/>\nBa\u015fak &#8216;Lola&#8217; G\u00f6k\u00e7e<br \/>\nG\u00fcn\u0131\u015f\u0131k Sungur<br \/>\nB. \u00d6mer Uyan\u0131k<br \/>\nP\u0131nar Yorganc\u0131o\u011flu<\/p>\n<p style=\"text-align: center;\">Set Photographers (alphabetical order)<br \/>\nBeg\u00fcm Bilgeno\u011flu<br \/>\nSera \u00c7ak\u0131ro\u011flu<br \/>\nNeslim Cansu \u00c7avu\u015fo\u011flu<br \/>\nAlev De\u011fim<br \/>\nSeza Esin Erdo\u011fan<br \/>\nBa\u015fak &#8216;Lola&#8217; G\u00f6k\u00e7e<br \/>\nP\u0131nar Yorganc\u0131o\u011flu<br \/>\nZeynep Ilgaz Zencirci<\/p>\n<p style=\"text-align: center;\">Transcribers (alphabetical order)<br \/>\nYaz Ak\u00e7ura<br \/>\nYusuf Ak\u00e7ura<br \/>\n\u0130pek Atcan<br \/>\nNeslihan Atcan Altan<br \/>\nSinem Ayd\u0131nl\u0131<br \/>\nGiray Bayer<br \/>\nSera \u00c7ak\u0131ro\u011flu<br \/>\nNeslim Cansu \u00c7avu\u015fo\u011flu<br \/>\nAlev De\u011fim<br \/>\nZeynep I\u015f\u0131l I\u015f\u0131k Dursun<br \/>\nLeyla D\u00fcndar Ergin<br \/>\nBa\u015fak &#8216;Lola&#8217; G\u00f6k\u00e7e<br \/>\nAlkor Kutluay<br \/>\nDamla Okay<br \/>\nUfuk \u00d6nen<br \/>\nSerda Ceren Sa\u011fba\u015f<br \/>\nU\u011fur Sat\u0131lm\u0131\u015f<br \/>\nG\u00fcn\u0131\u015f\u0131k Sungur<br \/>\nArda Tezok<br \/>\nMelike Uyanusta<br \/>\nAycan Y\u00fccel<br \/>\nAsl\u0131 Z\u00fclal<\/p>\n<p style=\"text-align: center;\">Translation<br \/>\nNeslihan Atcan Altan<br \/>\nBelgin Selen Haktan\u0131r<\/p>\n<p style=\"text-align: center;\">Subtitles<br \/>\nTomasz Jurczyszyn<\/p>\n<p style=\"text-align: center;\">Additional Photo Credits<br \/>\nAhmet Soyak<\/p>\n<p style=\"text-align: center;\">Interviewees (alphabetical order)<br \/>\nFerman Akg\u00fcl<br \/>\nVolkan Akg\u00fcn<br \/>\nU\u011fur B\u00fclent Aksoy<br \/>\nEren Alkan<br \/>\nEmre Alptekin<br \/>\nZafer Altunda\u011f<br \/>\nUtku Arslan<br \/>\nYi\u011fit Ataman<br \/>\nNeslihan Atcan Altan<br \/>\nSayg\u0131n Ay<br \/>\nAk\u0131n Ba\u011fc\u0131o\u011flu<br \/>\nS\u00fcleyman Ba\u011fc\u0131o\u011flu<br \/>\nCem Bahtiyar<br \/>\nKerem Be\u015fli<br \/>\nHicri Bozda\u011f<br \/>\nBur\u00e7in B\u00fclb\u00fcl<br \/>\nOganalp Canatan<br \/>\nSerdar Ceylan<br \/>\nKaan Dirgin<br \/>\nAlp D\u00fcndar<br \/>\nSelim Eralp<br \/>\nCem Eren<br \/>\nLeyla D\u00fcndar Ergin<br \/>\n\u00c7a\u011fatay Ergin<br \/>\nTolga Ergin<br \/>\nArtun Ert\u00fcrk<br \/>\nTarkan G\u00fcrol<br \/>\nEmrehan Hal\u0131c\u0131<br \/>\nG\u00fcltekin \u0130reng\u00fcn<br \/>\nKoray I\u015f\u0131ldak<br \/>\nBurak Kahraman<br \/>\nDeniz Karado\u011fan<br \/>\nDilek Kaya<br \/>\nMurat K\u00f6selio\u011flu<br \/>\nAt\u0131l Kurttekin<br \/>\nEte Kurttekin<br \/>\nHakan Ku\u015f\u00e7u<br \/>\nMete Kute\u015f<br \/>\nAlkor Kutluay<br \/>\nUfuk \u00d6nen<br \/>\n\u00d6zg\u00fcr Can \u00d6ney<br \/>\nAsena \u00d6z\u00e7etin<br \/>\nEmre \u00d6zg\u00fcm\u00fc\u015f<br \/>\nG\u00fcney \u00d6zsan<br \/>\nMehmet \u015eevki \u00d6zt\u00fcrk<br \/>\nS\u00fcleyman \u00d6zy\u0131ld\u0131r\u0131m<br \/>\nSad\u0131k Sa\u011flam<br \/>\nErkin \u015eahin<br \/>\nFerhat \u015eahin<br \/>\nBerrak Saka<br \/>\nYa\u011fmur Sar\u0131g\u00fcl<br \/>\nLevent Se\u011fmen<br \/>\nFaruk \u015eenel<br \/>\nEmrecan Sevdin<br \/>\nYa\u015far S\u00f6kmens\u00fcer<br \/>\nErkan Tato\u011flu<br \/>\nBurak Tavus<br \/>\nEgemen \u00dcnal<br \/>\nDo\u011fa \u00dcr\u00fcnay<br \/>\nB. \u00d6mer Uyan\u0131k<br \/>\nTuna Vural<br \/>\nAlper Yarang\u00fcmeli<br \/>\n\u015eener Y\u0131ld\u0131z<br \/>\nEfe Y\u0131lmaz<br \/>\nMustafa Y\u00fcksel<\/p>\n<p style=\"text-align: center;\">Old Hazy Hill Footage (appearances) (alphabetical order)<br \/>\nCan Abanaz\u0131r<br \/>\nMete Artun<br \/>\nEkim Can Bayram<br \/>\nMehmet Boybeyi<br \/>\nCenk Erdil<br \/>\nBur\u00e7in Erol<br \/>\nBayaz\u0131t Musal<br \/>\nZeynep Kalkay<br \/>\nMetin Kay\u0131han (voice)<br \/>\nVolkan K\u0131ra\u011f\u0131<br \/>\nLaurence Raw<br \/>\nSinan Sungar<br \/>\nTrio Metin<\/p>\n<p style=\"text-align: center;\">Trio (appearances) (alphabetical order)<br \/>\nLeyla D\u00fcndar Ergin<br \/>\n\u00c7a\u011fatay Ergin<br \/>\nFethi Okutan<br \/>\nUfuk \u00d6nen<br \/>\nAsena \u00d6z\u00e7etin<br \/>\nMurat Ko\u00e7yi\u011fit<br \/>\nCelal S\u00f6zer<br \/>\nAylin Vagas-Ba\u015fara<\/p>\n<p style=\"text-align: center;\">The Building (interviews) (alphabetical order)<br \/>\nOrkun Ar\u0131y\u00f6r\u00fck<br \/>\nMert Bal<br \/>\nHicri Bozda\u011f<br \/>\nLeyla D\u00fcndar Ergin<br \/>\nMetin \u0130slam<br \/>\nDeniz Karado\u011fan<br \/>\nG\u00f6zde Petek Ko\u015fmaz<\/p>\n<p style=\"text-align: center;\">The Building (appearances) (alphabetical order)<br \/>\nEmek Akman<br \/>\nTaner Alatan<br \/>\nTara Arseven<br \/>\nG\u00f6ksenin Bal<br \/>\nAylin Vagas Ba\u015fara<br \/>\nLevent Ba\u015fara<br \/>\n\u00d6zkan \u00c7apa<br \/>\n\u015eermin \u00c7apa<br \/>\nBu\u011fra \u00c7elebi<br \/>\nYi\u011fit \u00c7i\u00e7ek<br \/>\n\u00d6zlem Do\u011fan<br \/>\nZeynep I\u015f\u0131l I\u015f\u0131k Dursun<br \/>\nKoray Elba\u015f\u0131<br \/>\n\u00c7a\u011fatay Ergin<br \/>\nDidem G\u00fclbay<br \/>\nSuna Bulur \u0130mir<br \/>\nMert \u0130mir<br \/>\nAy\u015fin Tanr\u0131verdi \u0130slam<br \/>\n\u015eeref \u0130\u015fler<br \/>\nH\u00fclya Kele\u015f<br \/>\nYusuf Kenan<br \/>\nAy\u015fen Konuralp<br \/>\nDevrim Konuray<br \/>\nBerrin Arl\u0131 Kula<br \/>\nUla\u015f Kula<br \/>\nZ. Lara Li\u015fesivdin<br \/>\nOrkut Ahmet Mutluer<br \/>\nSel\u00e7uk Oktay<br \/>\nHakan Atakt\u00fcrk \u00d6ktem<br \/>\nMert \u00d6ktem<br \/>\nLeyla \u00d6nal<br \/>\nMehmet Pozam<br \/>\nSelim R\u00f6drig\u00fcez<br \/>\n\u0130hsan \u015een<br \/>\nSami \u00dclgener<br \/>\nKemal \u00dcnal<br \/>\nMert Varl\u0131k<br \/>\nTolga Vural<br \/>\nTuna Vural<br \/>\n\u00d6zlem G\u00fcl Yarang\u00fcmeli<br \/>\nK\u0131van\u00e7 Yarang\u00fcmeli<\/p>\n<p style=\"text-align: center;\">Archival Footage Appearances (alphabetical order)<br \/>\nCemal Atahan<br \/>\nG\u00fcrb\u00fcz Barlas<br \/>\nBurak Ba\u00e7<\/p>\n<p style=\"text-align: center;\">Bands (alphabetical order)<br \/>\nAaaarrghh<br \/>\nAbsent Without Leave<br \/>\nAirfax<br \/>\nArt Niyet<br \/>\nArtun Ert\u00fcrk and Diplomatik Rock Opera<br \/>\nAxe<br \/>\nBarone Steel<br \/>\nBlack Tooth<br \/>\nCrestfall<br \/>\nCrimegate<br \/>\nCrisis<br \/>\n\u00c7alarsaat<br \/>\nDark Phase<br \/>\nDead Mosh<br \/>\nDengesiz Herifler<br \/>\nDepresyon<br \/>\nDr. Skull<br \/>\nDreamtone\/Neverland<br \/>\nThe Guts<br \/>\nHazy Hill<br \/>\nHeavy Sky<br \/>\nJinx<br \/>\nKarakedi<br \/>\nLASH<br \/>\nLychgate<br \/>\nManga<br \/>\nMetropolis<br \/>\nMindvortex<br \/>\nOverdose<br \/>\nParthenogenesis Music<br \/>\nPresage<br \/>\nRockA<br \/>\nSceptic Age<br \/>\nSokak K\u00f6pekleri<br \/>\nSpinners<br \/>\nSuicide<br \/>\nThrashfire<br \/>\nWitchtrap<br \/>\nWyvern<\/p>\n<p style=\"text-align: center;\">Featured Songs and Performances By<br \/>\nAxe<br \/>\nBlack Tooth<br \/>\nCrimegate<br \/>\nDark Phase<br \/>\nDepresyon<br \/>\nArtun Ert\u00fcrk and Diplomatik Rock Opera<br \/>\nDr. Skull<br \/>\nEmrehan Hal\u0131c\u0131 &amp; G\u00fcrb\u00fcz Barlas<br \/>\nG\u00fcrb\u00fcz Barlas &amp; Sad\u0131k Sa\u011flam<br \/>\nHazy Hill<br \/>\nHeavy Sky<br \/>\nLASH<br \/>\nManga<br \/>\nMetropolis<br \/>\nMindvortex<br \/>\nSokak K\u00f6pekleri<br \/>\nSpinners<br \/>\nSuicide<br \/>\nS\u00fcleyman &amp; Ak\u0131n Ba\u011fc\u0131o\u011flu<br \/>\nWitchtrap<br \/>\nWyvern<\/p>\n<p style=\"text-align: center;\">This film would not have been possible<br \/>\nwithout the help and support of<br \/>\nAndreas Treske<br \/>\nG\u00fclden Treske<br \/>\nand<br \/>\nBilkent University<br \/>\nDepartment of Communication and Design<\/p>\n<p style=\"text-align: center;\">Special Thanks For Their Invaluable<br \/>\nComments and Feedback<br \/>\nBenjamin Halligan<br \/>\nKirsty Fairclough-Isaacs<br \/>\nB\u00fclent \u00c7apl\u0131<br \/>\nNisan Da\u011f<\/p>\n<p style=\"text-align: center;\">Special Thanks to<br \/>\n\u0130pek Atcan<br \/>\nLeyla D\u00fcndar Ergin<br \/>\nGeorge McKay<br \/>\nNicola Spelman<br \/>\nAndy Willis<\/p>\n<p style=\"text-align: center;\">and<br \/>\nUniversity of Salford<\/p>\n<p style=\"text-align: center;\">Special Thanks To<br \/>\nHakan Altan<br \/>\nG\u00fcrb\u00fcz Barlas<br \/>\nOskay Batur<br \/>\nEsin Berkta\u015f<br \/>\nG\u00fcrhan Besen<br \/>\nNazmi Bi\u00e7er<br \/>\nCeren Bozyel<br \/>\nT\u00fclay B\u00f6ke<br \/>\nCem Cevlani<br \/>\nSayg\u0131n \u00c7elebi<br \/>\n\u00d6zge Deren<br \/>\nSerta\u00e7 Durmaz<br \/>\nUrsula Erdil<br \/>\nZeyno Erdil<br \/>\nG\u00fcven Erkin Erkal<br \/>\n\u015eahap Gizlen<br \/>\nCem G\u00fcl<br \/>\nAhmet G\u00fcrata<br \/>\nEngin H\u0131zarc\u0131<br \/>\nBu\u011fra Karabey<br \/>\nCan Karakulluk\u00e7u<br \/>\nBeyza Yaz\u0131c\u0131o\u011flu Kozak<br \/>\nKadir K\u00f6ymen<br \/>\nOnur K\u00f6ymen<br \/>\n\u015eanser Kurt<br \/>\nHakan K\u00fc\u00e7\u00fck\u00e7\u0131nar<br \/>\nAy\u015feg\u00fcl Uzun Marinkovic<br \/>\nMehmet U\u011fur Memi\u015f<br \/>\nErsan Ocak<br \/>\nFethi Okutan<br \/>\nG\u00fclsen \u00d6nen<br \/>\nYakup Senem<br \/>\nDemir Sert<br \/>\nPelin S\u00fcmer<br \/>\nHamdi \u015eeker<br \/>\nFunda \u015eenova Tunal\u0131<br \/>\nAlper T\u00fclek<br \/>\nMurat Y\u0131lmaz<br \/>\nAy\u015fe Y\u00fccel<br \/>\nAy\u015fen Y\u00fccel<br \/>\nNuri Y\u00fccel<br \/>\nTaylan Y\u00fccel<\/p>\n<p style=\"text-align: center;\">and<br \/>\nEdelkrone<br \/>\nMidas&#8217;\u0131n Kulakl\u0131\u011f\u0131 Studios<br \/>\nRetro Studios<br \/>\nTrio<\/p>\n","protected":false},"excerpt":{"rendered":"<p class=\"post-excerpt\">IMDb sayfas\u0131 i\u00e7in t\u0131klay\u0131n\u0131z Ge\u00e7mi\u015f tarihli g\u00f6sterimler: 14 Nisan 2019 | Bilkent \u00dcniversitesi, Ankara 17 Nisan 2018 | 37. \u0130stanbul&#8230;<\/p>\n","protected":false},"author":2,"featured_media":3029,"comment_status":"closed","ping_status":"open","sticky":false,"template":"","format":"standard","meta":{"_mi_skip_tracking":false,"spay_email":"","jetpack_publicize_message":"","jetpack_is_tweetstorm":false,"jetpack_publicize_feature_enabled":true},"categories":[14],"tags":[],"jetpack_featured_media_url":"https:\/\/www.ufukonen.com\/tr\/wp-content\/uploads\/Ankara_Rocks_Afis_Ingilizce-1.jpg","jetpack_publicize_connections":[],"jetpack_shortlink":"https:\/\/wp.me\/p3rjsG-eU","jetpack_sharing_enabled":true,"jetpack-related-posts":[{"id":2008,"url":"https:\/\/www.ufukonen.com\/tr\/atmm-2014.html","url_meta":{"origin":924,"position":0},"title":"ATMM 2014: 12-13 Kas\u0131m Ankara, 14 Kas\u0131m \u0130stanbul","date":"September 28, 2014","format":false,"excerpt":"ATMM (Audio Technologies for Music and Media \u2013 M\u00fczik ve Medya i\u00e7in Ses Teknolojileri), ses ve m\u00fczik teknolojileri ile g\u00f6rsel-i\u015fitsel ara\u00e7lar\u0131n farkl\u0131 y\u00f6nlerine odaklanan, ses, m\u00fczik, g\u00f6r\u00fcnt\u00fc ve insan etkile\u015fimi gibi konular\u0131n birbirleri ile olan etkile\u015fimlerini hem \u2018geleneksel\u2019 hem de \u2018yeni\u2019 medya a\u00e7\u0131s\u0131ndan inceleyen disiplinleraras\u0131 ve uluslararas\u0131 bir konferanst\u0131r. ATMM\u2026","rel":"","context":"In &quot;ATMM&quot;","img":{"alt_text":"","src":"https:\/\/i0.wp.com\/www.ufukonen.com\/tr\/wp-content\/uploads\/ATMM_2014_TwitterPost_1024x512_140922.jpg?resize=350%2C200&ssl=1","width":350,"height":200},"classes":[]},{"id":880,"url":"https:\/\/www.ufukonen.com\/tr\/atmm-2013-bilkent-ankara-31-ekim-1-kasim.html","url_meta":{"origin":924,"position":1},"title":"ATMM 2013, Bilkent, Ankara (31 Ekim &#8211; 1 Kas\u0131m)","date":"November 3, 2013","format":false,"excerpt":"ATMM (Audio Technologies for Music and Media - M\u00fczik ve Medya i\u00e7in Ses Teknolojileri), ses ve m\u00fczik teknolojileri ile g\u00f6rsel-i\u015fitsel ara\u00e7lar\u0131n farkl\u0131 y\u00f6nlerine odaklanan, ses, m\u00fczik, g\u00f6r\u00fcnt\u00fc ve insan etkile\u015fimi gibi konular\u0131n birbirleri ile olan etkile\u015fimlerini hem 'geleneksel' hem de 'yeni' medya a\u00e7\u0131s\u0131ndan inceleyen disiplinleraras\u0131 ve uluslararas\u0131 bir konferanst\u0131r. ATMM\u2026","rel":"","context":"In &quot;ATMM&quot;","img":{"alt_text":"ATMM 2013 - Audio Technologies for Music and Media International Conference - Ufuk \u00d6nen","src":"https:\/\/i0.wp.com\/www.ufukonen.com\/tr\/wp-content\/uploads\/ATMM_2013_Poster_131012_s.jpg?resize=350%2C200&ssl=1","width":350,"height":200},"classes":[]},{"id":1478,"url":"https:\/\/www.ufukonen.com\/tr\/atmm-ekibe-katilmak-ister-misiniz.html","url_meta":{"origin":924,"position":2},"title":"ATMM 2014: Ekibe Kat\u0131lmak \u0130ster misiniz?","date":"June 6, 2014","format":false,"excerpt":"ATMM (Audio Technologies for Music and Media \u2013 M\u00fczik ve Medya i\u00e7in Ses Teknolojileri), ses ve m\u00fczik teknolojileri ile g\u00f6rsel-i\u015fitsel ara\u00e7lar\u0131n farkl\u0131 y\u00f6nlerine odaklanan, ses, m\u00fczik, g\u00f6r\u00fcnt\u00fc ve insan etkile\u015fimi gibi konular\u0131n birbirleri ile olan etkile\u015fimlerini hem \u2018geleneksel\u2019 hem de \u2018yeni\u2019 medya a\u00e7\u0131s\u0131ndan inceleyen disiplinleraras\u0131 ve uluslararas\u0131 bir konferanst\u0131r. Web\u2026","rel":"","context":"In &quot;ATMM&quot;","img":{"alt_text":"","src":"https:\/\/i0.wp.com\/www.ufukonen.com\/tr\/wp-content\/uploads\/cropped-ATMM_2014_INT_Header_2_960px.jpg?resize=350%2C200&ssl=1","width":350,"height":200},"classes":[]},{"id":600,"url":"https:\/\/www.ufukonen.com\/tr\/ufuk-onen.html","url_meta":{"origin":924,"position":3},"title":"Ufuk \u00d6nen","date":"January 2, 2019","format":false,"excerpt":"Ufuk \u00d6nen, T\u00fcrkiye, Avrupa ve Kuzey Amerika tabanl\u0131 200\u2019den fazla g\u00f6rsel-i\u015fitsel projede besteci, ses tasar\u0131mc\u0131s\u0131 ve ses kay\u0131t m\u00fchendisi olarak \u00e7al\u0131\u015fm\u0131\u015f; konser\/sinema ses sistemleri ve elektroakustik alanlar\u0131nda 300'den fazla proje\/salon\/sistem i\u00e7in dan\u0131\u015fmanl\u0131k yapm\u0131\u015ft\u0131r. \u00d6nen, alan\u0131nda ilk T\u00fcrk\u00e7e kaynak olan\u00a0Ses Kay\u0131t ve M\u00fczik Teknolojileri\u00a0adl\u0131 kitab\u0131n yazar\u0131d\u0131r ve yine bu alanda 50'den\u2026","rel":"","context":"With 2 comments","img":{"alt_text":"","src":"https:\/\/i0.wp.com\/www.ufukonen.com\/tr\/wp-content\/uploads\/UfukOnen_2022_16x9_c_rfs.jpg?resize=350%2C200&ssl=1","width":350,"height":200},"classes":[]},{"id":8554,"url":"https:\/\/www.ufukonen.com\/tr\/mikrofon-hocalarda-2025.html","url_meta":{"origin":924,"position":4},"title":"Kay\u0131tta m\u0131s\u0131n? &#8211; Mikrofon Hocalarda (YouTube Serisi)","date":"July 15, 2025","format":false,"excerpt":"Bir YouTube serisine ba\u015flad\u0131m: KAYITTA MISIN? Bu serinin ilk sezonunun ad\u0131 M\u0130KROFON HOCALARDA. T\u00fcrkiye\u2019deki \u00e7e\u015fitli \u00fcniversitelerin m\u00fczik teknolojisi b\u00f6l\u00fcmlerinden hocalarla sohbet ediyorum. Her b\u00f6l\u00fcmde \u015fu konulara de\u011finiyoruz: B\u00f6l\u00fcm yap\u0131lar\u0131E\u011fitim i\u00e7erikleriGiri\u015f s\u0131navlar\u0131Adaylarda aranan \u00f6zellikler Yeni b\u00f6l\u00fcmler geldik\u00e7e bu sayfaya ekleyece\u011fim. Takipte kal\u0131n! Ses Kay\u0131t ve M\u00fczik Teknolojileri E\u011fitim Program\u0131'n\u0131n yeni d\u00f6nemi\u2026","rel":"","context":"In &quot;Ses ve M\u00fczik Teknolojileri&quot;","img":{"alt_text":"","src":"https:\/\/i0.wp.com\/www.ufukonen.com\/tr\/wp-content\/uploads\/Mikrofon-Hocalarda-YouTube-Thumbnail-YTU-1080-Compressed.jpg?resize=350%2C200&ssl=1","width":350,"height":200},"classes":[]},{"id":2412,"url":"https:\/\/www.ufukonen.com\/tr\/muzik-teknolojisinde-turk-muzigine-ozgu-tasarimlar-seminer.html","url_meta":{"origin":924,"position":5},"title":"M\u00fczik Teknolojisinde T\u00fcrk M\u00fczi\u011fi&#8217;ne \u00d6zg\u00fc Tasar\u0131mlar (Seminer)","date":"February 10, 2016","format":false,"excerpt":"T\u00fcrk M\u00fczi\u011fi i\u00e7in geli\u015ftirilen\u00a0teknoloji ve \u00fcr\u00fcnlerin sunulaca\u011f\u0131 seminerler serisi \u015eubat ay\u0131 i\u00e7inde Ankara ve \u0130stanbul'da \u00e7e\u015fitli \u00fcniversitlerde ger\u00e7ekle\u015ftirilecek. Tarih\/yer bilgileri \u015fu \u015fekilde (her etkinlik i\u00e7in ayr\u0131 bir Facebook sayfas\u0131 var): 16 \u015eubat\u00a0Y\u0131ld\u0131z\u00a0Teknik \u00dcniversitesi, Davutpa\u015fa Kamp\u00fcs\u00fc, VEKOM, 14.00 18 \u015eubat istanbul Teknik\u00dcniversitesi, Macka Kamp\u00fcs\u00fc, Bised Seminer Salonu, 10.00 22 \u015eubat ODT\u00dc,\u2026","rel":"","context":"In &quot;Konferans&quot;","img":{"alt_text":"","src":"https:\/\/i0.wp.com\/www.ufukonen.com\/tr\/wp-content\/uploads\/headF.png?resize=350%2C200&ssl=1","width":350,"height":200},"classes":[]}],"_links":{"self":[{"href":"https:\/\/www.ufukonen.com\/tr\/wp-json\/wp\/v2\/posts\/924"}],"collection":[{"href":"https:\/\/www.ufukonen.com\/tr\/wp-json\/wp\/v2\/posts"}],"about":[{"href":"https:\/\/www.ufukonen.com\/tr\/wp-json\/wp\/v2\/types\/post"}],"author":[{"embeddable":true,"href":"https:\/\/www.ufukonen.com\/tr\/wp-json\/wp\/v2\/users\/2"}],"replies":[{"embeddable":true,"href":"https:\/\/www.ufukonen.com\/tr\/wp-json\/wp\/v2\/comments?post=924"}],"version-history":[{"count":45,"href":"https:\/\/www.ufukonen.com\/tr\/wp-json\/wp\/v2\/posts\/924\/revisions"}],"predecessor-version":[{"id":6867,"href":"https:\/\/www.ufukonen.com\/tr\/wp-json\/wp\/v2\/posts\/924\/revisions\/6867"}],"wp:featuredmedia":[{"embeddable":true,"href":"https:\/\/www.ufukonen.com\/tr\/wp-json\/wp\/v2\/media\/3029"}],"wp:attachment":[{"href":"https:\/\/www.ufukonen.com\/tr\/wp-json\/wp\/v2\/media?parent=924"}],"wp:term":[{"taxonomy":"category","embeddable":true,"href":"https:\/\/www.ufukonen.com\/tr\/wp-json\/wp\/v2\/categories?post=924"},{"taxonomy":"post_tag","embeddable":true,"href":"https:\/\/www.ufukonen.com\/tr\/wp-json\/wp\/v2\/tags?post=924"}],"curies":[{"name":"wp","href":"https:\/\/api.w.org\/{rel}","templated":true}]}}