{"id":969,"date":"2013-02-01T18:25:36","date_gmt":"2013-02-01T16:25:36","guid":{"rendered":"http:\/\/ufukonen.com\/tr\/?p=969"},"modified":"2014-06-03T18:52:01","modified_gmt":"2014-06-03T15:52:01","slug":"muzik-produksiyonlari-icin-alternatif-yontemler-ve-amanda-palmer-ornegi","status":"publish","type":"post","link":"https:\/\/www.ufukonen.com\/tr\/muzik-produksiyonlari-icin-alternatif-yontemler-ve-amanda-palmer-ornegi.html","title":{"rendered":"M\u00fczik Prod\u00fcksiyonlar\u0131 i\u00e7in Alternatif Y\u00f6ntemler ve Amanda Palmer \u00d6rne\u011fi"},"content":{"rendered":"<p style=\"text-align: center;\"><img loading=\"lazy\" class=\"aligncenter  wp-image-981\" alt=\"Amanda_Palmer\" src=\"http:\/\/ufukonen.com\/tr\/wp-content\/uploads\/Amanda_Palmer-1024x766.jpg\" width=\"553\" height=\"413\" srcset=\"https:\/\/www.ufukonen.com\/tr\/wp-content\/uploads\/Amanda_Palmer-1024x766.jpg 1024w, https:\/\/www.ufukonen.com\/tr\/wp-content\/uploads\/Amanda_Palmer-300x224.jpg 300w, https:\/\/www.ufukonen.com\/tr\/wp-content\/uploads\/Amanda_Palmer.jpg 1082w\" sizes=\"(max-width: 553px) 100vw, 553px\" \/><\/p>\n<p>\u00a0Eskiden alb\u00fcm yapmak i\u00e7in izlenecek yol belliydi. E\u011fer herhangi bir plak \u015firketine ba\u011fl\u0131 de\u011filseniz ilk \u00f6nce bir demo yap\u0131p sizinle anla\u015fma imzalayacak bir firma arard\u0131n\u0131z. Plak \u015firketi bulup anla\u015fma imzalad\u0131ktan sonra (ya da zaten anla\u015fman\u0131z varsa) firma size bir prod\u00fckt\u00f6r bulur, st\u00fcdyoyu ayarlar, siz de alb\u00fcm\u00fcn\u00fcz\u00fc kaydederdiniz. Daha sonra plak \u015firketi, kaydetti\u011finiz alb\u00fcm\u00fc pla\u011fa, kasete veya CD&#8217;ye basar, da\u011f\u0131t\u0131mc\u0131 firmaya g\u00f6nderir, promosyonunu yapar ve size de sat\u0131\u015ftan anla\u015fm\u0131\u015f oldu\u011funuz oran \u00fczerinden pay verirdi. Bu model y\u0131llarca hi\u00e7 de\u011fi\u015fmeden devam etti. Peki, art\u0131k sona erdi mi? Hay\u0131r. G\u00fcn\u00fcm\u00fczde de aynen devam ediyor sadece formatlarda ve promosyon y\u00f6ntemlerinde baz\u0131 farkl\u0131l\u0131klar oldu, o kadar. \u00d6rne\u011fin kaset format\u0131 bitti (buna en \u00e7ok sevinenlerden biri benimdir herhalde), Internet \u00fczerinden indirilebilen dijital m\u00fczik dosyalar\u0131n\u0131n sat\u0131\u015f\u0131 yayg\u0131nla\u015ft\u0131, firmalar reklam ve tan\u0131t\u0131m i\u00e7in aktif ve agresif bir \u015fekilde sosyal medyay\u0131 kullanmaya ba\u015flad\u0131&#8230; Uzun laf\u0131n k\u0131sas\u0131, klasik model genel anlamda hala ge\u00e7erli. Peki, g\u00fcn\u00fcm\u00fczde m\u00fczik end\u00fcstrisinde farkl\u0131 olan nedir? Cevap asl\u0131nda basit: Internet sayesinde ortaya \u00e7\u0131kan alternatif prod\u00fcksiyon ve pazarlama yollar\u0131. \u00d6rnek olarak Amanda Palmer&#8217;\u0131 ele almak istiyorum.<\/p>\n<p>&nbsp;<\/p>\n<p><strong>Amanda Palmer &amp; The Grand Theft Orchestra<\/strong><\/p>\n<p>Amanda Palmer, Amerikal\u0131 bir m\u00fczisyen. The Dresden Dolls&#8217;un solisti, ayn\u0131 zamanda piyano, armonika ve ukulele \u00e7al\u0131yor. 2008&#8217;de Roadrunner Records etiketiyle ilk solo alb\u00fcm\u00fc &#8220;Who Killed Amanda Palmer&#8221;\u0131 \u00e7\u0131kartt\u0131, daha sonra Roadrunner ile yollar\u0131n\u0131 ay\u0131rd\u0131, &#8220;Amanda Palmer Goes Downunder&#8221; isimli ikinci alb\u00fcm\u00fc kaydetti ve BandCamp m\u00fczik sitesi \u00fczerinden sat\u0131\u015f\u0131n\u0131 yapt\u0131. Buraya kadar farkl\u0131 bir \u015fey yok. Palmer, 2012 y\u0131l\u0131nda, blog&#8217;unda Amanda Palmer &amp; The Grand Theft Orchestra ad\u0131 alt\u0131nda bir alb\u00fcm, bir sanat kitab\u0131 ve bir turneden olu\u015fan yeni bir proje ger\u00e7ekle\u015ftirece\u011fini a\u00e7\u0131klad\u0131 ve bu projeyi Kickstarter&#8217;a koyup insanlardan destek bekledi\u011fini s\u00f6yledi.<\/p>\n<p>&nbsp;<\/p>\n<p><strong>Kickstarter<\/strong><\/p>\n<p><a href=\"http:\/\/www.kickstarter.com\/\" target=\"_blank\">Kickstarter<\/a>, yarat\u0131c\u0131 projelerin maddi olarak desteklendi\u011fi bir web sitesi. Film, m\u00fczik, bilgisayar oyunlar\u0131, sanat, tasar\u0131m; t\u00fcm yarat\u0131c\u0131 projeleri Kickstarter&#8217;a koyup maddi destek aramak ve bulmak m\u00fcmk\u00fcn. Bu maddi destek, projelere katk\u0131da bulunmay\u0131 isteyen, projelerde isminin ge\u00e7mesini arzu eden, \u00fcr\u00fcn\u00fc hen\u00fcz \u00fcretilmeden sat\u0131n al\u0131p bir anlamda projenin hayata ge\u00e7mesini sa\u011flamak isteyen ya da verdi\u011fi destek kar\u015f\u0131l\u0131\u011f\u0131nda projeden beklentisi olan ki\u015filer taraf\u0131ndan sa\u011flan\u0131yor. 2009&#8217;dan bu yana 34 bin yarat\u0131c\u0131 proje Kickstarter \u00fczerinden 350 milyon dolar maddi destek bulmu\u015f. Kickstarter \u00fczerinden desteklenen projelerin \u00e7ok b\u00fcy\u00fck bir b\u00f6l\u00fcm\u00fc 1,000 ile 10 bin dolar aras\u0131nda destek elde edebilmi\u015f. 17 proje ise 1 milyon dolar baraj\u0131n\u0131 ge\u00e7mi\u015f. \u0130\u015fte bu 1 milyon dolar\u0131 ge\u00e7en projelerden birisi de Amanda Palmer&#8217;\u0131n projesi.<\/p>\n<p>Amanda Palmer&#8217;\u0131n projesi, m\u00fczik projeleri aras\u0131nda en b\u00fcy\u00fck deste\u011fi alan ve 1 milyon dolar\u0131 ge\u00e7en tek (ya da en az\u0131ndan ilk) proje. \u0130kinci s\u0131rada Five Iron Frenzy var; alb\u00fcmleri i\u00e7in 30 bin dolar destek aram\u0131\u015flar, yakla\u015f\u0131k 208 bin dolar bulmu\u015flar (%693). \u00dc\u00e7\u00fcnc\u00fc s\u0131rada Murder By Death grubu var; kaydetmeyi planlad\u0131klar\u0131 alb\u00fcmleri i\u00e7in arad\u0131klar\u0131 100 bin dolar destek kar\u015f\u0131l\u0131\u011f\u0131nda 187 bin dolarl\u0131k bir destek elde etmi\u015fler (%187). Palmer, 100 bin dolar destek arad\u0131\u011f\u0131n\u0131 a\u00e7\u0131klam\u0131\u015f ve yakla\u015f\u0131k 1.2 milyon dolar toplam\u0131\u015f (%1192).<\/p>\n<p>&nbsp;<\/p>\n<p><strong>Videonun \u00d6nemi<\/strong><\/p>\n<p>Palmer&#8217;\u0131n Kickstarter&#8217;daki videosunu ilk yay\u0131nland\u0131\u011f\u0131 g\u00fcnlerden hat\u0131rl\u0131yorum. Videoda hi\u00e7 konu\u015fma yok. Tek mekanda \u00e7ekilmi\u015f. Palmer soka\u011f\u0131n ortas\u0131nda duruyor ve kim oldu\u011funu, ne yapmak istedi\u011fini, k\u0131saca t\u00fcm derdini elindeki b\u00fcy\u00fck yaz\u0131l\u0131 ka\u011f\u0131tlarla anlat\u0131yor. Uzunlu\u011fu \u00fc\u00e7 dakika; Internet i\u00e7in asl\u0131nda uzun ama kendini izletiyor. \u00c7ok basit ama \u00e7ok etkileyici bir video. Seyretti\u011fimde Kickstarter&#8217;da di\u011fer projelerin aras\u0131ndan belirgin bir \u015fekilde s\u0131yr\u0131ld\u0131\u011f\u0131n\u0131 d\u00fc\u015f\u00fcnm\u00fc\u015ft\u00fcm. Sonundaki mesajlar da olduk\u00e7a g\u00fc\u00e7l\u00fc: &#8220;This is the future of music. This is how we fucking do it. We are the media.&#8221; (Bu, m\u00fczi\u011fin gelece\u011fi. Biz bunu b\u00f6yle yap\u0131yoruz. Medya biziz.) Video Kickstarter&#8217;\u0131n sitesinde hala duruyor, seyretmenizi tavsiye ederim.<\/p>\n<p style=\"text-align: center;\"><a href=\"http:\/\/ufukonen.com\/tr\/wp-content\/uploads\/Amanda_Palmer_Media.jpg\" target=\"_blank\"><img loading=\"lazy\" class=\"aligncenter  wp-image-985\" alt=\"Amanda_Palmer_Media\" src=\"http:\/\/ufukonen.com\/tr\/wp-content\/uploads\/Amanda_Palmer_Media-1024x188.jpg\" width=\"491\" height=\"90\" srcset=\"https:\/\/www.ufukonen.com\/tr\/wp-content\/uploads\/Amanda_Palmer_Media-1024x188.jpg 1024w, https:\/\/www.ufukonen.com\/tr\/wp-content\/uploads\/Amanda_Palmer_Media-300x55.jpg 300w, https:\/\/www.ufukonen.com\/tr\/wp-content\/uploads\/Amanda_Palmer_Media.jpg 1902w\" sizes=\"(max-width: 491px) 100vw, 491px\" \/><\/a><\/p>\n<p>&nbsp;<\/p>\n<p><strong>&#8220;Theatre Is Evil&#8221;<\/strong><\/p>\n<p>Amanda Palmer &amp; The Grand Theft Orchestra&#8217;n\u0131n &#8220;Theatre Is Evil&#8221; adl\u0131 alb\u00fcm\u00fc Kickstarter \u00fczerinden al\u0131nan destekler sonucunda Eyl\u00fcl 2012&#8217;de Palmer&#8217;\u0131n kendi plak firmas\u0131 8 Ft. Records taraf\u0131ndan yay\u0131nland\u0131. Alb\u00fcm, CD, LP (plak) ve dijital (mp3 ve AAC) olarak sat\u0131l\u0131yor. CD ve LP&#8217;nin Amerika sat\u0131\u015f fiyat\u0131 Amazon&#8217;da s\u0131ras\u0131yla 12.66 dolar ve 24.98 dolar. Dijital alb\u00fcm Amerika iTunes&#8217;ta 7.99 dolar, T\u00fcrkiye iTunes&#8217;ta ise 6.99 TL. Sat\u0131\u015f fiyatlar\u0131n\u0131 veriyorum \u00e7\u00fcnk\u00fc Palmer &#8220;standart&#8221; sat\u0131\u015f kanallar\u0131n\u0131n yan\u0131 s\u0131ra bir de alternatif bir yol izliyor: &#8220;Theatre Is Evil&#8221;\u0131 dijital olarak Palmer&#8217;\u0131n sitesinden se\u00e7ti\u011finiz bir fiyata (1, 5, 10, 15 veya 20 dolara) sat\u0131n alabiliyorsunuz! [Fiyatlar, yaz\u0131n\u0131n haz\u0131rland\u0131\u011f\u0131 zaman ge\u00e7erli olan fiyatlard\u0131r]<\/p>\n<p style=\"text-align: center;\"><a href=\"http:\/\/ufukonen.com\/tr\/wp-content\/uploads\/Amanda_Palmer_Theatre_Is_Evil.jpg\" target=\"_blank\"><img loading=\"lazy\" class=\"aligncenter  wp-image-983\" alt=\"Amanda_Palmer_Theatre_Is_Evil\" src=\"http:\/\/ufukonen.com\/tr\/wp-content\/uploads\/Amanda_Palmer_Theatre_Is_Evil.jpg\" width=\"390\" height=\"296\" srcset=\"https:\/\/www.ufukonen.com\/tr\/wp-content\/uploads\/Amanda_Palmer_Theatre_Is_Evil.jpg 1015w, https:\/\/www.ufukonen.com\/tr\/wp-content\/uploads\/Amanda_Palmer_Theatre_Is_Evil-300x227.jpg 300w\" sizes=\"(max-width: 390px) 100vw, 390px\" \/><\/a><\/p>\n<p>&nbsp;<\/p>\n<p><strong>Internet ve De\u011fi\u015fim<\/strong><\/p>\n<p>Amanda Palmer&#8217;\u0131n Kickstarter kampanyas\u0131n\u0131n ba\u015far\u0131s\u0131 Palmer&#8217;\u0131n yarat\u0131c\u0131l\u0131\u011f\u0131, inat\u00e7\u0131l\u0131\u011f\u0131 ve sosyal medyay\u0131 \u00e7ok iyi kullanmas\u0131na dayan\u0131yor. Internet b\u00fcy\u00fck firmalar\u0131n egemenli\u011fini tamamen k\u0131ramam\u0131\u015f olsa bile (en az\u0131ndan \u015fimdilik) m\u00fczisyenlere alternatif yollar yaratma imkan\u0131 tan\u0131yor&#8230; Zaman de\u011fi\u015fiyor&#8230; T\u0131pk\u0131 Bob Dylan&#8217;\u0131n dedi\u011fi gibi: The Times They Are a-Changin&#8217;<\/p>\n<p>&nbsp;<\/p>\n<p><img loading=\"lazy\" class=\"alignleft size-thumbnail wp-image-979\" alt=\"BobDylan\" src=\"http:\/\/ufukonen.com\/tr\/wp-content\/uploads\/BobDylan-150x150.jpg\" width=\"150\" height=\"150\" srcset=\"https:\/\/www.ufukonen.com\/tr\/wp-content\/uploads\/BobDylan-150x150.jpg 150w, https:\/\/www.ufukonen.com\/tr\/wp-content\/uploads\/BobDylan-300x300.jpg 300w, https:\/\/www.ufukonen.com\/tr\/wp-content\/uploads\/BobDylan-1024x1024.jpg 1024w, https:\/\/www.ufukonen.com\/tr\/wp-content\/uploads\/BobDylan.jpg 1170w\" sizes=\"(max-width: 150px) 100vw, 150px\" \/><em>Come mothers and fathers throughout the land<\/em><br \/>\n<em> And don&#8217;t criticize what you can&#8217;t understand<\/em><br \/>\n<em> Your sons and your daughters are beyond your command<\/em><br \/>\n<em> Your old road is rapidly agin&#8217;<\/em><br \/>\n<em> Please get out of the new one if you can&#8217;t lend your hand<\/em><br \/>\n<em> For the times they are a-changin&#8217;.<\/em><\/p>\n<p>Bob Dylan (The Times They Are a-Changin&#8217;, 1964)<\/p>\n<p>&nbsp;<\/p>\n<p><a href=\"https:\/\/twitter.com\/UfukOnen\" target=\"_blank\"><br \/>\n<img loading=\"lazy\" class=\"alignleft\" alt=\"@UfukOnen (Twitter)\" src=\"http:\/\/ufukonen.com\/tr\/wp-content\/uploads\/twitter.png\" width=\"43\" height=\"43\" \/><\/a>Ses ve m\u00fczik teknolojileri, m\u00fczik prod\u00fcksiyonu, ses tasar\u0131m\u0131 ve benzeri alanlar ile ilgili haberler, d\u00fc\u015f\u00fcnceler ve payla\u015f\u0131mlar i\u00e7in beni Twitter\u2019da takip edebilirsiniz:\u00a0<a href=\"https:\/\/twitter.com\/UfukOnen\" target=\"_blank\">https:\/\/twitter.com\/UfukOnen<\/a><\/p>\n<p>&nbsp;<\/p>\n<p><img loading=\"lazy\" class=\"alignleft  wp-image-972\" alt=\"Sound_2013_01_Ocak\" src=\"http:\/\/ufukonen.com\/tr\/wp-content\/uploads\/Sound_2013_01_Ocak-223x300.jpg\" width=\"107\" height=\"144\" srcset=\"https:\/\/www.ufukonen.com\/tr\/wp-content\/uploads\/Sound_2013_01_Ocak-223x300.jpg 223w, https:\/\/www.ufukonen.com\/tr\/wp-content\/uploads\/Sound_2013_01_Ocak.jpg 537w\" sizes=\"(max-width: 107px) 100vw, 107px\" \/>Bu yaz\u0131 Sound dergisinin Ocak 2013 say\u0131s\u0131nda yay\u0131nlanm\u0131\u015ft\u0131r. \u00a9 2013 Ufuk \u00d6nen. Bu yaz\u0131n\u0131n t\u00fcm haklar\u0131 sakl\u0131d\u0131r. \u0130zinsiz olarak kullan\u0131lamaz, kaynak g\u00f6sterilmeden ve link verilmeden al\u0131nt\u0131 yap\u0131lamaz.<\/p>\n","protected":false},"excerpt":{"rendered":"<p class=\"post-excerpt\">\u00a0Eskiden alb\u00fcm yapmak i\u00e7in izlenecek yol belliydi. E\u011fer herhangi bir plak \u015firketine ba\u011fl\u0131 de\u011filseniz ilk \u00f6nce bir demo yap\u0131p sizinle&#8230;<\/p>\n","protected":false},"author":2,"featured_media":987,"comment_status":"closed","ping_status":"open","sticky":false,"template":"","format":"standard","meta":{"_mi_skip_tracking":false,"spay_email":"","jetpack_publicize_message":"","jetpack_is_tweetstorm":false,"jetpack_publicize_feature_enabled":true},"categories":[17],"tags":[],"jetpack_featured_media_url":"https:\/\/www.ufukonen.com\/tr\/wp-content\/uploads\/Amanda_Palmer_We-Are-The-Media.jpg","jetpack_publicize_connections":[],"jetpack_shortlink":"https:\/\/wp.me\/p3rjsG-fD","jetpack_sharing_enabled":true,"jetpack-related-posts":[{"id":2464,"url":"https:\/\/www.ufukonen.com\/tr\/muzik-endustrisine-bakis-1.html","url_meta":{"origin":969,"position":0},"title":"M\u00fczik End\u00fcstrisine Bak\u0131\u015f (1. B\u00f6l\u00fcm)","date":"April 22, 2016","format":false,"excerpt":"\"M\u00fczik Prod\u00fcksiyonu i\u00e7in Alternatif Y\u00f6ntemler ve Amanda Palmer \u00d6rne\u011fi\" ba\u015fl\u0131kl\u0131 yaz\u0131m olduk\u00e7a ilgi toplam\u0131\u015ft\u0131. Anla\u015f\u0131lan o ki m\u00fczik prod\u00fcksiyonu, finansman, da\u011f\u0131t\u0131m ve benzeri konularda yeni ve alternatif y\u00f6ntemler bir\u00e7ok m\u00fczisyenin ve m\u00fczik prod\u00fckt\u00f6r\u00fcn\u00fcn ilgisini \u00e7ekiyor. Ba\u015flang\u0131c\u0131ndan sonra uzun y\u0131llar ayn\u0131 \u015fekilde devam edem m\u00fczik end\u00fcstrisinde son 10-15 y\u0131lda b\u00fcy\u00fck de\u011fi\u015fimler\u2026","rel":"","context":"In &quot;M\u00fczik End\u00fcstrisi&quot;","img":{"alt_text":"","src":"https:\/\/i0.wp.com\/www.ufukonen.com\/tr\/wp-content\/uploads\/Muzik_Endustrisine_Bakis_1.jpg?resize=350%2C200&ssl=1","width":350,"height":200},"classes":[]},{"id":2483,"url":"https:\/\/www.ufukonen.com\/tr\/muzik-endustrisine-bakis-2.html","url_meta":{"origin":969,"position":1},"title":"M\u00fczik End\u00fcstrisine Bak\u0131\u015f (2. B\u00f6l\u00fcm)","date":"April 29, 2016","format":false,"excerpt":"Yaz\u0131 dizisinin birinci b\u00f6l\u00fcm\u00fcne buradan ula\u015fabilirsiniz: Giri\u015f \/ M\u00fczik 0.5: Ba\u015flang\u0131\u00e7 \/ M\u00fczik 1.0: \"Klasik\" Model M\u00fczik 1.5: MTV, CD ve B\u00fcy\u00fck Sermaye 1980'lerin ba\u015f\u0131ndan 1990'lar\u0131n ortas\u0131na kadar uzanan 1.5, m\u00fczik end\u00fcstrisinin alt\u0131n \u00e7a\u011f\u0131 olarak kabul edilebilir. Bu s\u00fcre zarf\u0131nda olduk\u00e7a b\u00fcy\u00fck de\u011fi\u015fimler oldu ve ba\u015fta plak \u015firketleri olmak \u00fczere\u2026","rel":"","context":"In &quot;M\u00fczik End\u00fcstrisi&quot;","img":{"alt_text":"","src":"https:\/\/i0.wp.com\/www.ufukonen.com\/tr\/wp-content\/uploads\/Muzik_Endustrisine_Bakis_2.jpg?resize=350%2C200&ssl=1","width":350,"height":200},"classes":[]},{"id":2536,"url":"https:\/\/www.ufukonen.com\/tr\/muzik-endustrisine-bakis-4.html","url_meta":{"origin":969,"position":2},"title":"M\u00fczik End\u00fcstrisine Bak\u0131\u015f (4. B\u00f6l\u00fcm)","date":"May 20, 2016","format":false,"excerpt":"Birinci b\u00f6l\u00fcm i\u00e7in t\u0131klay\u0131n\u0131z - \u0130kinci b\u00f6l\u00fcm i\u00e7in t\u0131klay\u0131n\u0131z\u00a0- \u00dc\u00e7\u00fcnc\u00fc b\u00f6l\u00fcm i\u00e7in t\u0131klay\u0131n\u0131z \u00a0 M\u00fczik 3.0: Arac\u0131n\u0131n Ortadan Kalkmas\u0131 M\u00fczik 1.0 modelinde sanat\u00e7\u0131 sadece plak \u015firketi ile ba\u011flant\u0131l\u0131yd\u0131, dinleyici ile (imza g\u00fcnleri ve benzeri etkinlikleri saymazsak) do\u011frudan ileti\u015fimi yoktu. Plak \u015firketi satmak istedikleri \u00fcr\u00fcnlerin (alb\u00fcm ve single'lar\u0131n) tan\u0131t\u0131m\u0131n\u0131 radyo, televizyon\u2026","rel":"","context":"In &quot;M\u00fczik End\u00fcstrisi&quot;","img":{"alt_text":"","src":"https:\/\/i0.wp.com\/www.ufukonen.com\/tr\/wp-content\/uploads\/Muzik_Endustrisine_Bakis_4_alt_3.png?resize=350%2C200&ssl=1","width":350,"height":200},"classes":[]},{"id":3905,"url":"https:\/\/www.ufukonen.com\/tr\/muzik-endustrisine-bakis-6.html","url_meta":{"origin":969,"position":3},"title":"M\u00fczik End\u00fcstrisine Bak\u0131\u015f (6. B\u00f6l\u00fcm)","date":"May 21, 2018","format":false,"excerpt":"Birinci b\u00f6l\u00fcm i\u00e7in t\u0131klay\u0131n\u0131z - \u0130kinci b\u00f6l\u00fcm i\u00e7in t\u0131klay\u0131n\u0131z \u00dc\u00e7\u00fcnc\u00fc b\u00f6l\u00fcm i\u00e7in t\u0131klay\u0131n\u0131z\u00a0- D\u00f6rd\u00fcnc\u00fc\u00a0b\u00f6l\u00fcm i\u00e7in t\u0131klay\u0131n\u0131z Be\u015finci b\u00f6l\u00fcm i\u00e7in t\u0131klay\u0131n\u0131z \"M\u00fczik End\u00fcstrisine Bak\u0131\u015f\"\u00a0adl\u0131 yaz\u0131 dizimin bu b\u00f6l\u00fcm\u00fcnde IFPI (International Federation of the Phonographic Industry) 2018 Global M\u00fczik Raporu\u2019ndaki 2017 y\u0131l\u0131 verilerini inceleyip, 2014, 2015 ve 2016 y\u0131llar\u0131n\u0131n verileri ile kar\u015f\u0131la\u015ft\u0131raca\u011f\u0131m.\u2026","rel":"","context":"In &quot;M\u00fczik End\u00fcstrisi&quot;","img":{"alt_text":"","src":"https:\/\/i0.wp.com\/www.ufukonen.com\/tr\/wp-content\/uploads\/Muzik_Endustrisine_Bakis_6.jpg?resize=350%2C200&ssl=1","width":350,"height":200},"classes":[]},{"id":6062,"url":"https:\/\/www.ufukonen.com\/tr\/dunya-muzik-endustrisinden-haberler-2020-09.html","url_meta":{"origin":969,"position":4},"title":"D\u00fcnya M\u00fczik End\u00fcstrisinden Haberler","date":"September 21, 2020","format":false,"excerpt":"Eyl\u00fcl ay\u0131 i\u00e7inde g\u00f6z\u00fcme tak\u0131lan m\u00fczik end\u00fcstrisi haberlerinden birka\u00e7 tanesini sizlerle payla\u015fmak istiyorum. Fender'in Gitar Sat\u0131\u015flar\u0131 2020 Y\u0131l\u0131 \u0130\u00e7inde Rekor K\u0131rd\u0131 Son y\u0131llarda bir yandan pop\u00fcler m\u00fczik t\u00fcrlerinde de\u011fi\u015fimler ya\u015fanmas\u0131, di\u011fer yandan da m\u00fczik \u00fcretiminde elektronik ara\u00e7 ve y\u00f6ntemlerin bir\u00e7ok ki\u015fi taraf\u0131ndan tercih edilir bir hale gelmesi sebebi ile \"geleneksel\"\u2026","rel":"","context":"In &quot;M\u00fczik End\u00fcstrisi&quot;","img":{"alt_text":"","src":"https:\/\/i0.wp.com\/www.ufukonen.com\/tr\/wp-content\/uploads\/Dunya_Muzik_Endustrisinden_Haberler_2020-09_00_Header.jpg?resize=350%2C200&ssl=1","width":350,"height":200},"classes":[]},{"id":2516,"url":"https:\/\/www.ufukonen.com\/tr\/muzik-endustrisine-bakis-3.html","url_meta":{"origin":969,"position":5},"title":"M\u00fczik End\u00fcstrisine Bak\u0131\u015f (3. B\u00f6l\u00fcm)","date":"May 13, 2016","format":false,"excerpt":"Birinci b\u00f6l\u00fcm i\u00e7in t\u0131klay\u0131n\u0131z - \u0130kinci b\u00f6l\u00fcm i\u00e7in t\u0131klay\u0131n\u0131z \u00a0 M\u00fczik 2.0: Internet \u00c7a\u011f\u0131 Owsinki, 2.0'\u0131n ba\u015flang\u0131\u00e7\u0131n\u0131n 1994, yani mp3 dosyalar\u0131n\u0131n ilk payla\u015f\u0131ld\u0131\u011f\u0131 y\u0131l oldu\u011funu s\u00f6yl\u00fcyor. M\u00fczik CD'leri i\u00e7in kullan\u0131lan s\u0131k\u0131\u015ft\u0131r\u0131lmam\u0131\u015f dijital dosya format\u0131nda bir dakikal\u0131k mono ses kayd\u0131 5 MB, bir dakikal\u0131k stereo ses kayd\u0131 ise 10 MB yer\u2026","rel":"","context":"In &quot;M\u00fczik End\u00fcstrisi&quot;","img":{"alt_text":"","src":"https:\/\/i0.wp.com\/www.ufukonen.com\/tr\/wp-content\/uploads\/Muzik_Endustrisine_Bakis_3_alt_2.png?resize=350%2C200&ssl=1","width":350,"height":200},"classes":[]}],"_links":{"self":[{"href":"https:\/\/www.ufukonen.com\/tr\/wp-json\/wp\/v2\/posts\/969"}],"collection":[{"href":"https:\/\/www.ufukonen.com\/tr\/wp-json\/wp\/v2\/posts"}],"about":[{"href":"https:\/\/www.ufukonen.com\/tr\/wp-json\/wp\/v2\/types\/post"}],"author":[{"embeddable":true,"href":"https:\/\/www.ufukonen.com\/tr\/wp-json\/wp\/v2\/users\/2"}],"replies":[{"embeddable":true,"href":"https:\/\/www.ufukonen.com\/tr\/wp-json\/wp\/v2\/comments?post=969"}],"version-history":[{"count":13,"href":"https:\/\/www.ufukonen.com\/tr\/wp-json\/wp\/v2\/posts\/969\/revisions"}],"predecessor-version":[{"id":989,"href":"https:\/\/www.ufukonen.com\/tr\/wp-json\/wp\/v2\/posts\/969\/revisions\/989"}],"wp:featuredmedia":[{"embeddable":true,"href":"https:\/\/www.ufukonen.com\/tr\/wp-json\/wp\/v2\/media\/987"}],"wp:attachment":[{"href":"https:\/\/www.ufukonen.com\/tr\/wp-json\/wp\/v2\/media?parent=969"}],"wp:term":[{"taxonomy":"category","embeddable":true,"href":"https:\/\/www.ufukonen.com\/tr\/wp-json\/wp\/v2\/categories?post=969"},{"taxonomy":"post_tag","embeddable":true,"href":"https:\/\/www.ufukonen.com\/tr\/wp-json\/wp\/v2\/tags?post=969"}],"curies":[{"name":"wp","href":"https:\/\/api.w.org\/{rel}","templated":true}]}}